{"id":6930,"date":"2026-04-18T17:30:58","date_gmt":"2026-04-18T17:30:58","guid":{"rendered":"https:\/\/www.diario21.tv\/noticias\/caso-esther-lopez-toma-nuevo-giro-la-audiencia-devuelve-la-causa-a-instruccion\/"},"modified":"2026-04-18T17:30:59","modified_gmt":"2026-04-18T17:30:59","slug":"caso-esther-lopez-toma-nuevo-giro-la-audiencia-devuelve-la-causa-a-instruccion","status":"publish","type":"post","link":"https:\/\/www.diario21.tv\/noticias\/caso-esther-lopez-toma-nuevo-giro-la-audiencia-devuelve-la-causa-a-instruccion\/","title":{"rendered":"\u00a1Caso Esther L\u00f3pez toma nuevo giro! La Audiencia devuelve la causa a Instrucci\u00f3n"},"content":{"rendered":"<h2>El Caso de Esther L\u00f3pez Vuelve a la Fase de Instrucci\u00f3n<\/h2>\n<p>En un giro reciente en el caso de Esther L\u00f3pez, la Audiencia Provincial ha decidido reenviar el expediente a la etapa de instrucci\u00f3n. Este movimiento se da tras revisar los detalles y procedimientos llevados a cabo hasta ahora en la investigaci\u00f3n del caso.<\/p>\n<h3>An\u00e1lisis del Proceso Judicial<\/h3>\n<p>La decisi\u00f3n de la Audiencia de retornar el caso a la fase de instrucci\u00f3n sugiere una necesidad de profundizar o clarificar aspectos que no est\u00e1n completamente resueltos. Durante este periodo, se podr\u00e1n reevaluar pruebas, realizar nuevas investigaciones y, posiblemente, convocar a m\u00e1s testigos para obtener una imagen m\u00e1s clara de los eventos que rodean el incidente.<\/p>\n<p>Este proceso es crucial para asegurar que todos los elementos del caso sean considerados minuciosamente, permitiendo que la justicia se ejerza de manera justa y equitativa. La instrucci\u00f3n buscar\u00e1 llenar cualquier vac\u00edo que pueda haber quedado en la recopilaci\u00f3n inicial de evidencias o en la interpretaci\u00f3n de las mismas.<\/p>\n<h3>Implicaciones para las Partes Involucradas<\/h3>\n<p>La decisi\u00f3n de la Audiencia afecta a todas las partes involucradas en el caso. Para los familiares y amigos de Esther L\u00f3pez, este puede ser un momento de esperanza, ya que la revisi\u00f3n detallada del caso podr\u00eda potencialmente llevar a descubrimientos que aclaren lo sucedido. Por otro lado, para la defensa, esto significa una oportunidad de reafirmar sus argumentos o de ajustar su estrategia basada en nuevos elementos que puedan surgir durante la instrucci\u00f3n.<\/p>\n<h3>Expectativas Futuras<\/h3>\n<p>Con el caso regresando a instrucci\u00f3n, se abre una fase de incertidumbre donde cualquier nuevo hallazgo puede influir significativamente en el rumbo de los eventos. Es importante que el proceso se maneje con la m\u00e1xima transparencia y diligencia para garantizar que los resultados sean lo m\u00e1s justos y precisos posible.<\/p>\n<p>La comunidad y la opini\u00f3n p\u00fablica tambi\u00e9n jugar\u00e1n un papel importante en este proceso, manteniendo el inter\u00e9s y la presi\u00f3n para que el caso no quede en el olvido y se llegue a una conclusi\u00f3n satisfactoria. La resoluci\u00f3n del caso de Esther L\u00f3pez no solo es importante para las partes directamente involucradas, sino tambi\u00e9n para el sistema judicial en su conjunto, ya que pone a prueba su capacidad de manejar casos complejos y sensibles con la debida competencia y cuidado.<\/p>\n<p>En conclusi\u00f3n, el reenv\u00edo del caso de Esther L\u00f3pez a la fase de instrucci\u00f3n marca un momento decisivo en la b\u00fasqueda de justicia. Todos los ojos estar\u00e1n puestos en c\u00f3mo se desarrolla esta nueva etapa del proceso y en las implicaciones que tendr\u00e1 para todos los involucrados.<\/p>\n\n\n<div class=\"kk-star-ratings kksr-auto kksr-align-left kksr-valign-bottom\"\n    data-payload='{&quot;align&quot;:&quot;left&quot;,&quot;id&quot;:&quot;6930&quot;,&quot;slug&quot;:&quot;default&quot;,&quot;valign&quot;:&quot;bottom&quot;,&quot;ignore&quot;:&quot;&quot;,&quot;reference&quot;:&quot;auto&quot;,&quot;class&quot;:&quot;&quot;,&quot;count&quot;:&quot;0&quot;,&quot;legendonly&quot;:&quot;&quot;,&quot;readonly&quot;:&quot;&quot;,&quot;score&quot;:&quot;0&quot;,&quot;starsonly&quot;:&quot;&quot;,&quot;best&quot;:&quot;5&quot;,&quot;gap&quot;:&quot;5&quot;,&quot;greet&quot;:&quot;Valora este post&quot;,&quot;legend&quot;:&quot;0\\\/5 - (0 votes)&quot;,&quot;size&quot;:&quot;22&quot;,&quot;title&quot;:&quot;\u00a1Caso Esther L\u00f3pez toma nuevo giro! La Audiencia devuelve la causa a Instrucci\u00f3n&quot;,&quot;width&quot;:&quot;0&quot;,&quot;_legend&quot;:&quot;{score}\\\/{best} - ({count} {votes})&quot;,&quot;font_factor&quot;:&quot;1.25&quot;}'>\n            \n<div class=\"kksr-stars\">\n    \n<div class=\"kksr-stars-inactive\">\n            <div class=\"kksr-star\" data-star=\"1\" style=\"padding-right: 5px\">\n            \n\n<div class=\"kksr-icon\" style=\"width: 22px; height: 22px;\"><\/div>\n        <\/div>\n            <div class=\"kksr-star\" data-star=\"2\" style=\"padding-right: 5px\">\n            \n\n<div class=\"kksr-icon\" style=\"width: 22px; height: 22px;\"><\/div>\n        <\/div>\n            <div class=\"kksr-star\" data-star=\"3\" style=\"padding-right: 5px\">\n            \n\n<div class=\"kksr-icon\" style=\"width: 22px; height: 22px;\"><\/div>\n        <\/div>\n            <div class=\"kksr-star\" data-star=\"4\" style=\"padding-right: 5px\">\n            \n\n<div class=\"kksr-icon\" style=\"width: 22px; height: 22px;\"><\/div>\n        <\/div>\n            <div class=\"kksr-star\" data-star=\"5\" style=\"padding-right: 5px\">\n            \n\n<div class=\"kksr-icon\" style=\"width: 22px; height: 22px;\"><\/div>\n        <\/div>\n    <\/div>\n    \n<div class=\"kksr-stars-active\" style=\"width: 0px;\">\n            <div class=\"kksr-star\" style=\"padding-right: 5px\">\n            \n\n<div class=\"kksr-icon\" style=\"width: 22px; height: 22px;\"><\/div>\n        <\/div>\n            <div class=\"kksr-star\" style=\"padding-right: 5px\">\n            \n\n<div class=\"kksr-icon\" style=\"width: 22px; height: 22px;\"><\/div>\n        <\/div>\n            <div class=\"kksr-star\" style=\"padding-right: 5px\">\n            \n\n<div class=\"kksr-icon\" style=\"width: 22px; height: 22px;\"><\/div>\n        <\/div>\n            <div class=\"kksr-star\" style=\"padding-right: 5px\">\n            \n\n<div class=\"kksr-icon\" style=\"width: 22px; height: 22px;\"><\/div>\n        <\/div>\n            <div class=\"kksr-star\" style=\"padding-right: 5px\">\n            \n\n<div class=\"kksr-icon\" style=\"width: 22px; height: 22px;\"><\/div>\n        <\/div>\n    <\/div>\n<\/div>\n                \n\n<div class=\"kksr-legend\" style=\"font-size: 17.6px;\">\n            <span class=\"kksr-muted\">Valora este post<\/span>\n    <\/div>\n    <\/div>\n","protected":false},"excerpt":{"rendered":"<p>El Caso de Esther L\u00f3pez Vuelve a la Fase de Instrucci\u00f3n En un giro reciente en el caso de Esther L\u00f3pez, la Audiencia Provincial ha decidido &#8230; <a title=\"\u00a1Caso Esther L\u00f3pez toma nuevo giro! La Audiencia devuelve la causa a Instrucci\u00f3n\" class=\"read-more\" href=\"https:\/\/www.diario21.tv\/noticias\/caso-esther-lopez-toma-nuevo-giro-la-audiencia-devuelve-la-causa-a-instruccion\/\" aria-label=\"Leer m\u00e1s sobre \u00a1Caso Esther L\u00f3pez toma nuevo giro! La Audiencia devuelve la causa a Instrucci\u00f3n\">Seguir leyendo &rarr;<\/a><\/p>\n","protected":false},"author":20,"featured_media":6931,"comment_status":"open","ping_status":"open","sticky":false,"template":"","format":"standard","meta":{"footnotes":""},"categories":[13],"tags":[],"class_list":["post-6930","post","type-post","status-publish","format-standard","has-post-thumbnail","hentry","category-portada"],"yoast_head":"<!-- This site is optimized with the Yoast SEO plugin v25.6 - https:\/\/yoast.com\/wordpress\/plugins\/seo\/ -->\n<title>\u00a1Caso Esther L\u00f3pez toma nuevo giro! La Audiencia devuelve la causa a Instrucci\u00f3n - Diario 21<\/title>\n<meta name=\"robots\" content=\"index, follow, max-snippet:-1, max-image-preview:large, max-video-preview:-1\" \/>\n<link rel=\"canonical\" href=\"https:\/\/www.diario21.tv\/noticias\/caso-esther-lopez-toma-nuevo-giro-la-audiencia-devuelve-la-causa-a-instruccion\/\" \/>\n<meta property=\"og:locale\" content=\"es_ES\" \/>\n<meta property=\"og:type\" content=\"article\" \/>\n<meta property=\"og:title\" content=\"\u00a1Caso Esther L\u00f3pez toma nuevo giro! La Audiencia devuelve la causa a Instrucci\u00f3n - Diario 21\" \/>\n<meta property=\"og:description\" content=\"El Caso de Esther L\u00f3pez Vuelve a la Fase de Instrucci\u00f3n En un giro reciente en el caso de Esther L\u00f3pez, la Audiencia Provincial ha decidido ... Seguir leyendo &rarr;\" \/>\n<meta property=\"og:url\" content=\"https:\/\/www.diario21.tv\/noticias\/caso-esther-lopez-toma-nuevo-giro-la-audiencia-devuelve-la-causa-a-instruccion\/\" \/>\n<meta property=\"og:site_name\" content=\"Diario 21\" \/>\n<meta property=\"article:published_time\" content=\"2026-04-18T17:30:58+00:00\" \/>\n<meta property=\"article:modified_time\" content=\"2026-04-18T17:30:59+00:00\" \/>\n<meta property=\"og:image\" content=\"https:\/\/www.diario21.tv\/noticias\/wp-content\/uploads\/2026\/04\/\u00a1Caso-Esther-Lopez-toma-nuevo-giro-La-Audiencia-devuelve-la.jpg\" \/>\n\t<meta property=\"og:image:width\" content=\"1200\" \/>\n\t<meta property=\"og:image:height\" content=\"840\" \/>\n\t<meta property=\"og:image:type\" content=\"image\/jpeg\" \/>\n<meta name=\"author\" content=\"Juan P\u00e9rez\" \/>\n<meta name=\"twitter:card\" content=\"summary_large_image\" \/>\n<meta name=\"twitter:label1\" content=\"Escrito por\" \/>\n\t<meta name=\"twitter:data1\" content=\"Juan P\u00e9rez\" \/>\n\t<meta name=\"twitter:label2\" content=\"Tiempo de lectura\" \/>\n\t<meta name=\"twitter:data2\" content=\"2 minutos\" \/>\n<script type=\"application\/ld+json\" class=\"yoast-schema-graph\">{\"@context\":\"https:\/\/schema.org\",\"@graph\":[{\"@type\":\"WebPage\",\"@id\":\"https:\/\/www.diario21.tv\/noticias\/caso-esther-lopez-toma-nuevo-giro-la-audiencia-devuelve-la-causa-a-instruccion\/\",\"url\":\"https:\/\/www.diario21.tv\/noticias\/caso-esther-lopez-toma-nuevo-giro-la-audiencia-devuelve-la-causa-a-instruccion\/\",\"name\":\"\u00a1Caso Esther L\u00f3pez toma nuevo giro! La Audiencia devuelve la causa a Instrucci\u00f3n - Diario 21\",\"isPartOf\":{\"@id\":\"https:\/\/www.diario21.tv\/noticias\/#website\"},\"primaryImageOfPage\":{\"@id\":\"https:\/\/www.diario21.tv\/noticias\/caso-esther-lopez-toma-nuevo-giro-la-audiencia-devuelve-la-causa-a-instruccion\/#primaryimage\"},\"image\":{\"@id\":\"https:\/\/www.diario21.tv\/noticias\/caso-esther-lopez-toma-nuevo-giro-la-audiencia-devuelve-la-causa-a-instruccion\/#primaryimage\"},\"thumbnailUrl\":\"https:\/\/www.diario21.tv\/noticias\/wp-content\/uploads\/2026\/04\/\u00a1Caso-Esther-Lopez-toma-nuevo-giro-La-Audiencia-devuelve-la.jpg\",\"datePublished\":\"2026-04-18T17:30:58+00:00\",\"dateModified\":\"2026-04-18T17:30:59+00:00\",\"author\":{\"@id\":\"https:\/\/www.diario21.tv\/noticias\/#\/schema\/person\/dfb778f73814d8f09f302618446a526b\"},\"breadcrumb\":{\"@id\":\"https:\/\/www.diario21.tv\/noticias\/caso-esther-lopez-toma-nuevo-giro-la-audiencia-devuelve-la-causa-a-instruccion\/#breadcrumb\"},\"inLanguage\":\"es-AR\",\"potentialAction\":[{\"@type\":\"ReadAction\",\"target\":[\"https:\/\/www.diario21.tv\/noticias\/caso-esther-lopez-toma-nuevo-giro-la-audiencia-devuelve-la-causa-a-instruccion\/\"]}]},{\"@type\":\"ImageObject\",\"inLanguage\":\"es-AR\",\"@id\":\"https:\/\/www.diario21.tv\/noticias\/caso-esther-lopez-toma-nuevo-giro-la-audiencia-devuelve-la-causa-a-instruccion\/#primaryimage\",\"url\":\"https:\/\/www.diario21.tv\/noticias\/wp-content\/uploads\/2026\/04\/\u00a1Caso-Esther-Lopez-toma-nuevo-giro-La-Audiencia-devuelve-la.jpg\",\"contentUrl\":\"https:\/\/www.diario21.tv\/noticias\/wp-content\/uploads\/2026\/04\/\u00a1Caso-Esther-Lopez-toma-nuevo-giro-La-Audiencia-devuelve-la.jpg\",\"width\":1200,\"height\":840,\"caption\":\"La Audiencia devuelve la causa del caso Esther L\u00f3pez a Instrucci\u00f3n\"},{\"@type\":\"BreadcrumbList\",\"@id\":\"https:\/\/www.diario21.tv\/noticias\/caso-esther-lopez-toma-nuevo-giro-la-audiencia-devuelve-la-causa-a-instruccion\/#breadcrumb\",\"itemListElement\":[{\"@type\":\"ListItem\",\"position\":1,\"name\":\"Accueil\",\"item\":\"https:\/\/www.diario21.tv\/noticias\/\"},{\"@type\":\"ListItem\",\"position\":2,\"name\":\"\u00a1Caso Esther L\u00f3pez toma nuevo giro! La Audiencia devuelve la causa a Instrucci\u00f3n\"}]},{\"@type\":\"WebSite\",\"@id\":\"https:\/\/www.diario21.tv\/noticias\/#website\",\"url\":\"https:\/\/www.diario21.tv\/noticias\/\",\"name\":\"Diario 21\",\"description\":\"\",\"potentialAction\":[{\"@type\":\"SearchAction\",\"target\":{\"@type\":\"EntryPoint\",\"urlTemplate\":\"https:\/\/www.diario21.tv\/noticias\/?s={search_term_string}\"},\"query-input\":{\"@type\":\"PropertyValueSpecification\",\"valueRequired\":true,\"valueName\":\"search_term_string\"}}],\"inLanguage\":\"es-AR\"},{\"@type\":\"Person\",\"@id\":\"https:\/\/www.diario21.tv\/noticias\/#\/schema\/person\/dfb778f73814d8f09f302618446a526b\",\"name\":\"Juan P\u00e9rez\",\"image\":{\"@type\":\"ImageObject\",\"inLanguage\":\"es-AR\",\"@id\":\"https:\/\/www.diario21.tv\/noticias\/#\/schema\/person\/image\/\",\"url\":\"https:\/\/secure.gravatar.com\/avatar\/c478a405bd10621167f4c3167cc770f5?s=96&d=mm&r=g\",\"contentUrl\":\"https:\/\/secure.gravatar.com\/avatar\/c478a405bd10621167f4c3167cc770f5?s=96&d=mm&r=g\",\"caption\":\"Juan P\u00e9rez\"},\"description\":\"Juan P\u00e9rez es el redactor en jefe de Diario 21. Con m\u00e1s de 10 a\u00f1os de experiencia en el periodismo, se especializa en pol\u00edtica nacional y an\u00e1lisis socioecon\u00f3mico. Su enfoque cr\u00edtico y riguroso aporta una perspectiva \u00fanica a cada art\u00edculo.\",\"sameAs\":[\"https:\/\/www.diario21.tv\/noticias\/\"],\"url\":\"https:\/\/www.diario21.tv\/noticias\/author\/juan-perez\/\"}]}<\/script>\n<!-- \/ Yoast SEO plugin. -->","yoast_head_json":{"title":"\u00a1Caso Esther L\u00f3pez toma nuevo giro! La Audiencia devuelve la causa a Instrucci\u00f3n - Diario 21","robots":{"index":"index","follow":"follow","max-snippet":"max-snippet:-1","max-image-preview":"max-image-preview:large","max-video-preview":"max-video-preview:-1"},"canonical":"https:\/\/www.diario21.tv\/noticias\/caso-esther-lopez-toma-nuevo-giro-la-audiencia-devuelve-la-causa-a-instruccion\/","og_locale":"es_ES","og_type":"article","og_title":"\u00a1Caso Esther L\u00f3pez toma nuevo giro! La Audiencia devuelve la causa a Instrucci\u00f3n - Diario 21","og_description":"El Caso de Esther L\u00f3pez Vuelve a la Fase de Instrucci\u00f3n En un giro reciente en el caso de Esther L\u00f3pez, la Audiencia Provincial ha decidido ... Seguir leyendo &rarr;","og_url":"https:\/\/www.diario21.tv\/noticias\/caso-esther-lopez-toma-nuevo-giro-la-audiencia-devuelve-la-causa-a-instruccion\/","og_site_name":"Diario 21","article_published_time":"2026-04-18T17:30:58+00:00","article_modified_time":"2026-04-18T17:30:59+00:00","og_image":[{"width":1200,"height":840,"url":"https:\/\/www.diario21.tv\/noticias\/wp-content\/uploads\/2026\/04\/\u00a1Caso-Esther-Lopez-toma-nuevo-giro-La-Audiencia-devuelve-la.jpg","type":"image\/jpeg"}],"author":"Juan P\u00e9rez","twitter_card":"summary_large_image","twitter_misc":{"Escrito por":"Juan P\u00e9rez","Tiempo de lectura":"2 minutos"},"schema":{"@context":"https:\/\/schema.org","@graph":[{"@type":"WebPage","@id":"https:\/\/www.diario21.tv\/noticias\/caso-esther-lopez-toma-nuevo-giro-la-audiencia-devuelve-la-causa-a-instruccion\/","url":"https:\/\/www.diario21.tv\/noticias\/caso-esther-lopez-toma-nuevo-giro-la-audiencia-devuelve-la-causa-a-instruccion\/","name":"\u00a1Caso Esther L\u00f3pez toma nuevo giro! La Audiencia devuelve la causa a Instrucci\u00f3n - Diario 21","isPartOf":{"@id":"https:\/\/www.diario21.tv\/noticias\/#website"},"primaryImageOfPage":{"@id":"https:\/\/www.diario21.tv\/noticias\/caso-esther-lopez-toma-nuevo-giro-la-audiencia-devuelve-la-causa-a-instruccion\/#primaryimage"},"image":{"@id":"https:\/\/www.diario21.tv\/noticias\/caso-esther-lopez-toma-nuevo-giro-la-audiencia-devuelve-la-causa-a-instruccion\/#primaryimage"},"thumbnailUrl":"https:\/\/www.diario21.tv\/noticias\/wp-content\/uploads\/2026\/04\/\u00a1Caso-Esther-Lopez-toma-nuevo-giro-La-Audiencia-devuelve-la.jpg","datePublished":"2026-04-18T17:30:58+00:00","dateModified":"2026-04-18T17:30:59+00:00","author":{"@id":"https:\/\/www.diario21.tv\/noticias\/#\/schema\/person\/dfb778f73814d8f09f302618446a526b"},"breadcrumb":{"@id":"https:\/\/www.diario21.tv\/noticias\/caso-esther-lopez-toma-nuevo-giro-la-audiencia-devuelve-la-causa-a-instruccion\/#breadcrumb"},"inLanguage":"es-AR","potentialAction":[{"@type":"ReadAction","target":["https:\/\/www.diario21.tv\/noticias\/caso-esther-lopez-toma-nuevo-giro-la-audiencia-devuelve-la-causa-a-instruccion\/"]}]},{"@type":"ImageObject","inLanguage":"es-AR","@id":"https:\/\/www.diario21.tv\/noticias\/caso-esther-lopez-toma-nuevo-giro-la-audiencia-devuelve-la-causa-a-instruccion\/#primaryimage","url":"https:\/\/www.diario21.tv\/noticias\/wp-content\/uploads\/2026\/04\/\u00a1Caso-Esther-Lopez-toma-nuevo-giro-La-Audiencia-devuelve-la.jpg","contentUrl":"https:\/\/www.diario21.tv\/noticias\/wp-content\/uploads\/2026\/04\/\u00a1Caso-Esther-Lopez-toma-nuevo-giro-La-Audiencia-devuelve-la.jpg","width":1200,"height":840,"caption":"La Audiencia devuelve la causa del caso Esther L\u00f3pez a Instrucci\u00f3n"},{"@type":"BreadcrumbList","@id":"https:\/\/www.diario21.tv\/noticias\/caso-esther-lopez-toma-nuevo-giro-la-audiencia-devuelve-la-causa-a-instruccion\/#breadcrumb","itemListElement":[{"@type":"ListItem","position":1,"name":"Accueil","item":"https:\/\/www.diario21.tv\/noticias\/"},{"@type":"ListItem","position":2,"name":"\u00a1Caso Esther L\u00f3pez toma nuevo giro! La Audiencia devuelve la causa a Instrucci\u00f3n"}]},{"@type":"WebSite","@id":"https:\/\/www.diario21.tv\/noticias\/#website","url":"https:\/\/www.diario21.tv\/noticias\/","name":"Diario 21","description":"","potentialAction":[{"@type":"SearchAction","target":{"@type":"EntryPoint","urlTemplate":"https:\/\/www.diario21.tv\/noticias\/?s={search_term_string}"},"query-input":{"@type":"PropertyValueSpecification","valueRequired":true,"valueName":"search_term_string"}}],"inLanguage":"es-AR"},{"@type":"Person","@id":"https:\/\/www.diario21.tv\/noticias\/#\/schema\/person\/dfb778f73814d8f09f302618446a526b","name":"Juan P\u00e9rez","image":{"@type":"ImageObject","inLanguage":"es-AR","@id":"https:\/\/www.diario21.tv\/noticias\/#\/schema\/person\/image\/","url":"https:\/\/secure.gravatar.com\/avatar\/c478a405bd10621167f4c3167cc770f5?s=96&d=mm&r=g","contentUrl":"https:\/\/secure.gravatar.com\/avatar\/c478a405bd10621167f4c3167cc770f5?s=96&d=mm&r=g","caption":"Juan P\u00e9rez"},"description":"Juan P\u00e9rez es el redactor en jefe de Diario 21. Con m\u00e1s de 10 a\u00f1os de experiencia en el periodismo, se especializa en pol\u00edtica nacional y an\u00e1lisis socioecon\u00f3mico. Su enfoque cr\u00edtico y riguroso aporta una perspectiva \u00fanica a cada art\u00edculo.","sameAs":["https:\/\/www.diario21.tv\/noticias\/"],"url":"https:\/\/www.diario21.tv\/noticias\/author\/juan-perez\/"}]}},"_links":{"self":[{"href":"https:\/\/www.diario21.tv\/noticias\/wp-json\/wp\/v2\/posts\/6930"}],"collection":[{"href":"https:\/\/www.diario21.tv\/noticias\/wp-json\/wp\/v2\/posts"}],"about":[{"href":"https:\/\/www.diario21.tv\/noticias\/wp-json\/wp\/v2\/types\/post"}],"author":[{"embeddable":true,"href":"https:\/\/www.diario21.tv\/noticias\/wp-json\/wp\/v2\/users\/20"}],"replies":[{"embeddable":true,"href":"https:\/\/www.diario21.tv\/noticias\/wp-json\/wp\/v2\/comments?post=6930"}],"version-history":[{"count":1,"href":"https:\/\/www.diario21.tv\/noticias\/wp-json\/wp\/v2\/posts\/6930\/revisions"}],"predecessor-version":[{"id":6932,"href":"https:\/\/www.diario21.tv\/noticias\/wp-json\/wp\/v2\/posts\/6930\/revisions\/6932"}],"wp:featuredmedia":[{"embeddable":true,"href":"https:\/\/www.diario21.tv\/noticias\/wp-json\/wp\/v2\/media\/6931"}],"wp:attachment":[{"href":"https:\/\/www.diario21.tv\/noticias\/wp-json\/wp\/v2\/media?parent=6930"}],"wp:term":[{"taxonomy":"category","embeddable":true,"href":"https:\/\/www.diario21.tv\/noticias\/wp-json\/wp\/v2\/categories?post=6930"},{"taxonomy":"post_tag","embeddable":true,"href":"https:\/\/www.diario21.tv\/noticias\/wp-json\/wp\/v2\/tags?post=6930"}],"curies":[{"name":"wp","href":"https:\/\/api.w.org\/{rel}","templated":true}]}}