{"id":6927,"date":"2026-04-18T11:29:06","date_gmt":"2026-04-18T11:29:06","guid":{"rendered":"https:\/\/www.diario21.tv\/noticias\/increible-nace-orangutan-de-borneo-en-el-zoo-de-madrid-especie-en-peligro-critico\/"},"modified":"2026-04-18T11:29:08","modified_gmt":"2026-04-18T11:29:08","slug":"increible-nace-orangutan-de-borneo-en-el-zoo-de-madrid-especie-en-peligro-critico","status":"publish","type":"post","link":"https:\/\/www.diario21.tv\/noticias\/increible-nace-orangutan-de-borneo-en-el-zoo-de-madrid-especie-en-peligro-critico\/","title":{"rendered":"\u00a1Incre\u00edble! Nace orangut\u00e1n de Borneo en el Zoo de Madrid, especie en peligro cr\u00edtico."},"content":{"rendered":"<h2>El Zoo Aquarium de Madrid Celebra el Nacimiento de un Orangut\u00e1n de Borneo<\/h2>\n<p>En el Zoo Aquarium de Madrid se ha producido un acontecimiento que marca un hito importante para la conservaci\u00f3n de las especies en peligro de extinci\u00f3n: el nacimiento de una nueva cr\u00eda de orangut\u00e1n de Borneo. Esta especie es considerada una de las m\u00e1s amenazadas del planeta, debido principalmente a la destrucci\u00f3n de su h\u00e1bitat natural y la caza furtiva.<\/p>\n<h3>Una Esperanza para la Conservaci\u00f3n<\/h3>\n<p>La llegada de esta nueva cr\u00eda no solo representa una noticia alegre para el equipo del zoo, sino que tambi\u00e9n simboliza una luz de esperanza para el futuro de los orangutanes de Borneo. Estos primates est\u00e1n clasificados como &#8220;en peligro cr\u00edtico&#8221; en la Lista Roja de Especies Amenazadas de la UICN, lo que pone de relieve la urgencia de iniciativas de conservaci\u00f3n como las que se llevan a cabo en instalaciones zool\u00f3gicas.<\/p>\n<h3>Compromiso del Zoo con la Conservaci\u00f3n<\/h3>\n<p>El Zoo Aquarium de Madrid ha demostrado su compromiso con la protecci\u00f3n y estudio de los orangutanes mediante su participaci\u00f3n en programas de reproducci\u00f3n en cautividad. Estos programas son vitales para mantener la diversidad gen\u00e9tica de las especies y proporcionar una poblaci\u00f3n de reserva ante cualquier desastre ecol\u00f3gico que pudiera ocurrir en sus h\u00e1bitats naturales.<\/p>\n<p>Adem\u00e1s, el zoo participa activamente en proyectos educativos y de sensibilizaci\u00f3n que tienen como objetivo informar al p\u00fablico sobre los retos que enfrentan estos animales y la importancia de su conservaci\u00f3n.<\/p>\n<h3>Cuidados y Esperanzas para el Futuro<\/h3>\n<p>La cr\u00eda reci\u00e9n nacida se encuentra bajo el cuidado constante de sus cuidadores y de su madre, quien juega un papel esencial en su desarrollo y bienestar. Los primeros meses son cr\u00edticos para la supervivencia del joven orangut\u00e1n, y el personal del Zoo Aquarium de Madrid est\u00e1 altamente capacitado para proporcionar todos los cuidados necesarios.<\/p>\n<p>Con el nacimiento de este nuevo miembro, el zoo no solo espera contribuir a la conservaci\u00f3n de la especie, sino tambi\u00e9n fomentar una conexi\u00f3n m\u00e1s profunda entre los visitantes y la necesidad urgente de proteger a los orangutanes de Borneo y sus h\u00e1bitats. La esperanza es que, a trav\u00e9s de la educaci\u00f3n y la concienciaci\u00f3n, se puedan tomar medidas m\u00e1s efectivas para asegurar su supervivencia a largo plazo.<\/p>\n\n\n<div class=\"kk-star-ratings kksr-auto kksr-align-left kksr-valign-bottom\"\n    data-payload='{&quot;align&quot;:&quot;left&quot;,&quot;id&quot;:&quot;6927&quot;,&quot;slug&quot;:&quot;default&quot;,&quot;valign&quot;:&quot;bottom&quot;,&quot;ignore&quot;:&quot;&quot;,&quot;reference&quot;:&quot;auto&quot;,&quot;class&quot;:&quot;&quot;,&quot;count&quot;:&quot;0&quot;,&quot;legendonly&quot;:&quot;&quot;,&quot;readonly&quot;:&quot;&quot;,&quot;score&quot;:&quot;0&quot;,&quot;starsonly&quot;:&quot;&quot;,&quot;best&quot;:&quot;5&quot;,&quot;gap&quot;:&quot;5&quot;,&quot;greet&quot;:&quot;Valora este post&quot;,&quot;legend&quot;:&quot;0\\\/5 - (0 votes)&quot;,&quot;size&quot;:&quot;22&quot;,&quot;title&quot;:&quot;\u00a1Incre\u00edble! Nace orangut\u00e1n de Borneo en el Zoo de Madrid, especie en peligro cr\u00edtico.&quot;,&quot;width&quot;:&quot;0&quot;,&quot;_legend&quot;:&quot;{score}\\\/{best} - ({count} {votes})&quot;,&quot;font_factor&quot;:&quot;1.25&quot;}'>\n            \n<div class=\"kksr-stars\">\n    \n<div class=\"kksr-stars-inactive\">\n            <div class=\"kksr-star\" data-star=\"1\" style=\"padding-right: 5px\">\n            \n\n<div class=\"kksr-icon\" style=\"width: 22px; height: 22px;\"><\/div>\n        <\/div>\n            <div class=\"kksr-star\" data-star=\"2\" style=\"padding-right: 5px\">\n            \n\n<div class=\"kksr-icon\" style=\"width: 22px; height: 22px;\"><\/div>\n        <\/div>\n            <div class=\"kksr-star\" data-star=\"3\" style=\"padding-right: 5px\">\n            \n\n<div class=\"kksr-icon\" style=\"width: 22px; height: 22px;\"><\/div>\n        <\/div>\n            <div class=\"kksr-star\" data-star=\"4\" style=\"padding-right: 5px\">\n            \n\n<div class=\"kksr-icon\" style=\"width: 22px; height: 22px;\"><\/div>\n        <\/div>\n            <div class=\"kksr-star\" data-star=\"5\" style=\"padding-right: 5px\">\n            \n\n<div class=\"kksr-icon\" style=\"width: 22px; height: 22px;\"><\/div>\n        <\/div>\n    <\/div>\n    \n<div class=\"kksr-stars-active\" style=\"width: 0px;\">\n            <div class=\"kksr-star\" style=\"padding-right: 5px\">\n            \n\n<div class=\"kksr-icon\" style=\"width: 22px; height: 22px;\"><\/div>\n        <\/div>\n            <div class=\"kksr-star\" style=\"padding-right: 5px\">\n            \n\n<div class=\"kksr-icon\" style=\"width: 22px; height: 22px;\"><\/div>\n        <\/div>\n            <div class=\"kksr-star\" style=\"padding-right: 5px\">\n            \n\n<div class=\"kksr-icon\" style=\"width: 22px; height: 22px;\"><\/div>\n        <\/div>\n            <div class=\"kksr-star\" style=\"padding-right: 5px\">\n            \n\n<div class=\"kksr-icon\" style=\"width: 22px; height: 22px;\"><\/div>\n        <\/div>\n            <div class=\"kksr-star\" style=\"padding-right: 5px\">\n            \n\n<div class=\"kksr-icon\" style=\"width: 22px; height: 22px;\"><\/div>\n        <\/div>\n    <\/div>\n<\/div>\n                \n\n<div class=\"kksr-legend\" style=\"font-size: 17.6px;\">\n            <span class=\"kksr-muted\">Valora este post<\/span>\n    <\/div>\n    <\/div>\n","protected":false},"excerpt":{"rendered":"<p>El Zoo Aquarium de Madrid Celebra el Nacimiento de un Orangut\u00e1n de Borneo En el Zoo Aquarium de Madrid se ha producido un acontecimiento que marca &#8230; <a title=\"\u00a1Incre\u00edble! Nace orangut\u00e1n de Borneo en el Zoo de Madrid, especie en peligro cr\u00edtico.\" class=\"read-more\" href=\"https:\/\/www.diario21.tv\/noticias\/increible-nace-orangutan-de-borneo-en-el-zoo-de-madrid-especie-en-peligro-critico\/\" aria-label=\"Leer m\u00e1s sobre \u00a1Incre\u00edble! Nace orangut\u00e1n de Borneo en el Zoo de Madrid, especie en peligro cr\u00edtico.\">Seguir leyendo &rarr;<\/a><\/p>\n","protected":false},"author":20,"featured_media":6928,"comment_status":"open","ping_status":"open","sticky":false,"template":"","format":"standard","meta":{"footnotes":""},"categories":[13],"tags":[],"class_list":["post-6927","post","type-post","status-publish","format-standard","has-post-thumbnail","hentry","category-portada"],"yoast_head":"<!-- This site is optimized with the Yoast SEO plugin v25.6 - https:\/\/yoast.com\/wordpress\/plugins\/seo\/ -->\n<title>\u00a1Incre\u00edble! Nace orangut\u00e1n de Borneo en el Zoo de Madrid, especie en peligro cr\u00edtico. - Diario 21<\/title>\n<meta name=\"robots\" content=\"index, follow, max-snippet:-1, max-image-preview:large, max-video-preview:-1\" \/>\n<link rel=\"canonical\" href=\"https:\/\/www.diario21.tv\/noticias\/increible-nace-orangutan-de-borneo-en-el-zoo-de-madrid-especie-en-peligro-critico\/\" \/>\n<meta property=\"og:locale\" content=\"es_ES\" \/>\n<meta property=\"og:type\" content=\"article\" \/>\n<meta property=\"og:title\" content=\"\u00a1Incre\u00edble! Nace orangut\u00e1n de Borneo en el Zoo de Madrid, especie en peligro cr\u00edtico. - Diario 21\" \/>\n<meta property=\"og:description\" content=\"El Zoo Aquarium de Madrid Celebra el Nacimiento de un Orangut\u00e1n de Borneo En el Zoo Aquarium de Madrid se ha producido un acontecimiento que marca ... Seguir leyendo &rarr;\" \/>\n<meta property=\"og:url\" content=\"https:\/\/www.diario21.tv\/noticias\/increible-nace-orangutan-de-borneo-en-el-zoo-de-madrid-especie-en-peligro-critico\/\" \/>\n<meta property=\"og:site_name\" content=\"Diario 21\" \/>\n<meta property=\"article:published_time\" content=\"2026-04-18T11:29:06+00:00\" \/>\n<meta property=\"article:modified_time\" content=\"2026-04-18T11:29:08+00:00\" \/>\n<meta property=\"og:image\" content=\"https:\/\/www.diario21.tv\/noticias\/wp-content\/uploads\/2026\/04\/\u00a1Increible-Nace-orangutan-de-Borneo-en-el-Zoo-de-Madrid.jpg\" \/>\n\t<meta property=\"og:image:width\" content=\"1200\" \/>\n\t<meta property=\"og:image:height\" content=\"840\" \/>\n\t<meta property=\"og:image:type\" content=\"image\/jpeg\" \/>\n<meta name=\"author\" content=\"Juan P\u00e9rez\" \/>\n<meta name=\"twitter:card\" content=\"summary_large_image\" \/>\n<meta name=\"twitter:label1\" content=\"Escrito por\" \/>\n\t<meta name=\"twitter:data1\" content=\"Juan P\u00e9rez\" \/>\n\t<meta name=\"twitter:label2\" content=\"Tiempo de lectura\" \/>\n\t<meta name=\"twitter:data2\" content=\"2 minutos\" \/>\n<script type=\"application\/ld+json\" class=\"yoast-schema-graph\">{\"@context\":\"https:\/\/schema.org\",\"@graph\":[{\"@type\":\"WebPage\",\"@id\":\"https:\/\/www.diario21.tv\/noticias\/increible-nace-orangutan-de-borneo-en-el-zoo-de-madrid-especie-en-peligro-critico\/\",\"url\":\"https:\/\/www.diario21.tv\/noticias\/increible-nace-orangutan-de-borneo-en-el-zoo-de-madrid-especie-en-peligro-critico\/\",\"name\":\"\u00a1Incre\u00edble! Nace orangut\u00e1n de Borneo en el Zoo de Madrid, especie en peligro cr\u00edtico. - Diario 21\",\"isPartOf\":{\"@id\":\"https:\/\/www.diario21.tv\/noticias\/#website\"},\"primaryImageOfPage\":{\"@id\":\"https:\/\/www.diario21.tv\/noticias\/increible-nace-orangutan-de-borneo-en-el-zoo-de-madrid-especie-en-peligro-critico\/#primaryimage\"},\"image\":{\"@id\":\"https:\/\/www.diario21.tv\/noticias\/increible-nace-orangutan-de-borneo-en-el-zoo-de-madrid-especie-en-peligro-critico\/#primaryimage\"},\"thumbnailUrl\":\"https:\/\/www.diario21.tv\/noticias\/wp-content\/uploads\/2026\/04\/\u00a1Increible-Nace-orangutan-de-Borneo-en-el-Zoo-de-Madrid.jpg\",\"datePublished\":\"2026-04-18T11:29:06+00:00\",\"dateModified\":\"2026-04-18T11:29:08+00:00\",\"author\":{\"@id\":\"https:\/\/www.diario21.tv\/noticias\/#\/schema\/person\/dfb778f73814d8f09f302618446a526b\"},\"breadcrumb\":{\"@id\":\"https:\/\/www.diario21.tv\/noticias\/increible-nace-orangutan-de-borneo-en-el-zoo-de-madrid-especie-en-peligro-critico\/#breadcrumb\"},\"inLanguage\":\"es-AR\",\"potentialAction\":[{\"@type\":\"ReadAction\",\"target\":[\"https:\/\/www.diario21.tv\/noticias\/increible-nace-orangutan-de-borneo-en-el-zoo-de-madrid-especie-en-peligro-critico\/\"]}]},{\"@type\":\"ImageObject\",\"inLanguage\":\"es-AR\",\"@id\":\"https:\/\/www.diario21.tv\/noticias\/increible-nace-orangutan-de-borneo-en-el-zoo-de-madrid-especie-en-peligro-critico\/#primaryimage\",\"url\":\"https:\/\/www.diario21.tv\/noticias\/wp-content\/uploads\/2026\/04\/\u00a1Increible-Nace-orangutan-de-Borneo-en-el-Zoo-de-Madrid.jpg\",\"contentUrl\":\"https:\/\/www.diario21.tv\/noticias\/wp-content\/uploads\/2026\/04\/\u00a1Increible-Nace-orangutan-de-Borneo-en-el-Zoo-de-Madrid.jpg\",\"width\":1200,\"height\":840,\"caption\":\"Nace una nueva cr\u00eda de orangut\u00e1n de Borneo, una de las especies m\u00e1s amenazadas del planeta, en el Zoo Aquarium de Madrid\"},{\"@type\":\"BreadcrumbList\",\"@id\":\"https:\/\/www.diario21.tv\/noticias\/increible-nace-orangutan-de-borneo-en-el-zoo-de-madrid-especie-en-peligro-critico\/#breadcrumb\",\"itemListElement\":[{\"@type\":\"ListItem\",\"position\":1,\"name\":\"Accueil\",\"item\":\"https:\/\/www.diario21.tv\/noticias\/\"},{\"@type\":\"ListItem\",\"position\":2,\"name\":\"\u00a1Incre\u00edble! Nace orangut\u00e1n de Borneo en el Zoo de Madrid, especie en peligro cr\u00edtico.\"}]},{\"@type\":\"WebSite\",\"@id\":\"https:\/\/www.diario21.tv\/noticias\/#website\",\"url\":\"https:\/\/www.diario21.tv\/noticias\/\",\"name\":\"Diario 21\",\"description\":\"\",\"potentialAction\":[{\"@type\":\"SearchAction\",\"target\":{\"@type\":\"EntryPoint\",\"urlTemplate\":\"https:\/\/www.diario21.tv\/noticias\/?s={search_term_string}\"},\"query-input\":{\"@type\":\"PropertyValueSpecification\",\"valueRequired\":true,\"valueName\":\"search_term_string\"}}],\"inLanguage\":\"es-AR\"},{\"@type\":\"Person\",\"@id\":\"https:\/\/www.diario21.tv\/noticias\/#\/schema\/person\/dfb778f73814d8f09f302618446a526b\",\"name\":\"Juan P\u00e9rez\",\"image\":{\"@type\":\"ImageObject\",\"inLanguage\":\"es-AR\",\"@id\":\"https:\/\/www.diario21.tv\/noticias\/#\/schema\/person\/image\/\",\"url\":\"https:\/\/secure.gravatar.com\/avatar\/c478a405bd10621167f4c3167cc770f5?s=96&d=mm&r=g\",\"contentUrl\":\"https:\/\/secure.gravatar.com\/avatar\/c478a405bd10621167f4c3167cc770f5?s=96&d=mm&r=g\",\"caption\":\"Juan P\u00e9rez\"},\"description\":\"Juan P\u00e9rez es el redactor en jefe de Diario 21. Con m\u00e1s de 10 a\u00f1os de experiencia en el periodismo, se especializa en pol\u00edtica nacional y an\u00e1lisis socioecon\u00f3mico. Su enfoque cr\u00edtico y riguroso aporta una perspectiva \u00fanica a cada art\u00edculo.\",\"sameAs\":[\"https:\/\/www.diario21.tv\/noticias\/\"],\"url\":\"https:\/\/www.diario21.tv\/noticias\/author\/juan-perez\/\"}]}<\/script>\n<!-- \/ Yoast SEO plugin. -->","yoast_head_json":{"title":"\u00a1Incre\u00edble! Nace orangut\u00e1n de Borneo en el Zoo de Madrid, especie en peligro cr\u00edtico. - Diario 21","robots":{"index":"index","follow":"follow","max-snippet":"max-snippet:-1","max-image-preview":"max-image-preview:large","max-video-preview":"max-video-preview:-1"},"canonical":"https:\/\/www.diario21.tv\/noticias\/increible-nace-orangutan-de-borneo-en-el-zoo-de-madrid-especie-en-peligro-critico\/","og_locale":"es_ES","og_type":"article","og_title":"\u00a1Incre\u00edble! Nace orangut\u00e1n de Borneo en el Zoo de Madrid, especie en peligro cr\u00edtico. - Diario 21","og_description":"El Zoo Aquarium de Madrid Celebra el Nacimiento de un Orangut\u00e1n de Borneo En el Zoo Aquarium de Madrid se ha producido un acontecimiento que marca ... Seguir leyendo &rarr;","og_url":"https:\/\/www.diario21.tv\/noticias\/increible-nace-orangutan-de-borneo-en-el-zoo-de-madrid-especie-en-peligro-critico\/","og_site_name":"Diario 21","article_published_time":"2026-04-18T11:29:06+00:00","article_modified_time":"2026-04-18T11:29:08+00:00","og_image":[{"width":1200,"height":840,"url":"https:\/\/www.diario21.tv\/noticias\/wp-content\/uploads\/2026\/04\/\u00a1Increible-Nace-orangutan-de-Borneo-en-el-Zoo-de-Madrid.jpg","type":"image\/jpeg"}],"author":"Juan P\u00e9rez","twitter_card":"summary_large_image","twitter_misc":{"Escrito por":"Juan P\u00e9rez","Tiempo de lectura":"2 minutos"},"schema":{"@context":"https:\/\/schema.org","@graph":[{"@type":"WebPage","@id":"https:\/\/www.diario21.tv\/noticias\/increible-nace-orangutan-de-borneo-en-el-zoo-de-madrid-especie-en-peligro-critico\/","url":"https:\/\/www.diario21.tv\/noticias\/increible-nace-orangutan-de-borneo-en-el-zoo-de-madrid-especie-en-peligro-critico\/","name":"\u00a1Incre\u00edble! Nace orangut\u00e1n de Borneo en el Zoo de Madrid, especie en peligro cr\u00edtico. - Diario 21","isPartOf":{"@id":"https:\/\/www.diario21.tv\/noticias\/#website"},"primaryImageOfPage":{"@id":"https:\/\/www.diario21.tv\/noticias\/increible-nace-orangutan-de-borneo-en-el-zoo-de-madrid-especie-en-peligro-critico\/#primaryimage"},"image":{"@id":"https:\/\/www.diario21.tv\/noticias\/increible-nace-orangutan-de-borneo-en-el-zoo-de-madrid-especie-en-peligro-critico\/#primaryimage"},"thumbnailUrl":"https:\/\/www.diario21.tv\/noticias\/wp-content\/uploads\/2026\/04\/\u00a1Increible-Nace-orangutan-de-Borneo-en-el-Zoo-de-Madrid.jpg","datePublished":"2026-04-18T11:29:06+00:00","dateModified":"2026-04-18T11:29:08+00:00","author":{"@id":"https:\/\/www.diario21.tv\/noticias\/#\/schema\/person\/dfb778f73814d8f09f302618446a526b"},"breadcrumb":{"@id":"https:\/\/www.diario21.tv\/noticias\/increible-nace-orangutan-de-borneo-en-el-zoo-de-madrid-especie-en-peligro-critico\/#breadcrumb"},"inLanguage":"es-AR","potentialAction":[{"@type":"ReadAction","target":["https:\/\/www.diario21.tv\/noticias\/increible-nace-orangutan-de-borneo-en-el-zoo-de-madrid-especie-en-peligro-critico\/"]}]},{"@type":"ImageObject","inLanguage":"es-AR","@id":"https:\/\/www.diario21.tv\/noticias\/increible-nace-orangutan-de-borneo-en-el-zoo-de-madrid-especie-en-peligro-critico\/#primaryimage","url":"https:\/\/www.diario21.tv\/noticias\/wp-content\/uploads\/2026\/04\/\u00a1Increible-Nace-orangutan-de-Borneo-en-el-Zoo-de-Madrid.jpg","contentUrl":"https:\/\/www.diario21.tv\/noticias\/wp-content\/uploads\/2026\/04\/\u00a1Increible-Nace-orangutan-de-Borneo-en-el-Zoo-de-Madrid.jpg","width":1200,"height":840,"caption":"Nace una nueva cr\u00eda de orangut\u00e1n de Borneo, una de las especies m\u00e1s amenazadas del planeta, en el Zoo Aquarium de Madrid"},{"@type":"BreadcrumbList","@id":"https:\/\/www.diario21.tv\/noticias\/increible-nace-orangutan-de-borneo-en-el-zoo-de-madrid-especie-en-peligro-critico\/#breadcrumb","itemListElement":[{"@type":"ListItem","position":1,"name":"Accueil","item":"https:\/\/www.diario21.tv\/noticias\/"},{"@type":"ListItem","position":2,"name":"\u00a1Incre\u00edble! Nace orangut\u00e1n de Borneo en el Zoo de Madrid, especie en peligro cr\u00edtico."}]},{"@type":"WebSite","@id":"https:\/\/www.diario21.tv\/noticias\/#website","url":"https:\/\/www.diario21.tv\/noticias\/","name":"Diario 21","description":"","potentialAction":[{"@type":"SearchAction","target":{"@type":"EntryPoint","urlTemplate":"https:\/\/www.diario21.tv\/noticias\/?s={search_term_string}"},"query-input":{"@type":"PropertyValueSpecification","valueRequired":true,"valueName":"search_term_string"}}],"inLanguage":"es-AR"},{"@type":"Person","@id":"https:\/\/www.diario21.tv\/noticias\/#\/schema\/person\/dfb778f73814d8f09f302618446a526b","name":"Juan P\u00e9rez","image":{"@type":"ImageObject","inLanguage":"es-AR","@id":"https:\/\/www.diario21.tv\/noticias\/#\/schema\/person\/image\/","url":"https:\/\/secure.gravatar.com\/avatar\/c478a405bd10621167f4c3167cc770f5?s=96&d=mm&r=g","contentUrl":"https:\/\/secure.gravatar.com\/avatar\/c478a405bd10621167f4c3167cc770f5?s=96&d=mm&r=g","caption":"Juan P\u00e9rez"},"description":"Juan P\u00e9rez es el redactor en jefe de Diario 21. Con m\u00e1s de 10 a\u00f1os de experiencia en el periodismo, se especializa en pol\u00edtica nacional y an\u00e1lisis socioecon\u00f3mico. Su enfoque cr\u00edtico y riguroso aporta una perspectiva \u00fanica a cada art\u00edculo.","sameAs":["https:\/\/www.diario21.tv\/noticias\/"],"url":"https:\/\/www.diario21.tv\/noticias\/author\/juan-perez\/"}]}},"_links":{"self":[{"href":"https:\/\/www.diario21.tv\/noticias\/wp-json\/wp\/v2\/posts\/6927"}],"collection":[{"href":"https:\/\/www.diario21.tv\/noticias\/wp-json\/wp\/v2\/posts"}],"about":[{"href":"https:\/\/www.diario21.tv\/noticias\/wp-json\/wp\/v2\/types\/post"}],"author":[{"embeddable":true,"href":"https:\/\/www.diario21.tv\/noticias\/wp-json\/wp\/v2\/users\/20"}],"replies":[{"embeddable":true,"href":"https:\/\/www.diario21.tv\/noticias\/wp-json\/wp\/v2\/comments?post=6927"}],"version-history":[{"count":1,"href":"https:\/\/www.diario21.tv\/noticias\/wp-json\/wp\/v2\/posts\/6927\/revisions"}],"predecessor-version":[{"id":6929,"href":"https:\/\/www.diario21.tv\/noticias\/wp-json\/wp\/v2\/posts\/6927\/revisions\/6929"}],"wp:featuredmedia":[{"embeddable":true,"href":"https:\/\/www.diario21.tv\/noticias\/wp-json\/wp\/v2\/media\/6928"}],"wp:attachment":[{"href":"https:\/\/www.diario21.tv\/noticias\/wp-json\/wp\/v2\/media?parent=6927"}],"wp:term":[{"taxonomy":"category","embeddable":true,"href":"https:\/\/www.diario21.tv\/noticias\/wp-json\/wp\/v2\/categories?post=6927"},{"taxonomy":"post_tag","embeddable":true,"href":"https:\/\/www.diario21.tv\/noticias\/wp-json\/wp\/v2\/tags?post=6927"}],"curies":[{"name":"wp","href":"https:\/\/api.w.org\/{rel}","templated":true}]}}