{"id":6924,"date":"2026-04-18T05:27:48","date_gmt":"2026-04-18T05:27:48","guid":{"rendered":"https:\/\/www.diario21.tv\/noticias\/alerta-pediatras-exigen-condones-gratuitos-para-adolescentes-detengamos-las-ets\/"},"modified":"2026-04-18T05:27:49","modified_gmt":"2026-04-18T05:27:49","slug":"alerta-pediatras-exigen-condones-gratuitos-para-adolescentes-detengamos-las-ets","status":"publish","type":"post","link":"https:\/\/www.diario21.tv\/noticias\/alerta-pediatras-exigen-condones-gratuitos-para-adolescentes-detengamos-las-ets\/","title":{"rendered":"\u00a1Alerta! Pediatras exigen condones gratuitos para adolescentes \u00a1Detengamos las ETS!"},"content":{"rendered":"<h2>Los m\u00e9dicos especializados en ni\u00f1os solicitan distribuci\u00f3n gratuita de condones para j\u00f3venes<\/h2>\n<p>En un intento por controlar el incremento alarmante de infecciones de transmisi\u00f3n sexual entre adolescentes, pediatras de diversas regiones est\u00e1n promoviendo la idea de ofrecer preservativos sin costo a este grupo etario. Esta medida busca no solo educar a los j\u00f3venes sobre pr\u00e1cticas sexuales seguras, sino tambi\u00e9n proporcionarles las herramientas necesarias para proteger su salud de manera efectiva.<\/p>\n<h3>Un panorama preocupante<\/h3>\n<p>Las estad\u00edsticas recientes muestran un aumento preocupante en el n\u00famero de enfermedades ven\u00e9reas entre los adolescentes. Ante esta situaci\u00f3n, los expertos en salud infantil est\u00e1n recomendando pol\u00edticas p\u00fablicas que incluyan el acceso gratuito a m\u00e9todos anticonceptivos, como los preservativos, que han demostrado ser efectivos en la prevenci\u00f3n de estas enfermedades.<\/p>\n<h3>Educaci\u00f3n y acceso: una combinaci\u00f3n necesaria<\/h3>\n<p>Adem\u00e1s de la distribuci\u00f3n de condones, los pediatras enfatizan la importancia de programas educativos que informen a los adolescentes sobre los riesgos asociados a las relaciones sexuales sin protecci\u00f3n. El objetivo es doble: reducir la incidencia de infecciones transmitidas sexualmente y disminuir el n\u00famero de embarazos no planificados en j\u00f3venes.<\/p>\n<p>Los especialistas argumentan que el acceso a preservativos no deber\u00eda ser un obst\u00e1culo para los adolescentes que deciden ser sexualmente activos. Facilitar estos recursos podr\u00eda significar una gran diferencia en la salud p\u00fablica, permitiendo que los j\u00f3venes tomen decisiones informadas y seguras respecto a su sexualidad.<\/p>\n<p>En conclusi\u00f3n, esta iniciativa de los pediatras refleja un enfoque proactivo hacia la salud sexual de los adolescentes. Al proporcionar preservativos gratuitos y educaci\u00f3n adecuada, se espera no solo disminuir las cifras de enfermedades ven\u00e9reas, sino tambi\u00e9n empoderar a los j\u00f3venes para que gestionen su bienestar de manera responsable y consciente.<\/p>\n\n\n<div class=\"kk-star-ratings kksr-auto kksr-align-left kksr-valign-bottom\"\n    data-payload='{&quot;align&quot;:&quot;left&quot;,&quot;id&quot;:&quot;6924&quot;,&quot;slug&quot;:&quot;default&quot;,&quot;valign&quot;:&quot;bottom&quot;,&quot;ignore&quot;:&quot;&quot;,&quot;reference&quot;:&quot;auto&quot;,&quot;class&quot;:&quot;&quot;,&quot;count&quot;:&quot;0&quot;,&quot;legendonly&quot;:&quot;&quot;,&quot;readonly&quot;:&quot;&quot;,&quot;score&quot;:&quot;0&quot;,&quot;starsonly&quot;:&quot;&quot;,&quot;best&quot;:&quot;5&quot;,&quot;gap&quot;:&quot;5&quot;,&quot;greet&quot;:&quot;Valora este post&quot;,&quot;legend&quot;:&quot;0\\\/5 - (0 votes)&quot;,&quot;size&quot;:&quot;22&quot;,&quot;title&quot;:&quot;\u00a1Alerta! Pediatras exigen condones gratuitos para adolescentes \u00a1Detengamos las ETS!&quot;,&quot;width&quot;:&quot;0&quot;,&quot;_legend&quot;:&quot;{score}\\\/{best} - ({count} {votes})&quot;,&quot;font_factor&quot;:&quot;1.25&quot;}'>\n            \n<div class=\"kksr-stars\">\n    \n<div class=\"kksr-stars-inactive\">\n            <div class=\"kksr-star\" data-star=\"1\" style=\"padding-right: 5px\">\n            \n\n<div class=\"kksr-icon\" style=\"width: 22px; height: 22px;\"><\/div>\n        <\/div>\n            <div class=\"kksr-star\" data-star=\"2\" style=\"padding-right: 5px\">\n            \n\n<div class=\"kksr-icon\" style=\"width: 22px; height: 22px;\"><\/div>\n        <\/div>\n            <div class=\"kksr-star\" data-star=\"3\" style=\"padding-right: 5px\">\n            \n\n<div class=\"kksr-icon\" style=\"width: 22px; height: 22px;\"><\/div>\n        <\/div>\n            <div class=\"kksr-star\" data-star=\"4\" style=\"padding-right: 5px\">\n            \n\n<div class=\"kksr-icon\" style=\"width: 22px; height: 22px;\"><\/div>\n        <\/div>\n            <div class=\"kksr-star\" data-star=\"5\" style=\"padding-right: 5px\">\n            \n\n<div class=\"kksr-icon\" style=\"width: 22px; height: 22px;\"><\/div>\n        <\/div>\n    <\/div>\n    \n<div class=\"kksr-stars-active\" style=\"width: 0px;\">\n            <div class=\"kksr-star\" style=\"padding-right: 5px\">\n            \n\n<div class=\"kksr-icon\" style=\"width: 22px; height: 22px;\"><\/div>\n        <\/div>\n            <div class=\"kksr-star\" style=\"padding-right: 5px\">\n            \n\n<div class=\"kksr-icon\" style=\"width: 22px; height: 22px;\"><\/div>\n        <\/div>\n            <div class=\"kksr-star\" style=\"padding-right: 5px\">\n            \n\n<div class=\"kksr-icon\" style=\"width: 22px; height: 22px;\"><\/div>\n        <\/div>\n            <div class=\"kksr-star\" style=\"padding-right: 5px\">\n            \n\n<div class=\"kksr-icon\" style=\"width: 22px; height: 22px;\"><\/div>\n        <\/div>\n            <div class=\"kksr-star\" style=\"padding-right: 5px\">\n            \n\n<div class=\"kksr-icon\" style=\"width: 22px; height: 22px;\"><\/div>\n        <\/div>\n    <\/div>\n<\/div>\n                \n\n<div class=\"kksr-legend\" style=\"font-size: 17.6px;\">\n            <span class=\"kksr-muted\">Valora este post<\/span>\n    <\/div>\n    <\/div>\n","protected":false},"excerpt":{"rendered":"<p>Los m\u00e9dicos especializados en ni\u00f1os solicitan distribuci\u00f3n gratuita de condones para j\u00f3venes En un intento por controlar el incremento alarmante de infecciones de transmisi\u00f3n sexual entre &#8230; <a title=\"\u00a1Alerta! Pediatras exigen condones gratuitos para adolescentes \u00a1Detengamos las ETS!\" class=\"read-more\" href=\"https:\/\/www.diario21.tv\/noticias\/alerta-pediatras-exigen-condones-gratuitos-para-adolescentes-detengamos-las-ets\/\" aria-label=\"Leer m\u00e1s sobre \u00a1Alerta! Pediatras exigen condones gratuitos para adolescentes \u00a1Detengamos las ETS!\">Seguir leyendo &rarr;<\/a><\/p>\n","protected":false},"author":20,"featured_media":6925,"comment_status":"open","ping_status":"open","sticky":false,"template":"","format":"standard","meta":{"footnotes":""},"categories":[13],"tags":[],"class_list":["post-6924","post","type-post","status-publish","format-standard","has-post-thumbnail","hentry","category-portada"],"yoast_head":"<!-- This site is optimized with the Yoast SEO plugin v25.6 - https:\/\/yoast.com\/wordpress\/plugins\/seo\/ -->\n<title>\u00a1Alerta! Pediatras exigen condones gratuitos para adolescentes \u00a1Detengamos las ETS! - Diario 21<\/title>\n<meta name=\"robots\" content=\"index, follow, max-snippet:-1, max-image-preview:large, max-video-preview:-1\" \/>\n<link rel=\"canonical\" href=\"https:\/\/www.diario21.tv\/noticias\/alerta-pediatras-exigen-condones-gratuitos-para-adolescentes-detengamos-las-ets\/\" \/>\n<meta property=\"og:locale\" content=\"es_ES\" \/>\n<meta property=\"og:type\" content=\"article\" \/>\n<meta property=\"og:title\" content=\"\u00a1Alerta! Pediatras exigen condones gratuitos para adolescentes \u00a1Detengamos las ETS! - Diario 21\" \/>\n<meta property=\"og:description\" content=\"Los m\u00e9dicos especializados en ni\u00f1os solicitan distribuci\u00f3n gratuita de condones para j\u00f3venes En un intento por controlar el incremento alarmante de infecciones de transmisi\u00f3n sexual entre ... Seguir leyendo &rarr;\" \/>\n<meta property=\"og:url\" content=\"https:\/\/www.diario21.tv\/noticias\/alerta-pediatras-exigen-condones-gratuitos-para-adolescentes-detengamos-las-ets\/\" \/>\n<meta property=\"og:site_name\" content=\"Diario 21\" \/>\n<meta property=\"article:published_time\" content=\"2026-04-18T05:27:48+00:00\" \/>\n<meta property=\"article:modified_time\" content=\"2026-04-18T05:27:49+00:00\" \/>\n<meta property=\"og:image\" content=\"https:\/\/www.diario21.tv\/noticias\/wp-content\/uploads\/2026\/04\/\u00a1Alerta-Pediatras-exigen-condones-gratuitos-para-adolescentes-\u00a1Detengamos-las-ETS.jpg\" \/>\n\t<meta property=\"og:image:width\" content=\"1197\" \/>\n\t<meta property=\"og:image:height\" content=\"869\" \/>\n\t<meta property=\"og:image:type\" content=\"image\/jpeg\" \/>\n<meta name=\"author\" content=\"Juan P\u00e9rez\" \/>\n<meta name=\"twitter:card\" content=\"summary_large_image\" \/>\n<meta name=\"twitter:label1\" content=\"Escrito por\" \/>\n\t<meta name=\"twitter:data1\" content=\"Juan P\u00e9rez\" \/>\n\t<meta name=\"twitter:label2\" content=\"Tiempo de lectura\" \/>\n\t<meta name=\"twitter:data2\" content=\"2 minutos\" \/>\n<script type=\"application\/ld+json\" class=\"yoast-schema-graph\">{\"@context\":\"https:\/\/schema.org\",\"@graph\":[{\"@type\":\"WebPage\",\"@id\":\"https:\/\/www.diario21.tv\/noticias\/alerta-pediatras-exigen-condones-gratuitos-para-adolescentes-detengamos-las-ets\/\",\"url\":\"https:\/\/www.diario21.tv\/noticias\/alerta-pediatras-exigen-condones-gratuitos-para-adolescentes-detengamos-las-ets\/\",\"name\":\"\u00a1Alerta! Pediatras exigen condones gratuitos para adolescentes \u00a1Detengamos las ETS! - Diario 21\",\"isPartOf\":{\"@id\":\"https:\/\/www.diario21.tv\/noticias\/#website\"},\"primaryImageOfPage\":{\"@id\":\"https:\/\/www.diario21.tv\/noticias\/alerta-pediatras-exigen-condones-gratuitos-para-adolescentes-detengamos-las-ets\/#primaryimage\"},\"image\":{\"@id\":\"https:\/\/www.diario21.tv\/noticias\/alerta-pediatras-exigen-condones-gratuitos-para-adolescentes-detengamos-las-ets\/#primaryimage\"},\"thumbnailUrl\":\"https:\/\/www.diario21.tv\/noticias\/wp-content\/uploads\/2026\/04\/\u00a1Alerta-Pediatras-exigen-condones-gratuitos-para-adolescentes-\u00a1Detengamos-las-ETS.jpg\",\"datePublished\":\"2026-04-18T05:27:48+00:00\",\"dateModified\":\"2026-04-18T05:27:49+00:00\",\"author\":{\"@id\":\"https:\/\/www.diario21.tv\/noticias\/#\/schema\/person\/dfb778f73814d8f09f302618446a526b\"},\"breadcrumb\":{\"@id\":\"https:\/\/www.diario21.tv\/noticias\/alerta-pediatras-exigen-condones-gratuitos-para-adolescentes-detengamos-las-ets\/#breadcrumb\"},\"inLanguage\":\"es-AR\",\"potentialAction\":[{\"@type\":\"ReadAction\",\"target\":[\"https:\/\/www.diario21.tv\/noticias\/alerta-pediatras-exigen-condones-gratuitos-para-adolescentes-detengamos-las-ets\/\"]}]},{\"@type\":\"ImageObject\",\"inLanguage\":\"es-AR\",\"@id\":\"https:\/\/www.diario21.tv\/noticias\/alerta-pediatras-exigen-condones-gratuitos-para-adolescentes-detengamos-las-ets\/#primaryimage\",\"url\":\"https:\/\/www.diario21.tv\/noticias\/wp-content\/uploads\/2026\/04\/\u00a1Alerta-Pediatras-exigen-condones-gratuitos-para-adolescentes-\u00a1Detengamos-las-ETS.jpg\",\"contentUrl\":\"https:\/\/www.diario21.tv\/noticias\/wp-content\/uploads\/2026\/04\/\u00a1Alerta-Pediatras-exigen-condones-gratuitos-para-adolescentes-\u00a1Detengamos-las-ETS.jpg\",\"width\":1197,\"height\":869,\"caption\":\"Los pediatras piden preservativos gratis para adolescentes para frenar la avalancha de enfermedades ven\u00e9reas\"},{\"@type\":\"BreadcrumbList\",\"@id\":\"https:\/\/www.diario21.tv\/noticias\/alerta-pediatras-exigen-condones-gratuitos-para-adolescentes-detengamos-las-ets\/#breadcrumb\",\"itemListElement\":[{\"@type\":\"ListItem\",\"position\":1,\"name\":\"Accueil\",\"item\":\"https:\/\/www.diario21.tv\/noticias\/\"},{\"@type\":\"ListItem\",\"position\":2,\"name\":\"\u00a1Alerta! Pediatras exigen condones gratuitos para adolescentes \u00a1Detengamos las ETS!\"}]},{\"@type\":\"WebSite\",\"@id\":\"https:\/\/www.diario21.tv\/noticias\/#website\",\"url\":\"https:\/\/www.diario21.tv\/noticias\/\",\"name\":\"Diario 21\",\"description\":\"\",\"potentialAction\":[{\"@type\":\"SearchAction\",\"target\":{\"@type\":\"EntryPoint\",\"urlTemplate\":\"https:\/\/www.diario21.tv\/noticias\/?s={search_term_string}\"},\"query-input\":{\"@type\":\"PropertyValueSpecification\",\"valueRequired\":true,\"valueName\":\"search_term_string\"}}],\"inLanguage\":\"es-AR\"},{\"@type\":\"Person\",\"@id\":\"https:\/\/www.diario21.tv\/noticias\/#\/schema\/person\/dfb778f73814d8f09f302618446a526b\",\"name\":\"Juan P\u00e9rez\",\"image\":{\"@type\":\"ImageObject\",\"inLanguage\":\"es-AR\",\"@id\":\"https:\/\/www.diario21.tv\/noticias\/#\/schema\/person\/image\/\",\"url\":\"https:\/\/secure.gravatar.com\/avatar\/c478a405bd10621167f4c3167cc770f5?s=96&d=mm&r=g\",\"contentUrl\":\"https:\/\/secure.gravatar.com\/avatar\/c478a405bd10621167f4c3167cc770f5?s=96&d=mm&r=g\",\"caption\":\"Juan P\u00e9rez\"},\"description\":\"Juan P\u00e9rez es el redactor en jefe de Diario 21. Con m\u00e1s de 10 a\u00f1os de experiencia en el periodismo, se especializa en pol\u00edtica nacional y an\u00e1lisis socioecon\u00f3mico. Su enfoque cr\u00edtico y riguroso aporta una perspectiva \u00fanica a cada art\u00edculo.\",\"sameAs\":[\"https:\/\/www.diario21.tv\/noticias\/\"],\"url\":\"https:\/\/www.diario21.tv\/noticias\/author\/juan-perez\/\"}]}<\/script>\n<!-- \/ Yoast SEO plugin. -->","yoast_head_json":{"title":"\u00a1Alerta! Pediatras exigen condones gratuitos para adolescentes \u00a1Detengamos las ETS! - Diario 21","robots":{"index":"index","follow":"follow","max-snippet":"max-snippet:-1","max-image-preview":"max-image-preview:large","max-video-preview":"max-video-preview:-1"},"canonical":"https:\/\/www.diario21.tv\/noticias\/alerta-pediatras-exigen-condones-gratuitos-para-adolescentes-detengamos-las-ets\/","og_locale":"es_ES","og_type":"article","og_title":"\u00a1Alerta! Pediatras exigen condones gratuitos para adolescentes \u00a1Detengamos las ETS! - Diario 21","og_description":"Los m\u00e9dicos especializados en ni\u00f1os solicitan distribuci\u00f3n gratuita de condones para j\u00f3venes En un intento por controlar el incremento alarmante de infecciones de transmisi\u00f3n sexual entre ... Seguir leyendo &rarr;","og_url":"https:\/\/www.diario21.tv\/noticias\/alerta-pediatras-exigen-condones-gratuitos-para-adolescentes-detengamos-las-ets\/","og_site_name":"Diario 21","article_published_time":"2026-04-18T05:27:48+00:00","article_modified_time":"2026-04-18T05:27:49+00:00","og_image":[{"width":1197,"height":869,"url":"https:\/\/www.diario21.tv\/noticias\/wp-content\/uploads\/2026\/04\/\u00a1Alerta-Pediatras-exigen-condones-gratuitos-para-adolescentes-\u00a1Detengamos-las-ETS.jpg","type":"image\/jpeg"}],"author":"Juan P\u00e9rez","twitter_card":"summary_large_image","twitter_misc":{"Escrito por":"Juan P\u00e9rez","Tiempo de lectura":"2 minutos"},"schema":{"@context":"https:\/\/schema.org","@graph":[{"@type":"WebPage","@id":"https:\/\/www.diario21.tv\/noticias\/alerta-pediatras-exigen-condones-gratuitos-para-adolescentes-detengamos-las-ets\/","url":"https:\/\/www.diario21.tv\/noticias\/alerta-pediatras-exigen-condones-gratuitos-para-adolescentes-detengamos-las-ets\/","name":"\u00a1Alerta! Pediatras exigen condones gratuitos para adolescentes \u00a1Detengamos las ETS! - Diario 21","isPartOf":{"@id":"https:\/\/www.diario21.tv\/noticias\/#website"},"primaryImageOfPage":{"@id":"https:\/\/www.diario21.tv\/noticias\/alerta-pediatras-exigen-condones-gratuitos-para-adolescentes-detengamos-las-ets\/#primaryimage"},"image":{"@id":"https:\/\/www.diario21.tv\/noticias\/alerta-pediatras-exigen-condones-gratuitos-para-adolescentes-detengamos-las-ets\/#primaryimage"},"thumbnailUrl":"https:\/\/www.diario21.tv\/noticias\/wp-content\/uploads\/2026\/04\/\u00a1Alerta-Pediatras-exigen-condones-gratuitos-para-adolescentes-\u00a1Detengamos-las-ETS.jpg","datePublished":"2026-04-18T05:27:48+00:00","dateModified":"2026-04-18T05:27:49+00:00","author":{"@id":"https:\/\/www.diario21.tv\/noticias\/#\/schema\/person\/dfb778f73814d8f09f302618446a526b"},"breadcrumb":{"@id":"https:\/\/www.diario21.tv\/noticias\/alerta-pediatras-exigen-condones-gratuitos-para-adolescentes-detengamos-las-ets\/#breadcrumb"},"inLanguage":"es-AR","potentialAction":[{"@type":"ReadAction","target":["https:\/\/www.diario21.tv\/noticias\/alerta-pediatras-exigen-condones-gratuitos-para-adolescentes-detengamos-las-ets\/"]}]},{"@type":"ImageObject","inLanguage":"es-AR","@id":"https:\/\/www.diario21.tv\/noticias\/alerta-pediatras-exigen-condones-gratuitos-para-adolescentes-detengamos-las-ets\/#primaryimage","url":"https:\/\/www.diario21.tv\/noticias\/wp-content\/uploads\/2026\/04\/\u00a1Alerta-Pediatras-exigen-condones-gratuitos-para-adolescentes-\u00a1Detengamos-las-ETS.jpg","contentUrl":"https:\/\/www.diario21.tv\/noticias\/wp-content\/uploads\/2026\/04\/\u00a1Alerta-Pediatras-exigen-condones-gratuitos-para-adolescentes-\u00a1Detengamos-las-ETS.jpg","width":1197,"height":869,"caption":"Los pediatras piden preservativos gratis para adolescentes para frenar la avalancha de enfermedades ven\u00e9reas"},{"@type":"BreadcrumbList","@id":"https:\/\/www.diario21.tv\/noticias\/alerta-pediatras-exigen-condones-gratuitos-para-adolescentes-detengamos-las-ets\/#breadcrumb","itemListElement":[{"@type":"ListItem","position":1,"name":"Accueil","item":"https:\/\/www.diario21.tv\/noticias\/"},{"@type":"ListItem","position":2,"name":"\u00a1Alerta! Pediatras exigen condones gratuitos para adolescentes \u00a1Detengamos las ETS!"}]},{"@type":"WebSite","@id":"https:\/\/www.diario21.tv\/noticias\/#website","url":"https:\/\/www.diario21.tv\/noticias\/","name":"Diario 21","description":"","potentialAction":[{"@type":"SearchAction","target":{"@type":"EntryPoint","urlTemplate":"https:\/\/www.diario21.tv\/noticias\/?s={search_term_string}"},"query-input":{"@type":"PropertyValueSpecification","valueRequired":true,"valueName":"search_term_string"}}],"inLanguage":"es-AR"},{"@type":"Person","@id":"https:\/\/www.diario21.tv\/noticias\/#\/schema\/person\/dfb778f73814d8f09f302618446a526b","name":"Juan P\u00e9rez","image":{"@type":"ImageObject","inLanguage":"es-AR","@id":"https:\/\/www.diario21.tv\/noticias\/#\/schema\/person\/image\/","url":"https:\/\/secure.gravatar.com\/avatar\/c478a405bd10621167f4c3167cc770f5?s=96&d=mm&r=g","contentUrl":"https:\/\/secure.gravatar.com\/avatar\/c478a405bd10621167f4c3167cc770f5?s=96&d=mm&r=g","caption":"Juan P\u00e9rez"},"description":"Juan P\u00e9rez es el redactor en jefe de Diario 21. Con m\u00e1s de 10 a\u00f1os de experiencia en el periodismo, se especializa en pol\u00edtica nacional y an\u00e1lisis socioecon\u00f3mico. Su enfoque cr\u00edtico y riguroso aporta una perspectiva \u00fanica a cada art\u00edculo.","sameAs":["https:\/\/www.diario21.tv\/noticias\/"],"url":"https:\/\/www.diario21.tv\/noticias\/author\/juan-perez\/"}]}},"_links":{"self":[{"href":"https:\/\/www.diario21.tv\/noticias\/wp-json\/wp\/v2\/posts\/6924"}],"collection":[{"href":"https:\/\/www.diario21.tv\/noticias\/wp-json\/wp\/v2\/posts"}],"about":[{"href":"https:\/\/www.diario21.tv\/noticias\/wp-json\/wp\/v2\/types\/post"}],"author":[{"embeddable":true,"href":"https:\/\/www.diario21.tv\/noticias\/wp-json\/wp\/v2\/users\/20"}],"replies":[{"embeddable":true,"href":"https:\/\/www.diario21.tv\/noticias\/wp-json\/wp\/v2\/comments?post=6924"}],"version-history":[{"count":1,"href":"https:\/\/www.diario21.tv\/noticias\/wp-json\/wp\/v2\/posts\/6924\/revisions"}],"predecessor-version":[{"id":6926,"href":"https:\/\/www.diario21.tv\/noticias\/wp-json\/wp\/v2\/posts\/6924\/revisions\/6926"}],"wp:featuredmedia":[{"embeddable":true,"href":"https:\/\/www.diario21.tv\/noticias\/wp-json\/wp\/v2\/media\/6925"}],"wp:attachment":[{"href":"https:\/\/www.diario21.tv\/noticias\/wp-json\/wp\/v2\/media?parent=6924"}],"wp:term":[{"taxonomy":"category","embeddable":true,"href":"https:\/\/www.diario21.tv\/noticias\/wp-json\/wp\/v2\/categories?post=6924"},{"taxonomy":"post_tag","embeddable":true,"href":"https:\/\/www.diario21.tv\/noticias\/wp-json\/wp\/v2\/tags?post=6924"}],"curies":[{"name":"wp","href":"https:\/\/api.w.org\/{rel}","templated":true}]}}