{"id":6921,"date":"2026-04-17T23:26:24","date_gmt":"2026-04-17T23:26:24","guid":{"rendered":"https:\/\/www.diario21.tv\/noticias\/investigacion-de-esther-lopez-el-sotano-inundado-del-principal-sospechoso-impactante-hallazgo\/"},"modified":"2026-04-17T23:26:25","modified_gmt":"2026-04-17T23:26:25","slug":"investigacion-de-esther-lopez-el-sotano-inundado-del-principal-sospechoso-impactante-hallazgo","status":"publish","type":"post","link":"https:\/\/www.diario21.tv\/noticias\/investigacion-de-esther-lopez-el-sotano-inundado-del-principal-sospechoso-impactante-hallazgo\/","title":{"rendered":"Investigaci\u00f3n de Esther L\u00f3pez: El s\u00f3tano inundado del principal sospechoso, \u00a1impactante hallazgo!"},"content":{"rendered":"<h2>La Bodega Inundada del Sospechoso Clave en el Caso de Esther L\u00f3pez: Un Espacio Reducido Lleno de Elementos<\/h2>\n<p>En el centro de la investigaci\u00f3n sobre la tr\u00e1gica desaparici\u00f3n y posterior muerte de Esther L\u00f3pez, se encuentra una propiedad con un s\u00f3tano que ha capturado la atenci\u00f3n de las autoridades. Este peque\u00f1o espacio de apenas doce metros cuadrados, ubicado en la vivienda del principal sospechoso, se ha revelado como un lugar potencialmente clave en el caso.<\/p>\n<h3>Descripci\u00f3n del S\u00f3tano<\/h3>\n<p>El s\u00f3tano, descrito como un espacio reducido y congestionado, ha sido encontrado en condiciones que plantean m\u00e1s preguntas que respuestas. Dentro de este, las autoridades han hallado varios objetos que podr\u00edan ser de inter\u00e9s para la investigaci\u00f3n: garrafas y piezas de madera se encontraban dispersas por el lugar. La presencia de estos elementos sugiere que el s\u00f3tano podr\u00eda haber sido utilizado para prop\u00f3sitos que a\u00fan est\u00e1n bajo an\u00e1lisis.<\/p>\n<h3>Investigaci\u00f3n en Curso<\/h3>\n<p>La polic\u00eda contin\u00faa trabajando arduamente para desentra\u00f1ar todos los detalles relacionados con el caso de Esther L\u00f3pez. El estado en que se encontr\u00f3 el s\u00f3tano es solo una pieza del rompecabezas que est\u00e1n tratando de resolver. Con cada objeto encontrado en el lugar, los investigadores esperan acercarse un poco m\u00e1s a la verdad detr\u00e1s de lo que realmente ocurri\u00f3.<\/p>\n<p>A medida que la investigaci\u00f3n avanza, la comunidad y la familia de Esther L\u00f3pez esperan ansiosamente noticias que puedan ofrecerles alg\u00fan consuelo o cerrar este cap\u00edtulo doloroso con justicia. El s\u00f3tano inundado y los art\u00edculos encontrados dentro de \u00e9l seguir\u00e1n siendo puntos de inter\u00e9s significativos en la b\u00fasqueda de respuestas.<\/p>\n\n\n<div class=\"kk-star-ratings kksr-auto kksr-align-left kksr-valign-bottom\"\n    data-payload='{&quot;align&quot;:&quot;left&quot;,&quot;id&quot;:&quot;6921&quot;,&quot;slug&quot;:&quot;default&quot;,&quot;valign&quot;:&quot;bottom&quot;,&quot;ignore&quot;:&quot;&quot;,&quot;reference&quot;:&quot;auto&quot;,&quot;class&quot;:&quot;&quot;,&quot;count&quot;:&quot;0&quot;,&quot;legendonly&quot;:&quot;&quot;,&quot;readonly&quot;:&quot;&quot;,&quot;score&quot;:&quot;0&quot;,&quot;starsonly&quot;:&quot;&quot;,&quot;best&quot;:&quot;5&quot;,&quot;gap&quot;:&quot;5&quot;,&quot;greet&quot;:&quot;Valora este post&quot;,&quot;legend&quot;:&quot;0\\\/5 - (0 votes)&quot;,&quot;size&quot;:&quot;22&quot;,&quot;title&quot;:&quot;Investigaci\u00f3n de Esther L\u00f3pez: El s\u00f3tano inundado del principal sospechoso, \u00a1impactante hallazgo!&quot;,&quot;width&quot;:&quot;0&quot;,&quot;_legend&quot;:&quot;{score}\\\/{best} - ({count} {votes})&quot;,&quot;font_factor&quot;:&quot;1.25&quot;}'>\n            \n<div class=\"kksr-stars\">\n    \n<div class=\"kksr-stars-inactive\">\n            <div class=\"kksr-star\" data-star=\"1\" style=\"padding-right: 5px\">\n            \n\n<div class=\"kksr-icon\" style=\"width: 22px; height: 22px;\"><\/div>\n        <\/div>\n            <div class=\"kksr-star\" data-star=\"2\" style=\"padding-right: 5px\">\n            \n\n<div class=\"kksr-icon\" style=\"width: 22px; height: 22px;\"><\/div>\n        <\/div>\n            <div class=\"kksr-star\" data-star=\"3\" style=\"padding-right: 5px\">\n            \n\n<div class=\"kksr-icon\" style=\"width: 22px; height: 22px;\"><\/div>\n        <\/div>\n            <div class=\"kksr-star\" data-star=\"4\" style=\"padding-right: 5px\">\n            \n\n<div class=\"kksr-icon\" style=\"width: 22px; height: 22px;\"><\/div>\n        <\/div>\n            <div class=\"kksr-star\" data-star=\"5\" style=\"padding-right: 5px\">\n            \n\n<div class=\"kksr-icon\" style=\"width: 22px; height: 22px;\"><\/div>\n        <\/div>\n    <\/div>\n    \n<div class=\"kksr-stars-active\" style=\"width: 0px;\">\n            <div class=\"kksr-star\" style=\"padding-right: 5px\">\n            \n\n<div class=\"kksr-icon\" style=\"width: 22px; height: 22px;\"><\/div>\n        <\/div>\n            <div class=\"kksr-star\" style=\"padding-right: 5px\">\n            \n\n<div class=\"kksr-icon\" style=\"width: 22px; height: 22px;\"><\/div>\n        <\/div>\n            <div class=\"kksr-star\" style=\"padding-right: 5px\">\n            \n\n<div class=\"kksr-icon\" style=\"width: 22px; height: 22px;\"><\/div>\n        <\/div>\n            <div class=\"kksr-star\" style=\"padding-right: 5px\">\n            \n\n<div class=\"kksr-icon\" style=\"width: 22px; height: 22px;\"><\/div>\n        <\/div>\n            <div class=\"kksr-star\" style=\"padding-right: 5px\">\n            \n\n<div class=\"kksr-icon\" style=\"width: 22px; height: 22px;\"><\/div>\n        <\/div>\n    <\/div>\n<\/div>\n                \n\n<div class=\"kksr-legend\" style=\"font-size: 17.6px;\">\n            <span class=\"kksr-muted\">Valora este post<\/span>\n    <\/div>\n    <\/div>\n","protected":false},"excerpt":{"rendered":"<p>La Bodega Inundada del Sospechoso Clave en el Caso de Esther L\u00f3pez: Un Espacio Reducido Lleno de Elementos En el centro de la investigaci\u00f3n sobre la &#8230; <a title=\"Investigaci\u00f3n de Esther L\u00f3pez: El s\u00f3tano inundado del principal sospechoso, \u00a1impactante hallazgo!\" class=\"read-more\" href=\"https:\/\/www.diario21.tv\/noticias\/investigacion-de-esther-lopez-el-sotano-inundado-del-principal-sospechoso-impactante-hallazgo\/\" aria-label=\"Leer m\u00e1s sobre Investigaci\u00f3n de Esther L\u00f3pez: El s\u00f3tano inundado del principal sospechoso, \u00a1impactante hallazgo!\">Seguir leyendo &rarr;<\/a><\/p>\n","protected":false},"author":20,"featured_media":6922,"comment_status":"open","ping_status":"open","sticky":false,"template":"","format":"standard","meta":{"footnotes":""},"categories":[13],"tags":[],"class_list":["post-6921","post","type-post","status-publish","format-standard","has-post-thumbnail","hentry","category-portada"],"yoast_head":"<!-- This site is optimized with the Yoast SEO plugin v25.6 - https:\/\/yoast.com\/wordpress\/plugins\/seo\/ -->\n<title>Investigaci\u00f3n de Esther L\u00f3pez: El s\u00f3tano inundado del principal sospechoso, \u00a1impactante hallazgo! - Diario 21<\/title>\n<meta name=\"robots\" content=\"index, follow, max-snippet:-1, max-image-preview:large, max-video-preview:-1\" \/>\n<link rel=\"canonical\" href=\"https:\/\/www.diario21.tv\/noticias\/investigacion-de-esther-lopez-el-sotano-inundado-del-principal-sospechoso-impactante-hallazgo\/\" \/>\n<meta property=\"og:locale\" content=\"es_ES\" \/>\n<meta property=\"og:type\" content=\"article\" \/>\n<meta property=\"og:title\" content=\"Investigaci\u00f3n de Esther L\u00f3pez: El s\u00f3tano inundado del principal sospechoso, \u00a1impactante hallazgo! - Diario 21\" \/>\n<meta property=\"og:description\" content=\"La Bodega Inundada del Sospechoso Clave en el Caso de Esther L\u00f3pez: Un Espacio Reducido Lleno de Elementos En el centro de la investigaci\u00f3n sobre la ... Seguir leyendo &rarr;\" \/>\n<meta property=\"og:url\" content=\"https:\/\/www.diario21.tv\/noticias\/investigacion-de-esther-lopez-el-sotano-inundado-del-principal-sospechoso-impactante-hallazgo\/\" \/>\n<meta property=\"og:site_name\" content=\"Diario 21\" \/>\n<meta property=\"article:published_time\" content=\"2026-04-17T23:26:24+00:00\" \/>\n<meta property=\"article:modified_time\" content=\"2026-04-17T23:26:25+00:00\" \/>\n<meta property=\"og:image\" content=\"https:\/\/www.diario21.tv\/noticias\/wp-content\/uploads\/2026\/04\/Investigacion-de-Esther-Lopez-El-sotano-inundado-del-principal-sospechoso.jpg\" \/>\n\t<meta property=\"og:image:width\" content=\"1198\" \/>\n\t<meta property=\"og:image:height\" content=\"840\" \/>\n\t<meta property=\"og:image:type\" content=\"image\/jpeg\" \/>\n<meta name=\"author\" content=\"Juan P\u00e9rez\" \/>\n<meta name=\"twitter:card\" content=\"summary_large_image\" \/>\n<meta name=\"twitter:label1\" content=\"Escrito por\" \/>\n\t<meta name=\"twitter:data1\" content=\"Juan P\u00e9rez\" \/>\n\t<meta name=\"twitter:label2\" content=\"Tiempo de lectura\" \/>\n\t<meta name=\"twitter:data2\" content=\"1 minuto\" \/>\n<script type=\"application\/ld+json\" class=\"yoast-schema-graph\">{\"@context\":\"https:\/\/schema.org\",\"@graph\":[{\"@type\":\"WebPage\",\"@id\":\"https:\/\/www.diario21.tv\/noticias\/investigacion-de-esther-lopez-el-sotano-inundado-del-principal-sospechoso-impactante-hallazgo\/\",\"url\":\"https:\/\/www.diario21.tv\/noticias\/investigacion-de-esther-lopez-el-sotano-inundado-del-principal-sospechoso-impactante-hallazgo\/\",\"name\":\"Investigaci\u00f3n de Esther L\u00f3pez: El s\u00f3tano inundado del principal sospechoso, \u00a1impactante hallazgo! - Diario 21\",\"isPartOf\":{\"@id\":\"https:\/\/www.diario21.tv\/noticias\/#website\"},\"primaryImageOfPage\":{\"@id\":\"https:\/\/www.diario21.tv\/noticias\/investigacion-de-esther-lopez-el-sotano-inundado-del-principal-sospechoso-impactante-hallazgo\/#primaryimage\"},\"image\":{\"@id\":\"https:\/\/www.diario21.tv\/noticias\/investigacion-de-esther-lopez-el-sotano-inundado-del-principal-sospechoso-impactante-hallazgo\/#primaryimage\"},\"thumbnailUrl\":\"https:\/\/www.diario21.tv\/noticias\/wp-content\/uploads\/2026\/04\/Investigacion-de-Esther-Lopez-El-sotano-inundado-del-principal-sospechoso.jpg\",\"datePublished\":\"2026-04-17T23:26:24+00:00\",\"dateModified\":\"2026-04-17T23:26:25+00:00\",\"author\":{\"@id\":\"https:\/\/www.diario21.tv\/noticias\/#\/schema\/person\/dfb778f73814d8f09f302618446a526b\"},\"breadcrumb\":{\"@id\":\"https:\/\/www.diario21.tv\/noticias\/investigacion-de-esther-lopez-el-sotano-inundado-del-principal-sospechoso-impactante-hallazgo\/#breadcrumb\"},\"inLanguage\":\"es-AR\",\"potentialAction\":[{\"@type\":\"ReadAction\",\"target\":[\"https:\/\/www.diario21.tv\/noticias\/investigacion-de-esther-lopez-el-sotano-inundado-del-principal-sospechoso-impactante-hallazgo\/\"]}]},{\"@type\":\"ImageObject\",\"inLanguage\":\"es-AR\",\"@id\":\"https:\/\/www.diario21.tv\/noticias\/investigacion-de-esther-lopez-el-sotano-inundado-del-principal-sospechoso-impactante-hallazgo\/#primaryimage\",\"url\":\"https:\/\/www.diario21.tv\/noticias\/wp-content\/uploads\/2026\/04\/Investigacion-de-Esther-Lopez-El-sotano-inundado-del-principal-sospechoso.jpg\",\"contentUrl\":\"https:\/\/www.diario21.tv\/noticias\/wp-content\/uploads\/2026\/04\/Investigacion-de-Esther-Lopez-El-sotano-inundado-del-principal-sospechoso.jpg\",\"width\":1198,\"height\":840,\"caption\":\"El s\u00f3tano inundado del principal investigado por la muerte de Esther L\u00f3pez: doce metros cuadrados, garrafas y madera\"},{\"@type\":\"BreadcrumbList\",\"@id\":\"https:\/\/www.diario21.tv\/noticias\/investigacion-de-esther-lopez-el-sotano-inundado-del-principal-sospechoso-impactante-hallazgo\/#breadcrumb\",\"itemListElement\":[{\"@type\":\"ListItem\",\"position\":1,\"name\":\"Accueil\",\"item\":\"https:\/\/www.diario21.tv\/noticias\/\"},{\"@type\":\"ListItem\",\"position\":2,\"name\":\"Investigaci\u00f3n de Esther L\u00f3pez: El s\u00f3tano inundado del principal sospechoso, \u00a1impactante hallazgo!\"}]},{\"@type\":\"WebSite\",\"@id\":\"https:\/\/www.diario21.tv\/noticias\/#website\",\"url\":\"https:\/\/www.diario21.tv\/noticias\/\",\"name\":\"Diario 21\",\"description\":\"\",\"potentialAction\":[{\"@type\":\"SearchAction\",\"target\":{\"@type\":\"EntryPoint\",\"urlTemplate\":\"https:\/\/www.diario21.tv\/noticias\/?s={search_term_string}\"},\"query-input\":{\"@type\":\"PropertyValueSpecification\",\"valueRequired\":true,\"valueName\":\"search_term_string\"}}],\"inLanguage\":\"es-AR\"},{\"@type\":\"Person\",\"@id\":\"https:\/\/www.diario21.tv\/noticias\/#\/schema\/person\/dfb778f73814d8f09f302618446a526b\",\"name\":\"Juan P\u00e9rez\",\"image\":{\"@type\":\"ImageObject\",\"inLanguage\":\"es-AR\",\"@id\":\"https:\/\/www.diario21.tv\/noticias\/#\/schema\/person\/image\/\",\"url\":\"https:\/\/secure.gravatar.com\/avatar\/c478a405bd10621167f4c3167cc770f5?s=96&d=mm&r=g\",\"contentUrl\":\"https:\/\/secure.gravatar.com\/avatar\/c478a405bd10621167f4c3167cc770f5?s=96&d=mm&r=g\",\"caption\":\"Juan P\u00e9rez\"},\"description\":\"Juan P\u00e9rez es el redactor en jefe de Diario 21. Con m\u00e1s de 10 a\u00f1os de experiencia en el periodismo, se especializa en pol\u00edtica nacional y an\u00e1lisis socioecon\u00f3mico. Su enfoque cr\u00edtico y riguroso aporta una perspectiva \u00fanica a cada art\u00edculo.\",\"sameAs\":[\"https:\/\/www.diario21.tv\/noticias\/\"],\"url\":\"https:\/\/www.diario21.tv\/noticias\/author\/juan-perez\/\"}]}<\/script>\n<!-- \/ Yoast SEO plugin. -->","yoast_head_json":{"title":"Investigaci\u00f3n de Esther L\u00f3pez: El s\u00f3tano inundado del principal sospechoso, \u00a1impactante hallazgo! - Diario 21","robots":{"index":"index","follow":"follow","max-snippet":"max-snippet:-1","max-image-preview":"max-image-preview:large","max-video-preview":"max-video-preview:-1"},"canonical":"https:\/\/www.diario21.tv\/noticias\/investigacion-de-esther-lopez-el-sotano-inundado-del-principal-sospechoso-impactante-hallazgo\/","og_locale":"es_ES","og_type":"article","og_title":"Investigaci\u00f3n de Esther L\u00f3pez: El s\u00f3tano inundado del principal sospechoso, \u00a1impactante hallazgo! - Diario 21","og_description":"La Bodega Inundada del Sospechoso Clave en el Caso de Esther L\u00f3pez: Un Espacio Reducido Lleno de Elementos En el centro de la investigaci\u00f3n sobre la ... Seguir leyendo &rarr;","og_url":"https:\/\/www.diario21.tv\/noticias\/investigacion-de-esther-lopez-el-sotano-inundado-del-principal-sospechoso-impactante-hallazgo\/","og_site_name":"Diario 21","article_published_time":"2026-04-17T23:26:24+00:00","article_modified_time":"2026-04-17T23:26:25+00:00","og_image":[{"width":1198,"height":840,"url":"https:\/\/www.diario21.tv\/noticias\/wp-content\/uploads\/2026\/04\/Investigacion-de-Esther-Lopez-El-sotano-inundado-del-principal-sospechoso.jpg","type":"image\/jpeg"}],"author":"Juan P\u00e9rez","twitter_card":"summary_large_image","twitter_misc":{"Escrito por":"Juan P\u00e9rez","Tiempo de lectura":"1 minuto"},"schema":{"@context":"https:\/\/schema.org","@graph":[{"@type":"WebPage","@id":"https:\/\/www.diario21.tv\/noticias\/investigacion-de-esther-lopez-el-sotano-inundado-del-principal-sospechoso-impactante-hallazgo\/","url":"https:\/\/www.diario21.tv\/noticias\/investigacion-de-esther-lopez-el-sotano-inundado-del-principal-sospechoso-impactante-hallazgo\/","name":"Investigaci\u00f3n de Esther L\u00f3pez: El s\u00f3tano inundado del principal sospechoso, \u00a1impactante hallazgo! - Diario 21","isPartOf":{"@id":"https:\/\/www.diario21.tv\/noticias\/#website"},"primaryImageOfPage":{"@id":"https:\/\/www.diario21.tv\/noticias\/investigacion-de-esther-lopez-el-sotano-inundado-del-principal-sospechoso-impactante-hallazgo\/#primaryimage"},"image":{"@id":"https:\/\/www.diario21.tv\/noticias\/investigacion-de-esther-lopez-el-sotano-inundado-del-principal-sospechoso-impactante-hallazgo\/#primaryimage"},"thumbnailUrl":"https:\/\/www.diario21.tv\/noticias\/wp-content\/uploads\/2026\/04\/Investigacion-de-Esther-Lopez-El-sotano-inundado-del-principal-sospechoso.jpg","datePublished":"2026-04-17T23:26:24+00:00","dateModified":"2026-04-17T23:26:25+00:00","author":{"@id":"https:\/\/www.diario21.tv\/noticias\/#\/schema\/person\/dfb778f73814d8f09f302618446a526b"},"breadcrumb":{"@id":"https:\/\/www.diario21.tv\/noticias\/investigacion-de-esther-lopez-el-sotano-inundado-del-principal-sospechoso-impactante-hallazgo\/#breadcrumb"},"inLanguage":"es-AR","potentialAction":[{"@type":"ReadAction","target":["https:\/\/www.diario21.tv\/noticias\/investigacion-de-esther-lopez-el-sotano-inundado-del-principal-sospechoso-impactante-hallazgo\/"]}]},{"@type":"ImageObject","inLanguage":"es-AR","@id":"https:\/\/www.diario21.tv\/noticias\/investigacion-de-esther-lopez-el-sotano-inundado-del-principal-sospechoso-impactante-hallazgo\/#primaryimage","url":"https:\/\/www.diario21.tv\/noticias\/wp-content\/uploads\/2026\/04\/Investigacion-de-Esther-Lopez-El-sotano-inundado-del-principal-sospechoso.jpg","contentUrl":"https:\/\/www.diario21.tv\/noticias\/wp-content\/uploads\/2026\/04\/Investigacion-de-Esther-Lopez-El-sotano-inundado-del-principal-sospechoso.jpg","width":1198,"height":840,"caption":"El s\u00f3tano inundado del principal investigado por la muerte de Esther L\u00f3pez: doce metros cuadrados, garrafas y madera"},{"@type":"BreadcrumbList","@id":"https:\/\/www.diario21.tv\/noticias\/investigacion-de-esther-lopez-el-sotano-inundado-del-principal-sospechoso-impactante-hallazgo\/#breadcrumb","itemListElement":[{"@type":"ListItem","position":1,"name":"Accueil","item":"https:\/\/www.diario21.tv\/noticias\/"},{"@type":"ListItem","position":2,"name":"Investigaci\u00f3n de Esther L\u00f3pez: El s\u00f3tano inundado del principal sospechoso, \u00a1impactante hallazgo!"}]},{"@type":"WebSite","@id":"https:\/\/www.diario21.tv\/noticias\/#website","url":"https:\/\/www.diario21.tv\/noticias\/","name":"Diario 21","description":"","potentialAction":[{"@type":"SearchAction","target":{"@type":"EntryPoint","urlTemplate":"https:\/\/www.diario21.tv\/noticias\/?s={search_term_string}"},"query-input":{"@type":"PropertyValueSpecification","valueRequired":true,"valueName":"search_term_string"}}],"inLanguage":"es-AR"},{"@type":"Person","@id":"https:\/\/www.diario21.tv\/noticias\/#\/schema\/person\/dfb778f73814d8f09f302618446a526b","name":"Juan P\u00e9rez","image":{"@type":"ImageObject","inLanguage":"es-AR","@id":"https:\/\/www.diario21.tv\/noticias\/#\/schema\/person\/image\/","url":"https:\/\/secure.gravatar.com\/avatar\/c478a405bd10621167f4c3167cc770f5?s=96&d=mm&r=g","contentUrl":"https:\/\/secure.gravatar.com\/avatar\/c478a405bd10621167f4c3167cc770f5?s=96&d=mm&r=g","caption":"Juan P\u00e9rez"},"description":"Juan P\u00e9rez es el redactor en jefe de Diario 21. Con m\u00e1s de 10 a\u00f1os de experiencia en el periodismo, se especializa en pol\u00edtica nacional y an\u00e1lisis socioecon\u00f3mico. Su enfoque cr\u00edtico y riguroso aporta una perspectiva \u00fanica a cada art\u00edculo.","sameAs":["https:\/\/www.diario21.tv\/noticias\/"],"url":"https:\/\/www.diario21.tv\/noticias\/author\/juan-perez\/"}]}},"_links":{"self":[{"href":"https:\/\/www.diario21.tv\/noticias\/wp-json\/wp\/v2\/posts\/6921"}],"collection":[{"href":"https:\/\/www.diario21.tv\/noticias\/wp-json\/wp\/v2\/posts"}],"about":[{"href":"https:\/\/www.diario21.tv\/noticias\/wp-json\/wp\/v2\/types\/post"}],"author":[{"embeddable":true,"href":"https:\/\/www.diario21.tv\/noticias\/wp-json\/wp\/v2\/users\/20"}],"replies":[{"embeddable":true,"href":"https:\/\/www.diario21.tv\/noticias\/wp-json\/wp\/v2\/comments?post=6921"}],"version-history":[{"count":1,"href":"https:\/\/www.diario21.tv\/noticias\/wp-json\/wp\/v2\/posts\/6921\/revisions"}],"predecessor-version":[{"id":6923,"href":"https:\/\/www.diario21.tv\/noticias\/wp-json\/wp\/v2\/posts\/6921\/revisions\/6923"}],"wp:featuredmedia":[{"embeddable":true,"href":"https:\/\/www.diario21.tv\/noticias\/wp-json\/wp\/v2\/media\/6922"}],"wp:attachment":[{"href":"https:\/\/www.diario21.tv\/noticias\/wp-json\/wp\/v2\/media?parent=6921"}],"wp:term":[{"taxonomy":"category","embeddable":true,"href":"https:\/\/www.diario21.tv\/noticias\/wp-json\/wp\/v2\/categories?post=6921"},{"taxonomy":"post_tag","embeddable":true,"href":"https:\/\/www.diario21.tv\/noticias\/wp-json\/wp\/v2\/tags?post=6921"}],"curies":[{"name":"wp","href":"https:\/\/api.w.org\/{rel}","templated":true}]}}