{"id":6915,"date":"2026-04-17T11:23:02","date_gmt":"2026-04-17T11:23:02","guid":{"rendered":"https:\/\/www.diario21.tv\/noticias\/descubre-los-premios-talentpro-de-vocento-que-impulsan-el-talento-universitario\/"},"modified":"2026-04-17T11:23:04","modified_gmt":"2026-04-17T11:23:04","slug":"descubre-los-premios-talentpro-de-vocento-que-impulsan-el-talento-universitario","status":"publish","type":"post","link":"https:\/\/www.diario21.tv\/noticias\/descubre-los-premios-talentpro-de-vocento-que-impulsan-el-talento-universitario\/","title":{"rendered":"\u00a1Descubre los Premios TalentPRO de Vocento que impulsan el talento universitario!"},"content":{"rendered":"<h2>Vocento anuncia la creaci\u00f3n de los Premios TalentPRO para fomentar el talento en las universidades<\/h2>\n<p>En una iniciativa para promover y reconocer la excelencia y la innovaci\u00f3n entre los estudiantes universitarios, Vocento ha lanzado los Premios TalentPRO. Este nuevo galard\u00f3n busca destacar y apoyar a aquellos j\u00f3venes que est\u00e1n mostrando un gran potencial en sus respectivos campos de estudio.<\/p>\n<h3>Objetivo de los Premios TalentPRO<\/h3>\n<p>Los Premios TalentPRO tienen como principal objetivo identificar, premiar y promover el talento emergente en las universidades. A trav\u00e9s de estos premios, Vocento pretende dar visibilidad a los estudiantes que no solo sobresalen acad\u00e9micamente, sino que tambi\u00e9n demuestran habilidades innovadoras y un compromiso con la aplicaci\u00f3n pr\u00e1ctica de sus conocimientos.<\/p>\n<h3>Criterios de selecci\u00f3n<\/h3>\n<p>Para ser considerados para los Premios TalentPRO, los estudiantes deben demostrar excelencia en su desempe\u00f1o acad\u00e9mico, as\u00ed como originalidad y creatividad en sus proyectos o investigaciones. Adem\u00e1s, se valorar\u00e1 positivamente la capacidad de los nominados para influir y contribuir positivamente en su entorno acad\u00e9mico y social.<\/p>\n<h3>Proceso de nominaci\u00f3n y selecci\u00f3n<\/h3>\n<p>Las nominaciones para los Premios TalentPRO ser\u00e1n recibidas a trav\u00e9s de las propias universidades, donde los profesores y otros miembros del personal acad\u00e9mico podr\u00e1n proponer candidatos que consideren id\u00f3neos. Un comit\u00e9 especializado ser\u00e1 el encargado de revisar todas las nominaciones y seleccionar a los ganadores bas\u00e1ndose en los criterios establecidos.<\/p>\n<h3>Impacto esperado de los premios<\/h3>\n<p>Con los Premios TalentPRO, Vocento espera no solo premiar el esfuerzo y la dedicaci\u00f3n de los estudiantes universitarios, sino tambi\u00e9n inspirar a otros j\u00f3venes a perseguir la excelencia y a innovar dentro de sus \u00e1reas de estudio. Este reconocimiento es visto como una plataforma para que los j\u00f3venes talentos puedan destacar a nivel nacional e internacional, abriendo puertas a nuevas oportunidades en sus carreras profesionales.<\/p>\n<h3>Invitaci\u00f3n a participar<\/h3>\n<p>Vocento hace un llamado a todas las universidades para que participen en estos premios y ayuden a descubrir y promover a los futuros l\u00edderes y innovadores del pa\u00eds. La colaboraci\u00f3n entre las instituciones educativas y Vocento es fundamental para el \u00e9xito de esta iniciativa, que promete ser un punto de inflexi\u00f3n en la forma en que el talento universitario es reconocido y valorado en nuestra sociedad.<\/p>\n<p>En conclusi\u00f3n, los Premios TalentPRO representan una oportunidad \u00fanica para que los estudiantes universitarios brillen y sean reconocidos por su arduo trabajo y sus contribuciones significativas. Con el apoyo de Vocento, se espera que esta nueva plataforma eleve el perfil del talento universitario y fomente una cultura de excelencia e innovaci\u00f3n en el \u00e1mbito educativo.<\/p>\n\n\n<div class=\"kk-star-ratings kksr-auto kksr-align-left kksr-valign-bottom\"\n    data-payload='{&quot;align&quot;:&quot;left&quot;,&quot;id&quot;:&quot;6915&quot;,&quot;slug&quot;:&quot;default&quot;,&quot;valign&quot;:&quot;bottom&quot;,&quot;ignore&quot;:&quot;&quot;,&quot;reference&quot;:&quot;auto&quot;,&quot;class&quot;:&quot;&quot;,&quot;count&quot;:&quot;0&quot;,&quot;legendonly&quot;:&quot;&quot;,&quot;readonly&quot;:&quot;&quot;,&quot;score&quot;:&quot;0&quot;,&quot;starsonly&quot;:&quot;&quot;,&quot;best&quot;:&quot;5&quot;,&quot;gap&quot;:&quot;5&quot;,&quot;greet&quot;:&quot;Valora este post&quot;,&quot;legend&quot;:&quot;0\\\/5 - (0 votes)&quot;,&quot;size&quot;:&quot;22&quot;,&quot;title&quot;:&quot;\u00a1Descubre los Premios TalentPRO de Vocento que impulsan el talento universitario!&quot;,&quot;width&quot;:&quot;0&quot;,&quot;_legend&quot;:&quot;{score}\\\/{best} - ({count} {votes})&quot;,&quot;font_factor&quot;:&quot;1.25&quot;}'>\n            \n<div class=\"kksr-stars\">\n    \n<div class=\"kksr-stars-inactive\">\n            <div class=\"kksr-star\" data-star=\"1\" style=\"padding-right: 5px\">\n            \n\n<div class=\"kksr-icon\" style=\"width: 22px; height: 22px;\"><\/div>\n        <\/div>\n            <div class=\"kksr-star\" data-star=\"2\" style=\"padding-right: 5px\">\n            \n\n<div class=\"kksr-icon\" style=\"width: 22px; height: 22px;\"><\/div>\n        <\/div>\n            <div class=\"kksr-star\" data-star=\"3\" style=\"padding-right: 5px\">\n            \n\n<div class=\"kksr-icon\" style=\"width: 22px; height: 22px;\"><\/div>\n        <\/div>\n            <div class=\"kksr-star\" data-star=\"4\" style=\"padding-right: 5px\">\n            \n\n<div class=\"kksr-icon\" style=\"width: 22px; height: 22px;\"><\/div>\n        <\/div>\n            <div class=\"kksr-star\" data-star=\"5\" style=\"padding-right: 5px\">\n            \n\n<div class=\"kksr-icon\" style=\"width: 22px; height: 22px;\"><\/div>\n        <\/div>\n    <\/div>\n    \n<div class=\"kksr-stars-active\" style=\"width: 0px;\">\n            <div class=\"kksr-star\" style=\"padding-right: 5px\">\n            \n\n<div class=\"kksr-icon\" style=\"width: 22px; height: 22px;\"><\/div>\n        <\/div>\n            <div class=\"kksr-star\" style=\"padding-right: 5px\">\n            \n\n<div class=\"kksr-icon\" style=\"width: 22px; height: 22px;\"><\/div>\n        <\/div>\n            <div class=\"kksr-star\" style=\"padding-right: 5px\">\n            \n\n<div class=\"kksr-icon\" style=\"width: 22px; height: 22px;\"><\/div>\n        <\/div>\n            <div class=\"kksr-star\" style=\"padding-right: 5px\">\n            \n\n<div class=\"kksr-icon\" style=\"width: 22px; height: 22px;\"><\/div>\n        <\/div>\n            <div class=\"kksr-star\" style=\"padding-right: 5px\">\n            \n\n<div class=\"kksr-icon\" style=\"width: 22px; height: 22px;\"><\/div>\n        <\/div>\n    <\/div>\n<\/div>\n                \n\n<div class=\"kksr-legend\" style=\"font-size: 17.6px;\">\n            <span class=\"kksr-muted\">Valora este post<\/span>\n    <\/div>\n    <\/div>\n","protected":false},"excerpt":{"rendered":"<p>Vocento anuncia la creaci\u00f3n de los Premios TalentPRO para fomentar el talento en las universidades En una iniciativa para promover y reconocer la excelencia y la &#8230; <a title=\"\u00a1Descubre los Premios TalentPRO de Vocento que impulsan el talento universitario!\" class=\"read-more\" href=\"https:\/\/www.diario21.tv\/noticias\/descubre-los-premios-talentpro-de-vocento-que-impulsan-el-talento-universitario\/\" aria-label=\"Leer m\u00e1s sobre \u00a1Descubre los Premios TalentPRO de Vocento que impulsan el talento universitario!\">Seguir leyendo &rarr;<\/a><\/p>\n","protected":false},"author":20,"featured_media":6916,"comment_status":"open","ping_status":"open","sticky":false,"template":"","format":"standard","meta":{"footnotes":""},"categories":[13],"tags":[],"class_list":["post-6915","post","type-post","status-publish","format-standard","has-post-thumbnail","hentry","category-portada"],"yoast_head":"<!-- This site is optimized with the Yoast SEO plugin v25.6 - https:\/\/yoast.com\/wordpress\/plugins\/seo\/ -->\n<title>\u00a1Descubre los Premios TalentPRO de Vocento que impulsan el talento universitario! - Diario 21<\/title>\n<meta name=\"robots\" content=\"index, follow, max-snippet:-1, max-image-preview:large, max-video-preview:-1\" \/>\n<link rel=\"canonical\" href=\"https:\/\/www.diario21.tv\/noticias\/descubre-los-premios-talentpro-de-vocento-que-impulsan-el-talento-universitario\/\" \/>\n<meta property=\"og:locale\" content=\"es_ES\" \/>\n<meta property=\"og:type\" content=\"article\" \/>\n<meta property=\"og:title\" content=\"\u00a1Descubre los Premios TalentPRO de Vocento que impulsan el talento universitario! - Diario 21\" \/>\n<meta property=\"og:description\" content=\"Vocento anuncia la creaci\u00f3n de los Premios TalentPRO para fomentar el talento en las universidades En una iniciativa para promover y reconocer la excelencia y la ... Seguir leyendo &rarr;\" \/>\n<meta property=\"og:url\" content=\"https:\/\/www.diario21.tv\/noticias\/descubre-los-premios-talentpro-de-vocento-que-impulsan-el-talento-universitario\/\" \/>\n<meta property=\"og:site_name\" content=\"Diario 21\" \/>\n<meta property=\"article:published_time\" content=\"2026-04-17T11:23:02+00:00\" \/>\n<meta property=\"article:modified_time\" content=\"2026-04-17T11:23:04+00:00\" \/>\n<meta property=\"og:image\" content=\"https:\/\/www.diario21.tv\/noticias\/wp-content\/uploads\/2026\/04\/\u00a1Descubre-los-Premios-TalentPRO-de-Vocento-que-impulsan-el-talento.png\" \/>\n\t<meta property=\"og:image:width\" content=\"1200\" \/>\n\t<meta property=\"og:image:height\" content=\"840\" \/>\n\t<meta property=\"og:image:type\" content=\"image\/png\" \/>\n<meta name=\"author\" content=\"Juan P\u00e9rez\" \/>\n<meta name=\"twitter:card\" content=\"summary_large_image\" \/>\n<meta name=\"twitter:label1\" content=\"Escrito por\" \/>\n\t<meta name=\"twitter:data1\" content=\"Juan P\u00e9rez\" \/>\n\t<meta name=\"twitter:label2\" content=\"Tiempo de lectura\" \/>\n\t<meta name=\"twitter:data2\" content=\"2 minutos\" \/>\n<script type=\"application\/ld+json\" class=\"yoast-schema-graph\">{\"@context\":\"https:\/\/schema.org\",\"@graph\":[{\"@type\":\"WebPage\",\"@id\":\"https:\/\/www.diario21.tv\/noticias\/descubre-los-premios-talentpro-de-vocento-que-impulsan-el-talento-universitario\/\",\"url\":\"https:\/\/www.diario21.tv\/noticias\/descubre-los-premios-talentpro-de-vocento-que-impulsan-el-talento-universitario\/\",\"name\":\"\u00a1Descubre los Premios TalentPRO de Vocento que impulsan el talento universitario! - Diario 21\",\"isPartOf\":{\"@id\":\"https:\/\/www.diario21.tv\/noticias\/#website\"},\"primaryImageOfPage\":{\"@id\":\"https:\/\/www.diario21.tv\/noticias\/descubre-los-premios-talentpro-de-vocento-que-impulsan-el-talento-universitario\/#primaryimage\"},\"image\":{\"@id\":\"https:\/\/www.diario21.tv\/noticias\/descubre-los-premios-talentpro-de-vocento-que-impulsan-el-talento-universitario\/#primaryimage\"},\"thumbnailUrl\":\"https:\/\/www.diario21.tv\/noticias\/wp-content\/uploads\/2026\/04\/\u00a1Descubre-los-Premios-TalentPRO-de-Vocento-que-impulsan-el-talento.png\",\"datePublished\":\"2026-04-17T11:23:02+00:00\",\"dateModified\":\"2026-04-17T11:23:04+00:00\",\"author\":{\"@id\":\"https:\/\/www.diario21.tv\/noticias\/#\/schema\/person\/dfb778f73814d8f09f302618446a526b\"},\"breadcrumb\":{\"@id\":\"https:\/\/www.diario21.tv\/noticias\/descubre-los-premios-talentpro-de-vocento-que-impulsan-el-talento-universitario\/#breadcrumb\"},\"inLanguage\":\"es-AR\",\"potentialAction\":[{\"@type\":\"ReadAction\",\"target\":[\"https:\/\/www.diario21.tv\/noticias\/descubre-los-premios-talentpro-de-vocento-que-impulsan-el-talento-universitario\/\"]}]},{\"@type\":\"ImageObject\",\"inLanguage\":\"es-AR\",\"@id\":\"https:\/\/www.diario21.tv\/noticias\/descubre-los-premios-talentpro-de-vocento-que-impulsan-el-talento-universitario\/#primaryimage\",\"url\":\"https:\/\/www.diario21.tv\/noticias\/wp-content\/uploads\/2026\/04\/\u00a1Descubre-los-Premios-TalentPRO-de-Vocento-que-impulsan-el-talento.png\",\"contentUrl\":\"https:\/\/www.diario21.tv\/noticias\/wp-content\/uploads\/2026\/04\/\u00a1Descubre-los-Premios-TalentPRO-de-Vocento-que-impulsan-el-talento.png\",\"width\":1200,\"height\":840,\"caption\":\"Vocento convoca los Premios TalentPRO, que impulsan el talento universitario\"},{\"@type\":\"BreadcrumbList\",\"@id\":\"https:\/\/www.diario21.tv\/noticias\/descubre-los-premios-talentpro-de-vocento-que-impulsan-el-talento-universitario\/#breadcrumb\",\"itemListElement\":[{\"@type\":\"ListItem\",\"position\":1,\"name\":\"Accueil\",\"item\":\"https:\/\/www.diario21.tv\/noticias\/\"},{\"@type\":\"ListItem\",\"position\":2,\"name\":\"\u00a1Descubre los Premios TalentPRO de Vocento que impulsan el talento universitario!\"}]},{\"@type\":\"WebSite\",\"@id\":\"https:\/\/www.diario21.tv\/noticias\/#website\",\"url\":\"https:\/\/www.diario21.tv\/noticias\/\",\"name\":\"Diario 21\",\"description\":\"\",\"potentialAction\":[{\"@type\":\"SearchAction\",\"target\":{\"@type\":\"EntryPoint\",\"urlTemplate\":\"https:\/\/www.diario21.tv\/noticias\/?s={search_term_string}\"},\"query-input\":{\"@type\":\"PropertyValueSpecification\",\"valueRequired\":true,\"valueName\":\"search_term_string\"}}],\"inLanguage\":\"es-AR\"},{\"@type\":\"Person\",\"@id\":\"https:\/\/www.diario21.tv\/noticias\/#\/schema\/person\/dfb778f73814d8f09f302618446a526b\",\"name\":\"Juan P\u00e9rez\",\"image\":{\"@type\":\"ImageObject\",\"inLanguage\":\"es-AR\",\"@id\":\"https:\/\/www.diario21.tv\/noticias\/#\/schema\/person\/image\/\",\"url\":\"https:\/\/secure.gravatar.com\/avatar\/c478a405bd10621167f4c3167cc770f5?s=96&d=mm&r=g\",\"contentUrl\":\"https:\/\/secure.gravatar.com\/avatar\/c478a405bd10621167f4c3167cc770f5?s=96&d=mm&r=g\",\"caption\":\"Juan P\u00e9rez\"},\"description\":\"Juan P\u00e9rez es el redactor en jefe de Diario 21. Con m\u00e1s de 10 a\u00f1os de experiencia en el periodismo, se especializa en pol\u00edtica nacional y an\u00e1lisis socioecon\u00f3mico. Su enfoque cr\u00edtico y riguroso aporta una perspectiva \u00fanica a cada art\u00edculo.\",\"sameAs\":[\"https:\/\/www.diario21.tv\/noticias\/\"],\"url\":\"https:\/\/www.diario21.tv\/noticias\/author\/juan-perez\/\"}]}<\/script>\n<!-- \/ Yoast SEO plugin. -->","yoast_head_json":{"title":"\u00a1Descubre los Premios TalentPRO de Vocento que impulsan el talento universitario! - Diario 21","robots":{"index":"index","follow":"follow","max-snippet":"max-snippet:-1","max-image-preview":"max-image-preview:large","max-video-preview":"max-video-preview:-1"},"canonical":"https:\/\/www.diario21.tv\/noticias\/descubre-los-premios-talentpro-de-vocento-que-impulsan-el-talento-universitario\/","og_locale":"es_ES","og_type":"article","og_title":"\u00a1Descubre los Premios TalentPRO de Vocento que impulsan el talento universitario! - Diario 21","og_description":"Vocento anuncia la creaci\u00f3n de los Premios TalentPRO para fomentar el talento en las universidades En una iniciativa para promover y reconocer la excelencia y la ... Seguir leyendo &rarr;","og_url":"https:\/\/www.diario21.tv\/noticias\/descubre-los-premios-talentpro-de-vocento-que-impulsan-el-talento-universitario\/","og_site_name":"Diario 21","article_published_time":"2026-04-17T11:23:02+00:00","article_modified_time":"2026-04-17T11:23:04+00:00","og_image":[{"width":1200,"height":840,"url":"https:\/\/www.diario21.tv\/noticias\/wp-content\/uploads\/2026\/04\/\u00a1Descubre-los-Premios-TalentPRO-de-Vocento-que-impulsan-el-talento.png","type":"image\/png"}],"author":"Juan P\u00e9rez","twitter_card":"summary_large_image","twitter_misc":{"Escrito por":"Juan P\u00e9rez","Tiempo de lectura":"2 minutos"},"schema":{"@context":"https:\/\/schema.org","@graph":[{"@type":"WebPage","@id":"https:\/\/www.diario21.tv\/noticias\/descubre-los-premios-talentpro-de-vocento-que-impulsan-el-talento-universitario\/","url":"https:\/\/www.diario21.tv\/noticias\/descubre-los-premios-talentpro-de-vocento-que-impulsan-el-talento-universitario\/","name":"\u00a1Descubre los Premios TalentPRO de Vocento que impulsan el talento universitario! - Diario 21","isPartOf":{"@id":"https:\/\/www.diario21.tv\/noticias\/#website"},"primaryImageOfPage":{"@id":"https:\/\/www.diario21.tv\/noticias\/descubre-los-premios-talentpro-de-vocento-que-impulsan-el-talento-universitario\/#primaryimage"},"image":{"@id":"https:\/\/www.diario21.tv\/noticias\/descubre-los-premios-talentpro-de-vocento-que-impulsan-el-talento-universitario\/#primaryimage"},"thumbnailUrl":"https:\/\/www.diario21.tv\/noticias\/wp-content\/uploads\/2026\/04\/\u00a1Descubre-los-Premios-TalentPRO-de-Vocento-que-impulsan-el-talento.png","datePublished":"2026-04-17T11:23:02+00:00","dateModified":"2026-04-17T11:23:04+00:00","author":{"@id":"https:\/\/www.diario21.tv\/noticias\/#\/schema\/person\/dfb778f73814d8f09f302618446a526b"},"breadcrumb":{"@id":"https:\/\/www.diario21.tv\/noticias\/descubre-los-premios-talentpro-de-vocento-que-impulsan-el-talento-universitario\/#breadcrumb"},"inLanguage":"es-AR","potentialAction":[{"@type":"ReadAction","target":["https:\/\/www.diario21.tv\/noticias\/descubre-los-premios-talentpro-de-vocento-que-impulsan-el-talento-universitario\/"]}]},{"@type":"ImageObject","inLanguage":"es-AR","@id":"https:\/\/www.diario21.tv\/noticias\/descubre-los-premios-talentpro-de-vocento-que-impulsan-el-talento-universitario\/#primaryimage","url":"https:\/\/www.diario21.tv\/noticias\/wp-content\/uploads\/2026\/04\/\u00a1Descubre-los-Premios-TalentPRO-de-Vocento-que-impulsan-el-talento.png","contentUrl":"https:\/\/www.diario21.tv\/noticias\/wp-content\/uploads\/2026\/04\/\u00a1Descubre-los-Premios-TalentPRO-de-Vocento-que-impulsan-el-talento.png","width":1200,"height":840,"caption":"Vocento convoca los Premios TalentPRO, que impulsan el talento universitario"},{"@type":"BreadcrumbList","@id":"https:\/\/www.diario21.tv\/noticias\/descubre-los-premios-talentpro-de-vocento-que-impulsan-el-talento-universitario\/#breadcrumb","itemListElement":[{"@type":"ListItem","position":1,"name":"Accueil","item":"https:\/\/www.diario21.tv\/noticias\/"},{"@type":"ListItem","position":2,"name":"\u00a1Descubre los Premios TalentPRO de Vocento que impulsan el talento universitario!"}]},{"@type":"WebSite","@id":"https:\/\/www.diario21.tv\/noticias\/#website","url":"https:\/\/www.diario21.tv\/noticias\/","name":"Diario 21","description":"","potentialAction":[{"@type":"SearchAction","target":{"@type":"EntryPoint","urlTemplate":"https:\/\/www.diario21.tv\/noticias\/?s={search_term_string}"},"query-input":{"@type":"PropertyValueSpecification","valueRequired":true,"valueName":"search_term_string"}}],"inLanguage":"es-AR"},{"@type":"Person","@id":"https:\/\/www.diario21.tv\/noticias\/#\/schema\/person\/dfb778f73814d8f09f302618446a526b","name":"Juan P\u00e9rez","image":{"@type":"ImageObject","inLanguage":"es-AR","@id":"https:\/\/www.diario21.tv\/noticias\/#\/schema\/person\/image\/","url":"https:\/\/secure.gravatar.com\/avatar\/c478a405bd10621167f4c3167cc770f5?s=96&d=mm&r=g","contentUrl":"https:\/\/secure.gravatar.com\/avatar\/c478a405bd10621167f4c3167cc770f5?s=96&d=mm&r=g","caption":"Juan P\u00e9rez"},"description":"Juan P\u00e9rez es el redactor en jefe de Diario 21. Con m\u00e1s de 10 a\u00f1os de experiencia en el periodismo, se especializa en pol\u00edtica nacional y an\u00e1lisis socioecon\u00f3mico. Su enfoque cr\u00edtico y riguroso aporta una perspectiva \u00fanica a cada art\u00edculo.","sameAs":["https:\/\/www.diario21.tv\/noticias\/"],"url":"https:\/\/www.diario21.tv\/noticias\/author\/juan-perez\/"}]}},"_links":{"self":[{"href":"https:\/\/www.diario21.tv\/noticias\/wp-json\/wp\/v2\/posts\/6915"}],"collection":[{"href":"https:\/\/www.diario21.tv\/noticias\/wp-json\/wp\/v2\/posts"}],"about":[{"href":"https:\/\/www.diario21.tv\/noticias\/wp-json\/wp\/v2\/types\/post"}],"author":[{"embeddable":true,"href":"https:\/\/www.diario21.tv\/noticias\/wp-json\/wp\/v2\/users\/20"}],"replies":[{"embeddable":true,"href":"https:\/\/www.diario21.tv\/noticias\/wp-json\/wp\/v2\/comments?post=6915"}],"version-history":[{"count":1,"href":"https:\/\/www.diario21.tv\/noticias\/wp-json\/wp\/v2\/posts\/6915\/revisions"}],"predecessor-version":[{"id":6917,"href":"https:\/\/www.diario21.tv\/noticias\/wp-json\/wp\/v2\/posts\/6915\/revisions\/6917"}],"wp:featuredmedia":[{"embeddable":true,"href":"https:\/\/www.diario21.tv\/noticias\/wp-json\/wp\/v2\/media\/6916"}],"wp:attachment":[{"href":"https:\/\/www.diario21.tv\/noticias\/wp-json\/wp\/v2\/media?parent=6915"}],"wp:term":[{"taxonomy":"category","embeddable":true,"href":"https:\/\/www.diario21.tv\/noticias\/wp-json\/wp\/v2\/categories?post=6915"},{"taxonomy":"post_tag","embeddable":true,"href":"https:\/\/www.diario21.tv\/noticias\/wp-json\/wp\/v2\/tags?post=6915"}],"curies":[{"name":"wp","href":"https:\/\/api.w.org\/{rel}","templated":true}]}}