{"id":6891,"date":"2026-04-15T11:09:22","date_gmt":"2026-04-15T11:09:22","guid":{"rendered":"https:\/\/www.diario21.tv\/noticias\/registro-exhaustivo-del-chale-en-caso-esther-lopez-tres-dias-sin-pruebas-concluyentes\/"},"modified":"2026-04-15T11:09:23","modified_gmt":"2026-04-15T11:09:23","slug":"registro-exhaustivo-del-chale-en-caso-esther-lopez-tres-dias-sin-pruebas-concluyentes","status":"publish","type":"post","link":"https:\/\/www.diario21.tv\/noticias\/registro-exhaustivo-del-chale-en-caso-esther-lopez-tres-dias-sin-pruebas-concluyentes\/","title":{"rendered":"Registro exhaustivo del chal\u00e9 en caso Esther L\u00f3pez: tres d\u00edas sin pruebas concluyentes."},"content":{"rendered":"<h2>Inspecci\u00f3n en la Casa del Sospechoso Clave en el Caso de Esther L\u00f3pez: Tres D\u00edas de B\u00fasqueda sin Resultados Condenatorios<\/h2>\n<p>Durante tres d\u00edas consecutivos, las autoridades han llevado a cabo un registro exhaustivo en la vivienda del principal sospechoso relacionado con el fallecimiento de Esther L\u00f3pez. A pesar de la extensa duraci\u00f3n y la minuciosidad de la b\u00fasqueda, no se han encontrado evidencias que incriminen directamente al investigado en este caso que ha capturado la atenci\u00f3n p\u00fablica.<\/p>\n<h3>Detalles de la Operaci\u00f3n de B\u00fasqueda<\/h3>\n<p>La operaci\u00f3n, que se extendi\u00f3 por un periodo de 72 horas, involucr\u00f3 a un equipo especializado de la polic\u00eda que pein\u00f3 cada rinc\u00f3n de la propiedad situada en la localidad donde Esther L\u00f3pez fue vista por \u00faltima vez. El objetivo principal de estos esfuerzos fue hallar cualquier indicio que pudiera vincular al propietario de la vivienda con la desaparici\u00f3n y muerte de L\u00f3pez.<\/p>\n<p>A pesar de la intensidad y la profundidad del registro, las autoridades informaron que no se lograron descubrir pruebas concluyentes que pudieran implicar al sospechoso en el tr\u00e1gico suceso. Esta falta de hallazgos significativos plantea nuevos desaf\u00edos para los investigadores, quienes deben continuar explorando otras l\u00edneas de investigaci\u00f3n para resolver el caso.<\/p>\n<h3>Implicaciones del Registro sin Hallazgos<\/h3>\n<p>La ausencia de pruebas incriminatorias en la vivienda del sospechoso no solo complica la investigaci\u00f3n, sino que tambi\u00e9n genera especulaciones y teor\u00edas alternativas sobre lo que pudo haber ocurrido con Esther L\u00f3pez. Mientras la comunidad y la familia de L\u00f3pez siguen esperando respuestas, este desarrollo reciente podr\u00eda cambiar la direcci\u00f3n de la investigaci\u00f3n, posiblemente alejando la sospecha del due\u00f1o del chal\u00e9.<\/p>\n<p>La investigaci\u00f3n sigue en curso, y las autoridades se mantienen firmes en su compromiso de esclarecer los hechos y de hacer justicia por Esther L\u00f3pez. Mientras tanto, el caso contin\u00faa abierto y la b\u00fasqueda de la verdad persiste, con la esperanza de que eventualmente se descubran pruebas que lleven a la resoluci\u00f3n de este doloroso episodio.<\/p>\n\n\n<div class=\"kk-star-ratings kksr-auto kksr-align-left kksr-valign-bottom\"\n    data-payload='{&quot;align&quot;:&quot;left&quot;,&quot;id&quot;:&quot;6891&quot;,&quot;slug&quot;:&quot;default&quot;,&quot;valign&quot;:&quot;bottom&quot;,&quot;ignore&quot;:&quot;&quot;,&quot;reference&quot;:&quot;auto&quot;,&quot;class&quot;:&quot;&quot;,&quot;count&quot;:&quot;0&quot;,&quot;legendonly&quot;:&quot;&quot;,&quot;readonly&quot;:&quot;&quot;,&quot;score&quot;:&quot;0&quot;,&quot;starsonly&quot;:&quot;&quot;,&quot;best&quot;:&quot;5&quot;,&quot;gap&quot;:&quot;5&quot;,&quot;greet&quot;:&quot;Valora este post&quot;,&quot;legend&quot;:&quot;0\\\/5 - (0 votes)&quot;,&quot;size&quot;:&quot;22&quot;,&quot;title&quot;:&quot;Registro exhaustivo del chal\u00e9 en caso Esther L\u00f3pez: tres d\u00edas sin pruebas concluyentes.&quot;,&quot;width&quot;:&quot;0&quot;,&quot;_legend&quot;:&quot;{score}\\\/{best} - ({count} {votes})&quot;,&quot;font_factor&quot;:&quot;1.25&quot;}'>\n            \n<div class=\"kksr-stars\">\n    \n<div class=\"kksr-stars-inactive\">\n            <div class=\"kksr-star\" data-star=\"1\" style=\"padding-right: 5px\">\n            \n\n<div class=\"kksr-icon\" style=\"width: 22px; height: 22px;\"><\/div>\n        <\/div>\n            <div class=\"kksr-star\" data-star=\"2\" style=\"padding-right: 5px\">\n            \n\n<div class=\"kksr-icon\" style=\"width: 22px; height: 22px;\"><\/div>\n        <\/div>\n            <div class=\"kksr-star\" data-star=\"3\" style=\"padding-right: 5px\">\n            \n\n<div class=\"kksr-icon\" style=\"width: 22px; height: 22px;\"><\/div>\n        <\/div>\n            <div class=\"kksr-star\" data-star=\"4\" style=\"padding-right: 5px\">\n            \n\n<div class=\"kksr-icon\" style=\"width: 22px; height: 22px;\"><\/div>\n        <\/div>\n            <div class=\"kksr-star\" data-star=\"5\" style=\"padding-right: 5px\">\n            \n\n<div class=\"kksr-icon\" style=\"width: 22px; height: 22px;\"><\/div>\n        <\/div>\n    <\/div>\n    \n<div class=\"kksr-stars-active\" style=\"width: 0px;\">\n            <div class=\"kksr-star\" style=\"padding-right: 5px\">\n            \n\n<div class=\"kksr-icon\" style=\"width: 22px; height: 22px;\"><\/div>\n        <\/div>\n            <div class=\"kksr-star\" style=\"padding-right: 5px\">\n            \n\n<div class=\"kksr-icon\" style=\"width: 22px; height: 22px;\"><\/div>\n        <\/div>\n            <div class=\"kksr-star\" style=\"padding-right: 5px\">\n            \n\n<div class=\"kksr-icon\" style=\"width: 22px; height: 22px;\"><\/div>\n        <\/div>\n            <div class=\"kksr-star\" style=\"padding-right: 5px\">\n            \n\n<div class=\"kksr-icon\" style=\"width: 22px; height: 22px;\"><\/div>\n        <\/div>\n            <div class=\"kksr-star\" style=\"padding-right: 5px\">\n            \n\n<div class=\"kksr-icon\" style=\"width: 22px; height: 22px;\"><\/div>\n        <\/div>\n    <\/div>\n<\/div>\n                \n\n<div class=\"kksr-legend\" style=\"font-size: 17.6px;\">\n            <span class=\"kksr-muted\">Valora este post<\/span>\n    <\/div>\n    <\/div>\n","protected":false},"excerpt":{"rendered":"<p>Inspecci\u00f3n en la Casa del Sospechoso Clave en el Caso de Esther L\u00f3pez: Tres D\u00edas de B\u00fasqueda sin Resultados Condenatorios Durante tres d\u00edas consecutivos, las autoridades &#8230; <a title=\"Registro exhaustivo del chal\u00e9 en caso Esther L\u00f3pez: tres d\u00edas sin pruebas concluyentes.\" class=\"read-more\" href=\"https:\/\/www.diario21.tv\/noticias\/registro-exhaustivo-del-chale-en-caso-esther-lopez-tres-dias-sin-pruebas-concluyentes\/\" aria-label=\"Leer m\u00e1s sobre Registro exhaustivo del chal\u00e9 en caso Esther L\u00f3pez: tres d\u00edas sin pruebas concluyentes.\">Seguir leyendo &rarr;<\/a><\/p>\n","protected":false},"author":20,"featured_media":6892,"comment_status":"open","ping_status":"open","sticky":false,"template":"","format":"standard","meta":{"footnotes":""},"categories":[13],"tags":[],"class_list":["post-6891","post","type-post","status-publish","format-standard","has-post-thumbnail","hentry","category-portada"],"yoast_head":"<!-- This site is optimized with the Yoast SEO plugin v25.6 - https:\/\/yoast.com\/wordpress\/plugins\/seo\/ -->\n<title>Registro exhaustivo del chal\u00e9 en caso Esther L\u00f3pez: tres d\u00edas sin pruebas concluyentes. - Diario 21<\/title>\n<meta name=\"robots\" content=\"index, follow, max-snippet:-1, max-image-preview:large, max-video-preview:-1\" \/>\n<link rel=\"canonical\" href=\"https:\/\/www.diario21.tv\/noticias\/registro-exhaustivo-del-chale-en-caso-esther-lopez-tres-dias-sin-pruebas-concluyentes\/\" \/>\n<meta property=\"og:locale\" content=\"es_ES\" \/>\n<meta property=\"og:type\" content=\"article\" \/>\n<meta property=\"og:title\" content=\"Registro exhaustivo del chal\u00e9 en caso Esther L\u00f3pez: tres d\u00edas sin pruebas concluyentes. - Diario 21\" \/>\n<meta property=\"og:description\" content=\"Inspecci\u00f3n en la Casa del Sospechoso Clave en el Caso de Esther L\u00f3pez: Tres D\u00edas de B\u00fasqueda sin Resultados Condenatorios Durante tres d\u00edas consecutivos, las autoridades ... Seguir leyendo &rarr;\" \/>\n<meta property=\"og:url\" content=\"https:\/\/www.diario21.tv\/noticias\/registro-exhaustivo-del-chale-en-caso-esther-lopez-tres-dias-sin-pruebas-concluyentes\/\" \/>\n<meta property=\"og:site_name\" content=\"Diario 21\" \/>\n<meta property=\"article:published_time\" content=\"2026-04-15T11:09:22+00:00\" \/>\n<meta property=\"article:modified_time\" content=\"2026-04-15T11:09:23+00:00\" \/>\n<meta property=\"og:image\" content=\"https:\/\/www.diario21.tv\/noticias\/wp-content\/uploads\/2026\/04\/Registro-exhaustivo-del-chale-en-caso-Esther-Lopez-tres-dias.jpg\" \/>\n\t<meta property=\"og:image:width\" content=\"1197\" \/>\n\t<meta property=\"og:image:height\" content=\"840\" \/>\n\t<meta property=\"og:image:type\" content=\"image\/jpeg\" \/>\n<meta name=\"author\" content=\"Juan P\u00e9rez\" \/>\n<meta name=\"twitter:card\" content=\"summary_large_image\" \/>\n<meta name=\"twitter:label1\" content=\"Escrito por\" \/>\n\t<meta name=\"twitter:data1\" content=\"Juan P\u00e9rez\" \/>\n\t<meta name=\"twitter:label2\" content=\"Tiempo de lectura\" \/>\n\t<meta name=\"twitter:data2\" content=\"2 minutos\" \/>\n<script type=\"application\/ld+json\" class=\"yoast-schema-graph\">{\"@context\":\"https:\/\/schema.org\",\"@graph\":[{\"@type\":\"WebPage\",\"@id\":\"https:\/\/www.diario21.tv\/noticias\/registro-exhaustivo-del-chale-en-caso-esther-lopez-tres-dias-sin-pruebas-concluyentes\/\",\"url\":\"https:\/\/www.diario21.tv\/noticias\/registro-exhaustivo-del-chale-en-caso-esther-lopez-tres-dias-sin-pruebas-concluyentes\/\",\"name\":\"Registro exhaustivo del chal\u00e9 en caso Esther L\u00f3pez: tres d\u00edas sin pruebas concluyentes. - Diario 21\",\"isPartOf\":{\"@id\":\"https:\/\/www.diario21.tv\/noticias\/#website\"},\"primaryImageOfPage\":{\"@id\":\"https:\/\/www.diario21.tv\/noticias\/registro-exhaustivo-del-chale-en-caso-esther-lopez-tres-dias-sin-pruebas-concluyentes\/#primaryimage\"},\"image\":{\"@id\":\"https:\/\/www.diario21.tv\/noticias\/registro-exhaustivo-del-chale-en-caso-esther-lopez-tres-dias-sin-pruebas-concluyentes\/#primaryimage\"},\"thumbnailUrl\":\"https:\/\/www.diario21.tv\/noticias\/wp-content\/uploads\/2026\/04\/Registro-exhaustivo-del-chale-en-caso-Esther-Lopez-tres-dias.jpg\",\"datePublished\":\"2026-04-15T11:09:22+00:00\",\"dateModified\":\"2026-04-15T11:09:23+00:00\",\"author\":{\"@id\":\"https:\/\/www.diario21.tv\/noticias\/#\/schema\/person\/dfb778f73814d8f09f302618446a526b\"},\"breadcrumb\":{\"@id\":\"https:\/\/www.diario21.tv\/noticias\/registro-exhaustivo-del-chale-en-caso-esther-lopez-tres-dias-sin-pruebas-concluyentes\/#breadcrumb\"},\"inLanguage\":\"es-AR\",\"potentialAction\":[{\"@type\":\"ReadAction\",\"target\":[\"https:\/\/www.diario21.tv\/noticias\/registro-exhaustivo-del-chale-en-caso-esther-lopez-tres-dias-sin-pruebas-concluyentes\/\"]}]},{\"@type\":\"ImageObject\",\"inLanguage\":\"es-AR\",\"@id\":\"https:\/\/www.diario21.tv\/noticias\/registro-exhaustivo-del-chale-en-caso-esther-lopez-tres-dias-sin-pruebas-concluyentes\/#primaryimage\",\"url\":\"https:\/\/www.diario21.tv\/noticias\/wp-content\/uploads\/2026\/04\/Registro-exhaustivo-del-chale-en-caso-Esther-Lopez-tres-dias.jpg\",\"contentUrl\":\"https:\/\/www.diario21.tv\/noticias\/wp-content\/uploads\/2026\/04\/Registro-exhaustivo-del-chale-en-caso-Esther-Lopez-tres-dias.jpg\",\"width\":1197,\"height\":840,\"caption\":\"El registro del chal\u00e9 del principal investigado por la muerte de Esther L\u00f3pez: tres d\u00edas y sin hallazgos incriminatorios\"},{\"@type\":\"BreadcrumbList\",\"@id\":\"https:\/\/www.diario21.tv\/noticias\/registro-exhaustivo-del-chale-en-caso-esther-lopez-tres-dias-sin-pruebas-concluyentes\/#breadcrumb\",\"itemListElement\":[{\"@type\":\"ListItem\",\"position\":1,\"name\":\"Accueil\",\"item\":\"https:\/\/www.diario21.tv\/noticias\/\"},{\"@type\":\"ListItem\",\"position\":2,\"name\":\"Registro exhaustivo del chal\u00e9 en caso Esther L\u00f3pez: tres d\u00edas sin pruebas concluyentes.\"}]},{\"@type\":\"WebSite\",\"@id\":\"https:\/\/www.diario21.tv\/noticias\/#website\",\"url\":\"https:\/\/www.diario21.tv\/noticias\/\",\"name\":\"Diario 21\",\"description\":\"\",\"potentialAction\":[{\"@type\":\"SearchAction\",\"target\":{\"@type\":\"EntryPoint\",\"urlTemplate\":\"https:\/\/www.diario21.tv\/noticias\/?s={search_term_string}\"},\"query-input\":{\"@type\":\"PropertyValueSpecification\",\"valueRequired\":true,\"valueName\":\"search_term_string\"}}],\"inLanguage\":\"es-AR\"},{\"@type\":\"Person\",\"@id\":\"https:\/\/www.diario21.tv\/noticias\/#\/schema\/person\/dfb778f73814d8f09f302618446a526b\",\"name\":\"Juan P\u00e9rez\",\"image\":{\"@type\":\"ImageObject\",\"inLanguage\":\"es-AR\",\"@id\":\"https:\/\/www.diario21.tv\/noticias\/#\/schema\/person\/image\/\",\"url\":\"https:\/\/secure.gravatar.com\/avatar\/c478a405bd10621167f4c3167cc770f5?s=96&d=mm&r=g\",\"contentUrl\":\"https:\/\/secure.gravatar.com\/avatar\/c478a405bd10621167f4c3167cc770f5?s=96&d=mm&r=g\",\"caption\":\"Juan P\u00e9rez\"},\"description\":\"Juan P\u00e9rez es el redactor en jefe de Diario 21. Con m\u00e1s de 10 a\u00f1os de experiencia en el periodismo, se especializa en pol\u00edtica nacional y an\u00e1lisis socioecon\u00f3mico. Su enfoque cr\u00edtico y riguroso aporta una perspectiva \u00fanica a cada art\u00edculo.\",\"sameAs\":[\"https:\/\/www.diario21.tv\/noticias\/\"],\"url\":\"https:\/\/www.diario21.tv\/noticias\/author\/juan-perez\/\"}]}<\/script>\n<!-- \/ Yoast SEO plugin. -->","yoast_head_json":{"title":"Registro exhaustivo del chal\u00e9 en caso Esther L\u00f3pez: tres d\u00edas sin pruebas concluyentes. - Diario 21","robots":{"index":"index","follow":"follow","max-snippet":"max-snippet:-1","max-image-preview":"max-image-preview:large","max-video-preview":"max-video-preview:-1"},"canonical":"https:\/\/www.diario21.tv\/noticias\/registro-exhaustivo-del-chale-en-caso-esther-lopez-tres-dias-sin-pruebas-concluyentes\/","og_locale":"es_ES","og_type":"article","og_title":"Registro exhaustivo del chal\u00e9 en caso Esther L\u00f3pez: tres d\u00edas sin pruebas concluyentes. - Diario 21","og_description":"Inspecci\u00f3n en la Casa del Sospechoso Clave en el Caso de Esther L\u00f3pez: Tres D\u00edas de B\u00fasqueda sin Resultados Condenatorios Durante tres d\u00edas consecutivos, las autoridades ... Seguir leyendo &rarr;","og_url":"https:\/\/www.diario21.tv\/noticias\/registro-exhaustivo-del-chale-en-caso-esther-lopez-tres-dias-sin-pruebas-concluyentes\/","og_site_name":"Diario 21","article_published_time":"2026-04-15T11:09:22+00:00","article_modified_time":"2026-04-15T11:09:23+00:00","og_image":[{"width":1197,"height":840,"url":"https:\/\/www.diario21.tv\/noticias\/wp-content\/uploads\/2026\/04\/Registro-exhaustivo-del-chale-en-caso-Esther-Lopez-tres-dias.jpg","type":"image\/jpeg"}],"author":"Juan P\u00e9rez","twitter_card":"summary_large_image","twitter_misc":{"Escrito por":"Juan P\u00e9rez","Tiempo de lectura":"2 minutos"},"schema":{"@context":"https:\/\/schema.org","@graph":[{"@type":"WebPage","@id":"https:\/\/www.diario21.tv\/noticias\/registro-exhaustivo-del-chale-en-caso-esther-lopez-tres-dias-sin-pruebas-concluyentes\/","url":"https:\/\/www.diario21.tv\/noticias\/registro-exhaustivo-del-chale-en-caso-esther-lopez-tres-dias-sin-pruebas-concluyentes\/","name":"Registro exhaustivo del chal\u00e9 en caso Esther L\u00f3pez: tres d\u00edas sin pruebas concluyentes. - Diario 21","isPartOf":{"@id":"https:\/\/www.diario21.tv\/noticias\/#website"},"primaryImageOfPage":{"@id":"https:\/\/www.diario21.tv\/noticias\/registro-exhaustivo-del-chale-en-caso-esther-lopez-tres-dias-sin-pruebas-concluyentes\/#primaryimage"},"image":{"@id":"https:\/\/www.diario21.tv\/noticias\/registro-exhaustivo-del-chale-en-caso-esther-lopez-tres-dias-sin-pruebas-concluyentes\/#primaryimage"},"thumbnailUrl":"https:\/\/www.diario21.tv\/noticias\/wp-content\/uploads\/2026\/04\/Registro-exhaustivo-del-chale-en-caso-Esther-Lopez-tres-dias.jpg","datePublished":"2026-04-15T11:09:22+00:00","dateModified":"2026-04-15T11:09:23+00:00","author":{"@id":"https:\/\/www.diario21.tv\/noticias\/#\/schema\/person\/dfb778f73814d8f09f302618446a526b"},"breadcrumb":{"@id":"https:\/\/www.diario21.tv\/noticias\/registro-exhaustivo-del-chale-en-caso-esther-lopez-tres-dias-sin-pruebas-concluyentes\/#breadcrumb"},"inLanguage":"es-AR","potentialAction":[{"@type":"ReadAction","target":["https:\/\/www.diario21.tv\/noticias\/registro-exhaustivo-del-chale-en-caso-esther-lopez-tres-dias-sin-pruebas-concluyentes\/"]}]},{"@type":"ImageObject","inLanguage":"es-AR","@id":"https:\/\/www.diario21.tv\/noticias\/registro-exhaustivo-del-chale-en-caso-esther-lopez-tres-dias-sin-pruebas-concluyentes\/#primaryimage","url":"https:\/\/www.diario21.tv\/noticias\/wp-content\/uploads\/2026\/04\/Registro-exhaustivo-del-chale-en-caso-Esther-Lopez-tres-dias.jpg","contentUrl":"https:\/\/www.diario21.tv\/noticias\/wp-content\/uploads\/2026\/04\/Registro-exhaustivo-del-chale-en-caso-Esther-Lopez-tres-dias.jpg","width":1197,"height":840,"caption":"El registro del chal\u00e9 del principal investigado por la muerte de Esther L\u00f3pez: tres d\u00edas y sin hallazgos incriminatorios"},{"@type":"BreadcrumbList","@id":"https:\/\/www.diario21.tv\/noticias\/registro-exhaustivo-del-chale-en-caso-esther-lopez-tres-dias-sin-pruebas-concluyentes\/#breadcrumb","itemListElement":[{"@type":"ListItem","position":1,"name":"Accueil","item":"https:\/\/www.diario21.tv\/noticias\/"},{"@type":"ListItem","position":2,"name":"Registro exhaustivo del chal\u00e9 en caso Esther L\u00f3pez: tres d\u00edas sin pruebas concluyentes."}]},{"@type":"WebSite","@id":"https:\/\/www.diario21.tv\/noticias\/#website","url":"https:\/\/www.diario21.tv\/noticias\/","name":"Diario 21","description":"","potentialAction":[{"@type":"SearchAction","target":{"@type":"EntryPoint","urlTemplate":"https:\/\/www.diario21.tv\/noticias\/?s={search_term_string}"},"query-input":{"@type":"PropertyValueSpecification","valueRequired":true,"valueName":"search_term_string"}}],"inLanguage":"es-AR"},{"@type":"Person","@id":"https:\/\/www.diario21.tv\/noticias\/#\/schema\/person\/dfb778f73814d8f09f302618446a526b","name":"Juan P\u00e9rez","image":{"@type":"ImageObject","inLanguage":"es-AR","@id":"https:\/\/www.diario21.tv\/noticias\/#\/schema\/person\/image\/","url":"https:\/\/secure.gravatar.com\/avatar\/c478a405bd10621167f4c3167cc770f5?s=96&d=mm&r=g","contentUrl":"https:\/\/secure.gravatar.com\/avatar\/c478a405bd10621167f4c3167cc770f5?s=96&d=mm&r=g","caption":"Juan P\u00e9rez"},"description":"Juan P\u00e9rez es el redactor en jefe de Diario 21. Con m\u00e1s de 10 a\u00f1os de experiencia en el periodismo, se especializa en pol\u00edtica nacional y an\u00e1lisis socioecon\u00f3mico. Su enfoque cr\u00edtico y riguroso aporta una perspectiva \u00fanica a cada art\u00edculo.","sameAs":["https:\/\/www.diario21.tv\/noticias\/"],"url":"https:\/\/www.diario21.tv\/noticias\/author\/juan-perez\/"}]}},"_links":{"self":[{"href":"https:\/\/www.diario21.tv\/noticias\/wp-json\/wp\/v2\/posts\/6891"}],"collection":[{"href":"https:\/\/www.diario21.tv\/noticias\/wp-json\/wp\/v2\/posts"}],"about":[{"href":"https:\/\/www.diario21.tv\/noticias\/wp-json\/wp\/v2\/types\/post"}],"author":[{"embeddable":true,"href":"https:\/\/www.diario21.tv\/noticias\/wp-json\/wp\/v2\/users\/20"}],"replies":[{"embeddable":true,"href":"https:\/\/www.diario21.tv\/noticias\/wp-json\/wp\/v2\/comments?post=6891"}],"version-history":[{"count":1,"href":"https:\/\/www.diario21.tv\/noticias\/wp-json\/wp\/v2\/posts\/6891\/revisions"}],"predecessor-version":[{"id":6893,"href":"https:\/\/www.diario21.tv\/noticias\/wp-json\/wp\/v2\/posts\/6891\/revisions\/6893"}],"wp:featuredmedia":[{"embeddable":true,"href":"https:\/\/www.diario21.tv\/noticias\/wp-json\/wp\/v2\/media\/6892"}],"wp:attachment":[{"href":"https:\/\/www.diario21.tv\/noticias\/wp-json\/wp\/v2\/media?parent=6891"}],"wp:term":[{"taxonomy":"category","embeddable":true,"href":"https:\/\/www.diario21.tv\/noticias\/wp-json\/wp\/v2\/categories?post=6891"},{"taxonomy":"post_tag","embeddable":true,"href":"https:\/\/www.diario21.tv\/noticias\/wp-json\/wp\/v2\/tags?post=6891"}],"curies":[{"name":"wp","href":"https:\/\/api.w.org\/{rel}","templated":true}]}}