{"id":6888,"date":"2026-04-15T05:05:56","date_gmt":"2026-04-15T05:05:56","guid":{"rendered":"https:\/\/www.diario21.tv\/noticias\/atencion-conductores-nueva-campana-de-la-dgt-con-radares-hasta-el-19-de-abril-informate-aqui\/"},"modified":"2026-04-15T05:05:57","modified_gmt":"2026-04-15T05:05:57","slug":"atencion-conductores-nueva-campana-de-la-dgt-con-radares-hasta-el-19-de-abril-informate-aqui","status":"publish","type":"post","link":"https:\/\/www.diario21.tv\/noticias\/atencion-conductores-nueva-campana-de-la-dgt-con-radares-hasta-el-19-de-abril-informate-aqui\/","title":{"rendered":"\u00a1Atenci\u00f3n conductores! Nueva campa\u00f1a de la DGT con radares hasta el 19 de abril. \u00a1Inf\u00f3rmate aqu\u00ed!"},"content":{"rendered":"<h2>La DGT anuncia: Operativo especial de control de velocidad y despliegue de radares nuevos hasta el 19 de abril<\/h2>\n<p>La Direcci\u00f3n General de Tr\u00e1fico (DGT) ha lanzado una nueva campa\u00f1a focalizada en la supervisi\u00f3n exhaustiva de la velocidad en las carreteras espa\u00f1olas. Esta iniciativa, que se extender\u00e1 hasta el 19 de abril, incluye la instalaci\u00f3n de nuevos radares y un incremento significativo en los controles de velocidad en diversas ubicaciones del pa\u00eds.<\/p>\n<h3>Implementaci\u00f3n de Nuevos Radares<\/h3>\n<p>Con el objetivo de reforzar la seguridad vial y reducir la incidencia de accidentes relacionados con el exceso de velocidad, la DGT ha incorporado tecnolog\u00eda de \u00faltima generaci\u00f3n en su arsenal de herramientas de control. Estos nuevos dispositivos no solo est\u00e1n dise\u00f1ados para detectar infracciones de velocidad de manera m\u00e1s eficaz, sino tambi\u00e9n para cubrir \u00e1reas donde el riesgo de accidentes es mayor.<\/p>\n<h3>Controles de Velocidad Intensificados<\/h3>\n<p>Durante el per\u00edodo de la campa\u00f1a, los conductores pueden esperar un aumento en la presencia de agentes de tr\u00e1fico y en la actividad de los radares m\u00f3viles y fijos en las carreteras. La DGT ha anunciado que estas medidas se aplicar\u00e1n en todo tipo de v\u00edas, desde autopistas hasta carreteras secundarias, para asegurar una cobertura amplia y disuadir a los conductores de sobrepasar los l\u00edmites de velocidad establecidos.<\/p>\n<p>Esta campa\u00f1a no solo busca sancionar a aquellos que incumplen las normas, sino tambi\u00e9n concienciar sobre la importancia de mantener una velocidad adecuada para la seguridad de todos los usuarios de la v\u00eda. La DGT ha reiterado que el exceso de velocidad sigue siendo una de las principales causas de los accidentes de tr\u00e1fico mortales en Espa\u00f1a y es un factor que puede cambiar completamente el resultado de cualquier incidente en la carretera.<\/p>\n<p>Por \u00faltimo, la Direcci\u00f3n General de Tr\u00e1fico invita a los conductores a respetar los l\u00edmites de velocidad y a adoptar una conducci\u00f3n responsable como medida preventiva fundamental para evitar accidentes y garantizar la seguridad en las carreteras. Con estas acciones, la DGT espera no solo reducir la cantidad de infracciones de velocidad, sino tambi\u00e9n fomentar una cultura de precauci\u00f3n y respeto en el tr\u00e1nsito vehicular.<\/p>\n\n\n<div class=\"kk-star-ratings kksr-auto kksr-align-left kksr-valign-bottom\"\n    data-payload='{&quot;align&quot;:&quot;left&quot;,&quot;id&quot;:&quot;6888&quot;,&quot;slug&quot;:&quot;default&quot;,&quot;valign&quot;:&quot;bottom&quot;,&quot;ignore&quot;:&quot;&quot;,&quot;reference&quot;:&quot;auto&quot;,&quot;class&quot;:&quot;&quot;,&quot;count&quot;:&quot;0&quot;,&quot;legendonly&quot;:&quot;&quot;,&quot;readonly&quot;:&quot;&quot;,&quot;score&quot;:&quot;0&quot;,&quot;starsonly&quot;:&quot;&quot;,&quot;best&quot;:&quot;5&quot;,&quot;gap&quot;:&quot;5&quot;,&quot;greet&quot;:&quot;Valora este post&quot;,&quot;legend&quot;:&quot;0\\\/5 - (0 votes)&quot;,&quot;size&quot;:&quot;22&quot;,&quot;title&quot;:&quot;\u00a1Atenci\u00f3n conductores! Nueva campa\u00f1a de la DGT con radares hasta el 19 de abril. \u00a1Inf\u00f3rmate aqu\u00ed!&quot;,&quot;width&quot;:&quot;0&quot;,&quot;_legend&quot;:&quot;{score}\\\/{best} - ({count} {votes})&quot;,&quot;font_factor&quot;:&quot;1.25&quot;}'>\n            \n<div class=\"kksr-stars\">\n    \n<div class=\"kksr-stars-inactive\">\n            <div class=\"kksr-star\" data-star=\"1\" style=\"padding-right: 5px\">\n            \n\n<div class=\"kksr-icon\" style=\"width: 22px; height: 22px;\"><\/div>\n        <\/div>\n            <div class=\"kksr-star\" data-star=\"2\" style=\"padding-right: 5px\">\n            \n\n<div class=\"kksr-icon\" style=\"width: 22px; height: 22px;\"><\/div>\n        <\/div>\n            <div class=\"kksr-star\" data-star=\"3\" style=\"padding-right: 5px\">\n            \n\n<div class=\"kksr-icon\" style=\"width: 22px; height: 22px;\"><\/div>\n        <\/div>\n            <div class=\"kksr-star\" data-star=\"4\" style=\"padding-right: 5px\">\n            \n\n<div class=\"kksr-icon\" style=\"width: 22px; height: 22px;\"><\/div>\n        <\/div>\n            <div class=\"kksr-star\" data-star=\"5\" style=\"padding-right: 5px\">\n            \n\n<div class=\"kksr-icon\" style=\"width: 22px; height: 22px;\"><\/div>\n        <\/div>\n    <\/div>\n    \n<div class=\"kksr-stars-active\" style=\"width: 0px;\">\n            <div class=\"kksr-star\" style=\"padding-right: 5px\">\n            \n\n<div class=\"kksr-icon\" style=\"width: 22px; height: 22px;\"><\/div>\n        <\/div>\n            <div class=\"kksr-star\" style=\"padding-right: 5px\">\n            \n\n<div class=\"kksr-icon\" style=\"width: 22px; height: 22px;\"><\/div>\n        <\/div>\n            <div class=\"kksr-star\" style=\"padding-right: 5px\">\n            \n\n<div class=\"kksr-icon\" style=\"width: 22px; height: 22px;\"><\/div>\n        <\/div>\n            <div class=\"kksr-star\" style=\"padding-right: 5px\">\n            \n\n<div class=\"kksr-icon\" style=\"width: 22px; height: 22px;\"><\/div>\n        <\/div>\n            <div class=\"kksr-star\" style=\"padding-right: 5px\">\n            \n\n<div class=\"kksr-icon\" style=\"width: 22px; height: 22px;\"><\/div>\n        <\/div>\n    <\/div>\n<\/div>\n                \n\n<div class=\"kksr-legend\" style=\"font-size: 17.6px;\">\n            <span class=\"kksr-muted\">Valora este post<\/span>\n    <\/div>\n    <\/div>\n","protected":false},"excerpt":{"rendered":"<p>La DGT anuncia: Operativo especial de control de velocidad y despliegue de radares nuevos hasta el 19 de abril La Direcci\u00f3n General de Tr\u00e1fico (DGT) ha &#8230; <a title=\"\u00a1Atenci\u00f3n conductores! Nueva campa\u00f1a de la DGT con radares hasta el 19 de abril. \u00a1Inf\u00f3rmate aqu\u00ed!\" class=\"read-more\" href=\"https:\/\/www.diario21.tv\/noticias\/atencion-conductores-nueva-campana-de-la-dgt-con-radares-hasta-el-19-de-abril-informate-aqui\/\" aria-label=\"Leer m\u00e1s sobre \u00a1Atenci\u00f3n conductores! Nueva campa\u00f1a de la DGT con radares hasta el 19 de abril. \u00a1Inf\u00f3rmate aqu\u00ed!\">Seguir leyendo &rarr;<\/a><\/p>\n","protected":false},"author":20,"featured_media":6889,"comment_status":"open","ping_status":"open","sticky":false,"template":"","format":"standard","meta":{"footnotes":""},"categories":[13],"tags":[],"class_list":["post-6888","post","type-post","status-publish","format-standard","has-post-thumbnail","hentry","category-portada"],"yoast_head":"<!-- This site is optimized with the Yoast SEO plugin v25.6 - https:\/\/yoast.com\/wordpress\/plugins\/seo\/ -->\n<title>\u00a1Atenci\u00f3n conductores! Nueva campa\u00f1a de la DGT con radares hasta el 19 de abril. \u00a1Inf\u00f3rmate aqu\u00ed! - Diario 21<\/title>\n<meta name=\"robots\" content=\"index, follow, max-snippet:-1, max-image-preview:large, max-video-preview:-1\" \/>\n<link rel=\"canonical\" href=\"https:\/\/www.diario21.tv\/noticias\/atencion-conductores-nueva-campana-de-la-dgt-con-radares-hasta-el-19-de-abril-informate-aqui\/\" \/>\n<meta property=\"og:locale\" content=\"es_ES\" \/>\n<meta property=\"og:type\" content=\"article\" \/>\n<meta property=\"og:title\" content=\"\u00a1Atenci\u00f3n conductores! Nueva campa\u00f1a de la DGT con radares hasta el 19 de abril. \u00a1Inf\u00f3rmate aqu\u00ed! - Diario 21\" \/>\n<meta property=\"og:description\" content=\"La DGT anuncia: Operativo especial de control de velocidad y despliegue de radares nuevos hasta el 19 de abril La Direcci\u00f3n General de Tr\u00e1fico (DGT) ha ... Seguir leyendo &rarr;\" \/>\n<meta property=\"og:url\" content=\"https:\/\/www.diario21.tv\/noticias\/atencion-conductores-nueva-campana-de-la-dgt-con-radares-hasta-el-19-de-abril-informate-aqui\/\" \/>\n<meta property=\"og:site_name\" content=\"Diario 21\" \/>\n<meta property=\"article:published_time\" content=\"2026-04-15T05:05:56+00:00\" \/>\n<meta property=\"article:modified_time\" content=\"2026-04-15T05:05:57+00:00\" \/>\n<meta property=\"og:image\" content=\"https:\/\/www.diario21.tv\/noticias\/wp-content\/uploads\/2026\/04\/\u00a1Atencion-conductores-Nueva-campana-de-la-DGT-con-radares-hasta.jpg\" \/>\n\t<meta property=\"og:image:width\" content=\"1200\" \/>\n\t<meta property=\"og:image:height\" content=\"840\" \/>\n\t<meta property=\"og:image:type\" content=\"image\/jpeg\" \/>\n<meta name=\"author\" content=\"Juan P\u00e9rez\" \/>\n<meta name=\"twitter:card\" content=\"summary_large_image\" \/>\n<meta name=\"twitter:label1\" content=\"Escrito por\" \/>\n\t<meta name=\"twitter:data1\" content=\"Juan P\u00e9rez\" \/>\n\t<meta name=\"twitter:label2\" content=\"Tiempo de lectura\" \/>\n\t<meta name=\"twitter:data2\" content=\"2 minutos\" \/>\n<script type=\"application\/ld+json\" class=\"yoast-schema-graph\">{\"@context\":\"https:\/\/schema.org\",\"@graph\":[{\"@type\":\"WebPage\",\"@id\":\"https:\/\/www.diario21.tv\/noticias\/atencion-conductores-nueva-campana-de-la-dgt-con-radares-hasta-el-19-de-abril-informate-aqui\/\",\"url\":\"https:\/\/www.diario21.tv\/noticias\/atencion-conductores-nueva-campana-de-la-dgt-con-radares-hasta-el-19-de-abril-informate-aqui\/\",\"name\":\"\u00a1Atenci\u00f3n conductores! Nueva campa\u00f1a de la DGT con radares hasta el 19 de abril. \u00a1Inf\u00f3rmate aqu\u00ed! - Diario 21\",\"isPartOf\":{\"@id\":\"https:\/\/www.diario21.tv\/noticias\/#website\"},\"primaryImageOfPage\":{\"@id\":\"https:\/\/www.diario21.tv\/noticias\/atencion-conductores-nueva-campana-de-la-dgt-con-radares-hasta-el-19-de-abril-informate-aqui\/#primaryimage\"},\"image\":{\"@id\":\"https:\/\/www.diario21.tv\/noticias\/atencion-conductores-nueva-campana-de-la-dgt-con-radares-hasta-el-19-de-abril-informate-aqui\/#primaryimage\"},\"thumbnailUrl\":\"https:\/\/www.diario21.tv\/noticias\/wp-content\/uploads\/2026\/04\/\u00a1Atencion-conductores-Nueva-campana-de-la-DGT-con-radares-hasta.jpg\",\"datePublished\":\"2026-04-15T05:05:56+00:00\",\"dateModified\":\"2026-04-15T05:05:57+00:00\",\"author\":{\"@id\":\"https:\/\/www.diario21.tv\/noticias\/#\/schema\/person\/dfb778f73814d8f09f302618446a526b\"},\"breadcrumb\":{\"@id\":\"https:\/\/www.diario21.tv\/noticias\/atencion-conductores-nueva-campana-de-la-dgt-con-radares-hasta-el-19-de-abril-informate-aqui\/#breadcrumb\"},\"inLanguage\":\"es-AR\",\"potentialAction\":[{\"@type\":\"ReadAction\",\"target\":[\"https:\/\/www.diario21.tv\/noticias\/atencion-conductores-nueva-campana-de-la-dgt-con-radares-hasta-el-19-de-abril-informate-aqui\/\"]}]},{\"@type\":\"ImageObject\",\"inLanguage\":\"es-AR\",\"@id\":\"https:\/\/www.diario21.tv\/noticias\/atencion-conductores-nueva-campana-de-la-dgt-con-radares-hasta-el-19-de-abril-informate-aqui\/#primaryimage\",\"url\":\"https:\/\/www.diario21.tv\/noticias\/wp-content\/uploads\/2026\/04\/\u00a1Atencion-conductores-Nueva-campana-de-la-DGT-con-radares-hasta.jpg\",\"contentUrl\":\"https:\/\/www.diario21.tv\/noticias\/wp-content\/uploads\/2026\/04\/\u00a1Atencion-conductores-Nueva-campana-de-la-DGT-con-radares-hasta.jpg\",\"width\":1200,\"height\":840,\"caption\":\"La DGT avisa: nueva campa\u00f1a de controles de velocidad masivos y nuevos radares hasta el 19 de abril\"},{\"@type\":\"BreadcrumbList\",\"@id\":\"https:\/\/www.diario21.tv\/noticias\/atencion-conductores-nueva-campana-de-la-dgt-con-radares-hasta-el-19-de-abril-informate-aqui\/#breadcrumb\",\"itemListElement\":[{\"@type\":\"ListItem\",\"position\":1,\"name\":\"Accueil\",\"item\":\"https:\/\/www.diario21.tv\/noticias\/\"},{\"@type\":\"ListItem\",\"position\":2,\"name\":\"\u00a1Atenci\u00f3n conductores! Nueva campa\u00f1a de la DGT con radares hasta el 19 de abril. \u00a1Inf\u00f3rmate aqu\u00ed!\"}]},{\"@type\":\"WebSite\",\"@id\":\"https:\/\/www.diario21.tv\/noticias\/#website\",\"url\":\"https:\/\/www.diario21.tv\/noticias\/\",\"name\":\"Diario 21\",\"description\":\"\",\"potentialAction\":[{\"@type\":\"SearchAction\",\"target\":{\"@type\":\"EntryPoint\",\"urlTemplate\":\"https:\/\/www.diario21.tv\/noticias\/?s={search_term_string}\"},\"query-input\":{\"@type\":\"PropertyValueSpecification\",\"valueRequired\":true,\"valueName\":\"search_term_string\"}}],\"inLanguage\":\"es-AR\"},{\"@type\":\"Person\",\"@id\":\"https:\/\/www.diario21.tv\/noticias\/#\/schema\/person\/dfb778f73814d8f09f302618446a526b\",\"name\":\"Juan P\u00e9rez\",\"image\":{\"@type\":\"ImageObject\",\"inLanguage\":\"es-AR\",\"@id\":\"https:\/\/www.diario21.tv\/noticias\/#\/schema\/person\/image\/\",\"url\":\"https:\/\/secure.gravatar.com\/avatar\/c478a405bd10621167f4c3167cc770f5?s=96&d=mm&r=g\",\"contentUrl\":\"https:\/\/secure.gravatar.com\/avatar\/c478a405bd10621167f4c3167cc770f5?s=96&d=mm&r=g\",\"caption\":\"Juan P\u00e9rez\"},\"description\":\"Juan P\u00e9rez es el redactor en jefe de Diario 21. Con m\u00e1s de 10 a\u00f1os de experiencia en el periodismo, se especializa en pol\u00edtica nacional y an\u00e1lisis socioecon\u00f3mico. Su enfoque cr\u00edtico y riguroso aporta una perspectiva \u00fanica a cada art\u00edculo.\",\"sameAs\":[\"https:\/\/www.diario21.tv\/noticias\/\"],\"url\":\"https:\/\/www.diario21.tv\/noticias\/author\/juan-perez\/\"}]}<\/script>\n<!-- \/ Yoast SEO plugin. -->","yoast_head_json":{"title":"\u00a1Atenci\u00f3n conductores! Nueva campa\u00f1a de la DGT con radares hasta el 19 de abril. \u00a1Inf\u00f3rmate aqu\u00ed! - Diario 21","robots":{"index":"index","follow":"follow","max-snippet":"max-snippet:-1","max-image-preview":"max-image-preview:large","max-video-preview":"max-video-preview:-1"},"canonical":"https:\/\/www.diario21.tv\/noticias\/atencion-conductores-nueva-campana-de-la-dgt-con-radares-hasta-el-19-de-abril-informate-aqui\/","og_locale":"es_ES","og_type":"article","og_title":"\u00a1Atenci\u00f3n conductores! Nueva campa\u00f1a de la DGT con radares hasta el 19 de abril. \u00a1Inf\u00f3rmate aqu\u00ed! - Diario 21","og_description":"La DGT anuncia: Operativo especial de control de velocidad y despliegue de radares nuevos hasta el 19 de abril La Direcci\u00f3n General de Tr\u00e1fico (DGT) ha ... Seguir leyendo &rarr;","og_url":"https:\/\/www.diario21.tv\/noticias\/atencion-conductores-nueva-campana-de-la-dgt-con-radares-hasta-el-19-de-abril-informate-aqui\/","og_site_name":"Diario 21","article_published_time":"2026-04-15T05:05:56+00:00","article_modified_time":"2026-04-15T05:05:57+00:00","og_image":[{"width":1200,"height":840,"url":"https:\/\/www.diario21.tv\/noticias\/wp-content\/uploads\/2026\/04\/\u00a1Atencion-conductores-Nueva-campana-de-la-DGT-con-radares-hasta.jpg","type":"image\/jpeg"}],"author":"Juan P\u00e9rez","twitter_card":"summary_large_image","twitter_misc":{"Escrito por":"Juan P\u00e9rez","Tiempo de lectura":"2 minutos"},"schema":{"@context":"https:\/\/schema.org","@graph":[{"@type":"WebPage","@id":"https:\/\/www.diario21.tv\/noticias\/atencion-conductores-nueva-campana-de-la-dgt-con-radares-hasta-el-19-de-abril-informate-aqui\/","url":"https:\/\/www.diario21.tv\/noticias\/atencion-conductores-nueva-campana-de-la-dgt-con-radares-hasta-el-19-de-abril-informate-aqui\/","name":"\u00a1Atenci\u00f3n conductores! Nueva campa\u00f1a de la DGT con radares hasta el 19 de abril. \u00a1Inf\u00f3rmate aqu\u00ed! - Diario 21","isPartOf":{"@id":"https:\/\/www.diario21.tv\/noticias\/#website"},"primaryImageOfPage":{"@id":"https:\/\/www.diario21.tv\/noticias\/atencion-conductores-nueva-campana-de-la-dgt-con-radares-hasta-el-19-de-abril-informate-aqui\/#primaryimage"},"image":{"@id":"https:\/\/www.diario21.tv\/noticias\/atencion-conductores-nueva-campana-de-la-dgt-con-radares-hasta-el-19-de-abril-informate-aqui\/#primaryimage"},"thumbnailUrl":"https:\/\/www.diario21.tv\/noticias\/wp-content\/uploads\/2026\/04\/\u00a1Atencion-conductores-Nueva-campana-de-la-DGT-con-radares-hasta.jpg","datePublished":"2026-04-15T05:05:56+00:00","dateModified":"2026-04-15T05:05:57+00:00","author":{"@id":"https:\/\/www.diario21.tv\/noticias\/#\/schema\/person\/dfb778f73814d8f09f302618446a526b"},"breadcrumb":{"@id":"https:\/\/www.diario21.tv\/noticias\/atencion-conductores-nueva-campana-de-la-dgt-con-radares-hasta-el-19-de-abril-informate-aqui\/#breadcrumb"},"inLanguage":"es-AR","potentialAction":[{"@type":"ReadAction","target":["https:\/\/www.diario21.tv\/noticias\/atencion-conductores-nueva-campana-de-la-dgt-con-radares-hasta-el-19-de-abril-informate-aqui\/"]}]},{"@type":"ImageObject","inLanguage":"es-AR","@id":"https:\/\/www.diario21.tv\/noticias\/atencion-conductores-nueva-campana-de-la-dgt-con-radares-hasta-el-19-de-abril-informate-aqui\/#primaryimage","url":"https:\/\/www.diario21.tv\/noticias\/wp-content\/uploads\/2026\/04\/\u00a1Atencion-conductores-Nueva-campana-de-la-DGT-con-radares-hasta.jpg","contentUrl":"https:\/\/www.diario21.tv\/noticias\/wp-content\/uploads\/2026\/04\/\u00a1Atencion-conductores-Nueva-campana-de-la-DGT-con-radares-hasta.jpg","width":1200,"height":840,"caption":"La DGT avisa: nueva campa\u00f1a de controles de velocidad masivos y nuevos radares hasta el 19 de abril"},{"@type":"BreadcrumbList","@id":"https:\/\/www.diario21.tv\/noticias\/atencion-conductores-nueva-campana-de-la-dgt-con-radares-hasta-el-19-de-abril-informate-aqui\/#breadcrumb","itemListElement":[{"@type":"ListItem","position":1,"name":"Accueil","item":"https:\/\/www.diario21.tv\/noticias\/"},{"@type":"ListItem","position":2,"name":"\u00a1Atenci\u00f3n conductores! Nueva campa\u00f1a de la DGT con radares hasta el 19 de abril. \u00a1Inf\u00f3rmate aqu\u00ed!"}]},{"@type":"WebSite","@id":"https:\/\/www.diario21.tv\/noticias\/#website","url":"https:\/\/www.diario21.tv\/noticias\/","name":"Diario 21","description":"","potentialAction":[{"@type":"SearchAction","target":{"@type":"EntryPoint","urlTemplate":"https:\/\/www.diario21.tv\/noticias\/?s={search_term_string}"},"query-input":{"@type":"PropertyValueSpecification","valueRequired":true,"valueName":"search_term_string"}}],"inLanguage":"es-AR"},{"@type":"Person","@id":"https:\/\/www.diario21.tv\/noticias\/#\/schema\/person\/dfb778f73814d8f09f302618446a526b","name":"Juan P\u00e9rez","image":{"@type":"ImageObject","inLanguage":"es-AR","@id":"https:\/\/www.diario21.tv\/noticias\/#\/schema\/person\/image\/","url":"https:\/\/secure.gravatar.com\/avatar\/c478a405bd10621167f4c3167cc770f5?s=96&d=mm&r=g","contentUrl":"https:\/\/secure.gravatar.com\/avatar\/c478a405bd10621167f4c3167cc770f5?s=96&d=mm&r=g","caption":"Juan P\u00e9rez"},"description":"Juan P\u00e9rez es el redactor en jefe de Diario 21. Con m\u00e1s de 10 a\u00f1os de experiencia en el periodismo, se especializa en pol\u00edtica nacional y an\u00e1lisis socioecon\u00f3mico. Su enfoque cr\u00edtico y riguroso aporta una perspectiva \u00fanica a cada art\u00edculo.","sameAs":["https:\/\/www.diario21.tv\/noticias\/"],"url":"https:\/\/www.diario21.tv\/noticias\/author\/juan-perez\/"}]}},"_links":{"self":[{"href":"https:\/\/www.diario21.tv\/noticias\/wp-json\/wp\/v2\/posts\/6888"}],"collection":[{"href":"https:\/\/www.diario21.tv\/noticias\/wp-json\/wp\/v2\/posts"}],"about":[{"href":"https:\/\/www.diario21.tv\/noticias\/wp-json\/wp\/v2\/types\/post"}],"author":[{"embeddable":true,"href":"https:\/\/www.diario21.tv\/noticias\/wp-json\/wp\/v2\/users\/20"}],"replies":[{"embeddable":true,"href":"https:\/\/www.diario21.tv\/noticias\/wp-json\/wp\/v2\/comments?post=6888"}],"version-history":[{"count":1,"href":"https:\/\/www.diario21.tv\/noticias\/wp-json\/wp\/v2\/posts\/6888\/revisions"}],"predecessor-version":[{"id":6890,"href":"https:\/\/www.diario21.tv\/noticias\/wp-json\/wp\/v2\/posts\/6888\/revisions\/6890"}],"wp:featuredmedia":[{"embeddable":true,"href":"https:\/\/www.diario21.tv\/noticias\/wp-json\/wp\/v2\/media\/6889"}],"wp:attachment":[{"href":"https:\/\/www.diario21.tv\/noticias\/wp-json\/wp\/v2\/media?parent=6888"}],"wp:term":[{"taxonomy":"category","embeddable":true,"href":"https:\/\/www.diario21.tv\/noticias\/wp-json\/wp\/v2\/categories?post=6888"},{"taxonomy":"post_tag","embeddable":true,"href":"https:\/\/www.diario21.tv\/noticias\/wp-json\/wp\/v2\/tags?post=6888"}],"curies":[{"name":"wp","href":"https:\/\/api.w.org\/{rel}","templated":true}]}}