{"id":6882,"date":"2026-04-14T17:02:36","date_gmt":"2026-04-14T17:02:36","guid":{"rendered":"https:\/\/www.diario21.tv\/noticias\/exclusivo-hasta-8-5-anos-de-carcel-para-acusados-en-el-incendio-de-discotecas-en-murcia\/"},"modified":"2026-04-14T17:02:38","modified_gmt":"2026-04-14T17:02:38","slug":"exclusivo-hasta-8-5-anos-de-carcel-para-acusados-en-el-incendio-de-discotecas-en-murcia","status":"publish","type":"post","link":"https:\/\/www.diario21.tv\/noticias\/exclusivo-hasta-8-5-anos-de-carcel-para-acusados-en-el-incendio-de-discotecas-en-murcia\/","title":{"rendered":"\u00a1Exclusivo! Hasta 8.5 a\u00f1os de c\u00e1rcel para acusados en el incendio de discotecas en Murcia"},"content":{"rendered":"<h2>La Procuradur\u00eda Solicita Condenas de Hasta Ocho A\u00f1os y Medio para los Principales Implicados en el Incendio de Discotecas en Murcia<\/h2>\n<p>La Procuradur\u00eda ha propuesto sanciones severas que alcanzan hasta los ocho a\u00f1os y medio de prisi\u00f3n para los acusados clave en el caso del incendio de varias discotecas situadas en Murcia. Este incidente, que capt\u00f3 la atenci\u00f3n de medios y p\u00fablico, marc\u00f3 un antes y un despu\u00e9s en la regulaci\u00f3n de medidas de seguridad en locales nocturnos.<\/p>\n<h3>Detalles del Caso<\/h3>\n<p>El suceso se remonta a una noche de celebraciones que termin\u00f3 en tragedia. Seg\u00fan los informes, los principales sospechosos, quienes en ese entonces eran los administradores de las discotecas afectadas, presuntamente iniciaron el fuego de manera intencional. La intenci\u00f3n detr\u00e1s de este acto, seg\u00fan la investigaci\u00f3n, podr\u00eda estar relacionada con un esquema de fraude de seguros y una tentativa de eliminar competencia comercial.<\/p>\n<h3>Repercusiones Legales<\/h3>\n<p>La fiscal\u00eda ha detallado que las acciones de los acusados no solo pusieron en riesgo inmediato la vida de centenares de personas que se encontraban en el lugar, sino que tambi\u00e9n causaron da\u00f1os materiales significativos. Los cargos que enfrentan incluyen incendio provocado, fraude y riesgo catastr\u00f3fico, lo que justifica las severas penas solicitadas.<\/p>\n<h3>Impacto en la Comunidad y Medidas Futuras<\/h3>\n<p>La comunidad de Murcia ha sido profundamente afectada por este suceso. No solo ha causado un luto y un shock emocional entre los ciudadanos, sino que tambi\u00e9n ha impulsado a las autoridades locales y nacionales a revisar y fortalecer las regulaciones de seguridad en lugares de ocio nocturno. Se espera que este caso sirva como un precedente para evitar que sucesos similares ocurran en el futuro.<\/p>\n<h3>Conclusiones y Expectativas del Juicio<\/h3>\n<p>A medida que el juicio avanza, la expectativa de justicia por parte de las v\u00edctimas y la sociedad en general es alta. La fiscal\u00eda ha expresado su compromiso de asegurar que los responsables enfrenten las consecuencias de sus actos y que se restablezca la confianza en las medidas de seguridad de los espacios p\u00fablicos. Este caso no solo es significativo por sus implicaciones legales, sino tambi\u00e9n por el mensaje que env\u00eda sobre la responsabilidad y la \u00e9tica en la gesti\u00f3n de negocios.<\/p>\n\n\n<div class=\"kk-star-ratings kksr-auto kksr-align-left kksr-valign-bottom\"\n    data-payload='{&quot;align&quot;:&quot;left&quot;,&quot;id&quot;:&quot;6882&quot;,&quot;slug&quot;:&quot;default&quot;,&quot;valign&quot;:&quot;bottom&quot;,&quot;ignore&quot;:&quot;&quot;,&quot;reference&quot;:&quot;auto&quot;,&quot;class&quot;:&quot;&quot;,&quot;count&quot;:&quot;0&quot;,&quot;legendonly&quot;:&quot;&quot;,&quot;readonly&quot;:&quot;&quot;,&quot;score&quot;:&quot;0&quot;,&quot;starsonly&quot;:&quot;&quot;,&quot;best&quot;:&quot;5&quot;,&quot;gap&quot;:&quot;5&quot;,&quot;greet&quot;:&quot;Valora este post&quot;,&quot;legend&quot;:&quot;0\\\/5 - (0 votes)&quot;,&quot;size&quot;:&quot;22&quot;,&quot;title&quot;:&quot;\u00a1Exclusivo! Hasta 8.5 a\u00f1os de c\u00e1rcel para acusados en el incendio de discotecas en Murcia&quot;,&quot;width&quot;:&quot;0&quot;,&quot;_legend&quot;:&quot;{score}\\\/{best} - ({count} {votes})&quot;,&quot;font_factor&quot;:&quot;1.25&quot;}'>\n            \n<div class=\"kksr-stars\">\n    \n<div class=\"kksr-stars-inactive\">\n            <div class=\"kksr-star\" data-star=\"1\" style=\"padding-right: 5px\">\n            \n\n<div class=\"kksr-icon\" style=\"width: 22px; height: 22px;\"><\/div>\n        <\/div>\n            <div class=\"kksr-star\" data-star=\"2\" style=\"padding-right: 5px\">\n            \n\n<div class=\"kksr-icon\" style=\"width: 22px; height: 22px;\"><\/div>\n        <\/div>\n            <div class=\"kksr-star\" data-star=\"3\" style=\"padding-right: 5px\">\n            \n\n<div class=\"kksr-icon\" style=\"width: 22px; height: 22px;\"><\/div>\n        <\/div>\n            <div class=\"kksr-star\" data-star=\"4\" style=\"padding-right: 5px\">\n            \n\n<div class=\"kksr-icon\" style=\"width: 22px; height: 22px;\"><\/div>\n        <\/div>\n            <div class=\"kksr-star\" data-star=\"5\" style=\"padding-right: 5px\">\n            \n\n<div class=\"kksr-icon\" style=\"width: 22px; height: 22px;\"><\/div>\n        <\/div>\n    <\/div>\n    \n<div class=\"kksr-stars-active\" style=\"width: 0px;\">\n            <div class=\"kksr-star\" style=\"padding-right: 5px\">\n            \n\n<div class=\"kksr-icon\" style=\"width: 22px; height: 22px;\"><\/div>\n        <\/div>\n            <div class=\"kksr-star\" style=\"padding-right: 5px\">\n            \n\n<div class=\"kksr-icon\" style=\"width: 22px; height: 22px;\"><\/div>\n        <\/div>\n            <div class=\"kksr-star\" style=\"padding-right: 5px\">\n            \n\n<div class=\"kksr-icon\" style=\"width: 22px; height: 22px;\"><\/div>\n        <\/div>\n            <div class=\"kksr-star\" style=\"padding-right: 5px\">\n            \n\n<div class=\"kksr-icon\" style=\"width: 22px; height: 22px;\"><\/div>\n        <\/div>\n            <div class=\"kksr-star\" style=\"padding-right: 5px\">\n            \n\n<div class=\"kksr-icon\" style=\"width: 22px; height: 22px;\"><\/div>\n        <\/div>\n    <\/div>\n<\/div>\n                \n\n<div class=\"kksr-legend\" style=\"font-size: 17.6px;\">\n            <span class=\"kksr-muted\">Valora este post<\/span>\n    <\/div>\n    <\/div>\n","protected":false},"excerpt":{"rendered":"<p>La Procuradur\u00eda Solicita Condenas de Hasta Ocho A\u00f1os y Medio para los Principales Implicados en el Incendio de Discotecas en Murcia La Procuradur\u00eda ha propuesto sanciones &#8230; <a title=\"\u00a1Exclusivo! Hasta 8.5 a\u00f1os de c\u00e1rcel para acusados en el incendio de discotecas en Murcia\" class=\"read-more\" href=\"https:\/\/www.diario21.tv\/noticias\/exclusivo-hasta-8-5-anos-de-carcel-para-acusados-en-el-incendio-de-discotecas-en-murcia\/\" aria-label=\"Leer m\u00e1s sobre \u00a1Exclusivo! Hasta 8.5 a\u00f1os de c\u00e1rcel para acusados en el incendio de discotecas en Murcia\">Seguir leyendo &rarr;<\/a><\/p>\n","protected":false},"author":20,"featured_media":6883,"comment_status":"open","ping_status":"open","sticky":false,"template":"","format":"standard","meta":{"footnotes":""},"categories":[13],"tags":[],"class_list":["post-6882","post","type-post","status-publish","format-standard","has-post-thumbnail","hentry","category-portada"],"yoast_head":"<!-- This site is optimized with the Yoast SEO plugin v25.6 - https:\/\/yoast.com\/wordpress\/plugins\/seo\/ -->\n<title>\u00a1Exclusivo! Hasta 8.5 a\u00f1os de c\u00e1rcel para acusados en el incendio de discotecas en Murcia - Diario 21<\/title>\n<meta name=\"robots\" content=\"index, follow, max-snippet:-1, max-image-preview:large, max-video-preview:-1\" \/>\n<link rel=\"canonical\" href=\"https:\/\/www.diario21.tv\/noticias\/exclusivo-hasta-8-5-anos-de-carcel-para-acusados-en-el-incendio-de-discotecas-en-murcia\/\" \/>\n<meta property=\"og:locale\" content=\"es_ES\" \/>\n<meta property=\"og:type\" content=\"article\" \/>\n<meta property=\"og:title\" content=\"\u00a1Exclusivo! Hasta 8.5 a\u00f1os de c\u00e1rcel para acusados en el incendio de discotecas en Murcia - Diario 21\" \/>\n<meta property=\"og:description\" content=\"La Procuradur\u00eda Solicita Condenas de Hasta Ocho A\u00f1os y Medio para los Principales Implicados en el Incendio de Discotecas en Murcia La Procuradur\u00eda ha propuesto sanciones ... Seguir leyendo &rarr;\" \/>\n<meta property=\"og:url\" content=\"https:\/\/www.diario21.tv\/noticias\/exclusivo-hasta-8-5-anos-de-carcel-para-acusados-en-el-incendio-de-discotecas-en-murcia\/\" \/>\n<meta property=\"og:site_name\" content=\"Diario 21\" \/>\n<meta property=\"article:published_time\" content=\"2026-04-14T17:02:36+00:00\" \/>\n<meta property=\"article:modified_time\" content=\"2026-04-14T17:02:38+00:00\" \/>\n<meta property=\"og:image\" content=\"https:\/\/www.diario21.tv\/noticias\/wp-content\/uploads\/2026\/04\/\u00a1Exclusivo-Hasta-85-anos-de-carcel-para-acusados-en-el.jpg\" \/>\n\t<meta property=\"og:image:width\" content=\"1200\" \/>\n\t<meta property=\"og:image:height\" content=\"840\" \/>\n\t<meta property=\"og:image:type\" content=\"image\/jpeg\" \/>\n<meta name=\"author\" content=\"Juan P\u00e9rez\" \/>\n<meta name=\"twitter:card\" content=\"summary_large_image\" \/>\n<meta name=\"twitter:label1\" content=\"Escrito por\" \/>\n\t<meta name=\"twitter:data1\" content=\"Juan P\u00e9rez\" \/>\n\t<meta name=\"twitter:label2\" content=\"Tiempo de lectura\" \/>\n\t<meta name=\"twitter:data2\" content=\"2 minutos\" \/>\n<script type=\"application\/ld+json\" class=\"yoast-schema-graph\">{\"@context\":\"https:\/\/schema.org\",\"@graph\":[{\"@type\":\"WebPage\",\"@id\":\"https:\/\/www.diario21.tv\/noticias\/exclusivo-hasta-8-5-anos-de-carcel-para-acusados-en-el-incendio-de-discotecas-en-murcia\/\",\"url\":\"https:\/\/www.diario21.tv\/noticias\/exclusivo-hasta-8-5-anos-de-carcel-para-acusados-en-el-incendio-de-discotecas-en-murcia\/\",\"name\":\"\u00a1Exclusivo! Hasta 8.5 a\u00f1os de c\u00e1rcel para acusados en el incendio de discotecas en Murcia - Diario 21\",\"isPartOf\":{\"@id\":\"https:\/\/www.diario21.tv\/noticias\/#website\"},\"primaryImageOfPage\":{\"@id\":\"https:\/\/www.diario21.tv\/noticias\/exclusivo-hasta-8-5-anos-de-carcel-para-acusados-en-el-incendio-de-discotecas-en-murcia\/#primaryimage\"},\"image\":{\"@id\":\"https:\/\/www.diario21.tv\/noticias\/exclusivo-hasta-8-5-anos-de-carcel-para-acusados-en-el-incendio-de-discotecas-en-murcia\/#primaryimage\"},\"thumbnailUrl\":\"https:\/\/www.diario21.tv\/noticias\/wp-content\/uploads\/2026\/04\/\u00a1Exclusivo-Hasta-85-anos-de-carcel-para-acusados-en-el.jpg\",\"datePublished\":\"2026-04-14T17:02:36+00:00\",\"dateModified\":\"2026-04-14T17:02:38+00:00\",\"author\":{\"@id\":\"https:\/\/www.diario21.tv\/noticias\/#\/schema\/person\/dfb778f73814d8f09f302618446a526b\"},\"breadcrumb\":{\"@id\":\"https:\/\/www.diario21.tv\/noticias\/exclusivo-hasta-8-5-anos-de-carcel-para-acusados-en-el-incendio-de-discotecas-en-murcia\/#breadcrumb\"},\"inLanguage\":\"es-AR\",\"potentialAction\":[{\"@type\":\"ReadAction\",\"target\":[\"https:\/\/www.diario21.tv\/noticias\/exclusivo-hasta-8-5-anos-de-carcel-para-acusados-en-el-incendio-de-discotecas-en-murcia\/\"]}]},{\"@type\":\"ImageObject\",\"inLanguage\":\"es-AR\",\"@id\":\"https:\/\/www.diario21.tv\/noticias\/exclusivo-hasta-8-5-anos-de-carcel-para-acusados-en-el-incendio-de-discotecas-en-murcia\/#primaryimage\",\"url\":\"https:\/\/www.diario21.tv\/noticias\/wp-content\/uploads\/2026\/04\/\u00a1Exclusivo-Hasta-85-anos-de-carcel-para-acusados-en-el.jpg\",\"contentUrl\":\"https:\/\/www.diario21.tv\/noticias\/wp-content\/uploads\/2026\/04\/\u00a1Exclusivo-Hasta-85-anos-de-carcel-para-acusados-en-el.jpg\",\"width\":1200,\"height\":840,\"caption\":\"La Fiscal\u00eda pide penas de hasta ocho a\u00f1os y medio a los principales acusados del incendio de las discotecas en Murcia\"},{\"@type\":\"BreadcrumbList\",\"@id\":\"https:\/\/www.diario21.tv\/noticias\/exclusivo-hasta-8-5-anos-de-carcel-para-acusados-en-el-incendio-de-discotecas-en-murcia\/#breadcrumb\",\"itemListElement\":[{\"@type\":\"ListItem\",\"position\":1,\"name\":\"Accueil\",\"item\":\"https:\/\/www.diario21.tv\/noticias\/\"},{\"@type\":\"ListItem\",\"position\":2,\"name\":\"\u00a1Exclusivo! Hasta 8.5 a\u00f1os de c\u00e1rcel para acusados en el incendio de discotecas en Murcia\"}]},{\"@type\":\"WebSite\",\"@id\":\"https:\/\/www.diario21.tv\/noticias\/#website\",\"url\":\"https:\/\/www.diario21.tv\/noticias\/\",\"name\":\"Diario 21\",\"description\":\"\",\"potentialAction\":[{\"@type\":\"SearchAction\",\"target\":{\"@type\":\"EntryPoint\",\"urlTemplate\":\"https:\/\/www.diario21.tv\/noticias\/?s={search_term_string}\"},\"query-input\":{\"@type\":\"PropertyValueSpecification\",\"valueRequired\":true,\"valueName\":\"search_term_string\"}}],\"inLanguage\":\"es-AR\"},{\"@type\":\"Person\",\"@id\":\"https:\/\/www.diario21.tv\/noticias\/#\/schema\/person\/dfb778f73814d8f09f302618446a526b\",\"name\":\"Juan P\u00e9rez\",\"image\":{\"@type\":\"ImageObject\",\"inLanguage\":\"es-AR\",\"@id\":\"https:\/\/www.diario21.tv\/noticias\/#\/schema\/person\/image\/\",\"url\":\"https:\/\/secure.gravatar.com\/avatar\/c478a405bd10621167f4c3167cc770f5?s=96&d=mm&r=g\",\"contentUrl\":\"https:\/\/secure.gravatar.com\/avatar\/c478a405bd10621167f4c3167cc770f5?s=96&d=mm&r=g\",\"caption\":\"Juan P\u00e9rez\"},\"description\":\"Juan P\u00e9rez es el redactor en jefe de Diario 21. Con m\u00e1s de 10 a\u00f1os de experiencia en el periodismo, se especializa en pol\u00edtica nacional y an\u00e1lisis socioecon\u00f3mico. Su enfoque cr\u00edtico y riguroso aporta una perspectiva \u00fanica a cada art\u00edculo.\",\"sameAs\":[\"https:\/\/www.diario21.tv\/noticias\/\"],\"url\":\"https:\/\/www.diario21.tv\/noticias\/author\/juan-perez\/\"}]}<\/script>\n<!-- \/ Yoast SEO plugin. -->","yoast_head_json":{"title":"\u00a1Exclusivo! Hasta 8.5 a\u00f1os de c\u00e1rcel para acusados en el incendio de discotecas en Murcia - Diario 21","robots":{"index":"index","follow":"follow","max-snippet":"max-snippet:-1","max-image-preview":"max-image-preview:large","max-video-preview":"max-video-preview:-1"},"canonical":"https:\/\/www.diario21.tv\/noticias\/exclusivo-hasta-8-5-anos-de-carcel-para-acusados-en-el-incendio-de-discotecas-en-murcia\/","og_locale":"es_ES","og_type":"article","og_title":"\u00a1Exclusivo! Hasta 8.5 a\u00f1os de c\u00e1rcel para acusados en el incendio de discotecas en Murcia - Diario 21","og_description":"La Procuradur\u00eda Solicita Condenas de Hasta Ocho A\u00f1os y Medio para los Principales Implicados en el Incendio de Discotecas en Murcia La Procuradur\u00eda ha propuesto sanciones ... Seguir leyendo &rarr;","og_url":"https:\/\/www.diario21.tv\/noticias\/exclusivo-hasta-8-5-anos-de-carcel-para-acusados-en-el-incendio-de-discotecas-en-murcia\/","og_site_name":"Diario 21","article_published_time":"2026-04-14T17:02:36+00:00","article_modified_time":"2026-04-14T17:02:38+00:00","og_image":[{"width":1200,"height":840,"url":"https:\/\/www.diario21.tv\/noticias\/wp-content\/uploads\/2026\/04\/\u00a1Exclusivo-Hasta-85-anos-de-carcel-para-acusados-en-el.jpg","type":"image\/jpeg"}],"author":"Juan P\u00e9rez","twitter_card":"summary_large_image","twitter_misc":{"Escrito por":"Juan P\u00e9rez","Tiempo de lectura":"2 minutos"},"schema":{"@context":"https:\/\/schema.org","@graph":[{"@type":"WebPage","@id":"https:\/\/www.diario21.tv\/noticias\/exclusivo-hasta-8-5-anos-de-carcel-para-acusados-en-el-incendio-de-discotecas-en-murcia\/","url":"https:\/\/www.diario21.tv\/noticias\/exclusivo-hasta-8-5-anos-de-carcel-para-acusados-en-el-incendio-de-discotecas-en-murcia\/","name":"\u00a1Exclusivo! Hasta 8.5 a\u00f1os de c\u00e1rcel para acusados en el incendio de discotecas en Murcia - Diario 21","isPartOf":{"@id":"https:\/\/www.diario21.tv\/noticias\/#website"},"primaryImageOfPage":{"@id":"https:\/\/www.diario21.tv\/noticias\/exclusivo-hasta-8-5-anos-de-carcel-para-acusados-en-el-incendio-de-discotecas-en-murcia\/#primaryimage"},"image":{"@id":"https:\/\/www.diario21.tv\/noticias\/exclusivo-hasta-8-5-anos-de-carcel-para-acusados-en-el-incendio-de-discotecas-en-murcia\/#primaryimage"},"thumbnailUrl":"https:\/\/www.diario21.tv\/noticias\/wp-content\/uploads\/2026\/04\/\u00a1Exclusivo-Hasta-85-anos-de-carcel-para-acusados-en-el.jpg","datePublished":"2026-04-14T17:02:36+00:00","dateModified":"2026-04-14T17:02:38+00:00","author":{"@id":"https:\/\/www.diario21.tv\/noticias\/#\/schema\/person\/dfb778f73814d8f09f302618446a526b"},"breadcrumb":{"@id":"https:\/\/www.diario21.tv\/noticias\/exclusivo-hasta-8-5-anos-de-carcel-para-acusados-en-el-incendio-de-discotecas-en-murcia\/#breadcrumb"},"inLanguage":"es-AR","potentialAction":[{"@type":"ReadAction","target":["https:\/\/www.diario21.tv\/noticias\/exclusivo-hasta-8-5-anos-de-carcel-para-acusados-en-el-incendio-de-discotecas-en-murcia\/"]}]},{"@type":"ImageObject","inLanguage":"es-AR","@id":"https:\/\/www.diario21.tv\/noticias\/exclusivo-hasta-8-5-anos-de-carcel-para-acusados-en-el-incendio-de-discotecas-en-murcia\/#primaryimage","url":"https:\/\/www.diario21.tv\/noticias\/wp-content\/uploads\/2026\/04\/\u00a1Exclusivo-Hasta-85-anos-de-carcel-para-acusados-en-el.jpg","contentUrl":"https:\/\/www.diario21.tv\/noticias\/wp-content\/uploads\/2026\/04\/\u00a1Exclusivo-Hasta-85-anos-de-carcel-para-acusados-en-el.jpg","width":1200,"height":840,"caption":"La Fiscal\u00eda pide penas de hasta ocho a\u00f1os y medio a los principales acusados del incendio de las discotecas en Murcia"},{"@type":"BreadcrumbList","@id":"https:\/\/www.diario21.tv\/noticias\/exclusivo-hasta-8-5-anos-de-carcel-para-acusados-en-el-incendio-de-discotecas-en-murcia\/#breadcrumb","itemListElement":[{"@type":"ListItem","position":1,"name":"Accueil","item":"https:\/\/www.diario21.tv\/noticias\/"},{"@type":"ListItem","position":2,"name":"\u00a1Exclusivo! Hasta 8.5 a\u00f1os de c\u00e1rcel para acusados en el incendio de discotecas en Murcia"}]},{"@type":"WebSite","@id":"https:\/\/www.diario21.tv\/noticias\/#website","url":"https:\/\/www.diario21.tv\/noticias\/","name":"Diario 21","description":"","potentialAction":[{"@type":"SearchAction","target":{"@type":"EntryPoint","urlTemplate":"https:\/\/www.diario21.tv\/noticias\/?s={search_term_string}"},"query-input":{"@type":"PropertyValueSpecification","valueRequired":true,"valueName":"search_term_string"}}],"inLanguage":"es-AR"},{"@type":"Person","@id":"https:\/\/www.diario21.tv\/noticias\/#\/schema\/person\/dfb778f73814d8f09f302618446a526b","name":"Juan P\u00e9rez","image":{"@type":"ImageObject","inLanguage":"es-AR","@id":"https:\/\/www.diario21.tv\/noticias\/#\/schema\/person\/image\/","url":"https:\/\/secure.gravatar.com\/avatar\/c478a405bd10621167f4c3167cc770f5?s=96&d=mm&r=g","contentUrl":"https:\/\/secure.gravatar.com\/avatar\/c478a405bd10621167f4c3167cc770f5?s=96&d=mm&r=g","caption":"Juan P\u00e9rez"},"description":"Juan P\u00e9rez es el redactor en jefe de Diario 21. Con m\u00e1s de 10 a\u00f1os de experiencia en el periodismo, se especializa en pol\u00edtica nacional y an\u00e1lisis socioecon\u00f3mico. Su enfoque cr\u00edtico y riguroso aporta una perspectiva \u00fanica a cada art\u00edculo.","sameAs":["https:\/\/www.diario21.tv\/noticias\/"],"url":"https:\/\/www.diario21.tv\/noticias\/author\/juan-perez\/"}]}},"_links":{"self":[{"href":"https:\/\/www.diario21.tv\/noticias\/wp-json\/wp\/v2\/posts\/6882"}],"collection":[{"href":"https:\/\/www.diario21.tv\/noticias\/wp-json\/wp\/v2\/posts"}],"about":[{"href":"https:\/\/www.diario21.tv\/noticias\/wp-json\/wp\/v2\/types\/post"}],"author":[{"embeddable":true,"href":"https:\/\/www.diario21.tv\/noticias\/wp-json\/wp\/v2\/users\/20"}],"replies":[{"embeddable":true,"href":"https:\/\/www.diario21.tv\/noticias\/wp-json\/wp\/v2\/comments?post=6882"}],"version-history":[{"count":1,"href":"https:\/\/www.diario21.tv\/noticias\/wp-json\/wp\/v2\/posts\/6882\/revisions"}],"predecessor-version":[{"id":6884,"href":"https:\/\/www.diario21.tv\/noticias\/wp-json\/wp\/v2\/posts\/6882\/revisions\/6884"}],"wp:featuredmedia":[{"embeddable":true,"href":"https:\/\/www.diario21.tv\/noticias\/wp-json\/wp\/v2\/media\/6883"}],"wp:attachment":[{"href":"https:\/\/www.diario21.tv\/noticias\/wp-json\/wp\/v2\/media?parent=6882"}],"wp:term":[{"taxonomy":"category","embeddable":true,"href":"https:\/\/www.diario21.tv\/noticias\/wp-json\/wp\/v2\/categories?post=6882"},{"taxonomy":"post_tag","embeddable":true,"href":"https:\/\/www.diario21.tv\/noticias\/wp-json\/wp\/v2\/tags?post=6882"}],"curies":[{"name":"wp","href":"https:\/\/api.w.org\/{rel}","templated":true}]}}