{"id":6861,"date":"2026-04-12T16:42:25","date_gmt":"2026-04-12T16:42:25","guid":{"rendered":"https:\/\/www.diario21.tv\/noticias\/atencion-beneficiarios-del-ingreso-minimo-vital-obligatorio-declarar-la-renta-2025\/"},"modified":"2026-04-12T16:42:26","modified_gmt":"2026-04-12T16:42:26","slug":"atencion-beneficiarios-del-ingreso-minimo-vital-obligatorio-declarar-la-renta-2025","status":"publish","type":"post","link":"https:\/\/www.diario21.tv\/noticias\/atencion-beneficiarios-del-ingreso-minimo-vital-obligatorio-declarar-la-renta-2025\/","title":{"rendered":"\u00a1Atenci\u00f3n beneficiarios del Ingreso M\u00ednimo Vital! Obligatorio declarar la renta 2025"},"content":{"rendered":"<h2>Recordatorio de la Seguridad Social sobre la Obligaci\u00f3n de Declaraci\u00f3n de Impuestos para Beneficiarios del Ingreso M\u00ednimo Vital<\/h2>\n<p>La Seguridad Social ha emitido un comunicado urgente dirigido a todos los receptores del Ingreso M\u00ednimo Vital (IMV), record\u00e1ndoles la necesidad de cumplir con su obligaci\u00f3n fiscal presentando la declaraci\u00f3n de la renta del a\u00f1o 2025. Este aviso subraya la importancia de mantener al d\u00eda las obligaciones tributarias para continuar benefici\u00e1ndose de este apoyo econ\u00f3mico.<\/p>\n<h3>Detalles sobre la Obligaci\u00f3n Fiscal<\/h3>\n<p>Acorde con las normativas vigentes, las personas que reciben el Ingreso M\u00ednimo Vital deben declarar sus ingresos anuales a la Agencia Tributaria. Este proceso es esencial no solo para ajustar los pagos y beneficios de acuerdo con los ingresos reales de cada beneficiario, sino tambi\u00e9n para garantizar la transparencia y correcta distribuci\u00f3n de los recursos p\u00fablicos.<\/p>\n<p>La declaraci\u00f3n de la renta correspondiente al a\u00f1o 2025 debe ser presentada dentro del per\u00edodo oficial de declaraci\u00f3n, que habitualmente se abre en abril y finaliza en junio de cada a\u00f1o. Es crucial que los beneficiarios est\u00e9n atentos a las fechas espec\u00edficas, que ser\u00e1n anunciadas por la Agencia Tributaria a principios de cada per\u00edodo fiscal.<\/p>\n<h3>Consecuencias de no Cumplir con la Declaraci\u00f3n<\/h3>\n<p>La falta de presentaci\u00f3n de la declaraci\u00f3n de renta puede conllevar una serie de consecuencias adversas para los beneficiarios del IMV. Entre estas, la m\u00e1s significativa es la posible suspensi\u00f3n del pago del Ingreso M\u00ednimo Vital. Adem\u00e1s, se pueden imponer sanciones y recargos por la falta de cumplimiento, incrementando la carga financiera para los afectados.<\/p>\n<p>Es vital que los beneficiarios del IMV se asesoren adecuadamente, ya sea mediante consultas con la Agencia Tributaria o a trav\u00e9s de asistentes sociales que pueden proporcionar orientaci\u00f3n sobre c\u00f3mo cumplir correctamente con todas las obligaciones fiscales.<\/p>\n<h3>Recursos y Ayuda Disponible<\/h3>\n<p>Para facilitar el proceso a los beneficiarios del IMV, la Seguridad Social y la Agencia Tributaria ofrecen diversos recursos. En sus sitios web se pueden encontrar gu\u00edas detalladas y pasos a seguir para la presentaci\u00f3n de la declaraci\u00f3n de la renta. Adem\u00e1s, estas entidades proporcionan programas de ayuda y asesoramiento gratuito para quienes necesiten asistencia adicional durante el proceso.<\/p>\n<p>Se recomienda a todos los beneficiarios del Ingreso M\u00ednimo Vital que tomen nota de este recordatorio y realicen su declaraci\u00f3n de la renta dentro del plazo establecido para evitar inconvenientes y garantizar la continuidad de su ayuda econ\u00f3mica.<\/p>\n\n\n<div class=\"kk-star-ratings kksr-auto kksr-align-left kksr-valign-bottom\"\n    data-payload='{&quot;align&quot;:&quot;left&quot;,&quot;id&quot;:&quot;6861&quot;,&quot;slug&quot;:&quot;default&quot;,&quot;valign&quot;:&quot;bottom&quot;,&quot;ignore&quot;:&quot;&quot;,&quot;reference&quot;:&quot;auto&quot;,&quot;class&quot;:&quot;&quot;,&quot;count&quot;:&quot;0&quot;,&quot;legendonly&quot;:&quot;&quot;,&quot;readonly&quot;:&quot;&quot;,&quot;score&quot;:&quot;0&quot;,&quot;starsonly&quot;:&quot;&quot;,&quot;best&quot;:&quot;5&quot;,&quot;gap&quot;:&quot;5&quot;,&quot;greet&quot;:&quot;Valora este post&quot;,&quot;legend&quot;:&quot;0\\\/5 - (0 votes)&quot;,&quot;size&quot;:&quot;22&quot;,&quot;title&quot;:&quot;\u00a1Atenci\u00f3n beneficiarios del Ingreso M\u00ednimo Vital! Obligatorio declarar la renta 2025&quot;,&quot;width&quot;:&quot;0&quot;,&quot;_legend&quot;:&quot;{score}\\\/{best} - ({count} {votes})&quot;,&quot;font_factor&quot;:&quot;1.25&quot;}'>\n            \n<div class=\"kksr-stars\">\n    \n<div class=\"kksr-stars-inactive\">\n            <div class=\"kksr-star\" data-star=\"1\" style=\"padding-right: 5px\">\n            \n\n<div class=\"kksr-icon\" style=\"width: 22px; height: 22px;\"><\/div>\n        <\/div>\n            <div class=\"kksr-star\" data-star=\"2\" style=\"padding-right: 5px\">\n            \n\n<div class=\"kksr-icon\" style=\"width: 22px; height: 22px;\"><\/div>\n        <\/div>\n            <div class=\"kksr-star\" data-star=\"3\" style=\"padding-right: 5px\">\n            \n\n<div class=\"kksr-icon\" style=\"width: 22px; height: 22px;\"><\/div>\n        <\/div>\n            <div class=\"kksr-star\" data-star=\"4\" style=\"padding-right: 5px\">\n            \n\n<div class=\"kksr-icon\" style=\"width: 22px; height: 22px;\"><\/div>\n        <\/div>\n            <div class=\"kksr-star\" data-star=\"5\" style=\"padding-right: 5px\">\n            \n\n<div class=\"kksr-icon\" style=\"width: 22px; height: 22px;\"><\/div>\n        <\/div>\n    <\/div>\n    \n<div class=\"kksr-stars-active\" style=\"width: 0px;\">\n            <div class=\"kksr-star\" style=\"padding-right: 5px\">\n            \n\n<div class=\"kksr-icon\" style=\"width: 22px; height: 22px;\"><\/div>\n        <\/div>\n            <div class=\"kksr-star\" style=\"padding-right: 5px\">\n            \n\n<div class=\"kksr-icon\" style=\"width: 22px; height: 22px;\"><\/div>\n        <\/div>\n            <div class=\"kksr-star\" style=\"padding-right: 5px\">\n            \n\n<div class=\"kksr-icon\" style=\"width: 22px; height: 22px;\"><\/div>\n        <\/div>\n            <div class=\"kksr-star\" style=\"padding-right: 5px\">\n            \n\n<div class=\"kksr-icon\" style=\"width: 22px; height: 22px;\"><\/div>\n        <\/div>\n            <div class=\"kksr-star\" style=\"padding-right: 5px\">\n            \n\n<div class=\"kksr-icon\" style=\"width: 22px; height: 22px;\"><\/div>\n        <\/div>\n    <\/div>\n<\/div>\n                \n\n<div class=\"kksr-legend\" style=\"font-size: 17.6px;\">\n            <span class=\"kksr-muted\">Valora este post<\/span>\n    <\/div>\n    <\/div>\n","protected":false},"excerpt":{"rendered":"<p>Recordatorio de la Seguridad Social sobre la Obligaci\u00f3n de Declaraci\u00f3n de Impuestos para Beneficiarios del Ingreso M\u00ednimo Vital La Seguridad Social ha emitido un comunicado urgente &#8230; <a title=\"\u00a1Atenci\u00f3n beneficiarios del Ingreso M\u00ednimo Vital! Obligatorio declarar la renta 2025\" class=\"read-more\" href=\"https:\/\/www.diario21.tv\/noticias\/atencion-beneficiarios-del-ingreso-minimo-vital-obligatorio-declarar-la-renta-2025\/\" aria-label=\"Leer m\u00e1s sobre \u00a1Atenci\u00f3n beneficiarios del Ingreso M\u00ednimo Vital! Obligatorio declarar la renta 2025\">Seguir leyendo &rarr;<\/a><\/p>\n","protected":false},"author":20,"featured_media":6862,"comment_status":"open","ping_status":"open","sticky":false,"template":"","format":"standard","meta":{"footnotes":""},"categories":[13],"tags":[],"class_list":["post-6861","post","type-post","status-publish","format-standard","has-post-thumbnail","hentry","category-portada"],"yoast_head":"<!-- This site is optimized with the Yoast SEO plugin v25.6 - https:\/\/yoast.com\/wordpress\/plugins\/seo\/ -->\n<title>\u00a1Atenci\u00f3n beneficiarios del Ingreso M\u00ednimo Vital! Obligatorio declarar la renta 2025 - Diario 21<\/title>\n<meta name=\"robots\" content=\"index, follow, max-snippet:-1, max-image-preview:large, max-video-preview:-1\" \/>\n<link rel=\"canonical\" href=\"https:\/\/www.diario21.tv\/noticias\/atencion-beneficiarios-del-ingreso-minimo-vital-obligatorio-declarar-la-renta-2025\/\" \/>\n<meta property=\"og:locale\" content=\"es_ES\" \/>\n<meta property=\"og:type\" content=\"article\" \/>\n<meta property=\"og:title\" content=\"\u00a1Atenci\u00f3n beneficiarios del Ingreso M\u00ednimo Vital! Obligatorio declarar la renta 2025 - Diario 21\" \/>\n<meta property=\"og:description\" content=\"Recordatorio de la Seguridad Social sobre la Obligaci\u00f3n de Declaraci\u00f3n de Impuestos para Beneficiarios del Ingreso M\u00ednimo Vital La Seguridad Social ha emitido un comunicado urgente ... Seguir leyendo &rarr;\" \/>\n<meta property=\"og:url\" content=\"https:\/\/www.diario21.tv\/noticias\/atencion-beneficiarios-del-ingreso-minimo-vital-obligatorio-declarar-la-renta-2025\/\" \/>\n<meta property=\"og:site_name\" content=\"Diario 21\" \/>\n<meta property=\"article:published_time\" content=\"2026-04-12T16:42:25+00:00\" \/>\n<meta property=\"article:modified_time\" content=\"2026-04-12T16:42:26+00:00\" \/>\n<meta property=\"og:image\" content=\"https:\/\/www.diario21.tv\/noticias\/wp-content\/uploads\/2026\/04\/\u00a1Atencion-beneficiarios-del-Ingreso-Minimo-Vital-Obligatorio-declarar-la-renta.jpg\" \/>\n\t<meta property=\"og:image:width\" content=\"1200\" \/>\n\t<meta property=\"og:image:height\" content=\"840\" \/>\n\t<meta property=\"og:image:type\" content=\"image\/jpeg\" \/>\n<meta name=\"author\" content=\"Juan P\u00e9rez\" \/>\n<meta name=\"twitter:card\" content=\"summary_large_image\" \/>\n<meta name=\"twitter:label1\" content=\"Escrito por\" \/>\n\t<meta name=\"twitter:data1\" content=\"Juan P\u00e9rez\" \/>\n\t<meta name=\"twitter:label2\" content=\"Tiempo de lectura\" \/>\n\t<meta name=\"twitter:data2\" content=\"2 minutos\" \/>\n<script type=\"application\/ld+json\" class=\"yoast-schema-graph\">{\"@context\":\"https:\/\/schema.org\",\"@graph\":[{\"@type\":\"WebPage\",\"@id\":\"https:\/\/www.diario21.tv\/noticias\/atencion-beneficiarios-del-ingreso-minimo-vital-obligatorio-declarar-la-renta-2025\/\",\"url\":\"https:\/\/www.diario21.tv\/noticias\/atencion-beneficiarios-del-ingreso-minimo-vital-obligatorio-declarar-la-renta-2025\/\",\"name\":\"\u00a1Atenci\u00f3n beneficiarios del Ingreso M\u00ednimo Vital! Obligatorio declarar la renta 2025 - Diario 21\",\"isPartOf\":{\"@id\":\"https:\/\/www.diario21.tv\/noticias\/#website\"},\"primaryImageOfPage\":{\"@id\":\"https:\/\/www.diario21.tv\/noticias\/atencion-beneficiarios-del-ingreso-minimo-vital-obligatorio-declarar-la-renta-2025\/#primaryimage\"},\"image\":{\"@id\":\"https:\/\/www.diario21.tv\/noticias\/atencion-beneficiarios-del-ingreso-minimo-vital-obligatorio-declarar-la-renta-2025\/#primaryimage\"},\"thumbnailUrl\":\"https:\/\/www.diario21.tv\/noticias\/wp-content\/uploads\/2026\/04\/\u00a1Atencion-beneficiarios-del-Ingreso-Minimo-Vital-Obligatorio-declarar-la-renta.jpg\",\"datePublished\":\"2026-04-12T16:42:25+00:00\",\"dateModified\":\"2026-04-12T16:42:26+00:00\",\"author\":{\"@id\":\"https:\/\/www.diario21.tv\/noticias\/#\/schema\/person\/dfb778f73814d8f09f302618446a526b\"},\"breadcrumb\":{\"@id\":\"https:\/\/www.diario21.tv\/noticias\/atencion-beneficiarios-del-ingreso-minimo-vital-obligatorio-declarar-la-renta-2025\/#breadcrumb\"},\"inLanguage\":\"es-AR\",\"potentialAction\":[{\"@type\":\"ReadAction\",\"target\":[\"https:\/\/www.diario21.tv\/noticias\/atencion-beneficiarios-del-ingreso-minimo-vital-obligatorio-declarar-la-renta-2025\/\"]}]},{\"@type\":\"ImageObject\",\"inLanguage\":\"es-AR\",\"@id\":\"https:\/\/www.diario21.tv\/noticias\/atencion-beneficiarios-del-ingreso-minimo-vital-obligatorio-declarar-la-renta-2025\/#primaryimage\",\"url\":\"https:\/\/www.diario21.tv\/noticias\/wp-content\/uploads\/2026\/04\/\u00a1Atencion-beneficiarios-del-Ingreso-Minimo-Vital-Obligatorio-declarar-la-renta.jpg\",\"contentUrl\":\"https:\/\/www.diario21.tv\/noticias\/wp-content\/uploads\/2026\/04\/\u00a1Atencion-beneficiarios-del-Ingreso-Minimo-Vital-Obligatorio-declarar-la-renta.jpg\",\"width\":1200,\"height\":840,\"caption\":\"La Seguridad Social recuerda a los beneficiarios del Ingreso M\u00ednimo Vital que est\u00e1n obligados a presentar la declaraci\u00f3n de la renta 2025\"},{\"@type\":\"BreadcrumbList\",\"@id\":\"https:\/\/www.diario21.tv\/noticias\/atencion-beneficiarios-del-ingreso-minimo-vital-obligatorio-declarar-la-renta-2025\/#breadcrumb\",\"itemListElement\":[{\"@type\":\"ListItem\",\"position\":1,\"name\":\"Accueil\",\"item\":\"https:\/\/www.diario21.tv\/noticias\/\"},{\"@type\":\"ListItem\",\"position\":2,\"name\":\"\u00a1Atenci\u00f3n beneficiarios del Ingreso M\u00ednimo Vital! Obligatorio declarar la renta 2025\"}]},{\"@type\":\"WebSite\",\"@id\":\"https:\/\/www.diario21.tv\/noticias\/#website\",\"url\":\"https:\/\/www.diario21.tv\/noticias\/\",\"name\":\"Diario 21\",\"description\":\"\",\"potentialAction\":[{\"@type\":\"SearchAction\",\"target\":{\"@type\":\"EntryPoint\",\"urlTemplate\":\"https:\/\/www.diario21.tv\/noticias\/?s={search_term_string}\"},\"query-input\":{\"@type\":\"PropertyValueSpecification\",\"valueRequired\":true,\"valueName\":\"search_term_string\"}}],\"inLanguage\":\"es-AR\"},{\"@type\":\"Person\",\"@id\":\"https:\/\/www.diario21.tv\/noticias\/#\/schema\/person\/dfb778f73814d8f09f302618446a526b\",\"name\":\"Juan P\u00e9rez\",\"image\":{\"@type\":\"ImageObject\",\"inLanguage\":\"es-AR\",\"@id\":\"https:\/\/www.diario21.tv\/noticias\/#\/schema\/person\/image\/\",\"url\":\"https:\/\/secure.gravatar.com\/avatar\/c478a405bd10621167f4c3167cc770f5?s=96&d=mm&r=g\",\"contentUrl\":\"https:\/\/secure.gravatar.com\/avatar\/c478a405bd10621167f4c3167cc770f5?s=96&d=mm&r=g\",\"caption\":\"Juan P\u00e9rez\"},\"description\":\"Juan P\u00e9rez es el redactor en jefe de Diario 21. Con m\u00e1s de 10 a\u00f1os de experiencia en el periodismo, se especializa en pol\u00edtica nacional y an\u00e1lisis socioecon\u00f3mico. Su enfoque cr\u00edtico y riguroso aporta una perspectiva \u00fanica a cada art\u00edculo.\",\"sameAs\":[\"https:\/\/www.diario21.tv\/noticias\/\"],\"url\":\"https:\/\/www.diario21.tv\/noticias\/author\/juan-perez\/\"}]}<\/script>\n<!-- \/ Yoast SEO plugin. -->","yoast_head_json":{"title":"\u00a1Atenci\u00f3n beneficiarios del Ingreso M\u00ednimo Vital! Obligatorio declarar la renta 2025 - Diario 21","robots":{"index":"index","follow":"follow","max-snippet":"max-snippet:-1","max-image-preview":"max-image-preview:large","max-video-preview":"max-video-preview:-1"},"canonical":"https:\/\/www.diario21.tv\/noticias\/atencion-beneficiarios-del-ingreso-minimo-vital-obligatorio-declarar-la-renta-2025\/","og_locale":"es_ES","og_type":"article","og_title":"\u00a1Atenci\u00f3n beneficiarios del Ingreso M\u00ednimo Vital! Obligatorio declarar la renta 2025 - Diario 21","og_description":"Recordatorio de la Seguridad Social sobre la Obligaci\u00f3n de Declaraci\u00f3n de Impuestos para Beneficiarios del Ingreso M\u00ednimo Vital La Seguridad Social ha emitido un comunicado urgente ... Seguir leyendo &rarr;","og_url":"https:\/\/www.diario21.tv\/noticias\/atencion-beneficiarios-del-ingreso-minimo-vital-obligatorio-declarar-la-renta-2025\/","og_site_name":"Diario 21","article_published_time":"2026-04-12T16:42:25+00:00","article_modified_time":"2026-04-12T16:42:26+00:00","og_image":[{"width":1200,"height":840,"url":"https:\/\/www.diario21.tv\/noticias\/wp-content\/uploads\/2026\/04\/\u00a1Atencion-beneficiarios-del-Ingreso-Minimo-Vital-Obligatorio-declarar-la-renta.jpg","type":"image\/jpeg"}],"author":"Juan P\u00e9rez","twitter_card":"summary_large_image","twitter_misc":{"Escrito por":"Juan P\u00e9rez","Tiempo de lectura":"2 minutos"},"schema":{"@context":"https:\/\/schema.org","@graph":[{"@type":"WebPage","@id":"https:\/\/www.diario21.tv\/noticias\/atencion-beneficiarios-del-ingreso-minimo-vital-obligatorio-declarar-la-renta-2025\/","url":"https:\/\/www.diario21.tv\/noticias\/atencion-beneficiarios-del-ingreso-minimo-vital-obligatorio-declarar-la-renta-2025\/","name":"\u00a1Atenci\u00f3n beneficiarios del Ingreso M\u00ednimo Vital! Obligatorio declarar la renta 2025 - Diario 21","isPartOf":{"@id":"https:\/\/www.diario21.tv\/noticias\/#website"},"primaryImageOfPage":{"@id":"https:\/\/www.diario21.tv\/noticias\/atencion-beneficiarios-del-ingreso-minimo-vital-obligatorio-declarar-la-renta-2025\/#primaryimage"},"image":{"@id":"https:\/\/www.diario21.tv\/noticias\/atencion-beneficiarios-del-ingreso-minimo-vital-obligatorio-declarar-la-renta-2025\/#primaryimage"},"thumbnailUrl":"https:\/\/www.diario21.tv\/noticias\/wp-content\/uploads\/2026\/04\/\u00a1Atencion-beneficiarios-del-Ingreso-Minimo-Vital-Obligatorio-declarar-la-renta.jpg","datePublished":"2026-04-12T16:42:25+00:00","dateModified":"2026-04-12T16:42:26+00:00","author":{"@id":"https:\/\/www.diario21.tv\/noticias\/#\/schema\/person\/dfb778f73814d8f09f302618446a526b"},"breadcrumb":{"@id":"https:\/\/www.diario21.tv\/noticias\/atencion-beneficiarios-del-ingreso-minimo-vital-obligatorio-declarar-la-renta-2025\/#breadcrumb"},"inLanguage":"es-AR","potentialAction":[{"@type":"ReadAction","target":["https:\/\/www.diario21.tv\/noticias\/atencion-beneficiarios-del-ingreso-minimo-vital-obligatorio-declarar-la-renta-2025\/"]}]},{"@type":"ImageObject","inLanguage":"es-AR","@id":"https:\/\/www.diario21.tv\/noticias\/atencion-beneficiarios-del-ingreso-minimo-vital-obligatorio-declarar-la-renta-2025\/#primaryimage","url":"https:\/\/www.diario21.tv\/noticias\/wp-content\/uploads\/2026\/04\/\u00a1Atencion-beneficiarios-del-Ingreso-Minimo-Vital-Obligatorio-declarar-la-renta.jpg","contentUrl":"https:\/\/www.diario21.tv\/noticias\/wp-content\/uploads\/2026\/04\/\u00a1Atencion-beneficiarios-del-Ingreso-Minimo-Vital-Obligatorio-declarar-la-renta.jpg","width":1200,"height":840,"caption":"La Seguridad Social recuerda a los beneficiarios del Ingreso M\u00ednimo Vital que est\u00e1n obligados a presentar la declaraci\u00f3n de la renta 2025"},{"@type":"BreadcrumbList","@id":"https:\/\/www.diario21.tv\/noticias\/atencion-beneficiarios-del-ingreso-minimo-vital-obligatorio-declarar-la-renta-2025\/#breadcrumb","itemListElement":[{"@type":"ListItem","position":1,"name":"Accueil","item":"https:\/\/www.diario21.tv\/noticias\/"},{"@type":"ListItem","position":2,"name":"\u00a1Atenci\u00f3n beneficiarios del Ingreso M\u00ednimo Vital! Obligatorio declarar la renta 2025"}]},{"@type":"WebSite","@id":"https:\/\/www.diario21.tv\/noticias\/#website","url":"https:\/\/www.diario21.tv\/noticias\/","name":"Diario 21","description":"","potentialAction":[{"@type":"SearchAction","target":{"@type":"EntryPoint","urlTemplate":"https:\/\/www.diario21.tv\/noticias\/?s={search_term_string}"},"query-input":{"@type":"PropertyValueSpecification","valueRequired":true,"valueName":"search_term_string"}}],"inLanguage":"es-AR"},{"@type":"Person","@id":"https:\/\/www.diario21.tv\/noticias\/#\/schema\/person\/dfb778f73814d8f09f302618446a526b","name":"Juan P\u00e9rez","image":{"@type":"ImageObject","inLanguage":"es-AR","@id":"https:\/\/www.diario21.tv\/noticias\/#\/schema\/person\/image\/","url":"https:\/\/secure.gravatar.com\/avatar\/c478a405bd10621167f4c3167cc770f5?s=96&d=mm&r=g","contentUrl":"https:\/\/secure.gravatar.com\/avatar\/c478a405bd10621167f4c3167cc770f5?s=96&d=mm&r=g","caption":"Juan P\u00e9rez"},"description":"Juan P\u00e9rez es el redactor en jefe de Diario 21. Con m\u00e1s de 10 a\u00f1os de experiencia en el periodismo, se especializa en pol\u00edtica nacional y an\u00e1lisis socioecon\u00f3mico. Su enfoque cr\u00edtico y riguroso aporta una perspectiva \u00fanica a cada art\u00edculo.","sameAs":["https:\/\/www.diario21.tv\/noticias\/"],"url":"https:\/\/www.diario21.tv\/noticias\/author\/juan-perez\/"}]}},"_links":{"self":[{"href":"https:\/\/www.diario21.tv\/noticias\/wp-json\/wp\/v2\/posts\/6861"}],"collection":[{"href":"https:\/\/www.diario21.tv\/noticias\/wp-json\/wp\/v2\/posts"}],"about":[{"href":"https:\/\/www.diario21.tv\/noticias\/wp-json\/wp\/v2\/types\/post"}],"author":[{"embeddable":true,"href":"https:\/\/www.diario21.tv\/noticias\/wp-json\/wp\/v2\/users\/20"}],"replies":[{"embeddable":true,"href":"https:\/\/www.diario21.tv\/noticias\/wp-json\/wp\/v2\/comments?post=6861"}],"version-history":[{"count":1,"href":"https:\/\/www.diario21.tv\/noticias\/wp-json\/wp\/v2\/posts\/6861\/revisions"}],"predecessor-version":[{"id":6863,"href":"https:\/\/www.diario21.tv\/noticias\/wp-json\/wp\/v2\/posts\/6861\/revisions\/6863"}],"wp:featuredmedia":[{"embeddable":true,"href":"https:\/\/www.diario21.tv\/noticias\/wp-json\/wp\/v2\/media\/6862"}],"wp:attachment":[{"href":"https:\/\/www.diario21.tv\/noticias\/wp-json\/wp\/v2\/media?parent=6861"}],"wp:term":[{"taxonomy":"category","embeddable":true,"href":"https:\/\/www.diario21.tv\/noticias\/wp-json\/wp\/v2\/categories?post=6861"},{"taxonomy":"post_tag","embeddable":true,"href":"https:\/\/www.diario21.tv\/noticias\/wp-json\/wp\/v2\/tags?post=6861"}],"curies":[{"name":"wp","href":"https:\/\/api.w.org\/{rel}","templated":true}]}}