{"id":6858,"date":"2026-04-12T10:40:59","date_gmt":"2026-04-12T10:40:59","guid":{"rendered":"https:\/\/www.diario21.tv\/noticias\/detenidos-cuatro-jovenes-por-intento-de-descarrilamiento-en-tren-alicante-murcia\/"},"modified":"2026-04-12T10:41:06","modified_gmt":"2026-04-12T10:41:06","slug":"detenidos-cuatro-jovenes-por-intento-de-descarrilamiento-en-tren-alicante-murcia","status":"publish","type":"post","link":"https:\/\/www.diario21.tv\/noticias\/detenidos-cuatro-jovenes-por-intento-de-descarrilamiento-en-tren-alicante-murcia\/","title":{"rendered":"Detenidos cuatro j\u00f3venes por intento de descarrilamiento en tren Alicante-Murcia"},"content":{"rendered":"<h2>Arresto de Cuatro J\u00f3venes por Intento de Sabotaje en la L\u00ednea F\u00e9rrea Alicante-Murcia<\/h2>\n<p>En un preocupante incidente, cuatro adolescentes han sido aprehendidos bajo la acusaci\u00f3n de tratar de causar un descarrilamiento en la ruta de tren que conecta Alicante con Murcia. Este acto imprudente ha levantado serias preocupaciones sobre la seguridad en las infraestructuras ferroviarias y la conducta de los j\u00f3venes involucrados.<\/p>\n<h3>Detalles del Incidente<\/h3>\n<p>Seg\u00fan fuentes oficiales, el suceso tuvo lugar a \u00faltima hora de la tarde cuando los operadores de tren detectaron objetos extra\u00f1os en las v\u00edas. Este hallazgo activ\u00f3 de inmediato los protocolos de seguridad, lo que permiti\u00f3 que las autoridades intervinieran r\u00e1pidamente para evitar una tragedia potencial. Los objetos encontrados, al parecer colocados deliberadamente para interferir con el paso seguro del tren, consist\u00edan en piedras y otros materiales potencialmente peligrosos.<\/p>\n<p>La r\u00e1pida actuaci\u00f3n de la polic\u00eda local permiti\u00f3 la detenci\u00f3n de los cuatro menores, quienes fueron sorprendidos en las inmediaciones de la v\u00eda f\u00e9rrea. Aunque a\u00fan est\u00e1n en curso las investigaciones para determinar todos los detalles y motivaciones detr\u00e1s de este intento de sabotaje, los primeros indicios sugieren que fue un acto de vandalismo sin motivaciones espec\u00edficas m\u00e1s all\u00e1 de la mera provocaci\u00f3n y desaf\u00edo.<\/p>\n<h3>Reacciones y Consecuencias<\/h3>\n<p>El intento de descarrilamiento ha provocado una ola de reacciones entre la comunidad y las autoridades. La polic\u00eda ha reforzado la vigilancia en todas las estaciones y tramos cr\u00edticos de la red ferroviaria, especialmente en aquellos que conectan ciudades importantes como Alicante y Murcia. Adem\u00e1s, se han iniciado campa\u00f1as de concienciaci\u00f3n sobre los peligros de interferir con infraestructuras cr\u00edticas y la importancia de respetar las normas de seguridad p\u00fablica.<\/p>\n<p>Por su parte, las autoridades judiciales est\u00e1n tratando el caso con la m\u00e1xima seriedad, considerando la gravedad de lo que podr\u00eda haber sido un desastre mayor. Los menores enfrentan cargos severos que podr\u00edan resultar en consecuencias significativas, dependiendo de los resultados de la investigaci\u00f3n y del proceso judicial.<\/p>\n<p>Este incidente ha servido como un llamado de atenci\u00f3n sobre la necesidad de educar a los j\u00f3venes sobre la responsabilidad y las implicaciones de sus actos, as\u00ed como de mantener y reforzar las medidas de seguridad en todos los aspectos de la infraestructura p\u00fablica.<\/p>\n\n\n<div class=\"kk-star-ratings kksr-auto kksr-align-left kksr-valign-bottom\"\n    data-payload='{&quot;align&quot;:&quot;left&quot;,&quot;id&quot;:&quot;6858&quot;,&quot;slug&quot;:&quot;default&quot;,&quot;valign&quot;:&quot;bottom&quot;,&quot;ignore&quot;:&quot;&quot;,&quot;reference&quot;:&quot;auto&quot;,&quot;class&quot;:&quot;&quot;,&quot;count&quot;:&quot;0&quot;,&quot;legendonly&quot;:&quot;&quot;,&quot;readonly&quot;:&quot;&quot;,&quot;score&quot;:&quot;0&quot;,&quot;starsonly&quot;:&quot;&quot;,&quot;best&quot;:&quot;5&quot;,&quot;gap&quot;:&quot;5&quot;,&quot;greet&quot;:&quot;Valora este post&quot;,&quot;legend&quot;:&quot;0\\\/5 - (0 votes)&quot;,&quot;size&quot;:&quot;22&quot;,&quot;title&quot;:&quot;Detenidos cuatro j\u00f3venes por intento de descarrilamiento en tren Alicante-Murcia&quot;,&quot;width&quot;:&quot;0&quot;,&quot;_legend&quot;:&quot;{score}\\\/{best} - ({count} {votes})&quot;,&quot;font_factor&quot;:&quot;1.25&quot;}'>\n            \n<div class=\"kksr-stars\">\n    \n<div class=\"kksr-stars-inactive\">\n            <div class=\"kksr-star\" data-star=\"1\" style=\"padding-right: 5px\">\n            \n\n<div class=\"kksr-icon\" style=\"width: 22px; height: 22px;\"><\/div>\n        <\/div>\n            <div class=\"kksr-star\" data-star=\"2\" style=\"padding-right: 5px\">\n            \n\n<div class=\"kksr-icon\" style=\"width: 22px; height: 22px;\"><\/div>\n        <\/div>\n            <div class=\"kksr-star\" data-star=\"3\" style=\"padding-right: 5px\">\n            \n\n<div class=\"kksr-icon\" style=\"width: 22px; height: 22px;\"><\/div>\n        <\/div>\n            <div class=\"kksr-star\" data-star=\"4\" style=\"padding-right: 5px\">\n            \n\n<div class=\"kksr-icon\" style=\"width: 22px; height: 22px;\"><\/div>\n        <\/div>\n            <div class=\"kksr-star\" data-star=\"5\" style=\"padding-right: 5px\">\n            \n\n<div class=\"kksr-icon\" style=\"width: 22px; height: 22px;\"><\/div>\n        <\/div>\n    <\/div>\n    \n<div class=\"kksr-stars-active\" style=\"width: 0px;\">\n            <div class=\"kksr-star\" style=\"padding-right: 5px\">\n            \n\n<div class=\"kksr-icon\" style=\"width: 22px; height: 22px;\"><\/div>\n        <\/div>\n            <div class=\"kksr-star\" style=\"padding-right: 5px\">\n            \n\n<div class=\"kksr-icon\" style=\"width: 22px; height: 22px;\"><\/div>\n        <\/div>\n            <div class=\"kksr-star\" style=\"padding-right: 5px\">\n            \n\n<div class=\"kksr-icon\" style=\"width: 22px; height: 22px;\"><\/div>\n        <\/div>\n            <div class=\"kksr-star\" style=\"padding-right: 5px\">\n            \n\n<div class=\"kksr-icon\" style=\"width: 22px; height: 22px;\"><\/div>\n        <\/div>\n            <div class=\"kksr-star\" style=\"padding-right: 5px\">\n            \n\n<div class=\"kksr-icon\" style=\"width: 22px; height: 22px;\"><\/div>\n        <\/div>\n    <\/div>\n<\/div>\n                \n\n<div class=\"kksr-legend\" style=\"font-size: 17.6px;\">\n            <span class=\"kksr-muted\">Valora este post<\/span>\n    <\/div>\n    <\/div>\n","protected":false},"excerpt":{"rendered":"<p>Arresto de Cuatro J\u00f3venes por Intento de Sabotaje en la L\u00ednea F\u00e9rrea Alicante-Murcia En un preocupante incidente, cuatro adolescentes han sido aprehendidos bajo la acusaci\u00f3n de &#8230; <a title=\"Detenidos cuatro j\u00f3venes por intento de descarrilamiento en tren Alicante-Murcia\" class=\"read-more\" href=\"https:\/\/www.diario21.tv\/noticias\/detenidos-cuatro-jovenes-por-intento-de-descarrilamiento-en-tren-alicante-murcia\/\" aria-label=\"Leer m\u00e1s sobre Detenidos cuatro j\u00f3venes por intento de descarrilamiento en tren Alicante-Murcia\">Seguir leyendo &rarr;<\/a><\/p>\n","protected":false},"author":20,"featured_media":6859,"comment_status":"open","ping_status":"open","sticky":false,"template":"","format":"standard","meta":{"footnotes":""},"categories":[13],"tags":[],"class_list":["post-6858","post","type-post","status-publish","format-standard","has-post-thumbnail","hentry","category-portada"],"yoast_head":"<!-- This site is optimized with the Yoast SEO plugin v25.6 - https:\/\/yoast.com\/wordpress\/plugins\/seo\/ -->\n<title>Detenidos cuatro j\u00f3venes por intento de descarrilamiento en tren Alicante-Murcia - Diario 21<\/title>\n<meta name=\"robots\" content=\"index, follow, max-snippet:-1, max-image-preview:large, max-video-preview:-1\" \/>\n<link rel=\"canonical\" href=\"https:\/\/www.diario21.tv\/noticias\/detenidos-cuatro-jovenes-por-intento-de-descarrilamiento-en-tren-alicante-murcia\/\" \/>\n<meta property=\"og:locale\" content=\"es_ES\" \/>\n<meta property=\"og:type\" content=\"article\" \/>\n<meta property=\"og:title\" content=\"Detenidos cuatro j\u00f3venes por intento de descarrilamiento en tren Alicante-Murcia - Diario 21\" \/>\n<meta property=\"og:description\" content=\"Arresto de Cuatro J\u00f3venes por Intento de Sabotaje en la L\u00ednea F\u00e9rrea Alicante-Murcia En un preocupante incidente, cuatro adolescentes han sido aprehendidos bajo la acusaci\u00f3n de ... Seguir leyendo &rarr;\" \/>\n<meta property=\"og:url\" content=\"https:\/\/www.diario21.tv\/noticias\/detenidos-cuatro-jovenes-por-intento-de-descarrilamiento-en-tren-alicante-murcia\/\" \/>\n<meta property=\"og:site_name\" content=\"Diario 21\" \/>\n<meta property=\"article:published_time\" content=\"2026-04-12T10:40:59+00:00\" \/>\n<meta property=\"article:modified_time\" content=\"2026-04-12T10:41:06+00:00\" \/>\n<meta property=\"og:image\" content=\"https:\/\/www.diario21.tv\/noticias\/wp-content\/uploads\/2026\/04\/Detenidos-cuatro-jovenes-por-intento-de-descarrilamiento-en-tren-Alicante-Murcia.jpg\" \/>\n\t<meta property=\"og:image:width\" content=\"1200\" \/>\n\t<meta property=\"og:image:height\" content=\"840\" \/>\n\t<meta property=\"og:image:type\" content=\"image\/jpeg\" \/>\n<meta name=\"author\" content=\"Juan P\u00e9rez\" \/>\n<meta name=\"twitter:card\" content=\"summary_large_image\" \/>\n<meta name=\"twitter:label1\" content=\"Escrito por\" \/>\n\t<meta name=\"twitter:data1\" content=\"Juan P\u00e9rez\" \/>\n\t<meta name=\"twitter:label2\" content=\"Tiempo de lectura\" \/>\n\t<meta name=\"twitter:data2\" content=\"2 minutos\" \/>\n<script type=\"application\/ld+json\" class=\"yoast-schema-graph\">{\"@context\":\"https:\/\/schema.org\",\"@graph\":[{\"@type\":\"WebPage\",\"@id\":\"https:\/\/www.diario21.tv\/noticias\/detenidos-cuatro-jovenes-por-intento-de-descarrilamiento-en-tren-alicante-murcia\/\",\"url\":\"https:\/\/www.diario21.tv\/noticias\/detenidos-cuatro-jovenes-por-intento-de-descarrilamiento-en-tren-alicante-murcia\/\",\"name\":\"Detenidos cuatro j\u00f3venes por intento de descarrilamiento en tren Alicante-Murcia - Diario 21\",\"isPartOf\":{\"@id\":\"https:\/\/www.diario21.tv\/noticias\/#website\"},\"primaryImageOfPage\":{\"@id\":\"https:\/\/www.diario21.tv\/noticias\/detenidos-cuatro-jovenes-por-intento-de-descarrilamiento-en-tren-alicante-murcia\/#primaryimage\"},\"image\":{\"@id\":\"https:\/\/www.diario21.tv\/noticias\/detenidos-cuatro-jovenes-por-intento-de-descarrilamiento-en-tren-alicante-murcia\/#primaryimage\"},\"thumbnailUrl\":\"https:\/\/www.diario21.tv\/noticias\/wp-content\/uploads\/2026\/04\/Detenidos-cuatro-jovenes-por-intento-de-descarrilamiento-en-tren-Alicante-Murcia.jpg\",\"datePublished\":\"2026-04-12T10:40:59+00:00\",\"dateModified\":\"2026-04-12T10:41:06+00:00\",\"author\":{\"@id\":\"https:\/\/www.diario21.tv\/noticias\/#\/schema\/person\/dfb778f73814d8f09f302618446a526b\"},\"breadcrumb\":{\"@id\":\"https:\/\/www.diario21.tv\/noticias\/detenidos-cuatro-jovenes-por-intento-de-descarrilamiento-en-tren-alicante-murcia\/#breadcrumb\"},\"inLanguage\":\"es-AR\",\"potentialAction\":[{\"@type\":\"ReadAction\",\"target\":[\"https:\/\/www.diario21.tv\/noticias\/detenidos-cuatro-jovenes-por-intento-de-descarrilamiento-en-tren-alicante-murcia\/\"]}]},{\"@type\":\"ImageObject\",\"inLanguage\":\"es-AR\",\"@id\":\"https:\/\/www.diario21.tv\/noticias\/detenidos-cuatro-jovenes-por-intento-de-descarrilamiento-en-tren-alicante-murcia\/#primaryimage\",\"url\":\"https:\/\/www.diario21.tv\/noticias\/wp-content\/uploads\/2026\/04\/Detenidos-cuatro-jovenes-por-intento-de-descarrilamiento-en-tren-Alicante-Murcia.jpg\",\"contentUrl\":\"https:\/\/www.diario21.tv\/noticias\/wp-content\/uploads\/2026\/04\/Detenidos-cuatro-jovenes-por-intento-de-descarrilamiento-en-tren-Alicante-Murcia.jpg\",\"width\":1200,\"height\":840,\"caption\":\"Cuatro menores detenidos por intentar provocar un descarrilamiento en las v\u00edas de tren de la l\u00ednea Alicante - Murcia\"},{\"@type\":\"BreadcrumbList\",\"@id\":\"https:\/\/www.diario21.tv\/noticias\/detenidos-cuatro-jovenes-por-intento-de-descarrilamiento-en-tren-alicante-murcia\/#breadcrumb\",\"itemListElement\":[{\"@type\":\"ListItem\",\"position\":1,\"name\":\"Accueil\",\"item\":\"https:\/\/www.diario21.tv\/noticias\/\"},{\"@type\":\"ListItem\",\"position\":2,\"name\":\"Detenidos cuatro j\u00f3venes por intento de descarrilamiento en tren Alicante-Murcia\"}]},{\"@type\":\"WebSite\",\"@id\":\"https:\/\/www.diario21.tv\/noticias\/#website\",\"url\":\"https:\/\/www.diario21.tv\/noticias\/\",\"name\":\"Diario 21\",\"description\":\"\",\"potentialAction\":[{\"@type\":\"SearchAction\",\"target\":{\"@type\":\"EntryPoint\",\"urlTemplate\":\"https:\/\/www.diario21.tv\/noticias\/?s={search_term_string}\"},\"query-input\":{\"@type\":\"PropertyValueSpecification\",\"valueRequired\":true,\"valueName\":\"search_term_string\"}}],\"inLanguage\":\"es-AR\"},{\"@type\":\"Person\",\"@id\":\"https:\/\/www.diario21.tv\/noticias\/#\/schema\/person\/dfb778f73814d8f09f302618446a526b\",\"name\":\"Juan P\u00e9rez\",\"image\":{\"@type\":\"ImageObject\",\"inLanguage\":\"es-AR\",\"@id\":\"https:\/\/www.diario21.tv\/noticias\/#\/schema\/person\/image\/\",\"url\":\"https:\/\/secure.gravatar.com\/avatar\/c478a405bd10621167f4c3167cc770f5?s=96&d=mm&r=g\",\"contentUrl\":\"https:\/\/secure.gravatar.com\/avatar\/c478a405bd10621167f4c3167cc770f5?s=96&d=mm&r=g\",\"caption\":\"Juan P\u00e9rez\"},\"description\":\"Juan P\u00e9rez es el redactor en jefe de Diario 21. Con m\u00e1s de 10 a\u00f1os de experiencia en el periodismo, se especializa en pol\u00edtica nacional y an\u00e1lisis socioecon\u00f3mico. Su enfoque cr\u00edtico y riguroso aporta una perspectiva \u00fanica a cada art\u00edculo.\",\"sameAs\":[\"https:\/\/www.diario21.tv\/noticias\/\"],\"url\":\"https:\/\/www.diario21.tv\/noticias\/author\/juan-perez\/\"}]}<\/script>\n<!-- \/ Yoast SEO plugin. -->","yoast_head_json":{"title":"Detenidos cuatro j\u00f3venes por intento de descarrilamiento en tren Alicante-Murcia - Diario 21","robots":{"index":"index","follow":"follow","max-snippet":"max-snippet:-1","max-image-preview":"max-image-preview:large","max-video-preview":"max-video-preview:-1"},"canonical":"https:\/\/www.diario21.tv\/noticias\/detenidos-cuatro-jovenes-por-intento-de-descarrilamiento-en-tren-alicante-murcia\/","og_locale":"es_ES","og_type":"article","og_title":"Detenidos cuatro j\u00f3venes por intento de descarrilamiento en tren Alicante-Murcia - Diario 21","og_description":"Arresto de Cuatro J\u00f3venes por Intento de Sabotaje en la L\u00ednea F\u00e9rrea Alicante-Murcia En un preocupante incidente, cuatro adolescentes han sido aprehendidos bajo la acusaci\u00f3n de ... Seguir leyendo &rarr;","og_url":"https:\/\/www.diario21.tv\/noticias\/detenidos-cuatro-jovenes-por-intento-de-descarrilamiento-en-tren-alicante-murcia\/","og_site_name":"Diario 21","article_published_time":"2026-04-12T10:40:59+00:00","article_modified_time":"2026-04-12T10:41:06+00:00","og_image":[{"width":1200,"height":840,"url":"https:\/\/www.diario21.tv\/noticias\/wp-content\/uploads\/2026\/04\/Detenidos-cuatro-jovenes-por-intento-de-descarrilamiento-en-tren-Alicante-Murcia.jpg","type":"image\/jpeg"}],"author":"Juan P\u00e9rez","twitter_card":"summary_large_image","twitter_misc":{"Escrito por":"Juan P\u00e9rez","Tiempo de lectura":"2 minutos"},"schema":{"@context":"https:\/\/schema.org","@graph":[{"@type":"WebPage","@id":"https:\/\/www.diario21.tv\/noticias\/detenidos-cuatro-jovenes-por-intento-de-descarrilamiento-en-tren-alicante-murcia\/","url":"https:\/\/www.diario21.tv\/noticias\/detenidos-cuatro-jovenes-por-intento-de-descarrilamiento-en-tren-alicante-murcia\/","name":"Detenidos cuatro j\u00f3venes por intento de descarrilamiento en tren Alicante-Murcia - Diario 21","isPartOf":{"@id":"https:\/\/www.diario21.tv\/noticias\/#website"},"primaryImageOfPage":{"@id":"https:\/\/www.diario21.tv\/noticias\/detenidos-cuatro-jovenes-por-intento-de-descarrilamiento-en-tren-alicante-murcia\/#primaryimage"},"image":{"@id":"https:\/\/www.diario21.tv\/noticias\/detenidos-cuatro-jovenes-por-intento-de-descarrilamiento-en-tren-alicante-murcia\/#primaryimage"},"thumbnailUrl":"https:\/\/www.diario21.tv\/noticias\/wp-content\/uploads\/2026\/04\/Detenidos-cuatro-jovenes-por-intento-de-descarrilamiento-en-tren-Alicante-Murcia.jpg","datePublished":"2026-04-12T10:40:59+00:00","dateModified":"2026-04-12T10:41:06+00:00","author":{"@id":"https:\/\/www.diario21.tv\/noticias\/#\/schema\/person\/dfb778f73814d8f09f302618446a526b"},"breadcrumb":{"@id":"https:\/\/www.diario21.tv\/noticias\/detenidos-cuatro-jovenes-por-intento-de-descarrilamiento-en-tren-alicante-murcia\/#breadcrumb"},"inLanguage":"es-AR","potentialAction":[{"@type":"ReadAction","target":["https:\/\/www.diario21.tv\/noticias\/detenidos-cuatro-jovenes-por-intento-de-descarrilamiento-en-tren-alicante-murcia\/"]}]},{"@type":"ImageObject","inLanguage":"es-AR","@id":"https:\/\/www.diario21.tv\/noticias\/detenidos-cuatro-jovenes-por-intento-de-descarrilamiento-en-tren-alicante-murcia\/#primaryimage","url":"https:\/\/www.diario21.tv\/noticias\/wp-content\/uploads\/2026\/04\/Detenidos-cuatro-jovenes-por-intento-de-descarrilamiento-en-tren-Alicante-Murcia.jpg","contentUrl":"https:\/\/www.diario21.tv\/noticias\/wp-content\/uploads\/2026\/04\/Detenidos-cuatro-jovenes-por-intento-de-descarrilamiento-en-tren-Alicante-Murcia.jpg","width":1200,"height":840,"caption":"Cuatro menores detenidos por intentar provocar un descarrilamiento en las v\u00edas de tren de la l\u00ednea Alicante - Murcia"},{"@type":"BreadcrumbList","@id":"https:\/\/www.diario21.tv\/noticias\/detenidos-cuatro-jovenes-por-intento-de-descarrilamiento-en-tren-alicante-murcia\/#breadcrumb","itemListElement":[{"@type":"ListItem","position":1,"name":"Accueil","item":"https:\/\/www.diario21.tv\/noticias\/"},{"@type":"ListItem","position":2,"name":"Detenidos cuatro j\u00f3venes por intento de descarrilamiento en tren Alicante-Murcia"}]},{"@type":"WebSite","@id":"https:\/\/www.diario21.tv\/noticias\/#website","url":"https:\/\/www.diario21.tv\/noticias\/","name":"Diario 21","description":"","potentialAction":[{"@type":"SearchAction","target":{"@type":"EntryPoint","urlTemplate":"https:\/\/www.diario21.tv\/noticias\/?s={search_term_string}"},"query-input":{"@type":"PropertyValueSpecification","valueRequired":true,"valueName":"search_term_string"}}],"inLanguage":"es-AR"},{"@type":"Person","@id":"https:\/\/www.diario21.tv\/noticias\/#\/schema\/person\/dfb778f73814d8f09f302618446a526b","name":"Juan P\u00e9rez","image":{"@type":"ImageObject","inLanguage":"es-AR","@id":"https:\/\/www.diario21.tv\/noticias\/#\/schema\/person\/image\/","url":"https:\/\/secure.gravatar.com\/avatar\/c478a405bd10621167f4c3167cc770f5?s=96&d=mm&r=g","contentUrl":"https:\/\/secure.gravatar.com\/avatar\/c478a405bd10621167f4c3167cc770f5?s=96&d=mm&r=g","caption":"Juan P\u00e9rez"},"description":"Juan P\u00e9rez es el redactor en jefe de Diario 21. Con m\u00e1s de 10 a\u00f1os de experiencia en el periodismo, se especializa en pol\u00edtica nacional y an\u00e1lisis socioecon\u00f3mico. Su enfoque cr\u00edtico y riguroso aporta una perspectiva \u00fanica a cada art\u00edculo.","sameAs":["https:\/\/www.diario21.tv\/noticias\/"],"url":"https:\/\/www.diario21.tv\/noticias\/author\/juan-perez\/"}]}},"_links":{"self":[{"href":"https:\/\/www.diario21.tv\/noticias\/wp-json\/wp\/v2\/posts\/6858"}],"collection":[{"href":"https:\/\/www.diario21.tv\/noticias\/wp-json\/wp\/v2\/posts"}],"about":[{"href":"https:\/\/www.diario21.tv\/noticias\/wp-json\/wp\/v2\/types\/post"}],"author":[{"embeddable":true,"href":"https:\/\/www.diario21.tv\/noticias\/wp-json\/wp\/v2\/users\/20"}],"replies":[{"embeddable":true,"href":"https:\/\/www.diario21.tv\/noticias\/wp-json\/wp\/v2\/comments?post=6858"}],"version-history":[{"count":1,"href":"https:\/\/www.diario21.tv\/noticias\/wp-json\/wp\/v2\/posts\/6858\/revisions"}],"predecessor-version":[{"id":6860,"href":"https:\/\/www.diario21.tv\/noticias\/wp-json\/wp\/v2\/posts\/6858\/revisions\/6860"}],"wp:featuredmedia":[{"embeddable":true,"href":"https:\/\/www.diario21.tv\/noticias\/wp-json\/wp\/v2\/media\/6859"}],"wp:attachment":[{"href":"https:\/\/www.diario21.tv\/noticias\/wp-json\/wp\/v2\/media?parent=6858"}],"wp:term":[{"taxonomy":"category","embeddable":true,"href":"https:\/\/www.diario21.tv\/noticias\/wp-json\/wp\/v2\/categories?post=6858"},{"taxonomy":"post_tag","embeddable":true,"href":"https:\/\/www.diario21.tv\/noticias\/wp-json\/wp\/v2\/tags?post=6858"}],"curies":[{"name":"wp","href":"https:\/\/api.w.org\/{rel}","templated":true}]}}