{"id":6855,"date":"2026-04-12T04:39:26","date_gmt":"2026-04-12T04:39:26","guid":{"rendered":"https:\/\/www.diario21.tv\/noticias\/impactante-la-guardia-civil-desmantela-al-violento-clan-de-los-lyons-la-peor-mafia-escocesa\/"},"modified":"2026-04-12T04:39:28","modified_gmt":"2026-04-12T04:39:28","slug":"impactante-la-guardia-civil-desmantela-al-violento-clan-de-los-lyons-la-peor-mafia-escocesa","status":"publish","type":"post","link":"https:\/\/www.diario21.tv\/noticias\/impactante-la-guardia-civil-desmantela-al-violento-clan-de-los-lyons-la-peor-mafia-escocesa\/","title":{"rendered":"\u00a1Impactante! La Guardia Civil desmantela al violento &#8216;Clan de los Lyons&#8217;, la peor mafia escocesa."},"content":{"rendered":"<h2>La Desarticulaci\u00f3n del &#8216;Clan de los Lyons&#8217;<\/h2>\n<p>La Guardia Civil ha logrado un importante golpe contra el crimen organizado con la desarticulaci\u00f3n de uno de los grupos delictivos m\u00e1s temidos y violentos de Escocia, conocido como el &#8216;Clan de los Lyons&#8217;. Esta operaci\u00f3n marca un punto clave en la lucha contra las redes criminales que han venido operando con impunidad durante las \u00faltimas d\u00e9cadas.<\/p>\n<h3>Operativo Contra la Organizaci\u00f3n Criminal<\/h3>\n<p>El &#8216;Clan de los Lyons&#8217;, que ha estado activo durante varios a\u00f1os, es conocido por su brutalidad y por estar involucrado en numerosas actividades il\u00edcitas, incluyendo tr\u00e1fico de drogas, extorsi\u00f3n, y violencia armada. La Guardia Civil, en una operaci\u00f3n meticulosamente planeada, logr\u00f3 desmantelar esta red, arrestando a varios de sus miembros clave y confiscando una considerable cantidad de recursos il\u00edcitos.<\/p>\n<h3>Impacto del &#8216;Clan de los Lyons&#8217; en la Sociedad<\/h3>\n<p>El impacto del &#8216;Clan de los Lyons&#8217; en la sociedad ha sido profundamente negativo, con numerosos reportes de intimidaci\u00f3n y violencia que afectaron la vida de muchas personas inocentes. Su desmantelamiento no solo representa un alivio para las comunidades que fueron directamente afectadas, sino tambi\u00e9n un mensaje claro de que las actividades criminales no tendr\u00e1n cabida y ser\u00e1n combatidas con firmeza.<\/p>\n<h3>Las Consecuencias Legales para los Miembros del Clan<\/h3>\n<p>Los miembros del clan ahora enfrentan m\u00faltiples cargos, que podr\u00edan llevar a severas penas de prisi\u00f3n. Este proceso judicial busca no solo castigar a los responsables sino tambi\u00e9n desincentivar la formaci\u00f3n de futuras organizaciones criminales. La justicia busca ser un pilar en la reconstrucci\u00f3n de las zonas m\u00e1s afectadas por la criminalidad.<\/p>\n<h3>Reacciones Comunitarias y Futuras Medidas de Seguridad<\/h3>\n<p>La comunidad ha expresado un profundo alivio tras la noticia del desmantelamiento del clan. Adicionalmente, se est\u00e1n planificando medidas de seguridad m\u00e1s estrictas para prevenir la reaparici\u00f3n de tales grupos criminales. La colaboraci\u00f3n ciudadana ha sido y seguir\u00e1 siendo crucial en estos esfuerzos, ya que la informaci\u00f3n proporcionada por los ciudadanos es vital para el \u00e9xito de las operaciones policiales.<\/p>\n<p>Este \u00e9xito de la Guardia Civil no solo demuestra la efectividad de las fuerzas del orden en combatir el crimen organizado, sino que tambi\u00e9n refuerza el compromiso del estado en proteger a sus ciudadanos de cualquier forma de criminalidad. Con este significativo avance, se espera que la paz y la seguridad contin\u00faen fortaleci\u00e9ndose en las regiones afectadas por la violencia del &#8216;Clan de los Lyons&#8217;.<\/p>\n\n\n<div class=\"kk-star-ratings kksr-auto kksr-align-left kksr-valign-bottom\"\n    data-payload='{&quot;align&quot;:&quot;left&quot;,&quot;id&quot;:&quot;6855&quot;,&quot;slug&quot;:&quot;default&quot;,&quot;valign&quot;:&quot;bottom&quot;,&quot;ignore&quot;:&quot;&quot;,&quot;reference&quot;:&quot;auto&quot;,&quot;class&quot;:&quot;&quot;,&quot;count&quot;:&quot;0&quot;,&quot;legendonly&quot;:&quot;&quot;,&quot;readonly&quot;:&quot;&quot;,&quot;score&quot;:&quot;0&quot;,&quot;starsonly&quot;:&quot;&quot;,&quot;best&quot;:&quot;5&quot;,&quot;gap&quot;:&quot;5&quot;,&quot;greet&quot;:&quot;Valora este post&quot;,&quot;legend&quot;:&quot;0\\\/5 - (0 votes)&quot;,&quot;size&quot;:&quot;22&quot;,&quot;title&quot;:&quot;\u00a1Impactante! La Guardia Civil desmantela al violento \\u0026#039;Clan de los Lyons\\u0026#039;, la peor mafia escocesa.&quot;,&quot;width&quot;:&quot;0&quot;,&quot;_legend&quot;:&quot;{score}\\\/{best} - ({count} {votes})&quot;,&quot;font_factor&quot;:&quot;1.25&quot;}'>\n            \n<div class=\"kksr-stars\">\n    \n<div class=\"kksr-stars-inactive\">\n            <div class=\"kksr-star\" data-star=\"1\" style=\"padding-right: 5px\">\n            \n\n<div class=\"kksr-icon\" style=\"width: 22px; height: 22px;\"><\/div>\n        <\/div>\n            <div class=\"kksr-star\" data-star=\"2\" style=\"padding-right: 5px\">\n            \n\n<div class=\"kksr-icon\" style=\"width: 22px; height: 22px;\"><\/div>\n        <\/div>\n            <div class=\"kksr-star\" data-star=\"3\" style=\"padding-right: 5px\">\n            \n\n<div class=\"kksr-icon\" style=\"width: 22px; height: 22px;\"><\/div>\n        <\/div>\n            <div class=\"kksr-star\" data-star=\"4\" style=\"padding-right: 5px\">\n            \n\n<div class=\"kksr-icon\" style=\"width: 22px; height: 22px;\"><\/div>\n        <\/div>\n            <div class=\"kksr-star\" data-star=\"5\" style=\"padding-right: 5px\">\n            \n\n<div class=\"kksr-icon\" style=\"width: 22px; height: 22px;\"><\/div>\n        <\/div>\n    <\/div>\n    \n<div class=\"kksr-stars-active\" style=\"width: 0px;\">\n            <div class=\"kksr-star\" style=\"padding-right: 5px\">\n            \n\n<div class=\"kksr-icon\" style=\"width: 22px; height: 22px;\"><\/div>\n        <\/div>\n            <div class=\"kksr-star\" style=\"padding-right: 5px\">\n            \n\n<div class=\"kksr-icon\" style=\"width: 22px; height: 22px;\"><\/div>\n        <\/div>\n            <div class=\"kksr-star\" style=\"padding-right: 5px\">\n            \n\n<div class=\"kksr-icon\" style=\"width: 22px; height: 22px;\"><\/div>\n        <\/div>\n            <div class=\"kksr-star\" style=\"padding-right: 5px\">\n            \n\n<div class=\"kksr-icon\" style=\"width: 22px; height: 22px;\"><\/div>\n        <\/div>\n            <div class=\"kksr-star\" style=\"padding-right: 5px\">\n            \n\n<div class=\"kksr-icon\" style=\"width: 22px; height: 22px;\"><\/div>\n        <\/div>\n    <\/div>\n<\/div>\n                \n\n<div class=\"kksr-legend\" style=\"font-size: 17.6px;\">\n            <span class=\"kksr-muted\">Valora este post<\/span>\n    <\/div>\n    <\/div>\n","protected":false},"excerpt":{"rendered":"<p>La Desarticulaci\u00f3n del &#8216;Clan de los Lyons&#8217; La Guardia Civil ha logrado un importante golpe contra el crimen organizado con la desarticulaci\u00f3n de uno de los &#8230; <a title=\"\u00a1Impactante! La Guardia Civil desmantela al violento &#8216;Clan de los Lyons&#8217;, la peor mafia escocesa.\" class=\"read-more\" href=\"https:\/\/www.diario21.tv\/noticias\/impactante-la-guardia-civil-desmantela-al-violento-clan-de-los-lyons-la-peor-mafia-escocesa\/\" aria-label=\"Leer m\u00e1s sobre \u00a1Impactante! La Guardia Civil desmantela al violento &#8216;Clan de los Lyons&#8217;, la peor mafia escocesa.\">Seguir leyendo &rarr;<\/a><\/p>\n","protected":false},"author":20,"featured_media":6856,"comment_status":"open","ping_status":"open","sticky":false,"template":"","format":"standard","meta":{"footnotes":""},"categories":[13],"tags":[],"class_list":["post-6855","post","type-post","status-publish","format-standard","has-post-thumbnail","hentry","category-portada"],"yoast_head":"<!-- This site is optimized with the Yoast SEO plugin v25.6 - https:\/\/yoast.com\/wordpress\/plugins\/seo\/ -->\n<title>\u00a1Impactante! La Guardia Civil desmantela al violento &#039;Clan de los Lyons&#039;, la peor mafia escocesa. - Diario 21<\/title>\n<meta name=\"robots\" content=\"index, follow, max-snippet:-1, max-image-preview:large, max-video-preview:-1\" \/>\n<link rel=\"canonical\" href=\"https:\/\/www.diario21.tv\/noticias\/impactante-la-guardia-civil-desmantela-al-violento-clan-de-los-lyons-la-peor-mafia-escocesa\/\" \/>\n<meta property=\"og:locale\" content=\"es_ES\" \/>\n<meta property=\"og:type\" content=\"article\" \/>\n<meta property=\"og:title\" content=\"\u00a1Impactante! La Guardia Civil desmantela al violento &#039;Clan de los Lyons&#039;, la peor mafia escocesa. - Diario 21\" \/>\n<meta property=\"og:description\" content=\"La Desarticulaci\u00f3n del &#8216;Clan de los Lyons&#8217; La Guardia Civil ha logrado un importante golpe contra el crimen organizado con la desarticulaci\u00f3n de uno de los ... Seguir leyendo &rarr;\" \/>\n<meta property=\"og:url\" content=\"https:\/\/www.diario21.tv\/noticias\/impactante-la-guardia-civil-desmantela-al-violento-clan-de-los-lyons-la-peor-mafia-escocesa\/\" \/>\n<meta property=\"og:site_name\" content=\"Diario 21\" \/>\n<meta property=\"article:published_time\" content=\"2026-04-12T04:39:26+00:00\" \/>\n<meta property=\"article:modified_time\" content=\"2026-04-12T04:39:28+00:00\" \/>\n<meta property=\"og:image\" content=\"https:\/\/www.diario21.tv\/noticias\/wp-content\/uploads\/2026\/04\/\u00a1Impactante-La-Guardia-Civil-desmantela-al-violento-Clan-de-los.jpg\" \/>\n\t<meta property=\"og:image:width\" content=\"1200\" \/>\n\t<meta property=\"og:image:height\" content=\"840\" \/>\n\t<meta property=\"og:image:type\" content=\"image\/jpeg\" \/>\n<meta name=\"author\" content=\"Juan P\u00e9rez\" \/>\n<meta name=\"twitter:card\" content=\"summary_large_image\" \/>\n<meta name=\"twitter:label1\" content=\"Escrito por\" \/>\n\t<meta name=\"twitter:data1\" content=\"Juan P\u00e9rez\" \/>\n\t<meta name=\"twitter:label2\" content=\"Tiempo de lectura\" \/>\n\t<meta name=\"twitter:data2\" content=\"2 minutos\" \/>\n<script type=\"application\/ld+json\" class=\"yoast-schema-graph\">{\"@context\":\"https:\/\/schema.org\",\"@graph\":[{\"@type\":\"WebPage\",\"@id\":\"https:\/\/www.diario21.tv\/noticias\/impactante-la-guardia-civil-desmantela-al-violento-clan-de-los-lyons-la-peor-mafia-escocesa\/\",\"url\":\"https:\/\/www.diario21.tv\/noticias\/impactante-la-guardia-civil-desmantela-al-violento-clan-de-los-lyons-la-peor-mafia-escocesa\/\",\"name\":\"\u00a1Impactante! La Guardia Civil desmantela al violento 'Clan de los Lyons', la peor mafia escocesa. - Diario 21\",\"isPartOf\":{\"@id\":\"https:\/\/www.diario21.tv\/noticias\/#website\"},\"primaryImageOfPage\":{\"@id\":\"https:\/\/www.diario21.tv\/noticias\/impactante-la-guardia-civil-desmantela-al-violento-clan-de-los-lyons-la-peor-mafia-escocesa\/#primaryimage\"},\"image\":{\"@id\":\"https:\/\/www.diario21.tv\/noticias\/impactante-la-guardia-civil-desmantela-al-violento-clan-de-los-lyons-la-peor-mafia-escocesa\/#primaryimage\"},\"thumbnailUrl\":\"https:\/\/www.diario21.tv\/noticias\/wp-content\/uploads\/2026\/04\/\u00a1Impactante-La-Guardia-Civil-desmantela-al-violento-Clan-de-los.jpg\",\"datePublished\":\"2026-04-12T04:39:26+00:00\",\"dateModified\":\"2026-04-12T04:39:28+00:00\",\"author\":{\"@id\":\"https:\/\/www.diario21.tv\/noticias\/#\/schema\/person\/dfb778f73814d8f09f302618446a526b\"},\"breadcrumb\":{\"@id\":\"https:\/\/www.diario21.tv\/noticias\/impactante-la-guardia-civil-desmantela-al-violento-clan-de-los-lyons-la-peor-mafia-escocesa\/#breadcrumb\"},\"inLanguage\":\"es-AR\",\"potentialAction\":[{\"@type\":\"ReadAction\",\"target\":[\"https:\/\/www.diario21.tv\/noticias\/impactante-la-guardia-civil-desmantela-al-violento-clan-de-los-lyons-la-peor-mafia-escocesa\/\"]}]},{\"@type\":\"ImageObject\",\"inLanguage\":\"es-AR\",\"@id\":\"https:\/\/www.diario21.tv\/noticias\/impactante-la-guardia-civil-desmantela-al-violento-clan-de-los-lyons-la-peor-mafia-escocesa\/#primaryimage\",\"url\":\"https:\/\/www.diario21.tv\/noticias\/wp-content\/uploads\/2026\/04\/\u00a1Impactante-La-Guardia-Civil-desmantela-al-violento-Clan-de-los.jpg\",\"contentUrl\":\"https:\/\/www.diario21.tv\/noticias\/wp-content\/uploads\/2026\/04\/\u00a1Impactante-La-Guardia-Civil-desmantela-al-violento-Clan-de-los.jpg\",\"width\":1200,\"height\":840,\"caption\":\"La Guardia Civil desmantela el &amp;#039;Clan de los Lyons&amp;#039;, la organizaci\u00f3n criminal escocesa m\u00e1s violenta de las \u00faltimas d\u00e9cadas\"},{\"@type\":\"BreadcrumbList\",\"@id\":\"https:\/\/www.diario21.tv\/noticias\/impactante-la-guardia-civil-desmantela-al-violento-clan-de-los-lyons-la-peor-mafia-escocesa\/#breadcrumb\",\"itemListElement\":[{\"@type\":\"ListItem\",\"position\":1,\"name\":\"Accueil\",\"item\":\"https:\/\/www.diario21.tv\/noticias\/\"},{\"@type\":\"ListItem\",\"position\":2,\"name\":\"\u00a1Impactante! La Guardia Civil desmantela al violento &#8216;Clan de los Lyons&#8217;, la peor mafia escocesa.\"}]},{\"@type\":\"WebSite\",\"@id\":\"https:\/\/www.diario21.tv\/noticias\/#website\",\"url\":\"https:\/\/www.diario21.tv\/noticias\/\",\"name\":\"Diario 21\",\"description\":\"\",\"potentialAction\":[{\"@type\":\"SearchAction\",\"target\":{\"@type\":\"EntryPoint\",\"urlTemplate\":\"https:\/\/www.diario21.tv\/noticias\/?s={search_term_string}\"},\"query-input\":{\"@type\":\"PropertyValueSpecification\",\"valueRequired\":true,\"valueName\":\"search_term_string\"}}],\"inLanguage\":\"es-AR\"},{\"@type\":\"Person\",\"@id\":\"https:\/\/www.diario21.tv\/noticias\/#\/schema\/person\/dfb778f73814d8f09f302618446a526b\",\"name\":\"Juan P\u00e9rez\",\"image\":{\"@type\":\"ImageObject\",\"inLanguage\":\"es-AR\",\"@id\":\"https:\/\/www.diario21.tv\/noticias\/#\/schema\/person\/image\/\",\"url\":\"https:\/\/secure.gravatar.com\/avatar\/c478a405bd10621167f4c3167cc770f5?s=96&d=mm&r=g\",\"contentUrl\":\"https:\/\/secure.gravatar.com\/avatar\/c478a405bd10621167f4c3167cc770f5?s=96&d=mm&r=g\",\"caption\":\"Juan P\u00e9rez\"},\"description\":\"Juan P\u00e9rez es el redactor en jefe de Diario 21. Con m\u00e1s de 10 a\u00f1os de experiencia en el periodismo, se especializa en pol\u00edtica nacional y an\u00e1lisis socioecon\u00f3mico. Su enfoque cr\u00edtico y riguroso aporta una perspectiva \u00fanica a cada art\u00edculo.\",\"sameAs\":[\"https:\/\/www.diario21.tv\/noticias\/\"],\"url\":\"https:\/\/www.diario21.tv\/noticias\/author\/juan-perez\/\"}]}<\/script>\n<!-- \/ Yoast SEO plugin. -->","yoast_head_json":{"title":"\u00a1Impactante! La Guardia Civil desmantela al violento 'Clan de los Lyons', la peor mafia escocesa. - Diario 21","robots":{"index":"index","follow":"follow","max-snippet":"max-snippet:-1","max-image-preview":"max-image-preview:large","max-video-preview":"max-video-preview:-1"},"canonical":"https:\/\/www.diario21.tv\/noticias\/impactante-la-guardia-civil-desmantela-al-violento-clan-de-los-lyons-la-peor-mafia-escocesa\/","og_locale":"es_ES","og_type":"article","og_title":"\u00a1Impactante! La Guardia Civil desmantela al violento 'Clan de los Lyons', la peor mafia escocesa. - Diario 21","og_description":"La Desarticulaci\u00f3n del &#8216;Clan de los Lyons&#8217; La Guardia Civil ha logrado un importante golpe contra el crimen organizado con la desarticulaci\u00f3n de uno de los ... Seguir leyendo &rarr;","og_url":"https:\/\/www.diario21.tv\/noticias\/impactante-la-guardia-civil-desmantela-al-violento-clan-de-los-lyons-la-peor-mafia-escocesa\/","og_site_name":"Diario 21","article_published_time":"2026-04-12T04:39:26+00:00","article_modified_time":"2026-04-12T04:39:28+00:00","og_image":[{"width":1200,"height":840,"url":"https:\/\/www.diario21.tv\/noticias\/wp-content\/uploads\/2026\/04\/\u00a1Impactante-La-Guardia-Civil-desmantela-al-violento-Clan-de-los.jpg","type":"image\/jpeg"}],"author":"Juan P\u00e9rez","twitter_card":"summary_large_image","twitter_misc":{"Escrito por":"Juan P\u00e9rez","Tiempo de lectura":"2 minutos"},"schema":{"@context":"https:\/\/schema.org","@graph":[{"@type":"WebPage","@id":"https:\/\/www.diario21.tv\/noticias\/impactante-la-guardia-civil-desmantela-al-violento-clan-de-los-lyons-la-peor-mafia-escocesa\/","url":"https:\/\/www.diario21.tv\/noticias\/impactante-la-guardia-civil-desmantela-al-violento-clan-de-los-lyons-la-peor-mafia-escocesa\/","name":"\u00a1Impactante! La Guardia Civil desmantela al violento 'Clan de los Lyons', la peor mafia escocesa. - Diario 21","isPartOf":{"@id":"https:\/\/www.diario21.tv\/noticias\/#website"},"primaryImageOfPage":{"@id":"https:\/\/www.diario21.tv\/noticias\/impactante-la-guardia-civil-desmantela-al-violento-clan-de-los-lyons-la-peor-mafia-escocesa\/#primaryimage"},"image":{"@id":"https:\/\/www.diario21.tv\/noticias\/impactante-la-guardia-civil-desmantela-al-violento-clan-de-los-lyons-la-peor-mafia-escocesa\/#primaryimage"},"thumbnailUrl":"https:\/\/www.diario21.tv\/noticias\/wp-content\/uploads\/2026\/04\/\u00a1Impactante-La-Guardia-Civil-desmantela-al-violento-Clan-de-los.jpg","datePublished":"2026-04-12T04:39:26+00:00","dateModified":"2026-04-12T04:39:28+00:00","author":{"@id":"https:\/\/www.diario21.tv\/noticias\/#\/schema\/person\/dfb778f73814d8f09f302618446a526b"},"breadcrumb":{"@id":"https:\/\/www.diario21.tv\/noticias\/impactante-la-guardia-civil-desmantela-al-violento-clan-de-los-lyons-la-peor-mafia-escocesa\/#breadcrumb"},"inLanguage":"es-AR","potentialAction":[{"@type":"ReadAction","target":["https:\/\/www.diario21.tv\/noticias\/impactante-la-guardia-civil-desmantela-al-violento-clan-de-los-lyons-la-peor-mafia-escocesa\/"]}]},{"@type":"ImageObject","inLanguage":"es-AR","@id":"https:\/\/www.diario21.tv\/noticias\/impactante-la-guardia-civil-desmantela-al-violento-clan-de-los-lyons-la-peor-mafia-escocesa\/#primaryimage","url":"https:\/\/www.diario21.tv\/noticias\/wp-content\/uploads\/2026\/04\/\u00a1Impactante-La-Guardia-Civil-desmantela-al-violento-Clan-de-los.jpg","contentUrl":"https:\/\/www.diario21.tv\/noticias\/wp-content\/uploads\/2026\/04\/\u00a1Impactante-La-Guardia-Civil-desmantela-al-violento-Clan-de-los.jpg","width":1200,"height":840,"caption":"La Guardia Civil desmantela el &amp;#039;Clan de los Lyons&amp;#039;, la organizaci\u00f3n criminal escocesa m\u00e1s violenta de las \u00faltimas d\u00e9cadas"},{"@type":"BreadcrumbList","@id":"https:\/\/www.diario21.tv\/noticias\/impactante-la-guardia-civil-desmantela-al-violento-clan-de-los-lyons-la-peor-mafia-escocesa\/#breadcrumb","itemListElement":[{"@type":"ListItem","position":1,"name":"Accueil","item":"https:\/\/www.diario21.tv\/noticias\/"},{"@type":"ListItem","position":2,"name":"\u00a1Impactante! La Guardia Civil desmantela al violento &#8216;Clan de los Lyons&#8217;, la peor mafia escocesa."}]},{"@type":"WebSite","@id":"https:\/\/www.diario21.tv\/noticias\/#website","url":"https:\/\/www.diario21.tv\/noticias\/","name":"Diario 21","description":"","potentialAction":[{"@type":"SearchAction","target":{"@type":"EntryPoint","urlTemplate":"https:\/\/www.diario21.tv\/noticias\/?s={search_term_string}"},"query-input":{"@type":"PropertyValueSpecification","valueRequired":true,"valueName":"search_term_string"}}],"inLanguage":"es-AR"},{"@type":"Person","@id":"https:\/\/www.diario21.tv\/noticias\/#\/schema\/person\/dfb778f73814d8f09f302618446a526b","name":"Juan P\u00e9rez","image":{"@type":"ImageObject","inLanguage":"es-AR","@id":"https:\/\/www.diario21.tv\/noticias\/#\/schema\/person\/image\/","url":"https:\/\/secure.gravatar.com\/avatar\/c478a405bd10621167f4c3167cc770f5?s=96&d=mm&r=g","contentUrl":"https:\/\/secure.gravatar.com\/avatar\/c478a405bd10621167f4c3167cc770f5?s=96&d=mm&r=g","caption":"Juan P\u00e9rez"},"description":"Juan P\u00e9rez es el redactor en jefe de Diario 21. Con m\u00e1s de 10 a\u00f1os de experiencia en el periodismo, se especializa en pol\u00edtica nacional y an\u00e1lisis socioecon\u00f3mico. Su enfoque cr\u00edtico y riguroso aporta una perspectiva \u00fanica a cada art\u00edculo.","sameAs":["https:\/\/www.diario21.tv\/noticias\/"],"url":"https:\/\/www.diario21.tv\/noticias\/author\/juan-perez\/"}]}},"_links":{"self":[{"href":"https:\/\/www.diario21.tv\/noticias\/wp-json\/wp\/v2\/posts\/6855"}],"collection":[{"href":"https:\/\/www.diario21.tv\/noticias\/wp-json\/wp\/v2\/posts"}],"about":[{"href":"https:\/\/www.diario21.tv\/noticias\/wp-json\/wp\/v2\/types\/post"}],"author":[{"embeddable":true,"href":"https:\/\/www.diario21.tv\/noticias\/wp-json\/wp\/v2\/users\/20"}],"replies":[{"embeddable":true,"href":"https:\/\/www.diario21.tv\/noticias\/wp-json\/wp\/v2\/comments?post=6855"}],"version-history":[{"count":1,"href":"https:\/\/www.diario21.tv\/noticias\/wp-json\/wp\/v2\/posts\/6855\/revisions"}],"predecessor-version":[{"id":6857,"href":"https:\/\/www.diario21.tv\/noticias\/wp-json\/wp\/v2\/posts\/6855\/revisions\/6857"}],"wp:featuredmedia":[{"embeddable":true,"href":"https:\/\/www.diario21.tv\/noticias\/wp-json\/wp\/v2\/media\/6856"}],"wp:attachment":[{"href":"https:\/\/www.diario21.tv\/noticias\/wp-json\/wp\/v2\/media?parent=6855"}],"wp:term":[{"taxonomy":"category","embeddable":true,"href":"https:\/\/www.diario21.tv\/noticias\/wp-json\/wp\/v2\/categories?post=6855"},{"taxonomy":"post_tag","embeddable":true,"href":"https:\/\/www.diario21.tv\/noticias\/wp-json\/wp\/v2\/tags?post=6855"}],"curies":[{"name":"wp","href":"https:\/\/api.w.org\/{rel}","templated":true}]}}