{"id":6849,"date":"2026-04-11T16:34:32","date_gmt":"2026-04-11T16:34:32","guid":{"rendered":"https:\/\/www.diario21.tv\/noticias\/atencion-conductores-la-fundacion-race-urge-mas-seguridad-en-carreteras-secundarias\/"},"modified":"2026-04-11T16:34:33","modified_gmt":"2026-04-11T16:34:33","slug":"atencion-conductores-la-fundacion-race-urge-mas-seguridad-en-carreteras-secundarias","status":"publish","type":"post","link":"https:\/\/www.diario21.tv\/noticias\/atencion-conductores-la-fundacion-race-urge-mas-seguridad-en-carreteras-secundarias\/","title":{"rendered":"\u00a1Atenci\u00f3n conductores! La Fundaci\u00f3n RACE urge m\u00e1s seguridad en carreteras secundarias"},"content":{"rendered":"<h2>La Fundaci\u00f3n RACE Solicita Mayor Atenci\u00f3n en las V\u00edas Secundarias<\/h2>\n<p>La reconocida Fundaci\u00f3n RACE ha emitido un llamado urgente para reforzar las medidas de seguridad en las carreteras secundarias del pa\u00eds. Esta solicitud surge como respuesta a las crecientes cifras de accidentes que se registran en estas v\u00edas, muchas veces dejadas de lado en las pol\u00edticas de seguridad vial.<\/p>\n<h3>Estad\u00edsticas Alarmantes en Carreteras Secundarias<\/h3>\n<p>Seg\u00fan los datos recopilados por la Fundaci\u00f3n RACE, las carreteras secundarias han sido escenario de un n\u00famero desproporcionadamente alto de incidentes viales. Estas v\u00edas, que frecuentemente carecen de las adecuadas medidas de seguridad y mantenimiento, representan un riesgo significativo para los conductores. La fundaci\u00f3n destaca que mientras las autopistas y carreteras principales han visto mejoras significativas y una reducci\u00f3n en la cantidad de accidentes, las carreteras secundarias parecen haber sido marginadas.<\/p>\n<h3>Propuestas de Mejora<\/h3>\n<p>Ante esta situaci\u00f3n, la Fundaci\u00f3n RACE propone una serie de medidas enfocadas en incrementar la seguridad de estas v\u00edas menos transitadas pero igualmente importantes. Entre las sugerencias se incluye el aumento de la inversi\u00f3n en el mantenimiento de infraestructuras, como la reparaci\u00f3n de carreteras y la mejora de la se\u00f1alizaci\u00f3n y la iluminaci\u00f3n. Adem\u00e1s, la fundaci\u00f3n aboga por la implementaci\u00f3n de campa\u00f1as de concienciaci\u00f3n dirigidas espec\u00edficamente a los usuarios de estas carreteras, para educarlos sobre los riesgos y las precauciones necesarias al transitar por ellas.<\/p>\n<h3>Un Llamado a la Acci\u00f3n<\/h3>\n<p>La Fundaci\u00f3n RACE hace un llamado a las autoridades competentes para que prioricen la seguridad en las carreteras secundarias. Insisten en que es crucial no solo mantener las infraestructuras existentes, sino tambi\u00e9n innovar y buscar nuevas soluciones para proteger a los conductores. La organizaci\u00f3n subraya que una inversi\u00f3n efectiva en este sector no solo salvar\u00e1 vidas, sino que tambi\u00e9n contribuir\u00e1 a la eficiencia del tr\u00e1nsito en general, alivianando la carga en las carreteras m\u00e1s utilizadas.<\/p>\n<p>Con estas iniciativas, la Fundaci\u00f3n RACE espera ver una reducci\u00f3n significativa en el n\u00famero de accidentes en carreteras secundarias y, en \u00faltima instancia, mejorar la seguridad vial en toda la naci\u00f3n. La fundaci\u00f3n reitera su compromiso con la promoci\u00f3n de v\u00edas m\u00e1s seguras y con la protecci\u00f3n de los ciudadanos en todos los aspectos relacionados con el tr\u00e1fico y la movilidad.<\/p>\n\n\n<div class=\"kk-star-ratings kksr-auto kksr-align-left kksr-valign-bottom\"\n    data-payload='{&quot;align&quot;:&quot;left&quot;,&quot;id&quot;:&quot;6849&quot;,&quot;slug&quot;:&quot;default&quot;,&quot;valign&quot;:&quot;bottom&quot;,&quot;ignore&quot;:&quot;&quot;,&quot;reference&quot;:&quot;auto&quot;,&quot;class&quot;:&quot;&quot;,&quot;count&quot;:&quot;0&quot;,&quot;legendonly&quot;:&quot;&quot;,&quot;readonly&quot;:&quot;&quot;,&quot;score&quot;:&quot;0&quot;,&quot;starsonly&quot;:&quot;&quot;,&quot;best&quot;:&quot;5&quot;,&quot;gap&quot;:&quot;5&quot;,&quot;greet&quot;:&quot;Valora este post&quot;,&quot;legend&quot;:&quot;0\\\/5 - (0 votes)&quot;,&quot;size&quot;:&quot;22&quot;,&quot;title&quot;:&quot;\u00a1Atenci\u00f3n conductores! La Fundaci\u00f3n RACE urge m\u00e1s seguridad en carreteras secundarias&quot;,&quot;width&quot;:&quot;0&quot;,&quot;_legend&quot;:&quot;{score}\\\/{best} - ({count} {votes})&quot;,&quot;font_factor&quot;:&quot;1.25&quot;}'>\n            \n<div class=\"kksr-stars\">\n    \n<div class=\"kksr-stars-inactive\">\n            <div class=\"kksr-star\" data-star=\"1\" style=\"padding-right: 5px\">\n            \n\n<div class=\"kksr-icon\" style=\"width: 22px; height: 22px;\"><\/div>\n        <\/div>\n            <div class=\"kksr-star\" data-star=\"2\" style=\"padding-right: 5px\">\n            \n\n<div class=\"kksr-icon\" style=\"width: 22px; height: 22px;\"><\/div>\n        <\/div>\n            <div class=\"kksr-star\" data-star=\"3\" style=\"padding-right: 5px\">\n            \n\n<div class=\"kksr-icon\" style=\"width: 22px; height: 22px;\"><\/div>\n        <\/div>\n            <div class=\"kksr-star\" data-star=\"4\" style=\"padding-right: 5px\">\n            \n\n<div class=\"kksr-icon\" style=\"width: 22px; height: 22px;\"><\/div>\n        <\/div>\n            <div class=\"kksr-star\" data-star=\"5\" style=\"padding-right: 5px\">\n            \n\n<div class=\"kksr-icon\" style=\"width: 22px; height: 22px;\"><\/div>\n        <\/div>\n    <\/div>\n    \n<div class=\"kksr-stars-active\" style=\"width: 0px;\">\n            <div class=\"kksr-star\" style=\"padding-right: 5px\">\n            \n\n<div class=\"kksr-icon\" style=\"width: 22px; height: 22px;\"><\/div>\n        <\/div>\n            <div class=\"kksr-star\" style=\"padding-right: 5px\">\n            \n\n<div class=\"kksr-icon\" style=\"width: 22px; height: 22px;\"><\/div>\n        <\/div>\n            <div class=\"kksr-star\" style=\"padding-right: 5px\">\n            \n\n<div class=\"kksr-icon\" style=\"width: 22px; height: 22px;\"><\/div>\n        <\/div>\n            <div class=\"kksr-star\" style=\"padding-right: 5px\">\n            \n\n<div class=\"kksr-icon\" style=\"width: 22px; height: 22px;\"><\/div>\n        <\/div>\n            <div class=\"kksr-star\" style=\"padding-right: 5px\">\n            \n\n<div class=\"kksr-icon\" style=\"width: 22px; height: 22px;\"><\/div>\n        <\/div>\n    <\/div>\n<\/div>\n                \n\n<div class=\"kksr-legend\" style=\"font-size: 17.6px;\">\n            <span class=\"kksr-muted\">Valora este post<\/span>\n    <\/div>\n    <\/div>\n","protected":false},"excerpt":{"rendered":"<p>La Fundaci\u00f3n RACE Solicita Mayor Atenci\u00f3n en las V\u00edas Secundarias La reconocida Fundaci\u00f3n RACE ha emitido un llamado urgente para reforzar las medidas de seguridad en &#8230; <a title=\"\u00a1Atenci\u00f3n conductores! La Fundaci\u00f3n RACE urge m\u00e1s seguridad en carreteras secundarias\" class=\"read-more\" href=\"https:\/\/www.diario21.tv\/noticias\/atencion-conductores-la-fundacion-race-urge-mas-seguridad-en-carreteras-secundarias\/\" aria-label=\"Leer m\u00e1s sobre \u00a1Atenci\u00f3n conductores! La Fundaci\u00f3n RACE urge m\u00e1s seguridad en carreteras secundarias\">Seguir leyendo &rarr;<\/a><\/p>\n","protected":false},"author":20,"featured_media":6850,"comment_status":"open","ping_status":"open","sticky":false,"template":"","format":"standard","meta":{"footnotes":""},"categories":[13],"tags":[],"class_list":["post-6849","post","type-post","status-publish","format-standard","has-post-thumbnail","hentry","category-portada"],"yoast_head":"<!-- This site is optimized with the Yoast SEO plugin v25.6 - https:\/\/yoast.com\/wordpress\/plugins\/seo\/ -->\n<title>\u00a1Atenci\u00f3n conductores! La Fundaci\u00f3n RACE urge m\u00e1s seguridad en carreteras secundarias - Diario 21<\/title>\n<meta name=\"robots\" content=\"index, follow, max-snippet:-1, max-image-preview:large, max-video-preview:-1\" \/>\n<link rel=\"canonical\" href=\"https:\/\/www.diario21.tv\/noticias\/atencion-conductores-la-fundacion-race-urge-mas-seguridad-en-carreteras-secundarias\/\" \/>\n<meta property=\"og:locale\" content=\"es_ES\" \/>\n<meta property=\"og:type\" content=\"article\" \/>\n<meta property=\"og:title\" content=\"\u00a1Atenci\u00f3n conductores! La Fundaci\u00f3n RACE urge m\u00e1s seguridad en carreteras secundarias - Diario 21\" \/>\n<meta property=\"og:description\" content=\"La Fundaci\u00f3n RACE Solicita Mayor Atenci\u00f3n en las V\u00edas Secundarias La reconocida Fundaci\u00f3n RACE ha emitido un llamado urgente para reforzar las medidas de seguridad en ... Seguir leyendo &rarr;\" \/>\n<meta property=\"og:url\" content=\"https:\/\/www.diario21.tv\/noticias\/atencion-conductores-la-fundacion-race-urge-mas-seguridad-en-carreteras-secundarias\/\" \/>\n<meta property=\"og:site_name\" content=\"Diario 21\" \/>\n<meta property=\"article:published_time\" content=\"2026-04-11T16:34:32+00:00\" \/>\n<meta property=\"article:modified_time\" content=\"2026-04-11T16:34:33+00:00\" \/>\n<meta property=\"og:image\" content=\"https:\/\/www.diario21.tv\/noticias\/wp-content\/uploads\/2026\/04\/\u00a1Atencion-conductores-La-Fundacion-RACE-urge-mas-seguridad-en-carreteras.jpg\" \/>\n\t<meta property=\"og:image:width\" content=\"1200\" \/>\n\t<meta property=\"og:image:height\" content=\"840\" \/>\n\t<meta property=\"og:image:type\" content=\"image\/jpeg\" \/>\n<meta name=\"author\" content=\"Juan P\u00e9rez\" \/>\n<meta name=\"twitter:card\" content=\"summary_large_image\" \/>\n<meta name=\"twitter:label1\" content=\"Escrito por\" \/>\n\t<meta name=\"twitter:data1\" content=\"Juan P\u00e9rez\" \/>\n\t<meta name=\"twitter:label2\" content=\"Tiempo de lectura\" \/>\n\t<meta name=\"twitter:data2\" content=\"2 minutos\" \/>\n<script type=\"application\/ld+json\" class=\"yoast-schema-graph\">{\"@context\":\"https:\/\/schema.org\",\"@graph\":[{\"@type\":\"WebPage\",\"@id\":\"https:\/\/www.diario21.tv\/noticias\/atencion-conductores-la-fundacion-race-urge-mas-seguridad-en-carreteras-secundarias\/\",\"url\":\"https:\/\/www.diario21.tv\/noticias\/atencion-conductores-la-fundacion-race-urge-mas-seguridad-en-carreteras-secundarias\/\",\"name\":\"\u00a1Atenci\u00f3n conductores! La Fundaci\u00f3n RACE urge m\u00e1s seguridad en carreteras secundarias - Diario 21\",\"isPartOf\":{\"@id\":\"https:\/\/www.diario21.tv\/noticias\/#website\"},\"primaryImageOfPage\":{\"@id\":\"https:\/\/www.diario21.tv\/noticias\/atencion-conductores-la-fundacion-race-urge-mas-seguridad-en-carreteras-secundarias\/#primaryimage\"},\"image\":{\"@id\":\"https:\/\/www.diario21.tv\/noticias\/atencion-conductores-la-fundacion-race-urge-mas-seguridad-en-carreteras-secundarias\/#primaryimage\"},\"thumbnailUrl\":\"https:\/\/www.diario21.tv\/noticias\/wp-content\/uploads\/2026\/04\/\u00a1Atencion-conductores-La-Fundacion-RACE-urge-mas-seguridad-en-carreteras.jpg\",\"datePublished\":\"2026-04-11T16:34:32+00:00\",\"dateModified\":\"2026-04-11T16:34:33+00:00\",\"author\":{\"@id\":\"https:\/\/www.diario21.tv\/noticias\/#\/schema\/person\/dfb778f73814d8f09f302618446a526b\"},\"breadcrumb\":{\"@id\":\"https:\/\/www.diario21.tv\/noticias\/atencion-conductores-la-fundacion-race-urge-mas-seguridad-en-carreteras-secundarias\/#breadcrumb\"},\"inLanguage\":\"es-AR\",\"potentialAction\":[{\"@type\":\"ReadAction\",\"target\":[\"https:\/\/www.diario21.tv\/noticias\/atencion-conductores-la-fundacion-race-urge-mas-seguridad-en-carreteras-secundarias\/\"]}]},{\"@type\":\"ImageObject\",\"inLanguage\":\"es-AR\",\"@id\":\"https:\/\/www.diario21.tv\/noticias\/atencion-conductores-la-fundacion-race-urge-mas-seguridad-en-carreteras-secundarias\/#primaryimage\",\"url\":\"https:\/\/www.diario21.tv\/noticias\/wp-content\/uploads\/2026\/04\/\u00a1Atencion-conductores-La-Fundacion-RACE-urge-mas-seguridad-en-carreteras.jpg\",\"contentUrl\":\"https:\/\/www.diario21.tv\/noticias\/wp-content\/uploads\/2026\/04\/\u00a1Atencion-conductores-La-Fundacion-RACE-urge-mas-seguridad-en-carreteras.jpg\",\"width\":1200,\"height\":840,\"caption\":\"La Fundaci\u00f3n RACE pide incrementar los esfuerzos en las carreteras secundarias\"},{\"@type\":\"BreadcrumbList\",\"@id\":\"https:\/\/www.diario21.tv\/noticias\/atencion-conductores-la-fundacion-race-urge-mas-seguridad-en-carreteras-secundarias\/#breadcrumb\",\"itemListElement\":[{\"@type\":\"ListItem\",\"position\":1,\"name\":\"Accueil\",\"item\":\"https:\/\/www.diario21.tv\/noticias\/\"},{\"@type\":\"ListItem\",\"position\":2,\"name\":\"\u00a1Atenci\u00f3n conductores! La Fundaci\u00f3n RACE urge m\u00e1s seguridad en carreteras secundarias\"}]},{\"@type\":\"WebSite\",\"@id\":\"https:\/\/www.diario21.tv\/noticias\/#website\",\"url\":\"https:\/\/www.diario21.tv\/noticias\/\",\"name\":\"Diario 21\",\"description\":\"\",\"potentialAction\":[{\"@type\":\"SearchAction\",\"target\":{\"@type\":\"EntryPoint\",\"urlTemplate\":\"https:\/\/www.diario21.tv\/noticias\/?s={search_term_string}\"},\"query-input\":{\"@type\":\"PropertyValueSpecification\",\"valueRequired\":true,\"valueName\":\"search_term_string\"}}],\"inLanguage\":\"es-AR\"},{\"@type\":\"Person\",\"@id\":\"https:\/\/www.diario21.tv\/noticias\/#\/schema\/person\/dfb778f73814d8f09f302618446a526b\",\"name\":\"Juan P\u00e9rez\",\"image\":{\"@type\":\"ImageObject\",\"inLanguage\":\"es-AR\",\"@id\":\"https:\/\/www.diario21.tv\/noticias\/#\/schema\/person\/image\/\",\"url\":\"https:\/\/secure.gravatar.com\/avatar\/c478a405bd10621167f4c3167cc770f5?s=96&d=mm&r=g\",\"contentUrl\":\"https:\/\/secure.gravatar.com\/avatar\/c478a405bd10621167f4c3167cc770f5?s=96&d=mm&r=g\",\"caption\":\"Juan P\u00e9rez\"},\"description\":\"Juan P\u00e9rez es el redactor en jefe de Diario 21. Con m\u00e1s de 10 a\u00f1os de experiencia en el periodismo, se especializa en pol\u00edtica nacional y an\u00e1lisis socioecon\u00f3mico. Su enfoque cr\u00edtico y riguroso aporta una perspectiva \u00fanica a cada art\u00edculo.\",\"sameAs\":[\"https:\/\/www.diario21.tv\/noticias\/\"],\"url\":\"https:\/\/www.diario21.tv\/noticias\/author\/juan-perez\/\"}]}<\/script>\n<!-- \/ Yoast SEO plugin. -->","yoast_head_json":{"title":"\u00a1Atenci\u00f3n conductores! La Fundaci\u00f3n RACE urge m\u00e1s seguridad en carreteras secundarias - Diario 21","robots":{"index":"index","follow":"follow","max-snippet":"max-snippet:-1","max-image-preview":"max-image-preview:large","max-video-preview":"max-video-preview:-1"},"canonical":"https:\/\/www.diario21.tv\/noticias\/atencion-conductores-la-fundacion-race-urge-mas-seguridad-en-carreteras-secundarias\/","og_locale":"es_ES","og_type":"article","og_title":"\u00a1Atenci\u00f3n conductores! La Fundaci\u00f3n RACE urge m\u00e1s seguridad en carreteras secundarias - Diario 21","og_description":"La Fundaci\u00f3n RACE Solicita Mayor Atenci\u00f3n en las V\u00edas Secundarias La reconocida Fundaci\u00f3n RACE ha emitido un llamado urgente para reforzar las medidas de seguridad en ... Seguir leyendo &rarr;","og_url":"https:\/\/www.diario21.tv\/noticias\/atencion-conductores-la-fundacion-race-urge-mas-seguridad-en-carreteras-secundarias\/","og_site_name":"Diario 21","article_published_time":"2026-04-11T16:34:32+00:00","article_modified_time":"2026-04-11T16:34:33+00:00","og_image":[{"width":1200,"height":840,"url":"https:\/\/www.diario21.tv\/noticias\/wp-content\/uploads\/2026\/04\/\u00a1Atencion-conductores-La-Fundacion-RACE-urge-mas-seguridad-en-carreteras.jpg","type":"image\/jpeg"}],"author":"Juan P\u00e9rez","twitter_card":"summary_large_image","twitter_misc":{"Escrito por":"Juan P\u00e9rez","Tiempo de lectura":"2 minutos"},"schema":{"@context":"https:\/\/schema.org","@graph":[{"@type":"WebPage","@id":"https:\/\/www.diario21.tv\/noticias\/atencion-conductores-la-fundacion-race-urge-mas-seguridad-en-carreteras-secundarias\/","url":"https:\/\/www.diario21.tv\/noticias\/atencion-conductores-la-fundacion-race-urge-mas-seguridad-en-carreteras-secundarias\/","name":"\u00a1Atenci\u00f3n conductores! La Fundaci\u00f3n RACE urge m\u00e1s seguridad en carreteras secundarias - Diario 21","isPartOf":{"@id":"https:\/\/www.diario21.tv\/noticias\/#website"},"primaryImageOfPage":{"@id":"https:\/\/www.diario21.tv\/noticias\/atencion-conductores-la-fundacion-race-urge-mas-seguridad-en-carreteras-secundarias\/#primaryimage"},"image":{"@id":"https:\/\/www.diario21.tv\/noticias\/atencion-conductores-la-fundacion-race-urge-mas-seguridad-en-carreteras-secundarias\/#primaryimage"},"thumbnailUrl":"https:\/\/www.diario21.tv\/noticias\/wp-content\/uploads\/2026\/04\/\u00a1Atencion-conductores-La-Fundacion-RACE-urge-mas-seguridad-en-carreteras.jpg","datePublished":"2026-04-11T16:34:32+00:00","dateModified":"2026-04-11T16:34:33+00:00","author":{"@id":"https:\/\/www.diario21.tv\/noticias\/#\/schema\/person\/dfb778f73814d8f09f302618446a526b"},"breadcrumb":{"@id":"https:\/\/www.diario21.tv\/noticias\/atencion-conductores-la-fundacion-race-urge-mas-seguridad-en-carreteras-secundarias\/#breadcrumb"},"inLanguage":"es-AR","potentialAction":[{"@type":"ReadAction","target":["https:\/\/www.diario21.tv\/noticias\/atencion-conductores-la-fundacion-race-urge-mas-seguridad-en-carreteras-secundarias\/"]}]},{"@type":"ImageObject","inLanguage":"es-AR","@id":"https:\/\/www.diario21.tv\/noticias\/atencion-conductores-la-fundacion-race-urge-mas-seguridad-en-carreteras-secundarias\/#primaryimage","url":"https:\/\/www.diario21.tv\/noticias\/wp-content\/uploads\/2026\/04\/\u00a1Atencion-conductores-La-Fundacion-RACE-urge-mas-seguridad-en-carreteras.jpg","contentUrl":"https:\/\/www.diario21.tv\/noticias\/wp-content\/uploads\/2026\/04\/\u00a1Atencion-conductores-La-Fundacion-RACE-urge-mas-seguridad-en-carreteras.jpg","width":1200,"height":840,"caption":"La Fundaci\u00f3n RACE pide incrementar los esfuerzos en las carreteras secundarias"},{"@type":"BreadcrumbList","@id":"https:\/\/www.diario21.tv\/noticias\/atencion-conductores-la-fundacion-race-urge-mas-seguridad-en-carreteras-secundarias\/#breadcrumb","itemListElement":[{"@type":"ListItem","position":1,"name":"Accueil","item":"https:\/\/www.diario21.tv\/noticias\/"},{"@type":"ListItem","position":2,"name":"\u00a1Atenci\u00f3n conductores! La Fundaci\u00f3n RACE urge m\u00e1s seguridad en carreteras secundarias"}]},{"@type":"WebSite","@id":"https:\/\/www.diario21.tv\/noticias\/#website","url":"https:\/\/www.diario21.tv\/noticias\/","name":"Diario 21","description":"","potentialAction":[{"@type":"SearchAction","target":{"@type":"EntryPoint","urlTemplate":"https:\/\/www.diario21.tv\/noticias\/?s={search_term_string}"},"query-input":{"@type":"PropertyValueSpecification","valueRequired":true,"valueName":"search_term_string"}}],"inLanguage":"es-AR"},{"@type":"Person","@id":"https:\/\/www.diario21.tv\/noticias\/#\/schema\/person\/dfb778f73814d8f09f302618446a526b","name":"Juan P\u00e9rez","image":{"@type":"ImageObject","inLanguage":"es-AR","@id":"https:\/\/www.diario21.tv\/noticias\/#\/schema\/person\/image\/","url":"https:\/\/secure.gravatar.com\/avatar\/c478a405bd10621167f4c3167cc770f5?s=96&d=mm&r=g","contentUrl":"https:\/\/secure.gravatar.com\/avatar\/c478a405bd10621167f4c3167cc770f5?s=96&d=mm&r=g","caption":"Juan P\u00e9rez"},"description":"Juan P\u00e9rez es el redactor en jefe de Diario 21. Con m\u00e1s de 10 a\u00f1os de experiencia en el periodismo, se especializa en pol\u00edtica nacional y an\u00e1lisis socioecon\u00f3mico. Su enfoque cr\u00edtico y riguroso aporta una perspectiva \u00fanica a cada art\u00edculo.","sameAs":["https:\/\/www.diario21.tv\/noticias\/"],"url":"https:\/\/www.diario21.tv\/noticias\/author\/juan-perez\/"}]}},"_links":{"self":[{"href":"https:\/\/www.diario21.tv\/noticias\/wp-json\/wp\/v2\/posts\/6849"}],"collection":[{"href":"https:\/\/www.diario21.tv\/noticias\/wp-json\/wp\/v2\/posts"}],"about":[{"href":"https:\/\/www.diario21.tv\/noticias\/wp-json\/wp\/v2\/types\/post"}],"author":[{"embeddable":true,"href":"https:\/\/www.diario21.tv\/noticias\/wp-json\/wp\/v2\/users\/20"}],"replies":[{"embeddable":true,"href":"https:\/\/www.diario21.tv\/noticias\/wp-json\/wp\/v2\/comments?post=6849"}],"version-history":[{"count":1,"href":"https:\/\/www.diario21.tv\/noticias\/wp-json\/wp\/v2\/posts\/6849\/revisions"}],"predecessor-version":[{"id":6851,"href":"https:\/\/www.diario21.tv\/noticias\/wp-json\/wp\/v2\/posts\/6849\/revisions\/6851"}],"wp:featuredmedia":[{"embeddable":true,"href":"https:\/\/www.diario21.tv\/noticias\/wp-json\/wp\/v2\/media\/6850"}],"wp:attachment":[{"href":"https:\/\/www.diario21.tv\/noticias\/wp-json\/wp\/v2\/media?parent=6849"}],"wp:term":[{"taxonomy":"category","embeddable":true,"href":"https:\/\/www.diario21.tv\/noticias\/wp-json\/wp\/v2\/categories?post=6849"},{"taxonomy":"post_tag","embeddable":true,"href":"https:\/\/www.diario21.tv\/noticias\/wp-json\/wp\/v2\/tags?post=6849"}],"curies":[{"name":"wp","href":"https:\/\/api.w.org\/{rel}","templated":true}]}}