{"id":6846,"date":"2026-04-11T10:31:12","date_gmt":"2026-04-11T10:31:12","guid":{"rendered":"https:\/\/www.diario21.tv\/noticias\/padre-abusador-en-logrono-su-frase-incriminatoria-revelada\/"},"modified":"2026-04-11T10:31:14","modified_gmt":"2026-04-11T10:31:14","slug":"padre-abusador-en-logrono-su-frase-incriminatoria-revelada","status":"publish","type":"post","link":"https:\/\/www.diario21.tv\/noticias\/padre-abusador-en-logrono-su-frase-incriminatoria-revelada\/","title":{"rendered":"Padre abusador en Logro\u00f1o: Su frase incriminatoria revelada"},"content":{"rendered":"<h2>La Declaraci\u00f3n que Comprometi\u00f3 a un Padre por Abusar de su Hija en Logro\u00f1o<\/h2>\n<p>En la ciudad de Logro\u00f1o, un caso perturbador ha salido a la luz, involucrando a un padre acusado de abusar de su propia hija. El elemento central que ha puesto en evidencia al acusado fue una frase que \u00e9l mismo pronunci\u00f3: \u00abIba m\u00e1s all\u00e1 cuando t\u00fa me lo ped\u00edas\u00bb. Esta declaraci\u00f3n se ha convertido en un punto crucial en la investigaci\u00f3n, sugiriendo que los actos iban m\u00e1s all\u00e1 de lo permisible y eran instigados bajo un contexto inapropiado.<\/p>\n<h3>Contexto del Caso<\/h3>\n<p>El caso se descubri\u00f3 en Logro\u00f1o, una ciudad conocida por su tranquilidad y comunidad cerrada. Sin embargo, detr\u00e1s de esta fachada se escond\u00eda una realidad sombr\u00eda que afectaba a una joven indefensa a manos de su propio padre. El abuso sali\u00f3 a la luz tras una serie de investigaciones que apuntaban al comportamiento inapropiado del padre hacia su hija.<\/p>\n<h3>Desarrollo de la Investigaci\u00f3n<\/h3>\n<p>Las autoridades comenzaron a investigar el caso despu\u00e9s de recibir denuncias an\u00f3nimas que indicaban posible abuso. Durante el proceso, recolectaron evidencias y testimonios que gradualmente delinearon la magnitud de los abusos. Fue durante uno de los interrogatorios cuando el acusado dej\u00f3 escapar la frase incriminatoria, que no solo revel\u00f3 la naturaleza de los actos, sino que tambi\u00e9n implic\u00f3 una din\u00e1mica de abuso repetido y solicitado, seg\u00fan \u00e9l, por la v\u00edctima.<\/p>\n<h3>Reacciones y Consecuencias<\/h3>\n<p>La comunidad de Logro\u00f1o ha reaccionado con consternaci\u00f3n y tristeza ante el descubrimiento de este caso. La protecci\u00f3n de los menores es una prioridad en la sociedad, y el hecho de que un padre pueda cometer tales actos contra su hija ha sacudido los cimientos \u00e9ticos y morales de la localidad. Las autoridades est\u00e1n tratando el caso con la m\u00e1xima seriedad, asegurando que se apliquen todas las medidas legales posibles para proteger a la v\u00edctima y sancionar al culpable.<\/p>\n<p>La frase mencionada ha sido analizada por expertos en comportamiento y psicolog\u00eda, quienes se\u00f1alan que refleja una manipulaci\u00f3n y una transferencia de responsabilidad hacia la v\u00edctima, una t\u00e1ctica com\u00fan en casos de abuso. Esta declaraci\u00f3n podr\u00eda ser utilizada como una prueba clave en el proceso judicial contra el padre, quien enfrenta severas acusaciones y una posible condena que podr\u00eda alejarlo de la sociedad y evitar futuros abusos.<\/p>\n<h3>Impacto en la Comunidad y Medidas a Tomar<\/h3>\n<p>El caso ha generado un debate en Logro\u00f1o y sus alrededores sobre c\u00f3mo mejorar la detecci\u00f3n y prevenci\u00f3n del abuso infantil. Se est\u00e1 poniendo un \u00e9nfasis renovado en programas de educaci\u00f3n y concientizaci\u00f3n, as\u00ed como en el fortalecimiento de las redes de apoyo para las v\u00edctimas de abuso. Adem\u00e1s, se est\u00e1 instando a los ciudadanos a que denuncien cualquier comportamiento sospechoso, para poder actuar r\u00e1pidamente y proteger a los m\u00e1s vulnerables.<\/p>\n<p>La triste realidad de este caso ha dejado una marca en la comunidad, pero tambi\u00e9n ha reforzado la determinaci\u00f3n de las autoridades y los ciudadanos para combatir el abuso infantil y asegurar que Logro\u00f1o sea un lugar seguro para todos sus habitantes.<\/p>\n\n\n<div class=\"kk-star-ratings kksr-auto kksr-align-left kksr-valign-bottom\"\n    data-payload='{&quot;align&quot;:&quot;left&quot;,&quot;id&quot;:&quot;6846&quot;,&quot;slug&quot;:&quot;default&quot;,&quot;valign&quot;:&quot;bottom&quot;,&quot;ignore&quot;:&quot;&quot;,&quot;reference&quot;:&quot;auto&quot;,&quot;class&quot;:&quot;&quot;,&quot;count&quot;:&quot;0&quot;,&quot;legendonly&quot;:&quot;&quot;,&quot;readonly&quot;:&quot;&quot;,&quot;score&quot;:&quot;0&quot;,&quot;starsonly&quot;:&quot;&quot;,&quot;best&quot;:&quot;5&quot;,&quot;gap&quot;:&quot;5&quot;,&quot;greet&quot;:&quot;Valora este post&quot;,&quot;legend&quot;:&quot;0\\\/5 - (0 votes)&quot;,&quot;size&quot;:&quot;22&quot;,&quot;title&quot;:&quot;Padre abusador en Logro\u00f1o: Su frase incriminatoria revelada&quot;,&quot;width&quot;:&quot;0&quot;,&quot;_legend&quot;:&quot;{score}\\\/{best} - ({count} {votes})&quot;,&quot;font_factor&quot;:&quot;1.25&quot;}'>\n            \n<div class=\"kksr-stars\">\n    \n<div class=\"kksr-stars-inactive\">\n            <div class=\"kksr-star\" data-star=\"1\" style=\"padding-right: 5px\">\n            \n\n<div class=\"kksr-icon\" style=\"width: 22px; height: 22px;\"><\/div>\n        <\/div>\n            <div class=\"kksr-star\" data-star=\"2\" style=\"padding-right: 5px\">\n            \n\n<div class=\"kksr-icon\" style=\"width: 22px; height: 22px;\"><\/div>\n        <\/div>\n            <div class=\"kksr-star\" data-star=\"3\" style=\"padding-right: 5px\">\n            \n\n<div class=\"kksr-icon\" style=\"width: 22px; height: 22px;\"><\/div>\n        <\/div>\n            <div class=\"kksr-star\" data-star=\"4\" style=\"padding-right: 5px\">\n            \n\n<div class=\"kksr-icon\" style=\"width: 22px; height: 22px;\"><\/div>\n        <\/div>\n            <div class=\"kksr-star\" data-star=\"5\" style=\"padding-right: 5px\">\n            \n\n<div class=\"kksr-icon\" style=\"width: 22px; height: 22px;\"><\/div>\n        <\/div>\n    <\/div>\n    \n<div class=\"kksr-stars-active\" style=\"width: 0px;\">\n            <div class=\"kksr-star\" style=\"padding-right: 5px\">\n            \n\n<div class=\"kksr-icon\" style=\"width: 22px; height: 22px;\"><\/div>\n        <\/div>\n            <div class=\"kksr-star\" style=\"padding-right: 5px\">\n            \n\n<div class=\"kksr-icon\" style=\"width: 22px; height: 22px;\"><\/div>\n        <\/div>\n            <div class=\"kksr-star\" style=\"padding-right: 5px\">\n            \n\n<div class=\"kksr-icon\" style=\"width: 22px; height: 22px;\"><\/div>\n        <\/div>\n            <div class=\"kksr-star\" style=\"padding-right: 5px\">\n            \n\n<div class=\"kksr-icon\" style=\"width: 22px; height: 22px;\"><\/div>\n        <\/div>\n            <div class=\"kksr-star\" style=\"padding-right: 5px\">\n            \n\n<div class=\"kksr-icon\" style=\"width: 22px; height: 22px;\"><\/div>\n        <\/div>\n    <\/div>\n<\/div>\n                \n\n<div class=\"kksr-legend\" style=\"font-size: 17.6px;\">\n            <span class=\"kksr-muted\">Valora este post<\/span>\n    <\/div>\n    <\/div>\n","protected":false},"excerpt":{"rendered":"<p>La Declaraci\u00f3n que Comprometi\u00f3 a un Padre por Abusar de su Hija en Logro\u00f1o En la ciudad de Logro\u00f1o, un caso perturbador ha salido a la &#8230; <a title=\"Padre abusador en Logro\u00f1o: Su frase incriminatoria revelada\" class=\"read-more\" href=\"https:\/\/www.diario21.tv\/noticias\/padre-abusador-en-logrono-su-frase-incriminatoria-revelada\/\" aria-label=\"Leer m\u00e1s sobre Padre abusador en Logro\u00f1o: Su frase incriminatoria revelada\">Seguir leyendo &rarr;<\/a><\/p>\n","protected":false},"author":20,"featured_media":6847,"comment_status":"open","ping_status":"open","sticky":false,"template":"","format":"standard","meta":{"footnotes":""},"categories":[13],"tags":[],"class_list":["post-6846","post","type-post","status-publish","format-standard","has-post-thumbnail","hentry","category-portada"],"yoast_head":"<!-- This site is optimized with the Yoast SEO plugin v25.6 - https:\/\/yoast.com\/wordpress\/plugins\/seo\/ -->\n<title>Padre abusador en Logro\u00f1o: Su frase incriminatoria revelada - Diario 21<\/title>\n<meta name=\"robots\" content=\"index, follow, max-snippet:-1, max-image-preview:large, max-video-preview:-1\" \/>\n<link rel=\"canonical\" href=\"https:\/\/www.diario21.tv\/noticias\/padre-abusador-en-logrono-su-frase-incriminatoria-revelada\/\" \/>\n<meta property=\"og:locale\" content=\"es_ES\" \/>\n<meta property=\"og:type\" content=\"article\" \/>\n<meta property=\"og:title\" content=\"Padre abusador en Logro\u00f1o: Su frase incriminatoria revelada - Diario 21\" \/>\n<meta property=\"og:description\" content=\"La Declaraci\u00f3n que Comprometi\u00f3 a un Padre por Abusar de su Hija en Logro\u00f1o En la ciudad de Logro\u00f1o, un caso perturbador ha salido a la ... Seguir leyendo &rarr;\" \/>\n<meta property=\"og:url\" content=\"https:\/\/www.diario21.tv\/noticias\/padre-abusador-en-logrono-su-frase-incriminatoria-revelada\/\" \/>\n<meta property=\"og:site_name\" content=\"Diario 21\" \/>\n<meta property=\"article:published_time\" content=\"2026-04-11T10:31:12+00:00\" \/>\n<meta property=\"article:modified_time\" content=\"2026-04-11T10:31:14+00:00\" \/>\n<meta property=\"og:image\" content=\"https:\/\/www.diario21.tv\/noticias\/wp-content\/uploads\/2026\/04\/Padre-abusador-en-Logrono-Su-frase-incriminatoria-revelada.jpg\" \/>\n\t<meta property=\"og:image:width\" content=\"1200\" \/>\n\t<meta property=\"og:image:height\" content=\"840\" \/>\n\t<meta property=\"og:image:type\" content=\"image\/jpeg\" \/>\n<meta name=\"author\" content=\"Juan P\u00e9rez\" \/>\n<meta name=\"twitter:card\" content=\"summary_large_image\" \/>\n<meta name=\"twitter:label1\" content=\"Escrito por\" \/>\n\t<meta name=\"twitter:data1\" content=\"Juan P\u00e9rez\" \/>\n\t<meta name=\"twitter:label2\" content=\"Tiempo de lectura\" \/>\n\t<meta name=\"twitter:data2\" content=\"3 minutos\" \/>\n<script type=\"application\/ld+json\" class=\"yoast-schema-graph\">{\"@context\":\"https:\/\/schema.org\",\"@graph\":[{\"@type\":\"WebPage\",\"@id\":\"https:\/\/www.diario21.tv\/noticias\/padre-abusador-en-logrono-su-frase-incriminatoria-revelada\/\",\"url\":\"https:\/\/www.diario21.tv\/noticias\/padre-abusador-en-logrono-su-frase-incriminatoria-revelada\/\",\"name\":\"Padre abusador en Logro\u00f1o: Su frase incriminatoria revelada - Diario 21\",\"isPartOf\":{\"@id\":\"https:\/\/www.diario21.tv\/noticias\/#website\"},\"primaryImageOfPage\":{\"@id\":\"https:\/\/www.diario21.tv\/noticias\/padre-abusador-en-logrono-su-frase-incriminatoria-revelada\/#primaryimage\"},\"image\":{\"@id\":\"https:\/\/www.diario21.tv\/noticias\/padre-abusador-en-logrono-su-frase-incriminatoria-revelada\/#primaryimage\"},\"thumbnailUrl\":\"https:\/\/www.diario21.tv\/noticias\/wp-content\/uploads\/2026\/04\/Padre-abusador-en-Logrono-Su-frase-incriminatoria-revelada.jpg\",\"datePublished\":\"2026-04-11T10:31:12+00:00\",\"dateModified\":\"2026-04-11T10:31:14+00:00\",\"author\":{\"@id\":\"https:\/\/www.diario21.tv\/noticias\/#\/schema\/person\/dfb778f73814d8f09f302618446a526b\"},\"breadcrumb\":{\"@id\":\"https:\/\/www.diario21.tv\/noticias\/padre-abusador-en-logrono-su-frase-incriminatoria-revelada\/#breadcrumb\"},\"inLanguage\":\"es-AR\",\"potentialAction\":[{\"@type\":\"ReadAction\",\"target\":[\"https:\/\/www.diario21.tv\/noticias\/padre-abusador-en-logrono-su-frase-incriminatoria-revelada\/\"]}]},{\"@type\":\"ImageObject\",\"inLanguage\":\"es-AR\",\"@id\":\"https:\/\/www.diario21.tv\/noticias\/padre-abusador-en-logrono-su-frase-incriminatoria-revelada\/#primaryimage\",\"url\":\"https:\/\/www.diario21.tv\/noticias\/wp-content\/uploads\/2026\/04\/Padre-abusador-en-Logrono-Su-frase-incriminatoria-revelada.jpg\",\"contentUrl\":\"https:\/\/www.diario21.tv\/noticias\/wp-content\/uploads\/2026\/04\/Padre-abusador-en-Logrono-Su-frase-incriminatoria-revelada.jpg\",\"width\":1200,\"height\":840,\"caption\":\"La frase que incrimin\u00f3 a un padre que abus\u00f3 de su hija en Logro\u00f1o: \u00abIba m\u00e1s all\u00e1 cuando t\u00fa me lo ped\u00edas\u00bb\"},{\"@type\":\"BreadcrumbList\",\"@id\":\"https:\/\/www.diario21.tv\/noticias\/padre-abusador-en-logrono-su-frase-incriminatoria-revelada\/#breadcrumb\",\"itemListElement\":[{\"@type\":\"ListItem\",\"position\":1,\"name\":\"Accueil\",\"item\":\"https:\/\/www.diario21.tv\/noticias\/\"},{\"@type\":\"ListItem\",\"position\":2,\"name\":\"Padre abusador en Logro\u00f1o: Su frase incriminatoria revelada\"}]},{\"@type\":\"WebSite\",\"@id\":\"https:\/\/www.diario21.tv\/noticias\/#website\",\"url\":\"https:\/\/www.diario21.tv\/noticias\/\",\"name\":\"Diario 21\",\"description\":\"\",\"potentialAction\":[{\"@type\":\"SearchAction\",\"target\":{\"@type\":\"EntryPoint\",\"urlTemplate\":\"https:\/\/www.diario21.tv\/noticias\/?s={search_term_string}\"},\"query-input\":{\"@type\":\"PropertyValueSpecification\",\"valueRequired\":true,\"valueName\":\"search_term_string\"}}],\"inLanguage\":\"es-AR\"},{\"@type\":\"Person\",\"@id\":\"https:\/\/www.diario21.tv\/noticias\/#\/schema\/person\/dfb778f73814d8f09f302618446a526b\",\"name\":\"Juan P\u00e9rez\",\"image\":{\"@type\":\"ImageObject\",\"inLanguage\":\"es-AR\",\"@id\":\"https:\/\/www.diario21.tv\/noticias\/#\/schema\/person\/image\/\",\"url\":\"https:\/\/secure.gravatar.com\/avatar\/c478a405bd10621167f4c3167cc770f5?s=96&d=mm&r=g\",\"contentUrl\":\"https:\/\/secure.gravatar.com\/avatar\/c478a405bd10621167f4c3167cc770f5?s=96&d=mm&r=g\",\"caption\":\"Juan P\u00e9rez\"},\"description\":\"Juan P\u00e9rez es el redactor en jefe de Diario 21. Con m\u00e1s de 10 a\u00f1os de experiencia en el periodismo, se especializa en pol\u00edtica nacional y an\u00e1lisis socioecon\u00f3mico. Su enfoque cr\u00edtico y riguroso aporta una perspectiva \u00fanica a cada art\u00edculo.\",\"sameAs\":[\"https:\/\/www.diario21.tv\/noticias\/\"],\"url\":\"https:\/\/www.diario21.tv\/noticias\/author\/juan-perez\/\"}]}<\/script>\n<!-- \/ Yoast SEO plugin. -->","yoast_head_json":{"title":"Padre abusador en Logro\u00f1o: Su frase incriminatoria revelada - Diario 21","robots":{"index":"index","follow":"follow","max-snippet":"max-snippet:-1","max-image-preview":"max-image-preview:large","max-video-preview":"max-video-preview:-1"},"canonical":"https:\/\/www.diario21.tv\/noticias\/padre-abusador-en-logrono-su-frase-incriminatoria-revelada\/","og_locale":"es_ES","og_type":"article","og_title":"Padre abusador en Logro\u00f1o: Su frase incriminatoria revelada - Diario 21","og_description":"La Declaraci\u00f3n que Comprometi\u00f3 a un Padre por Abusar de su Hija en Logro\u00f1o En la ciudad de Logro\u00f1o, un caso perturbador ha salido a la ... Seguir leyendo &rarr;","og_url":"https:\/\/www.diario21.tv\/noticias\/padre-abusador-en-logrono-su-frase-incriminatoria-revelada\/","og_site_name":"Diario 21","article_published_time":"2026-04-11T10:31:12+00:00","article_modified_time":"2026-04-11T10:31:14+00:00","og_image":[{"width":1200,"height":840,"url":"https:\/\/www.diario21.tv\/noticias\/wp-content\/uploads\/2026\/04\/Padre-abusador-en-Logrono-Su-frase-incriminatoria-revelada.jpg","type":"image\/jpeg"}],"author":"Juan P\u00e9rez","twitter_card":"summary_large_image","twitter_misc":{"Escrito por":"Juan P\u00e9rez","Tiempo de lectura":"3 minutos"},"schema":{"@context":"https:\/\/schema.org","@graph":[{"@type":"WebPage","@id":"https:\/\/www.diario21.tv\/noticias\/padre-abusador-en-logrono-su-frase-incriminatoria-revelada\/","url":"https:\/\/www.diario21.tv\/noticias\/padre-abusador-en-logrono-su-frase-incriminatoria-revelada\/","name":"Padre abusador en Logro\u00f1o: Su frase incriminatoria revelada - Diario 21","isPartOf":{"@id":"https:\/\/www.diario21.tv\/noticias\/#website"},"primaryImageOfPage":{"@id":"https:\/\/www.diario21.tv\/noticias\/padre-abusador-en-logrono-su-frase-incriminatoria-revelada\/#primaryimage"},"image":{"@id":"https:\/\/www.diario21.tv\/noticias\/padre-abusador-en-logrono-su-frase-incriminatoria-revelada\/#primaryimage"},"thumbnailUrl":"https:\/\/www.diario21.tv\/noticias\/wp-content\/uploads\/2026\/04\/Padre-abusador-en-Logrono-Su-frase-incriminatoria-revelada.jpg","datePublished":"2026-04-11T10:31:12+00:00","dateModified":"2026-04-11T10:31:14+00:00","author":{"@id":"https:\/\/www.diario21.tv\/noticias\/#\/schema\/person\/dfb778f73814d8f09f302618446a526b"},"breadcrumb":{"@id":"https:\/\/www.diario21.tv\/noticias\/padre-abusador-en-logrono-su-frase-incriminatoria-revelada\/#breadcrumb"},"inLanguage":"es-AR","potentialAction":[{"@type":"ReadAction","target":["https:\/\/www.diario21.tv\/noticias\/padre-abusador-en-logrono-su-frase-incriminatoria-revelada\/"]}]},{"@type":"ImageObject","inLanguage":"es-AR","@id":"https:\/\/www.diario21.tv\/noticias\/padre-abusador-en-logrono-su-frase-incriminatoria-revelada\/#primaryimage","url":"https:\/\/www.diario21.tv\/noticias\/wp-content\/uploads\/2026\/04\/Padre-abusador-en-Logrono-Su-frase-incriminatoria-revelada.jpg","contentUrl":"https:\/\/www.diario21.tv\/noticias\/wp-content\/uploads\/2026\/04\/Padre-abusador-en-Logrono-Su-frase-incriminatoria-revelada.jpg","width":1200,"height":840,"caption":"La frase que incrimin\u00f3 a un padre que abus\u00f3 de su hija en Logro\u00f1o: \u00abIba m\u00e1s all\u00e1 cuando t\u00fa me lo ped\u00edas\u00bb"},{"@type":"BreadcrumbList","@id":"https:\/\/www.diario21.tv\/noticias\/padre-abusador-en-logrono-su-frase-incriminatoria-revelada\/#breadcrumb","itemListElement":[{"@type":"ListItem","position":1,"name":"Accueil","item":"https:\/\/www.diario21.tv\/noticias\/"},{"@type":"ListItem","position":2,"name":"Padre abusador en Logro\u00f1o: Su frase incriminatoria revelada"}]},{"@type":"WebSite","@id":"https:\/\/www.diario21.tv\/noticias\/#website","url":"https:\/\/www.diario21.tv\/noticias\/","name":"Diario 21","description":"","potentialAction":[{"@type":"SearchAction","target":{"@type":"EntryPoint","urlTemplate":"https:\/\/www.diario21.tv\/noticias\/?s={search_term_string}"},"query-input":{"@type":"PropertyValueSpecification","valueRequired":true,"valueName":"search_term_string"}}],"inLanguage":"es-AR"},{"@type":"Person","@id":"https:\/\/www.diario21.tv\/noticias\/#\/schema\/person\/dfb778f73814d8f09f302618446a526b","name":"Juan P\u00e9rez","image":{"@type":"ImageObject","inLanguage":"es-AR","@id":"https:\/\/www.diario21.tv\/noticias\/#\/schema\/person\/image\/","url":"https:\/\/secure.gravatar.com\/avatar\/c478a405bd10621167f4c3167cc770f5?s=96&d=mm&r=g","contentUrl":"https:\/\/secure.gravatar.com\/avatar\/c478a405bd10621167f4c3167cc770f5?s=96&d=mm&r=g","caption":"Juan P\u00e9rez"},"description":"Juan P\u00e9rez es el redactor en jefe de Diario 21. Con m\u00e1s de 10 a\u00f1os de experiencia en el periodismo, se especializa en pol\u00edtica nacional y an\u00e1lisis socioecon\u00f3mico. Su enfoque cr\u00edtico y riguroso aporta una perspectiva \u00fanica a cada art\u00edculo.","sameAs":["https:\/\/www.diario21.tv\/noticias\/"],"url":"https:\/\/www.diario21.tv\/noticias\/author\/juan-perez\/"}]}},"_links":{"self":[{"href":"https:\/\/www.diario21.tv\/noticias\/wp-json\/wp\/v2\/posts\/6846"}],"collection":[{"href":"https:\/\/www.diario21.tv\/noticias\/wp-json\/wp\/v2\/posts"}],"about":[{"href":"https:\/\/www.diario21.tv\/noticias\/wp-json\/wp\/v2\/types\/post"}],"author":[{"embeddable":true,"href":"https:\/\/www.diario21.tv\/noticias\/wp-json\/wp\/v2\/users\/20"}],"replies":[{"embeddable":true,"href":"https:\/\/www.diario21.tv\/noticias\/wp-json\/wp\/v2\/comments?post=6846"}],"version-history":[{"count":1,"href":"https:\/\/www.diario21.tv\/noticias\/wp-json\/wp\/v2\/posts\/6846\/revisions"}],"predecessor-version":[{"id":6848,"href":"https:\/\/www.diario21.tv\/noticias\/wp-json\/wp\/v2\/posts\/6846\/revisions\/6848"}],"wp:featuredmedia":[{"embeddable":true,"href":"https:\/\/www.diario21.tv\/noticias\/wp-json\/wp\/v2\/media\/6847"}],"wp:attachment":[{"href":"https:\/\/www.diario21.tv\/noticias\/wp-json\/wp\/v2\/media?parent=6846"}],"wp:term":[{"taxonomy":"category","embeddable":true,"href":"https:\/\/www.diario21.tv\/noticias\/wp-json\/wp\/v2\/categories?post=6846"},{"taxonomy":"post_tag","embeddable":true,"href":"https:\/\/www.diario21.tv\/noticias\/wp-json\/wp\/v2\/tags?post=6846"}],"curies":[{"name":"wp","href":"https:\/\/api.w.org\/{rel}","templated":true}]}}