{"id":6843,"date":"2026-04-11T04:31:10","date_gmt":"2026-04-11T04:31:10","guid":{"rendered":"https:\/\/www.diario21.tv\/noticias\/alerta-a-familias-hacer-la-comunion-supera-los-15-000-euros-advierte-asociacion-de-consumidores\/"},"modified":"2026-04-11T04:31:11","modified_gmt":"2026-04-11T04:31:11","slug":"alerta-a-familias-hacer-la-comunion-supera-los-15-000-euros-advierte-asociacion-de-consumidores","status":"publish","type":"post","link":"https:\/\/www.diario21.tv\/noticias\/alerta-a-familias-hacer-la-comunion-supera-los-15-000-euros-advierte-asociacion-de-consumidores\/","title":{"rendered":"\u00a1Alerta a familias! Hacer la comuni\u00f3n supera los 15.000 euros, advierte Asociaci\u00f3n de Consumidores"},"content":{"rendered":"<h2>Alerta de la Asociaci\u00f3n de Consumidores: el costo de las comuniones supera los 15.000 euros<\/h2>\n<p>En un reciente comunicado, la Asociaci\u00f3n de Consumidores ha emitido una advertencia que resuena en los bolsillos de numerosas familias: el gasto asociado a la celebraci\u00f3n de una comuni\u00f3n ha escalado hasta superar la cifra de 15.000 euros. Este incremento en los costos representa una carga considerable para las familias que planean este tipo de eventos religiosos y sociales.<\/p>\n<h3>Desglose de los gastos involucrados<\/h3>\n<p>El aumento en el costo de las comuniones se debe a varios factores. Principalmente, la organizaci\u00f3n del evento incluye elementos como el alquiler del espacio para la celebraci\u00f3n, el catering, la decoraci\u00f3n y el entretenimiento, que pueden sumar una cantidad significativa. Adem\u00e1s, est\u00e1 el costo del atuendo especial que suelen llevar los ni\u00f1os y ni\u00f1as durante la ceremonia, as\u00ed como los regalos que se entregan a los invitados, que tambi\u00e9n han visto un aumento en sus precios.<\/p>\n<h3>Impacto en las familias<\/h3>\n<p>Este elevado costo est\u00e1 teniendo un impacto notable en las decisiones de las familias. Muchas de ellas ahora deben evaluar cuidadosamente su capacidad financiera antes de comprometerse a organizar una comuni\u00f3n. En algunos casos, los padres optan por soluciones m\u00e1s econ\u00f3micas, reduciendo la escala del evento o eligiendo alternativas menos costosas para ciertos servicios y productos.<\/p>\n<h3>Reacciones y consejos de la Asociaci\u00f3n de Consumidores<\/h3>\n<p>La Asociaci\u00f3n de Consumidores ha expresado preocupaci\u00f3n por esta tendencia y ha ofrecido varios consejos para las familias afectadas. Recomiendan planificar el evento con mucha antelaci\u00f3n para poder comparar precios y servicios de manera efectiva. Tambi\u00e9n sugieren considerar opciones m\u00e1s modestas que puedan reducir el gasto total sin sacrificar la esencia de la celebraci\u00f3n.<\/p>\n<p>En conclusi\u00f3n, la alerta emitida por la Asociaci\u00f3n de Consumidores destaca una realidad preocupante para muchas familias. El significativo aumento en el costo de las comuniones est\u00e1 obligando a reconsiderar c\u00f3mo y en qu\u00e9 medida se celebran estos importantes eventos familiares y religiosos.<\/p>\n\n\n<div class=\"kk-star-ratings kksr-auto kksr-align-left kksr-valign-bottom\"\n    data-payload='{&quot;align&quot;:&quot;left&quot;,&quot;id&quot;:&quot;6843&quot;,&quot;slug&quot;:&quot;default&quot;,&quot;valign&quot;:&quot;bottom&quot;,&quot;ignore&quot;:&quot;&quot;,&quot;reference&quot;:&quot;auto&quot;,&quot;class&quot;:&quot;&quot;,&quot;count&quot;:&quot;0&quot;,&quot;legendonly&quot;:&quot;&quot;,&quot;readonly&quot;:&quot;&quot;,&quot;score&quot;:&quot;0&quot;,&quot;starsonly&quot;:&quot;&quot;,&quot;best&quot;:&quot;5&quot;,&quot;gap&quot;:&quot;5&quot;,&quot;greet&quot;:&quot;Valora este post&quot;,&quot;legend&quot;:&quot;0\\\/5 - (0 votes)&quot;,&quot;size&quot;:&quot;22&quot;,&quot;title&quot;:&quot;\u00a1Alerta a familias! Hacer la comuni\u00f3n supera los 15.000 euros, advierte Asociaci\u00f3n de Consumidores&quot;,&quot;width&quot;:&quot;0&quot;,&quot;_legend&quot;:&quot;{score}\\\/{best} - ({count} {votes})&quot;,&quot;font_factor&quot;:&quot;1.25&quot;}'>\n            \n<div class=\"kksr-stars\">\n    \n<div class=\"kksr-stars-inactive\">\n            <div class=\"kksr-star\" data-star=\"1\" style=\"padding-right: 5px\">\n            \n\n<div class=\"kksr-icon\" style=\"width: 22px; height: 22px;\"><\/div>\n        <\/div>\n            <div class=\"kksr-star\" data-star=\"2\" style=\"padding-right: 5px\">\n            \n\n<div class=\"kksr-icon\" style=\"width: 22px; height: 22px;\"><\/div>\n        <\/div>\n            <div class=\"kksr-star\" data-star=\"3\" style=\"padding-right: 5px\">\n            \n\n<div class=\"kksr-icon\" style=\"width: 22px; height: 22px;\"><\/div>\n        <\/div>\n            <div class=\"kksr-star\" data-star=\"4\" style=\"padding-right: 5px\">\n            \n\n<div class=\"kksr-icon\" style=\"width: 22px; height: 22px;\"><\/div>\n        <\/div>\n            <div class=\"kksr-star\" data-star=\"5\" style=\"padding-right: 5px\">\n            \n\n<div class=\"kksr-icon\" style=\"width: 22px; height: 22px;\"><\/div>\n        <\/div>\n    <\/div>\n    \n<div class=\"kksr-stars-active\" style=\"width: 0px;\">\n            <div class=\"kksr-star\" style=\"padding-right: 5px\">\n            \n\n<div class=\"kksr-icon\" style=\"width: 22px; height: 22px;\"><\/div>\n        <\/div>\n            <div class=\"kksr-star\" style=\"padding-right: 5px\">\n            \n\n<div class=\"kksr-icon\" style=\"width: 22px; height: 22px;\"><\/div>\n        <\/div>\n            <div class=\"kksr-star\" style=\"padding-right: 5px\">\n            \n\n<div class=\"kksr-icon\" style=\"width: 22px; height: 22px;\"><\/div>\n        <\/div>\n            <div class=\"kksr-star\" style=\"padding-right: 5px\">\n            \n\n<div class=\"kksr-icon\" style=\"width: 22px; height: 22px;\"><\/div>\n        <\/div>\n            <div class=\"kksr-star\" style=\"padding-right: 5px\">\n            \n\n<div class=\"kksr-icon\" style=\"width: 22px; height: 22px;\"><\/div>\n        <\/div>\n    <\/div>\n<\/div>\n                \n\n<div class=\"kksr-legend\" style=\"font-size: 17.6px;\">\n            <span class=\"kksr-muted\">Valora este post<\/span>\n    <\/div>\n    <\/div>\n","protected":false},"excerpt":{"rendered":"<p>Alerta de la Asociaci\u00f3n de Consumidores: el costo de las comuniones supera los 15.000 euros En un reciente comunicado, la Asociaci\u00f3n de Consumidores ha emitido una &#8230; <a title=\"\u00a1Alerta a familias! Hacer la comuni\u00f3n supera los 15.000 euros, advierte Asociaci\u00f3n de Consumidores\" class=\"read-more\" href=\"https:\/\/www.diario21.tv\/noticias\/alerta-a-familias-hacer-la-comunion-supera-los-15-000-euros-advierte-asociacion-de-consumidores\/\" aria-label=\"Leer m\u00e1s sobre \u00a1Alerta a familias! Hacer la comuni\u00f3n supera los 15.000 euros, advierte Asociaci\u00f3n de Consumidores\">Seguir leyendo &rarr;<\/a><\/p>\n","protected":false},"author":20,"featured_media":6844,"comment_status":"open","ping_status":"open","sticky":false,"template":"","format":"standard","meta":{"footnotes":""},"categories":[13],"tags":[],"class_list":["post-6843","post","type-post","status-publish","format-standard","has-post-thumbnail","hentry","category-portada"],"yoast_head":"<!-- This site is optimized with the Yoast SEO plugin v25.6 - https:\/\/yoast.com\/wordpress\/plugins\/seo\/ -->\n<title>\u00a1Alerta a familias! Hacer la comuni\u00f3n supera los 15.000 euros, advierte Asociaci\u00f3n de Consumidores - Diario 21<\/title>\n<meta name=\"robots\" content=\"index, follow, max-snippet:-1, max-image-preview:large, max-video-preview:-1\" \/>\n<link rel=\"canonical\" href=\"https:\/\/www.diario21.tv\/noticias\/alerta-a-familias-hacer-la-comunion-supera-los-15-000-euros-advierte-asociacion-de-consumidores\/\" \/>\n<meta property=\"og:locale\" content=\"es_ES\" \/>\n<meta property=\"og:type\" content=\"article\" \/>\n<meta property=\"og:title\" content=\"\u00a1Alerta a familias! Hacer la comuni\u00f3n supera los 15.000 euros, advierte Asociaci\u00f3n de Consumidores - Diario 21\" \/>\n<meta property=\"og:description\" content=\"Alerta de la Asociaci\u00f3n de Consumidores: el costo de las comuniones supera los 15.000 euros En un reciente comunicado, la Asociaci\u00f3n de Consumidores ha emitido una ... Seguir leyendo &rarr;\" \/>\n<meta property=\"og:url\" content=\"https:\/\/www.diario21.tv\/noticias\/alerta-a-familias-hacer-la-comunion-supera-los-15-000-euros-advierte-asociacion-de-consumidores\/\" \/>\n<meta property=\"og:site_name\" content=\"Diario 21\" \/>\n<meta property=\"article:published_time\" content=\"2026-04-11T04:31:10+00:00\" \/>\n<meta property=\"article:modified_time\" content=\"2026-04-11T04:31:11+00:00\" \/>\n<meta property=\"og:image\" content=\"https:\/\/www.diario21.tv\/noticias\/wp-content\/uploads\/2026\/04\/\u00a1Alerta-a-familias-Hacer-la-comunion-supera-los-15000-euros.jpg\" \/>\n\t<meta property=\"og:image:width\" content=\"1198\" \/>\n\t<meta property=\"og:image:height\" content=\"840\" \/>\n\t<meta property=\"og:image:type\" content=\"image\/jpeg\" \/>\n<meta name=\"author\" content=\"Juan P\u00e9rez\" \/>\n<meta name=\"twitter:card\" content=\"summary_large_image\" \/>\n<meta name=\"twitter:label1\" content=\"Escrito por\" \/>\n\t<meta name=\"twitter:data1\" content=\"Juan P\u00e9rez\" \/>\n\t<meta name=\"twitter:label2\" content=\"Tiempo de lectura\" \/>\n\t<meta name=\"twitter:data2\" content=\"2 minutos\" \/>\n<script type=\"application\/ld+json\" class=\"yoast-schema-graph\">{\"@context\":\"https:\/\/schema.org\",\"@graph\":[{\"@type\":\"WebPage\",\"@id\":\"https:\/\/www.diario21.tv\/noticias\/alerta-a-familias-hacer-la-comunion-supera-los-15-000-euros-advierte-asociacion-de-consumidores\/\",\"url\":\"https:\/\/www.diario21.tv\/noticias\/alerta-a-familias-hacer-la-comunion-supera-los-15-000-euros-advierte-asociacion-de-consumidores\/\",\"name\":\"\u00a1Alerta a familias! Hacer la comuni\u00f3n supera los 15.000 euros, advierte Asociaci\u00f3n de Consumidores - Diario 21\",\"isPartOf\":{\"@id\":\"https:\/\/www.diario21.tv\/noticias\/#website\"},\"primaryImageOfPage\":{\"@id\":\"https:\/\/www.diario21.tv\/noticias\/alerta-a-familias-hacer-la-comunion-supera-los-15-000-euros-advierte-asociacion-de-consumidores\/#primaryimage\"},\"image\":{\"@id\":\"https:\/\/www.diario21.tv\/noticias\/alerta-a-familias-hacer-la-comunion-supera-los-15-000-euros-advierte-asociacion-de-consumidores\/#primaryimage\"},\"thumbnailUrl\":\"https:\/\/www.diario21.tv\/noticias\/wp-content\/uploads\/2026\/04\/\u00a1Alerta-a-familias-Hacer-la-comunion-supera-los-15000-euros.jpg\",\"datePublished\":\"2026-04-11T04:31:10+00:00\",\"dateModified\":\"2026-04-11T04:31:11+00:00\",\"author\":{\"@id\":\"https:\/\/www.diario21.tv\/noticias\/#\/schema\/person\/dfb778f73814d8f09f302618446a526b\"},\"breadcrumb\":{\"@id\":\"https:\/\/www.diario21.tv\/noticias\/alerta-a-familias-hacer-la-comunion-supera-los-15-000-euros-advierte-asociacion-de-consumidores\/#breadcrumb\"},\"inLanguage\":\"es-AR\",\"potentialAction\":[{\"@type\":\"ReadAction\",\"target\":[\"https:\/\/www.diario21.tv\/noticias\/alerta-a-familias-hacer-la-comunion-supera-los-15-000-euros-advierte-asociacion-de-consumidores\/\"]}]},{\"@type\":\"ImageObject\",\"inLanguage\":\"es-AR\",\"@id\":\"https:\/\/www.diario21.tv\/noticias\/alerta-a-familias-hacer-la-comunion-supera-los-15-000-euros-advierte-asociacion-de-consumidores\/#primaryimage\",\"url\":\"https:\/\/www.diario21.tv\/noticias\/wp-content\/uploads\/2026\/04\/\u00a1Alerta-a-familias-Hacer-la-comunion-supera-los-15000-euros.jpg\",\"contentUrl\":\"https:\/\/www.diario21.tv\/noticias\/wp-content\/uploads\/2026\/04\/\u00a1Alerta-a-familias-Hacer-la-comunion-supera-los-15000-euros.jpg\",\"width\":1198,\"height\":840,\"caption\":\"El aviso de la Asociaci\u00f3n de Consumidores que afecta a miles de familias: hacer la comuni\u00f3n ya cuesta m\u00e1s de 15.000 euros\"},{\"@type\":\"BreadcrumbList\",\"@id\":\"https:\/\/www.diario21.tv\/noticias\/alerta-a-familias-hacer-la-comunion-supera-los-15-000-euros-advierte-asociacion-de-consumidores\/#breadcrumb\",\"itemListElement\":[{\"@type\":\"ListItem\",\"position\":1,\"name\":\"Accueil\",\"item\":\"https:\/\/www.diario21.tv\/noticias\/\"},{\"@type\":\"ListItem\",\"position\":2,\"name\":\"\u00a1Alerta a familias! Hacer la comuni\u00f3n supera los 15.000 euros, advierte Asociaci\u00f3n de Consumidores\"}]},{\"@type\":\"WebSite\",\"@id\":\"https:\/\/www.diario21.tv\/noticias\/#website\",\"url\":\"https:\/\/www.diario21.tv\/noticias\/\",\"name\":\"Diario 21\",\"description\":\"\",\"potentialAction\":[{\"@type\":\"SearchAction\",\"target\":{\"@type\":\"EntryPoint\",\"urlTemplate\":\"https:\/\/www.diario21.tv\/noticias\/?s={search_term_string}\"},\"query-input\":{\"@type\":\"PropertyValueSpecification\",\"valueRequired\":true,\"valueName\":\"search_term_string\"}}],\"inLanguage\":\"es-AR\"},{\"@type\":\"Person\",\"@id\":\"https:\/\/www.diario21.tv\/noticias\/#\/schema\/person\/dfb778f73814d8f09f302618446a526b\",\"name\":\"Juan P\u00e9rez\",\"image\":{\"@type\":\"ImageObject\",\"inLanguage\":\"es-AR\",\"@id\":\"https:\/\/www.diario21.tv\/noticias\/#\/schema\/person\/image\/\",\"url\":\"https:\/\/secure.gravatar.com\/avatar\/c478a405bd10621167f4c3167cc770f5?s=96&d=mm&r=g\",\"contentUrl\":\"https:\/\/secure.gravatar.com\/avatar\/c478a405bd10621167f4c3167cc770f5?s=96&d=mm&r=g\",\"caption\":\"Juan P\u00e9rez\"},\"description\":\"Juan P\u00e9rez es el redactor en jefe de Diario 21. Con m\u00e1s de 10 a\u00f1os de experiencia en el periodismo, se especializa en pol\u00edtica nacional y an\u00e1lisis socioecon\u00f3mico. Su enfoque cr\u00edtico y riguroso aporta una perspectiva \u00fanica a cada art\u00edculo.\",\"sameAs\":[\"https:\/\/www.diario21.tv\/noticias\/\"],\"url\":\"https:\/\/www.diario21.tv\/noticias\/author\/juan-perez\/\"}]}<\/script>\n<!-- \/ Yoast SEO plugin. -->","yoast_head_json":{"title":"\u00a1Alerta a familias! Hacer la comuni\u00f3n supera los 15.000 euros, advierte Asociaci\u00f3n de Consumidores - Diario 21","robots":{"index":"index","follow":"follow","max-snippet":"max-snippet:-1","max-image-preview":"max-image-preview:large","max-video-preview":"max-video-preview:-1"},"canonical":"https:\/\/www.diario21.tv\/noticias\/alerta-a-familias-hacer-la-comunion-supera-los-15-000-euros-advierte-asociacion-de-consumidores\/","og_locale":"es_ES","og_type":"article","og_title":"\u00a1Alerta a familias! Hacer la comuni\u00f3n supera los 15.000 euros, advierte Asociaci\u00f3n de Consumidores - Diario 21","og_description":"Alerta de la Asociaci\u00f3n de Consumidores: el costo de las comuniones supera los 15.000 euros En un reciente comunicado, la Asociaci\u00f3n de Consumidores ha emitido una ... Seguir leyendo &rarr;","og_url":"https:\/\/www.diario21.tv\/noticias\/alerta-a-familias-hacer-la-comunion-supera-los-15-000-euros-advierte-asociacion-de-consumidores\/","og_site_name":"Diario 21","article_published_time":"2026-04-11T04:31:10+00:00","article_modified_time":"2026-04-11T04:31:11+00:00","og_image":[{"width":1198,"height":840,"url":"https:\/\/www.diario21.tv\/noticias\/wp-content\/uploads\/2026\/04\/\u00a1Alerta-a-familias-Hacer-la-comunion-supera-los-15000-euros.jpg","type":"image\/jpeg"}],"author":"Juan P\u00e9rez","twitter_card":"summary_large_image","twitter_misc":{"Escrito por":"Juan P\u00e9rez","Tiempo de lectura":"2 minutos"},"schema":{"@context":"https:\/\/schema.org","@graph":[{"@type":"WebPage","@id":"https:\/\/www.diario21.tv\/noticias\/alerta-a-familias-hacer-la-comunion-supera-los-15-000-euros-advierte-asociacion-de-consumidores\/","url":"https:\/\/www.diario21.tv\/noticias\/alerta-a-familias-hacer-la-comunion-supera-los-15-000-euros-advierte-asociacion-de-consumidores\/","name":"\u00a1Alerta a familias! Hacer la comuni\u00f3n supera los 15.000 euros, advierte Asociaci\u00f3n de Consumidores - Diario 21","isPartOf":{"@id":"https:\/\/www.diario21.tv\/noticias\/#website"},"primaryImageOfPage":{"@id":"https:\/\/www.diario21.tv\/noticias\/alerta-a-familias-hacer-la-comunion-supera-los-15-000-euros-advierte-asociacion-de-consumidores\/#primaryimage"},"image":{"@id":"https:\/\/www.diario21.tv\/noticias\/alerta-a-familias-hacer-la-comunion-supera-los-15-000-euros-advierte-asociacion-de-consumidores\/#primaryimage"},"thumbnailUrl":"https:\/\/www.diario21.tv\/noticias\/wp-content\/uploads\/2026\/04\/\u00a1Alerta-a-familias-Hacer-la-comunion-supera-los-15000-euros.jpg","datePublished":"2026-04-11T04:31:10+00:00","dateModified":"2026-04-11T04:31:11+00:00","author":{"@id":"https:\/\/www.diario21.tv\/noticias\/#\/schema\/person\/dfb778f73814d8f09f302618446a526b"},"breadcrumb":{"@id":"https:\/\/www.diario21.tv\/noticias\/alerta-a-familias-hacer-la-comunion-supera-los-15-000-euros-advierte-asociacion-de-consumidores\/#breadcrumb"},"inLanguage":"es-AR","potentialAction":[{"@type":"ReadAction","target":["https:\/\/www.diario21.tv\/noticias\/alerta-a-familias-hacer-la-comunion-supera-los-15-000-euros-advierte-asociacion-de-consumidores\/"]}]},{"@type":"ImageObject","inLanguage":"es-AR","@id":"https:\/\/www.diario21.tv\/noticias\/alerta-a-familias-hacer-la-comunion-supera-los-15-000-euros-advierte-asociacion-de-consumidores\/#primaryimage","url":"https:\/\/www.diario21.tv\/noticias\/wp-content\/uploads\/2026\/04\/\u00a1Alerta-a-familias-Hacer-la-comunion-supera-los-15000-euros.jpg","contentUrl":"https:\/\/www.diario21.tv\/noticias\/wp-content\/uploads\/2026\/04\/\u00a1Alerta-a-familias-Hacer-la-comunion-supera-los-15000-euros.jpg","width":1198,"height":840,"caption":"El aviso de la Asociaci\u00f3n de Consumidores que afecta a miles de familias: hacer la comuni\u00f3n ya cuesta m\u00e1s de 15.000 euros"},{"@type":"BreadcrumbList","@id":"https:\/\/www.diario21.tv\/noticias\/alerta-a-familias-hacer-la-comunion-supera-los-15-000-euros-advierte-asociacion-de-consumidores\/#breadcrumb","itemListElement":[{"@type":"ListItem","position":1,"name":"Accueil","item":"https:\/\/www.diario21.tv\/noticias\/"},{"@type":"ListItem","position":2,"name":"\u00a1Alerta a familias! Hacer la comuni\u00f3n supera los 15.000 euros, advierte Asociaci\u00f3n de Consumidores"}]},{"@type":"WebSite","@id":"https:\/\/www.diario21.tv\/noticias\/#website","url":"https:\/\/www.diario21.tv\/noticias\/","name":"Diario 21","description":"","potentialAction":[{"@type":"SearchAction","target":{"@type":"EntryPoint","urlTemplate":"https:\/\/www.diario21.tv\/noticias\/?s={search_term_string}"},"query-input":{"@type":"PropertyValueSpecification","valueRequired":true,"valueName":"search_term_string"}}],"inLanguage":"es-AR"},{"@type":"Person","@id":"https:\/\/www.diario21.tv\/noticias\/#\/schema\/person\/dfb778f73814d8f09f302618446a526b","name":"Juan P\u00e9rez","image":{"@type":"ImageObject","inLanguage":"es-AR","@id":"https:\/\/www.diario21.tv\/noticias\/#\/schema\/person\/image\/","url":"https:\/\/secure.gravatar.com\/avatar\/c478a405bd10621167f4c3167cc770f5?s=96&d=mm&r=g","contentUrl":"https:\/\/secure.gravatar.com\/avatar\/c478a405bd10621167f4c3167cc770f5?s=96&d=mm&r=g","caption":"Juan P\u00e9rez"},"description":"Juan P\u00e9rez es el redactor en jefe de Diario 21. Con m\u00e1s de 10 a\u00f1os de experiencia en el periodismo, se especializa en pol\u00edtica nacional y an\u00e1lisis socioecon\u00f3mico. Su enfoque cr\u00edtico y riguroso aporta una perspectiva \u00fanica a cada art\u00edculo.","sameAs":["https:\/\/www.diario21.tv\/noticias\/"],"url":"https:\/\/www.diario21.tv\/noticias\/author\/juan-perez\/"}]}},"_links":{"self":[{"href":"https:\/\/www.diario21.tv\/noticias\/wp-json\/wp\/v2\/posts\/6843"}],"collection":[{"href":"https:\/\/www.diario21.tv\/noticias\/wp-json\/wp\/v2\/posts"}],"about":[{"href":"https:\/\/www.diario21.tv\/noticias\/wp-json\/wp\/v2\/types\/post"}],"author":[{"embeddable":true,"href":"https:\/\/www.diario21.tv\/noticias\/wp-json\/wp\/v2\/users\/20"}],"replies":[{"embeddable":true,"href":"https:\/\/www.diario21.tv\/noticias\/wp-json\/wp\/v2\/comments?post=6843"}],"version-history":[{"count":1,"href":"https:\/\/www.diario21.tv\/noticias\/wp-json\/wp\/v2\/posts\/6843\/revisions"}],"predecessor-version":[{"id":6845,"href":"https:\/\/www.diario21.tv\/noticias\/wp-json\/wp\/v2\/posts\/6843\/revisions\/6845"}],"wp:featuredmedia":[{"embeddable":true,"href":"https:\/\/www.diario21.tv\/noticias\/wp-json\/wp\/v2\/media\/6844"}],"wp:attachment":[{"href":"https:\/\/www.diario21.tv\/noticias\/wp-json\/wp\/v2\/media?parent=6843"}],"wp:term":[{"taxonomy":"category","embeddable":true,"href":"https:\/\/www.diario21.tv\/noticias\/wp-json\/wp\/v2\/categories?post=6843"},{"taxonomy":"post_tag","embeddable":true,"href":"https:\/\/www.diario21.tv\/noticias\/wp-json\/wp\/v2\/tags?post=6843"}],"curies":[{"name":"wp","href":"https:\/\/api.w.org\/{rel}","templated":true}]}}