{"id":6840,"date":"2026-04-10T22:28:21","date_gmt":"2026-04-10T22:28:21","guid":{"rendered":"https:\/\/www.diario21.tv\/noticias\/madre-e-hija-detenidas-con-42-kilos-de-cocaina-en-valencia-destino-birmingham\/"},"modified":"2026-04-10T22:28:23","modified_gmt":"2026-04-10T22:28:23","slug":"madre-e-hija-detenidas-con-42-kilos-de-cocaina-en-valencia-destino-birmingham","status":"publish","type":"post","link":"https:\/\/www.diario21.tv\/noticias\/madre-e-hija-detenidas-con-42-kilos-de-cocaina-en-valencia-destino-birmingham\/","title":{"rendered":"Madre e hija detenidas con 42 kilos de coca\u00edna en Valencia, \u00a1destino Birmingham!"},"content":{"rendered":"<h2>Detenci\u00f3n en Valencia de Madre e Hija con Gran Cantidad de Coca\u00edna<\/h2>\n<p>En un sorprendente giro de eventos en la ciudad de Valencia, las autoridades han detenido a una mujer y su hija despu\u00e9s de descubrir que llevaban consigo una considerable cantidad de coca\u00edna, espec\u00edficamente 42 kilogramos, ocultos en su equipaje. Este incidente ocurri\u00f3 mientras ambas se preparaban para regresar a su ciudad natal, Birmingham.<\/p>\n<h3>El Hallazgo de la Droga<\/h3>\n<p>La detenci\u00f3n se llev\u00f3 a cabo en el aeropuerto de Valencia, donde las fuerzas de seguridad, actuando bajo sospechas previas, decidieron inspeccionar el equipaje de las viajeras. Durante la revisi\u00f3n, los oficiales encontraron varios paquetes meticulosamente escondidos entre las pertenencias personales de la madre y la hija, los cuales conten\u00edan la droga.<\/p>\n<h3>Investigaci\u00f3n y Proceso Judicial<\/h3>\n<p>Tras el arresto, se inici\u00f3 una investigaci\u00f3n exhaustiva para determinar el origen y el destino final de la coca\u00edna. Las autoridades est\u00e1n tratando de establecer si madre e hija formaban parte de una red m\u00e1s amplia de tr\u00e1fico de drogas o si este acto fue un incidente aislado. <\/p>\n<p>Mientras tanto, ambas han sido puestas bajo custodia y est\u00e1n a la espera de un juicio. La ley espa\u00f1ola es muy estricta en cuanto a la posesi\u00f3n y el tr\u00e1fico de sustancias ilegales, lo que podr\u00eda resultar en severas penas para las implicadas si se les encuentra culpables.<\/p>\n<h3>Reacciones y Consecuencias<\/h3>\n<p>Este incidente ha provocado una gran conmoci\u00f3n tanto en Valencia como en Birmingham, destacando la continua lucha contra el tr\u00e1fico de drogas y la importancia de mantener la seguridad en los puntos de entrada al pa\u00eds como los aeropuertos. Las autoridades han reforzado las medidas de seguridad y vigilancia para prevenir futuros intentos de tr\u00e1fico de este tipo.<\/p>\n<p>El caso sigue en desarrollo, y las investigaciones continuar\u00e1n para desentra\u00f1ar completamente este intento de tr\u00e1fico de drogas y determinar todas las conexiones relevantes. Las autoridades han hecho un llamado a la comunidad para colaborar y reportar cualquier actividad sospechosa que pueda estar relacionada con este u otros casos similares.<\/p>\n\n\n<div class=\"kk-star-ratings kksr-auto kksr-align-left kksr-valign-bottom\"\n    data-payload='{&quot;align&quot;:&quot;left&quot;,&quot;id&quot;:&quot;6840&quot;,&quot;slug&quot;:&quot;default&quot;,&quot;valign&quot;:&quot;bottom&quot;,&quot;ignore&quot;:&quot;&quot;,&quot;reference&quot;:&quot;auto&quot;,&quot;class&quot;:&quot;&quot;,&quot;count&quot;:&quot;0&quot;,&quot;legendonly&quot;:&quot;&quot;,&quot;readonly&quot;:&quot;&quot;,&quot;score&quot;:&quot;0&quot;,&quot;starsonly&quot;:&quot;&quot;,&quot;best&quot;:&quot;5&quot;,&quot;gap&quot;:&quot;5&quot;,&quot;greet&quot;:&quot;Valora este post&quot;,&quot;legend&quot;:&quot;0\\\/5 - (0 votes)&quot;,&quot;size&quot;:&quot;22&quot;,&quot;title&quot;:&quot;Madre e hija detenidas con 42 kilos de coca\u00edna en Valencia, \u00a1destino Birmingham!&quot;,&quot;width&quot;:&quot;0&quot;,&quot;_legend&quot;:&quot;{score}\\\/{best} - ({count} {votes})&quot;,&quot;font_factor&quot;:&quot;1.25&quot;}'>\n            \n<div class=\"kksr-stars\">\n    \n<div class=\"kksr-stars-inactive\">\n            <div class=\"kksr-star\" data-star=\"1\" style=\"padding-right: 5px\">\n            \n\n<div class=\"kksr-icon\" style=\"width: 22px; height: 22px;\"><\/div>\n        <\/div>\n            <div class=\"kksr-star\" data-star=\"2\" style=\"padding-right: 5px\">\n            \n\n<div class=\"kksr-icon\" style=\"width: 22px; height: 22px;\"><\/div>\n        <\/div>\n            <div class=\"kksr-star\" data-star=\"3\" style=\"padding-right: 5px\">\n            \n\n<div class=\"kksr-icon\" style=\"width: 22px; height: 22px;\"><\/div>\n        <\/div>\n            <div class=\"kksr-star\" data-star=\"4\" style=\"padding-right: 5px\">\n            \n\n<div class=\"kksr-icon\" style=\"width: 22px; height: 22px;\"><\/div>\n        <\/div>\n            <div class=\"kksr-star\" data-star=\"5\" style=\"padding-right: 5px\">\n            \n\n<div class=\"kksr-icon\" style=\"width: 22px; height: 22px;\"><\/div>\n        <\/div>\n    <\/div>\n    \n<div class=\"kksr-stars-active\" style=\"width: 0px;\">\n            <div class=\"kksr-star\" style=\"padding-right: 5px\">\n            \n\n<div class=\"kksr-icon\" style=\"width: 22px; height: 22px;\"><\/div>\n        <\/div>\n            <div class=\"kksr-star\" style=\"padding-right: 5px\">\n            \n\n<div class=\"kksr-icon\" style=\"width: 22px; height: 22px;\"><\/div>\n        <\/div>\n            <div class=\"kksr-star\" style=\"padding-right: 5px\">\n            \n\n<div class=\"kksr-icon\" style=\"width: 22px; height: 22px;\"><\/div>\n        <\/div>\n            <div class=\"kksr-star\" style=\"padding-right: 5px\">\n            \n\n<div class=\"kksr-icon\" style=\"width: 22px; height: 22px;\"><\/div>\n        <\/div>\n            <div class=\"kksr-star\" style=\"padding-right: 5px\">\n            \n\n<div class=\"kksr-icon\" style=\"width: 22px; height: 22px;\"><\/div>\n        <\/div>\n    <\/div>\n<\/div>\n                \n\n<div class=\"kksr-legend\" style=\"font-size: 17.6px;\">\n            <span class=\"kksr-muted\">Valora este post<\/span>\n    <\/div>\n    <\/div>\n","protected":false},"excerpt":{"rendered":"<p>Detenci\u00f3n en Valencia de Madre e Hija con Gran Cantidad de Coca\u00edna En un sorprendente giro de eventos en la ciudad de Valencia, las autoridades han &#8230; <a title=\"Madre e hija detenidas con 42 kilos de coca\u00edna en Valencia, \u00a1destino Birmingham!\" class=\"read-more\" href=\"https:\/\/www.diario21.tv\/noticias\/madre-e-hija-detenidas-con-42-kilos-de-cocaina-en-valencia-destino-birmingham\/\" aria-label=\"Leer m\u00e1s sobre Madre e hija detenidas con 42 kilos de coca\u00edna en Valencia, \u00a1destino Birmingham!\">Seguir leyendo &rarr;<\/a><\/p>\n","protected":false},"author":20,"featured_media":6841,"comment_status":"open","ping_status":"open","sticky":false,"template":"","format":"standard","meta":{"footnotes":""},"categories":[13],"tags":[],"class_list":["post-6840","post","type-post","status-publish","format-standard","has-post-thumbnail","hentry","category-portada"],"yoast_head":"<!-- This site is optimized with the Yoast SEO plugin v25.6 - https:\/\/yoast.com\/wordpress\/plugins\/seo\/ -->\n<title>Madre e hija detenidas con 42 kilos de coca\u00edna en Valencia, \u00a1destino Birmingham! - Diario 21<\/title>\n<meta name=\"robots\" content=\"index, follow, max-snippet:-1, max-image-preview:large, max-video-preview:-1\" \/>\n<link rel=\"canonical\" href=\"https:\/\/www.diario21.tv\/noticias\/madre-e-hija-detenidas-con-42-kilos-de-cocaina-en-valencia-destino-birmingham\/\" \/>\n<meta property=\"og:locale\" content=\"es_ES\" \/>\n<meta property=\"og:type\" content=\"article\" \/>\n<meta property=\"og:title\" content=\"Madre e hija detenidas con 42 kilos de coca\u00edna en Valencia, \u00a1destino Birmingham! - Diario 21\" \/>\n<meta property=\"og:description\" content=\"Detenci\u00f3n en Valencia de Madre e Hija con Gran Cantidad de Coca\u00edna En un sorprendente giro de eventos en la ciudad de Valencia, las autoridades han ... Seguir leyendo &rarr;\" \/>\n<meta property=\"og:url\" content=\"https:\/\/www.diario21.tv\/noticias\/madre-e-hija-detenidas-con-42-kilos-de-cocaina-en-valencia-destino-birmingham\/\" \/>\n<meta property=\"og:site_name\" content=\"Diario 21\" \/>\n<meta property=\"article:published_time\" content=\"2026-04-10T22:28:21+00:00\" \/>\n<meta property=\"article:modified_time\" content=\"2026-04-10T22:28:23+00:00\" \/>\n<meta property=\"og:image\" content=\"https:\/\/www.diario21.tv\/noticias\/wp-content\/uploads\/2026\/04\/Madre-e-hija-detenidas-con-42-kilos-de-cocaina-en.jpg\" \/>\n\t<meta property=\"og:image:width\" content=\"1200\" \/>\n\t<meta property=\"og:image:height\" content=\"840\" \/>\n\t<meta property=\"og:image:type\" content=\"image\/jpeg\" \/>\n<meta name=\"author\" content=\"Juan P\u00e9rez\" \/>\n<meta name=\"twitter:card\" content=\"summary_large_image\" \/>\n<meta name=\"twitter:label1\" content=\"Escrito por\" \/>\n\t<meta name=\"twitter:data1\" content=\"Juan P\u00e9rez\" \/>\n\t<meta name=\"twitter:label2\" content=\"Tiempo de lectura\" \/>\n\t<meta name=\"twitter:data2\" content=\"2 minutos\" \/>\n<script type=\"application\/ld+json\" class=\"yoast-schema-graph\">{\"@context\":\"https:\/\/schema.org\",\"@graph\":[{\"@type\":\"WebPage\",\"@id\":\"https:\/\/www.diario21.tv\/noticias\/madre-e-hija-detenidas-con-42-kilos-de-cocaina-en-valencia-destino-birmingham\/\",\"url\":\"https:\/\/www.diario21.tv\/noticias\/madre-e-hija-detenidas-con-42-kilos-de-cocaina-en-valencia-destino-birmingham\/\",\"name\":\"Madre e hija detenidas con 42 kilos de coca\u00edna en Valencia, \u00a1destino Birmingham! - Diario 21\",\"isPartOf\":{\"@id\":\"https:\/\/www.diario21.tv\/noticias\/#website\"},\"primaryImageOfPage\":{\"@id\":\"https:\/\/www.diario21.tv\/noticias\/madre-e-hija-detenidas-con-42-kilos-de-cocaina-en-valencia-destino-birmingham\/#primaryimage\"},\"image\":{\"@id\":\"https:\/\/www.diario21.tv\/noticias\/madre-e-hija-detenidas-con-42-kilos-de-cocaina-en-valencia-destino-birmingham\/#primaryimage\"},\"thumbnailUrl\":\"https:\/\/www.diario21.tv\/noticias\/wp-content\/uploads\/2026\/04\/Madre-e-hija-detenidas-con-42-kilos-de-cocaina-en.jpg\",\"datePublished\":\"2026-04-10T22:28:21+00:00\",\"dateModified\":\"2026-04-10T22:28:23+00:00\",\"author\":{\"@id\":\"https:\/\/www.diario21.tv\/noticias\/#\/schema\/person\/dfb778f73814d8f09f302618446a526b\"},\"breadcrumb\":{\"@id\":\"https:\/\/www.diario21.tv\/noticias\/madre-e-hija-detenidas-con-42-kilos-de-cocaina-en-valencia-destino-birmingham\/#breadcrumb\"},\"inLanguage\":\"es-AR\",\"potentialAction\":[{\"@type\":\"ReadAction\",\"target\":[\"https:\/\/www.diario21.tv\/noticias\/madre-e-hija-detenidas-con-42-kilos-de-cocaina-en-valencia-destino-birmingham\/\"]}]},{\"@type\":\"ImageObject\",\"inLanguage\":\"es-AR\",\"@id\":\"https:\/\/www.diario21.tv\/noticias\/madre-e-hija-detenidas-con-42-kilos-de-cocaina-en-valencia-destino-birmingham\/#primaryimage\",\"url\":\"https:\/\/www.diario21.tv\/noticias\/wp-content\/uploads\/2026\/04\/Madre-e-hija-detenidas-con-42-kilos-de-cocaina-en.jpg\",\"contentUrl\":\"https:\/\/www.diario21.tv\/noticias\/wp-content\/uploads\/2026\/04\/Madre-e-hija-detenidas-con-42-kilos-de-cocaina-en.jpg\",\"width\":1200,\"height\":840,\"caption\":\"Arrestan en Valencia a una madre y su hija con 42 kilos de coca\u00edna en el equipaje de regreso a Birmingham\"},{\"@type\":\"BreadcrumbList\",\"@id\":\"https:\/\/www.diario21.tv\/noticias\/madre-e-hija-detenidas-con-42-kilos-de-cocaina-en-valencia-destino-birmingham\/#breadcrumb\",\"itemListElement\":[{\"@type\":\"ListItem\",\"position\":1,\"name\":\"Accueil\",\"item\":\"https:\/\/www.diario21.tv\/noticias\/\"},{\"@type\":\"ListItem\",\"position\":2,\"name\":\"Madre e hija detenidas con 42 kilos de coca\u00edna en Valencia, \u00a1destino Birmingham!\"}]},{\"@type\":\"WebSite\",\"@id\":\"https:\/\/www.diario21.tv\/noticias\/#website\",\"url\":\"https:\/\/www.diario21.tv\/noticias\/\",\"name\":\"Diario 21\",\"description\":\"\",\"potentialAction\":[{\"@type\":\"SearchAction\",\"target\":{\"@type\":\"EntryPoint\",\"urlTemplate\":\"https:\/\/www.diario21.tv\/noticias\/?s={search_term_string}\"},\"query-input\":{\"@type\":\"PropertyValueSpecification\",\"valueRequired\":true,\"valueName\":\"search_term_string\"}}],\"inLanguage\":\"es-AR\"},{\"@type\":\"Person\",\"@id\":\"https:\/\/www.diario21.tv\/noticias\/#\/schema\/person\/dfb778f73814d8f09f302618446a526b\",\"name\":\"Juan P\u00e9rez\",\"image\":{\"@type\":\"ImageObject\",\"inLanguage\":\"es-AR\",\"@id\":\"https:\/\/www.diario21.tv\/noticias\/#\/schema\/person\/image\/\",\"url\":\"https:\/\/secure.gravatar.com\/avatar\/c478a405bd10621167f4c3167cc770f5?s=96&d=mm&r=g\",\"contentUrl\":\"https:\/\/secure.gravatar.com\/avatar\/c478a405bd10621167f4c3167cc770f5?s=96&d=mm&r=g\",\"caption\":\"Juan P\u00e9rez\"},\"description\":\"Juan P\u00e9rez es el redactor en jefe de Diario 21. Con m\u00e1s de 10 a\u00f1os de experiencia en el periodismo, se especializa en pol\u00edtica nacional y an\u00e1lisis socioecon\u00f3mico. Su enfoque cr\u00edtico y riguroso aporta una perspectiva \u00fanica a cada art\u00edculo.\",\"sameAs\":[\"https:\/\/www.diario21.tv\/noticias\/\"],\"url\":\"https:\/\/www.diario21.tv\/noticias\/author\/juan-perez\/\"}]}<\/script>\n<!-- \/ Yoast SEO plugin. -->","yoast_head_json":{"title":"Madre e hija detenidas con 42 kilos de coca\u00edna en Valencia, \u00a1destino Birmingham! - Diario 21","robots":{"index":"index","follow":"follow","max-snippet":"max-snippet:-1","max-image-preview":"max-image-preview:large","max-video-preview":"max-video-preview:-1"},"canonical":"https:\/\/www.diario21.tv\/noticias\/madre-e-hija-detenidas-con-42-kilos-de-cocaina-en-valencia-destino-birmingham\/","og_locale":"es_ES","og_type":"article","og_title":"Madre e hija detenidas con 42 kilos de coca\u00edna en Valencia, \u00a1destino Birmingham! - Diario 21","og_description":"Detenci\u00f3n en Valencia de Madre e Hija con Gran Cantidad de Coca\u00edna En un sorprendente giro de eventos en la ciudad de Valencia, las autoridades han ... Seguir leyendo &rarr;","og_url":"https:\/\/www.diario21.tv\/noticias\/madre-e-hija-detenidas-con-42-kilos-de-cocaina-en-valencia-destino-birmingham\/","og_site_name":"Diario 21","article_published_time":"2026-04-10T22:28:21+00:00","article_modified_time":"2026-04-10T22:28:23+00:00","og_image":[{"width":1200,"height":840,"url":"https:\/\/www.diario21.tv\/noticias\/wp-content\/uploads\/2026\/04\/Madre-e-hija-detenidas-con-42-kilos-de-cocaina-en.jpg","type":"image\/jpeg"}],"author":"Juan P\u00e9rez","twitter_card":"summary_large_image","twitter_misc":{"Escrito por":"Juan P\u00e9rez","Tiempo de lectura":"2 minutos"},"schema":{"@context":"https:\/\/schema.org","@graph":[{"@type":"WebPage","@id":"https:\/\/www.diario21.tv\/noticias\/madre-e-hija-detenidas-con-42-kilos-de-cocaina-en-valencia-destino-birmingham\/","url":"https:\/\/www.diario21.tv\/noticias\/madre-e-hija-detenidas-con-42-kilos-de-cocaina-en-valencia-destino-birmingham\/","name":"Madre e hija detenidas con 42 kilos de coca\u00edna en Valencia, \u00a1destino Birmingham! - Diario 21","isPartOf":{"@id":"https:\/\/www.diario21.tv\/noticias\/#website"},"primaryImageOfPage":{"@id":"https:\/\/www.diario21.tv\/noticias\/madre-e-hija-detenidas-con-42-kilos-de-cocaina-en-valencia-destino-birmingham\/#primaryimage"},"image":{"@id":"https:\/\/www.diario21.tv\/noticias\/madre-e-hija-detenidas-con-42-kilos-de-cocaina-en-valencia-destino-birmingham\/#primaryimage"},"thumbnailUrl":"https:\/\/www.diario21.tv\/noticias\/wp-content\/uploads\/2026\/04\/Madre-e-hija-detenidas-con-42-kilos-de-cocaina-en.jpg","datePublished":"2026-04-10T22:28:21+00:00","dateModified":"2026-04-10T22:28:23+00:00","author":{"@id":"https:\/\/www.diario21.tv\/noticias\/#\/schema\/person\/dfb778f73814d8f09f302618446a526b"},"breadcrumb":{"@id":"https:\/\/www.diario21.tv\/noticias\/madre-e-hija-detenidas-con-42-kilos-de-cocaina-en-valencia-destino-birmingham\/#breadcrumb"},"inLanguage":"es-AR","potentialAction":[{"@type":"ReadAction","target":["https:\/\/www.diario21.tv\/noticias\/madre-e-hija-detenidas-con-42-kilos-de-cocaina-en-valencia-destino-birmingham\/"]}]},{"@type":"ImageObject","inLanguage":"es-AR","@id":"https:\/\/www.diario21.tv\/noticias\/madre-e-hija-detenidas-con-42-kilos-de-cocaina-en-valencia-destino-birmingham\/#primaryimage","url":"https:\/\/www.diario21.tv\/noticias\/wp-content\/uploads\/2026\/04\/Madre-e-hija-detenidas-con-42-kilos-de-cocaina-en.jpg","contentUrl":"https:\/\/www.diario21.tv\/noticias\/wp-content\/uploads\/2026\/04\/Madre-e-hija-detenidas-con-42-kilos-de-cocaina-en.jpg","width":1200,"height":840,"caption":"Arrestan en Valencia a una madre y su hija con 42 kilos de coca\u00edna en el equipaje de regreso a Birmingham"},{"@type":"BreadcrumbList","@id":"https:\/\/www.diario21.tv\/noticias\/madre-e-hija-detenidas-con-42-kilos-de-cocaina-en-valencia-destino-birmingham\/#breadcrumb","itemListElement":[{"@type":"ListItem","position":1,"name":"Accueil","item":"https:\/\/www.diario21.tv\/noticias\/"},{"@type":"ListItem","position":2,"name":"Madre e hija detenidas con 42 kilos de coca\u00edna en Valencia, \u00a1destino Birmingham!"}]},{"@type":"WebSite","@id":"https:\/\/www.diario21.tv\/noticias\/#website","url":"https:\/\/www.diario21.tv\/noticias\/","name":"Diario 21","description":"","potentialAction":[{"@type":"SearchAction","target":{"@type":"EntryPoint","urlTemplate":"https:\/\/www.diario21.tv\/noticias\/?s={search_term_string}"},"query-input":{"@type":"PropertyValueSpecification","valueRequired":true,"valueName":"search_term_string"}}],"inLanguage":"es-AR"},{"@type":"Person","@id":"https:\/\/www.diario21.tv\/noticias\/#\/schema\/person\/dfb778f73814d8f09f302618446a526b","name":"Juan P\u00e9rez","image":{"@type":"ImageObject","inLanguage":"es-AR","@id":"https:\/\/www.diario21.tv\/noticias\/#\/schema\/person\/image\/","url":"https:\/\/secure.gravatar.com\/avatar\/c478a405bd10621167f4c3167cc770f5?s=96&d=mm&r=g","contentUrl":"https:\/\/secure.gravatar.com\/avatar\/c478a405bd10621167f4c3167cc770f5?s=96&d=mm&r=g","caption":"Juan P\u00e9rez"},"description":"Juan P\u00e9rez es el redactor en jefe de Diario 21. Con m\u00e1s de 10 a\u00f1os de experiencia en el periodismo, se especializa en pol\u00edtica nacional y an\u00e1lisis socioecon\u00f3mico. Su enfoque cr\u00edtico y riguroso aporta una perspectiva \u00fanica a cada art\u00edculo.","sameAs":["https:\/\/www.diario21.tv\/noticias\/"],"url":"https:\/\/www.diario21.tv\/noticias\/author\/juan-perez\/"}]}},"_links":{"self":[{"href":"https:\/\/www.diario21.tv\/noticias\/wp-json\/wp\/v2\/posts\/6840"}],"collection":[{"href":"https:\/\/www.diario21.tv\/noticias\/wp-json\/wp\/v2\/posts"}],"about":[{"href":"https:\/\/www.diario21.tv\/noticias\/wp-json\/wp\/v2\/types\/post"}],"author":[{"embeddable":true,"href":"https:\/\/www.diario21.tv\/noticias\/wp-json\/wp\/v2\/users\/20"}],"replies":[{"embeddable":true,"href":"https:\/\/www.diario21.tv\/noticias\/wp-json\/wp\/v2\/comments?post=6840"}],"version-history":[{"count":1,"href":"https:\/\/www.diario21.tv\/noticias\/wp-json\/wp\/v2\/posts\/6840\/revisions"}],"predecessor-version":[{"id":6842,"href":"https:\/\/www.diario21.tv\/noticias\/wp-json\/wp\/v2\/posts\/6840\/revisions\/6842"}],"wp:featuredmedia":[{"embeddable":true,"href":"https:\/\/www.diario21.tv\/noticias\/wp-json\/wp\/v2\/media\/6841"}],"wp:attachment":[{"href":"https:\/\/www.diario21.tv\/noticias\/wp-json\/wp\/v2\/media?parent=6840"}],"wp:term":[{"taxonomy":"category","embeddable":true,"href":"https:\/\/www.diario21.tv\/noticias\/wp-json\/wp\/v2\/categories?post=6840"},{"taxonomy":"post_tag","embeddable":true,"href":"https:\/\/www.diario21.tv\/noticias\/wp-json\/wp\/v2\/tags?post=6840"}],"curies":[{"name":"wp","href":"https:\/\/api.w.org\/{rel}","templated":true}]}}