{"id":6834,"date":"2026-04-10T10:25:16","date_gmt":"2026-04-10T10:25:16","guid":{"rendered":"https:\/\/www.diario21.tv\/noticias\/atencion-contribuyentes-por-que-no-puedes-agendar-aun-tu-cita-para-la-declaracion-de-renta-2025\/"},"modified":"2026-04-10T10:25:17","modified_gmt":"2026-04-10T10:25:17","slug":"atencion-contribuyentes-por-que-no-puedes-agendar-aun-tu-cita-para-la-declaracion-de-renta-2025","status":"publish","type":"post","link":"https:\/\/www.diario21.tv\/noticias\/atencion-contribuyentes-por-que-no-puedes-agendar-aun-tu-cita-para-la-declaracion-de-renta-2025\/","title":{"rendered":"\u00a1Atenci\u00f3n contribuyentes! \u00bfPor qu\u00e9 no puedes agendar a\u00fan tu cita para la declaraci\u00f3n de renta 2025?"},"content":{"rendered":"<h2>Explicaci\u00f3n de la Hacienda: Razones por las cuales a\u00fan no es posible programar una cita para la declaraci\u00f3n de renta de 2025<\/h2>\n<p>Cada a\u00f1o, a medida que se acerca el per\u00edodo para hacer la declaraci\u00f3n de la renta, muchos contribuyentes comienzan a planificar y organizar sus finanzas para cumplir con esta obligaci\u00f3n tributaria. Sin embargo, es com\u00fan que surjan dudas sobre cu\u00e1ndo se puede comenzar a agendar citas para llevar a cabo este proceso. En este contexto, la Hacienda ha proporcionado clarificaciones respecto a por qu\u00e9 todav\u00eda no es posible reservar una cita para la declaraci\u00f3n de la renta del a\u00f1o 2025.<\/p>\n<h3>Entendiendo el calendario fiscal<\/h3>\n<p>La programaci\u00f3n de las citas para hacer la declaraci\u00f3n de la renta se rige por un calendario fiscal que la Hacienda establece cada a\u00f1o. Este calendario no solo especifica las fechas de inicio y cierre para la presentaci\u00f3n de las declaraciones, sino tambi\u00e9n cu\u00e1ndo se pueden empezar a agendar las citas necesarias para realizar este tr\u00e1mite. Normalmente, la posibilidad de reservar citas se abre unas semanas antes de la fecha de inicio oficial de la temporada de declaraci\u00f3n.<\/p>\n<h3>Preparativos necesarios antes de abrir el calendario de citas<\/h3>\n<p>Antes de que la Hacienda haga disponible el servicio de agendamiento de citas para la declaraci\u00f3n de la renta, es necesario realizar una serie de ajustes y preparativos internos. Esto incluye la actualizaci\u00f3n de sistemas, la revisi\u00f3n de normativas fiscales recientes y la capacitaci\u00f3n del personal que asistir\u00e1 a los contribuyentes. Estos preparativos son esenciales para asegurar que el proceso de declaraci\u00f3n se desarrolle de manera fluida y eficiente, minimizando errores y complicaciones para los contribuyentes.<\/p>\n<h3>\u00bfPor qu\u00e9 a\u00fan no se puede reservar para 2025?<\/h3>\n<p>Dado que estamos en un a\u00f1o anterior al 2025, la Hacienda todav\u00eda est\u00e1 en la fase de planificaci\u00f3n y ajuste de los procesos que se implementar\u00e1n para la temporada fiscal de ese a\u00f1o. Cada a\u00f1o fiscal puede traer cambios en la legislaci\u00f3n que podr\u00edan afectar la forma en que se realiza la declaraci\u00f3n de la renta, por lo tanto, es crucial que estos cambios sean completamente analizados y aplicados en los sistemas de Hacienda antes de abrir el calendario de citas.<\/p>\n<h3>\u00bfCu\u00e1ndo estar\u00e1 disponible la agenda para citas de la declaraci\u00f3n de la renta de 2025?<\/h3>\n<p>Aunque la fecha exacta puede variar cada a\u00f1o, generalmente la Hacienda anuncia la apertura del calendario de citas para la declaraci\u00f3n de la renta durante los primeros meses del a\u00f1o en que se debe realizar la declaraci\u00f3n. Para quienes est\u00e9n interesados en la declaraci\u00f3n del a\u00f1o 2025, se recomienda estar atentos a los comunicados oficiales de la Hacienda y consultar regularmente su sitio web a partir de principios de 2025.<\/p>\n<p>En conclusi\u00f3n, la raz\u00f3n principal por la cual a\u00fan no se pueden agendar citas para la declaraci\u00f3n de la renta de 2025 es que la Hacienda est\u00e1 en proceso de preparaci\u00f3n y ajuste de todos los detalles necesarios para garantizar un proceso sin contratiempos. La paciencia y la preparaci\u00f3n son clave, y es importante permanecer informado a trav\u00e9s de los canales oficiales para conocer todas las actualizaciones y el momento adecuado para realizar esta importante obligaci\u00f3n fiscal.<\/p>\n\n\n<div class=\"kk-star-ratings kksr-auto kksr-align-left kksr-valign-bottom\"\n    data-payload='{&quot;align&quot;:&quot;left&quot;,&quot;id&quot;:&quot;6834&quot;,&quot;slug&quot;:&quot;default&quot;,&quot;valign&quot;:&quot;bottom&quot;,&quot;ignore&quot;:&quot;&quot;,&quot;reference&quot;:&quot;auto&quot;,&quot;class&quot;:&quot;&quot;,&quot;count&quot;:&quot;0&quot;,&quot;legendonly&quot;:&quot;&quot;,&quot;readonly&quot;:&quot;&quot;,&quot;score&quot;:&quot;0&quot;,&quot;starsonly&quot;:&quot;&quot;,&quot;best&quot;:&quot;5&quot;,&quot;gap&quot;:&quot;5&quot;,&quot;greet&quot;:&quot;Valora este post&quot;,&quot;legend&quot;:&quot;0\\\/5 - (0 votes)&quot;,&quot;size&quot;:&quot;22&quot;,&quot;title&quot;:&quot;\u00a1Atenci\u00f3n contribuyentes! \u00bfPor qu\u00e9 no puedes agendar a\u00fan tu cita para la declaraci\u00f3n de renta 2025?&quot;,&quot;width&quot;:&quot;0&quot;,&quot;_legend&quot;:&quot;{score}\\\/{best} - ({count} {votes})&quot;,&quot;font_factor&quot;:&quot;1.25&quot;}'>\n            \n<div class=\"kksr-stars\">\n    \n<div class=\"kksr-stars-inactive\">\n            <div class=\"kksr-star\" data-star=\"1\" style=\"padding-right: 5px\">\n            \n\n<div class=\"kksr-icon\" style=\"width: 22px; height: 22px;\"><\/div>\n        <\/div>\n            <div class=\"kksr-star\" data-star=\"2\" style=\"padding-right: 5px\">\n            \n\n<div class=\"kksr-icon\" style=\"width: 22px; height: 22px;\"><\/div>\n        <\/div>\n            <div class=\"kksr-star\" data-star=\"3\" style=\"padding-right: 5px\">\n            \n\n<div class=\"kksr-icon\" style=\"width: 22px; height: 22px;\"><\/div>\n        <\/div>\n            <div class=\"kksr-star\" data-star=\"4\" style=\"padding-right: 5px\">\n            \n\n<div class=\"kksr-icon\" style=\"width: 22px; height: 22px;\"><\/div>\n        <\/div>\n            <div class=\"kksr-star\" data-star=\"5\" style=\"padding-right: 5px\">\n            \n\n<div class=\"kksr-icon\" style=\"width: 22px; height: 22px;\"><\/div>\n        <\/div>\n    <\/div>\n    \n<div class=\"kksr-stars-active\" style=\"width: 0px;\">\n            <div class=\"kksr-star\" style=\"padding-right: 5px\">\n            \n\n<div class=\"kksr-icon\" style=\"width: 22px; height: 22px;\"><\/div>\n        <\/div>\n            <div class=\"kksr-star\" style=\"padding-right: 5px\">\n            \n\n<div class=\"kksr-icon\" style=\"width: 22px; height: 22px;\"><\/div>\n        <\/div>\n            <div class=\"kksr-star\" style=\"padding-right: 5px\">\n            \n\n<div class=\"kksr-icon\" style=\"width: 22px; height: 22px;\"><\/div>\n        <\/div>\n            <div class=\"kksr-star\" style=\"padding-right: 5px\">\n            \n\n<div class=\"kksr-icon\" style=\"width: 22px; height: 22px;\"><\/div>\n        <\/div>\n            <div class=\"kksr-star\" style=\"padding-right: 5px\">\n            \n\n<div class=\"kksr-icon\" style=\"width: 22px; height: 22px;\"><\/div>\n        <\/div>\n    <\/div>\n<\/div>\n                \n\n<div class=\"kksr-legend\" style=\"font-size: 17.6px;\">\n            <span class=\"kksr-muted\">Valora este post<\/span>\n    <\/div>\n    <\/div>\n","protected":false},"excerpt":{"rendered":"<p>Explicaci\u00f3n de la Hacienda: Razones por las cuales a\u00fan no es posible programar una cita para la declaraci\u00f3n de renta de 2025 Cada a\u00f1o, a medida &#8230; <a title=\"\u00a1Atenci\u00f3n contribuyentes! \u00bfPor qu\u00e9 no puedes agendar a\u00fan tu cita para la declaraci\u00f3n de renta 2025?\" class=\"read-more\" href=\"https:\/\/www.diario21.tv\/noticias\/atencion-contribuyentes-por-que-no-puedes-agendar-aun-tu-cita-para-la-declaracion-de-renta-2025\/\" aria-label=\"Leer m\u00e1s sobre \u00a1Atenci\u00f3n contribuyentes! \u00bfPor qu\u00e9 no puedes agendar a\u00fan tu cita para la declaraci\u00f3n de renta 2025?\">Seguir leyendo &rarr;<\/a><\/p>\n","protected":false},"author":20,"featured_media":6835,"comment_status":"open","ping_status":"open","sticky":false,"template":"","format":"standard","meta":{"footnotes":""},"categories":[13],"tags":[],"class_list":["post-6834","post","type-post","status-publish","format-standard","has-post-thumbnail","hentry","category-portada"],"yoast_head":"<!-- This site is optimized with the Yoast SEO plugin v25.6 - https:\/\/yoast.com\/wordpress\/plugins\/seo\/ -->\n<title>\u00a1Atenci\u00f3n contribuyentes! \u00bfPor qu\u00e9 no puedes agendar a\u00fan tu cita para la declaraci\u00f3n de renta 2025? - Diario 21<\/title>\n<meta name=\"robots\" content=\"index, follow, max-snippet:-1, max-image-preview:large, max-video-preview:-1\" \/>\n<link rel=\"canonical\" href=\"https:\/\/www.diario21.tv\/noticias\/atencion-contribuyentes-por-que-no-puedes-agendar-aun-tu-cita-para-la-declaracion-de-renta-2025\/\" \/>\n<meta property=\"og:locale\" content=\"es_ES\" \/>\n<meta property=\"og:type\" content=\"article\" \/>\n<meta property=\"og:title\" content=\"\u00a1Atenci\u00f3n contribuyentes! \u00bfPor qu\u00e9 no puedes agendar a\u00fan tu cita para la declaraci\u00f3n de renta 2025? - Diario 21\" \/>\n<meta property=\"og:description\" content=\"Explicaci\u00f3n de la Hacienda: Razones por las cuales a\u00fan no es posible programar una cita para la declaraci\u00f3n de renta de 2025 Cada a\u00f1o, a medida ... Seguir leyendo &rarr;\" \/>\n<meta property=\"og:url\" content=\"https:\/\/www.diario21.tv\/noticias\/atencion-contribuyentes-por-que-no-puedes-agendar-aun-tu-cita-para-la-declaracion-de-renta-2025\/\" \/>\n<meta property=\"og:site_name\" content=\"Diario 21\" \/>\n<meta property=\"article:published_time\" content=\"2026-04-10T10:25:16+00:00\" \/>\n<meta property=\"article:modified_time\" content=\"2026-04-10T10:25:17+00:00\" \/>\n<meta property=\"og:image\" content=\"https:\/\/www.diario21.tv\/noticias\/wp-content\/uploads\/2026\/04\/\u00a1Atencion-contribuyentes-\u00bfPor-que-no-puedes-agendar-aun-tu-cita.jpg\" \/>\n\t<meta property=\"og:image:width\" content=\"1200\" \/>\n\t<meta property=\"og:image:height\" content=\"840\" \/>\n\t<meta property=\"og:image:type\" content=\"image\/jpeg\" \/>\n<meta name=\"author\" content=\"Juan P\u00e9rez\" \/>\n<meta name=\"twitter:card\" content=\"summary_large_image\" \/>\n<meta name=\"twitter:label1\" content=\"Escrito por\" \/>\n\t<meta name=\"twitter:data1\" content=\"Juan P\u00e9rez\" \/>\n\t<meta name=\"twitter:label2\" content=\"Tiempo de lectura\" \/>\n\t<meta name=\"twitter:data2\" content=\"3 minutos\" \/>\n<script type=\"application\/ld+json\" class=\"yoast-schema-graph\">{\"@context\":\"https:\/\/schema.org\",\"@graph\":[{\"@type\":\"WebPage\",\"@id\":\"https:\/\/www.diario21.tv\/noticias\/atencion-contribuyentes-por-que-no-puedes-agendar-aun-tu-cita-para-la-declaracion-de-renta-2025\/\",\"url\":\"https:\/\/www.diario21.tv\/noticias\/atencion-contribuyentes-por-que-no-puedes-agendar-aun-tu-cita-para-la-declaracion-de-renta-2025\/\",\"name\":\"\u00a1Atenci\u00f3n contribuyentes! \u00bfPor qu\u00e9 no puedes agendar a\u00fan tu cita para la declaraci\u00f3n de renta 2025? - Diario 21\",\"isPartOf\":{\"@id\":\"https:\/\/www.diario21.tv\/noticias\/#website\"},\"primaryImageOfPage\":{\"@id\":\"https:\/\/www.diario21.tv\/noticias\/atencion-contribuyentes-por-que-no-puedes-agendar-aun-tu-cita-para-la-declaracion-de-renta-2025\/#primaryimage\"},\"image\":{\"@id\":\"https:\/\/www.diario21.tv\/noticias\/atencion-contribuyentes-por-que-no-puedes-agendar-aun-tu-cita-para-la-declaracion-de-renta-2025\/#primaryimage\"},\"thumbnailUrl\":\"https:\/\/www.diario21.tv\/noticias\/wp-content\/uploads\/2026\/04\/\u00a1Atencion-contribuyentes-\u00bfPor-que-no-puedes-agendar-aun-tu-cita.jpg\",\"datePublished\":\"2026-04-10T10:25:16+00:00\",\"dateModified\":\"2026-04-10T10:25:17+00:00\",\"author\":{\"@id\":\"https:\/\/www.diario21.tv\/noticias\/#\/schema\/person\/dfb778f73814d8f09f302618446a526b\"},\"breadcrumb\":{\"@id\":\"https:\/\/www.diario21.tv\/noticias\/atencion-contribuyentes-por-que-no-puedes-agendar-aun-tu-cita-para-la-declaracion-de-renta-2025\/#breadcrumb\"},\"inLanguage\":\"es-AR\",\"potentialAction\":[{\"@type\":\"ReadAction\",\"target\":[\"https:\/\/www.diario21.tv\/noticias\/atencion-contribuyentes-por-que-no-puedes-agendar-aun-tu-cita-para-la-declaracion-de-renta-2025\/\"]}]},{\"@type\":\"ImageObject\",\"inLanguage\":\"es-AR\",\"@id\":\"https:\/\/www.diario21.tv\/noticias\/atencion-contribuyentes-por-que-no-puedes-agendar-aun-tu-cita-para-la-declaracion-de-renta-2025\/#primaryimage\",\"url\":\"https:\/\/www.diario21.tv\/noticias\/wp-content\/uploads\/2026\/04\/\u00a1Atencion-contribuyentes-\u00bfPor-que-no-puedes-agendar-aun-tu-cita.jpg\",\"contentUrl\":\"https:\/\/www.diario21.tv\/noticias\/wp-content\/uploads\/2026\/04\/\u00a1Atencion-contribuyentes-\u00bfPor-que-no-puedes-agendar-aun-tu-cita.jpg\",\"width\":1200,\"height\":840,\"caption\":\"Hacienda lo aclara: por qu\u00e9 todav\u00eda no puedes coger cita para hacer la declaraci\u00f3n de la renta 2025\"},{\"@type\":\"BreadcrumbList\",\"@id\":\"https:\/\/www.diario21.tv\/noticias\/atencion-contribuyentes-por-que-no-puedes-agendar-aun-tu-cita-para-la-declaracion-de-renta-2025\/#breadcrumb\",\"itemListElement\":[{\"@type\":\"ListItem\",\"position\":1,\"name\":\"Accueil\",\"item\":\"https:\/\/www.diario21.tv\/noticias\/\"},{\"@type\":\"ListItem\",\"position\":2,\"name\":\"\u00a1Atenci\u00f3n contribuyentes! \u00bfPor qu\u00e9 no puedes agendar a\u00fan tu cita para la declaraci\u00f3n de renta 2025?\"}]},{\"@type\":\"WebSite\",\"@id\":\"https:\/\/www.diario21.tv\/noticias\/#website\",\"url\":\"https:\/\/www.diario21.tv\/noticias\/\",\"name\":\"Diario 21\",\"description\":\"\",\"potentialAction\":[{\"@type\":\"SearchAction\",\"target\":{\"@type\":\"EntryPoint\",\"urlTemplate\":\"https:\/\/www.diario21.tv\/noticias\/?s={search_term_string}\"},\"query-input\":{\"@type\":\"PropertyValueSpecification\",\"valueRequired\":true,\"valueName\":\"search_term_string\"}}],\"inLanguage\":\"es-AR\"},{\"@type\":\"Person\",\"@id\":\"https:\/\/www.diario21.tv\/noticias\/#\/schema\/person\/dfb778f73814d8f09f302618446a526b\",\"name\":\"Juan P\u00e9rez\",\"image\":{\"@type\":\"ImageObject\",\"inLanguage\":\"es-AR\",\"@id\":\"https:\/\/www.diario21.tv\/noticias\/#\/schema\/person\/image\/\",\"url\":\"https:\/\/secure.gravatar.com\/avatar\/c478a405bd10621167f4c3167cc770f5?s=96&d=mm&r=g\",\"contentUrl\":\"https:\/\/secure.gravatar.com\/avatar\/c478a405bd10621167f4c3167cc770f5?s=96&d=mm&r=g\",\"caption\":\"Juan P\u00e9rez\"},\"description\":\"Juan P\u00e9rez es el redactor en jefe de Diario 21. Con m\u00e1s de 10 a\u00f1os de experiencia en el periodismo, se especializa en pol\u00edtica nacional y an\u00e1lisis socioecon\u00f3mico. Su enfoque cr\u00edtico y riguroso aporta una perspectiva \u00fanica a cada art\u00edculo.\",\"sameAs\":[\"https:\/\/www.diario21.tv\/noticias\/\"],\"url\":\"https:\/\/www.diario21.tv\/noticias\/author\/juan-perez\/\"}]}<\/script>\n<!-- \/ Yoast SEO plugin. -->","yoast_head_json":{"title":"\u00a1Atenci\u00f3n contribuyentes! \u00bfPor qu\u00e9 no puedes agendar a\u00fan tu cita para la declaraci\u00f3n de renta 2025? - Diario 21","robots":{"index":"index","follow":"follow","max-snippet":"max-snippet:-1","max-image-preview":"max-image-preview:large","max-video-preview":"max-video-preview:-1"},"canonical":"https:\/\/www.diario21.tv\/noticias\/atencion-contribuyentes-por-que-no-puedes-agendar-aun-tu-cita-para-la-declaracion-de-renta-2025\/","og_locale":"es_ES","og_type":"article","og_title":"\u00a1Atenci\u00f3n contribuyentes! \u00bfPor qu\u00e9 no puedes agendar a\u00fan tu cita para la declaraci\u00f3n de renta 2025? - Diario 21","og_description":"Explicaci\u00f3n de la Hacienda: Razones por las cuales a\u00fan no es posible programar una cita para la declaraci\u00f3n de renta de 2025 Cada a\u00f1o, a medida ... Seguir leyendo &rarr;","og_url":"https:\/\/www.diario21.tv\/noticias\/atencion-contribuyentes-por-que-no-puedes-agendar-aun-tu-cita-para-la-declaracion-de-renta-2025\/","og_site_name":"Diario 21","article_published_time":"2026-04-10T10:25:16+00:00","article_modified_time":"2026-04-10T10:25:17+00:00","og_image":[{"width":1200,"height":840,"url":"https:\/\/www.diario21.tv\/noticias\/wp-content\/uploads\/2026\/04\/\u00a1Atencion-contribuyentes-\u00bfPor-que-no-puedes-agendar-aun-tu-cita.jpg","type":"image\/jpeg"}],"author":"Juan P\u00e9rez","twitter_card":"summary_large_image","twitter_misc":{"Escrito por":"Juan P\u00e9rez","Tiempo de lectura":"3 minutos"},"schema":{"@context":"https:\/\/schema.org","@graph":[{"@type":"WebPage","@id":"https:\/\/www.diario21.tv\/noticias\/atencion-contribuyentes-por-que-no-puedes-agendar-aun-tu-cita-para-la-declaracion-de-renta-2025\/","url":"https:\/\/www.diario21.tv\/noticias\/atencion-contribuyentes-por-que-no-puedes-agendar-aun-tu-cita-para-la-declaracion-de-renta-2025\/","name":"\u00a1Atenci\u00f3n contribuyentes! \u00bfPor qu\u00e9 no puedes agendar a\u00fan tu cita para la declaraci\u00f3n de renta 2025? - Diario 21","isPartOf":{"@id":"https:\/\/www.diario21.tv\/noticias\/#website"},"primaryImageOfPage":{"@id":"https:\/\/www.diario21.tv\/noticias\/atencion-contribuyentes-por-que-no-puedes-agendar-aun-tu-cita-para-la-declaracion-de-renta-2025\/#primaryimage"},"image":{"@id":"https:\/\/www.diario21.tv\/noticias\/atencion-contribuyentes-por-que-no-puedes-agendar-aun-tu-cita-para-la-declaracion-de-renta-2025\/#primaryimage"},"thumbnailUrl":"https:\/\/www.diario21.tv\/noticias\/wp-content\/uploads\/2026\/04\/\u00a1Atencion-contribuyentes-\u00bfPor-que-no-puedes-agendar-aun-tu-cita.jpg","datePublished":"2026-04-10T10:25:16+00:00","dateModified":"2026-04-10T10:25:17+00:00","author":{"@id":"https:\/\/www.diario21.tv\/noticias\/#\/schema\/person\/dfb778f73814d8f09f302618446a526b"},"breadcrumb":{"@id":"https:\/\/www.diario21.tv\/noticias\/atencion-contribuyentes-por-que-no-puedes-agendar-aun-tu-cita-para-la-declaracion-de-renta-2025\/#breadcrumb"},"inLanguage":"es-AR","potentialAction":[{"@type":"ReadAction","target":["https:\/\/www.diario21.tv\/noticias\/atencion-contribuyentes-por-que-no-puedes-agendar-aun-tu-cita-para-la-declaracion-de-renta-2025\/"]}]},{"@type":"ImageObject","inLanguage":"es-AR","@id":"https:\/\/www.diario21.tv\/noticias\/atencion-contribuyentes-por-que-no-puedes-agendar-aun-tu-cita-para-la-declaracion-de-renta-2025\/#primaryimage","url":"https:\/\/www.diario21.tv\/noticias\/wp-content\/uploads\/2026\/04\/\u00a1Atencion-contribuyentes-\u00bfPor-que-no-puedes-agendar-aun-tu-cita.jpg","contentUrl":"https:\/\/www.diario21.tv\/noticias\/wp-content\/uploads\/2026\/04\/\u00a1Atencion-contribuyentes-\u00bfPor-que-no-puedes-agendar-aun-tu-cita.jpg","width":1200,"height":840,"caption":"Hacienda lo aclara: por qu\u00e9 todav\u00eda no puedes coger cita para hacer la declaraci\u00f3n de la renta 2025"},{"@type":"BreadcrumbList","@id":"https:\/\/www.diario21.tv\/noticias\/atencion-contribuyentes-por-que-no-puedes-agendar-aun-tu-cita-para-la-declaracion-de-renta-2025\/#breadcrumb","itemListElement":[{"@type":"ListItem","position":1,"name":"Accueil","item":"https:\/\/www.diario21.tv\/noticias\/"},{"@type":"ListItem","position":2,"name":"\u00a1Atenci\u00f3n contribuyentes! \u00bfPor qu\u00e9 no puedes agendar a\u00fan tu cita para la declaraci\u00f3n de renta 2025?"}]},{"@type":"WebSite","@id":"https:\/\/www.diario21.tv\/noticias\/#website","url":"https:\/\/www.diario21.tv\/noticias\/","name":"Diario 21","description":"","potentialAction":[{"@type":"SearchAction","target":{"@type":"EntryPoint","urlTemplate":"https:\/\/www.diario21.tv\/noticias\/?s={search_term_string}"},"query-input":{"@type":"PropertyValueSpecification","valueRequired":true,"valueName":"search_term_string"}}],"inLanguage":"es-AR"},{"@type":"Person","@id":"https:\/\/www.diario21.tv\/noticias\/#\/schema\/person\/dfb778f73814d8f09f302618446a526b","name":"Juan P\u00e9rez","image":{"@type":"ImageObject","inLanguage":"es-AR","@id":"https:\/\/www.diario21.tv\/noticias\/#\/schema\/person\/image\/","url":"https:\/\/secure.gravatar.com\/avatar\/c478a405bd10621167f4c3167cc770f5?s=96&d=mm&r=g","contentUrl":"https:\/\/secure.gravatar.com\/avatar\/c478a405bd10621167f4c3167cc770f5?s=96&d=mm&r=g","caption":"Juan P\u00e9rez"},"description":"Juan P\u00e9rez es el redactor en jefe de Diario 21. Con m\u00e1s de 10 a\u00f1os de experiencia en el periodismo, se especializa en pol\u00edtica nacional y an\u00e1lisis socioecon\u00f3mico. Su enfoque cr\u00edtico y riguroso aporta una perspectiva \u00fanica a cada art\u00edculo.","sameAs":["https:\/\/www.diario21.tv\/noticias\/"],"url":"https:\/\/www.diario21.tv\/noticias\/author\/juan-perez\/"}]}},"_links":{"self":[{"href":"https:\/\/www.diario21.tv\/noticias\/wp-json\/wp\/v2\/posts\/6834"}],"collection":[{"href":"https:\/\/www.diario21.tv\/noticias\/wp-json\/wp\/v2\/posts"}],"about":[{"href":"https:\/\/www.diario21.tv\/noticias\/wp-json\/wp\/v2\/types\/post"}],"author":[{"embeddable":true,"href":"https:\/\/www.diario21.tv\/noticias\/wp-json\/wp\/v2\/users\/20"}],"replies":[{"embeddable":true,"href":"https:\/\/www.diario21.tv\/noticias\/wp-json\/wp\/v2\/comments?post=6834"}],"version-history":[{"count":1,"href":"https:\/\/www.diario21.tv\/noticias\/wp-json\/wp\/v2\/posts\/6834\/revisions"}],"predecessor-version":[{"id":6836,"href":"https:\/\/www.diario21.tv\/noticias\/wp-json\/wp\/v2\/posts\/6834\/revisions\/6836"}],"wp:featuredmedia":[{"embeddable":true,"href":"https:\/\/www.diario21.tv\/noticias\/wp-json\/wp\/v2\/media\/6835"}],"wp:attachment":[{"href":"https:\/\/www.diario21.tv\/noticias\/wp-json\/wp\/v2\/media?parent=6834"}],"wp:term":[{"taxonomy":"category","embeddable":true,"href":"https:\/\/www.diario21.tv\/noticias\/wp-json\/wp\/v2\/categories?post=6834"},{"taxonomy":"post_tag","embeddable":true,"href":"https:\/\/www.diario21.tv\/noticias\/wp-json\/wp\/v2\/tags?post=6834"}],"curies":[{"name":"wp","href":"https:\/\/api.w.org\/{rel}","templated":true}]}}