{"id":6831,"date":"2026-04-10T04:20:36","date_gmt":"2026-04-10T04:20:36","guid":{"rendered":"https:\/\/www.diario21.tv\/noticias\/impactante-policia-de-benalmadena-enfrenta-24-anos-de-carcel-por-abusar-de-tres-sobrinas-menores\/"},"modified":"2026-04-10T04:20:37","modified_gmt":"2026-04-10T04:20:37","slug":"impactante-policia-de-benalmadena-enfrenta-24-anos-de-carcel-por-abusar-de-tres-sobrinas-menores","status":"publish","type":"post","link":"https:\/\/www.diario21.tv\/noticias\/impactante-policia-de-benalmadena-enfrenta-24-anos-de-carcel-por-abusar-de-tres-sobrinas-menores\/","title":{"rendered":"\u00a1Impactante! Polic\u00eda de Benalm\u00e1dena enfrenta 24 a\u00f1os de c\u00e1rcel por abusar de tres sobrinas menores"},"content":{"rendered":"<h2>Demandan 24 A\u00f1os de Prisi\u00f3n para un Polic\u00eda en Benalm\u00e1dena Acusado de Abusar de Tres Sobrinas Menores<\/h2>\n<p>En un caso que ha conmocionado a la localidad de Benalm\u00e1dena, se ha solicitado una condena de 24 a\u00f1os de c\u00e1rcel para un agente de polic\u00eda acusado de llevar a cabo abusos sexuales contra tres de sus sobrinas, todas ellas menores de edad. La fiscal\u00eda ha presentado cargos formales contra el individuo, argumentando que los hechos ocurrieron mientras las ni\u00f1as estaban bajo su cuidado, aprovechando la confianza y autoridad que pose\u00eda sobre ellas.<\/p>\n<h3>Detalles del Caso<\/h3>\n<p>El acusado, cuya identidad se mantiene en reserva para proteger la privacidad de las menores, enfrenta m\u00faltiples cargos por abusos que, seg\u00fan los informes, se extendieron durante varios a\u00f1os. Las v\u00edctimas, que ahora tienen entre 8 y 14 a\u00f1os, han relatado en sus testimonios c\u00f3mo los abusos comenzaron cuando la mayor ten\u00eda solo seis a\u00f1os.<\/p>\n<p>Los abusos presuntamente tuvieron lugar en la casa del acusado, en momentos en que se encontraban solas con \u00e9l. Seg\u00fan la acusaci\u00f3n, el polic\u00eda aprovechaba estas oportunidades para cometer los actos, asegur\u00e1ndose de que no hubiera testigos presentes.<\/p>\n<h3>Reacciones y Procedimientos Legales<\/h3>\n<p>Este caso ha generado una profunda indignaci\u00f3n tanto en Benalm\u00e1dena como en el resto del pa\u00eds, destacando preocupaciones serias sobre la seguridad de los menores en entornos familiares y la conducta de funcionarios encargados de hacer cumplir la ley. La fiscal\u00eda ha pedido no solo una sentencia de prisi\u00f3n, sino tambi\u00e9n una orden de alejamiento que proh\u00edba al acusado acercarse a las v\u00edctimas por un periodo que supera los 30 a\u00f1os.<\/p>\n<p>A medida que el juicio avanza, se espera que se presenten m\u00e1s detalles sobre las medidas que se tomar\u00e1n para proteger a las j\u00f3venes v\u00edctimas y asegurar que reciban el apoyo necesario para superar este tr\u00e1gico cap\u00edtulo de sus vidas. Adem\u00e1s, se ha iniciado un debate sobre las pol\u00edticas de supervisi\u00f3n y control de los funcionarios de polic\u00eda, con el objetivo de prevenir que situaciones similares se repitan en el futuro.<\/p>\n<p>Este lamentable incidente subraya la necesidad de vigilancia y responsabilidad continua en todas las profesiones, especialmente aquellas en las que se confiere una gran autoridad sobre los m\u00e1s vulnerables. La comunidad de Benalm\u00e1dena, junto con el resto de Espa\u00f1a, observa de cerca para ver c\u00f3mo se maneja este delicado y grave asunto en el sistema judicial.<\/p>\n\n\n<div class=\"kk-star-ratings kksr-auto kksr-align-left kksr-valign-bottom\"\n    data-payload='{&quot;align&quot;:&quot;left&quot;,&quot;id&quot;:&quot;6831&quot;,&quot;slug&quot;:&quot;default&quot;,&quot;valign&quot;:&quot;bottom&quot;,&quot;ignore&quot;:&quot;&quot;,&quot;reference&quot;:&quot;auto&quot;,&quot;class&quot;:&quot;&quot;,&quot;count&quot;:&quot;0&quot;,&quot;legendonly&quot;:&quot;&quot;,&quot;readonly&quot;:&quot;&quot;,&quot;score&quot;:&quot;0&quot;,&quot;starsonly&quot;:&quot;&quot;,&quot;best&quot;:&quot;5&quot;,&quot;gap&quot;:&quot;5&quot;,&quot;greet&quot;:&quot;Valora este post&quot;,&quot;legend&quot;:&quot;0\\\/5 - (0 votes)&quot;,&quot;size&quot;:&quot;22&quot;,&quot;title&quot;:&quot;\u00a1Impactante! Polic\u00eda de Benalm\u00e1dena enfrenta 24 a\u00f1os de c\u00e1rcel por abusar de tres sobrinas menores&quot;,&quot;width&quot;:&quot;0&quot;,&quot;_legend&quot;:&quot;{score}\\\/{best} - ({count} {votes})&quot;,&quot;font_factor&quot;:&quot;1.25&quot;}'>\n            \n<div class=\"kksr-stars\">\n    \n<div class=\"kksr-stars-inactive\">\n            <div class=\"kksr-star\" data-star=\"1\" style=\"padding-right: 5px\">\n            \n\n<div class=\"kksr-icon\" style=\"width: 22px; height: 22px;\"><\/div>\n        <\/div>\n            <div class=\"kksr-star\" data-star=\"2\" style=\"padding-right: 5px\">\n            \n\n<div class=\"kksr-icon\" style=\"width: 22px; height: 22px;\"><\/div>\n        <\/div>\n            <div class=\"kksr-star\" data-star=\"3\" style=\"padding-right: 5px\">\n            \n\n<div class=\"kksr-icon\" style=\"width: 22px; height: 22px;\"><\/div>\n        <\/div>\n            <div class=\"kksr-star\" data-star=\"4\" style=\"padding-right: 5px\">\n            \n\n<div class=\"kksr-icon\" style=\"width: 22px; height: 22px;\"><\/div>\n        <\/div>\n            <div class=\"kksr-star\" data-star=\"5\" style=\"padding-right: 5px\">\n            \n\n<div class=\"kksr-icon\" style=\"width: 22px; height: 22px;\"><\/div>\n        <\/div>\n    <\/div>\n    \n<div class=\"kksr-stars-active\" style=\"width: 0px;\">\n            <div class=\"kksr-star\" style=\"padding-right: 5px\">\n            \n\n<div class=\"kksr-icon\" style=\"width: 22px; height: 22px;\"><\/div>\n        <\/div>\n            <div class=\"kksr-star\" style=\"padding-right: 5px\">\n            \n\n<div class=\"kksr-icon\" style=\"width: 22px; height: 22px;\"><\/div>\n        <\/div>\n            <div class=\"kksr-star\" style=\"padding-right: 5px\">\n            \n\n<div class=\"kksr-icon\" style=\"width: 22px; height: 22px;\"><\/div>\n        <\/div>\n            <div class=\"kksr-star\" style=\"padding-right: 5px\">\n            \n\n<div class=\"kksr-icon\" style=\"width: 22px; height: 22px;\"><\/div>\n        <\/div>\n            <div class=\"kksr-star\" style=\"padding-right: 5px\">\n            \n\n<div class=\"kksr-icon\" style=\"width: 22px; height: 22px;\"><\/div>\n        <\/div>\n    <\/div>\n<\/div>\n                \n\n<div class=\"kksr-legend\" style=\"font-size: 17.6px;\">\n            <span class=\"kksr-muted\">Valora este post<\/span>\n    <\/div>\n    <\/div>\n","protected":false},"excerpt":{"rendered":"<p>Demandan 24 A\u00f1os de Prisi\u00f3n para un Polic\u00eda en Benalm\u00e1dena Acusado de Abusar de Tres Sobrinas Menores En un caso que ha conmocionado a la localidad &#8230; <a title=\"\u00a1Impactante! Polic\u00eda de Benalm\u00e1dena enfrenta 24 a\u00f1os de c\u00e1rcel por abusar de tres sobrinas menores\" class=\"read-more\" href=\"https:\/\/www.diario21.tv\/noticias\/impactante-policia-de-benalmadena-enfrenta-24-anos-de-carcel-por-abusar-de-tres-sobrinas-menores\/\" aria-label=\"Leer m\u00e1s sobre \u00a1Impactante! Polic\u00eda de Benalm\u00e1dena enfrenta 24 a\u00f1os de c\u00e1rcel por abusar de tres sobrinas menores\">Seguir leyendo &rarr;<\/a><\/p>\n","protected":false},"author":20,"featured_media":6832,"comment_status":"open","ping_status":"open","sticky":false,"template":"","format":"standard","meta":{"footnotes":""},"categories":[13],"tags":[],"class_list":["post-6831","post","type-post","status-publish","format-standard","has-post-thumbnail","hentry","category-portada"],"yoast_head":"<!-- This site is optimized with the Yoast SEO plugin v25.6 - https:\/\/yoast.com\/wordpress\/plugins\/seo\/ -->\n<title>\u00a1Impactante! Polic\u00eda de Benalm\u00e1dena enfrenta 24 a\u00f1os de c\u00e1rcel por abusar de tres sobrinas menores - Diario 21<\/title>\n<meta name=\"robots\" content=\"index, follow, max-snippet:-1, max-image-preview:large, max-video-preview:-1\" \/>\n<link rel=\"canonical\" href=\"https:\/\/www.diario21.tv\/noticias\/impactante-policia-de-benalmadena-enfrenta-24-anos-de-carcel-por-abusar-de-tres-sobrinas-menores\/\" \/>\n<meta property=\"og:locale\" content=\"es_ES\" \/>\n<meta property=\"og:type\" content=\"article\" \/>\n<meta property=\"og:title\" content=\"\u00a1Impactante! Polic\u00eda de Benalm\u00e1dena enfrenta 24 a\u00f1os de c\u00e1rcel por abusar de tres sobrinas menores - Diario 21\" \/>\n<meta property=\"og:description\" content=\"Demandan 24 A\u00f1os de Prisi\u00f3n para un Polic\u00eda en Benalm\u00e1dena Acusado de Abusar de Tres Sobrinas Menores En un caso que ha conmocionado a la localidad ... Seguir leyendo &rarr;\" \/>\n<meta property=\"og:url\" content=\"https:\/\/www.diario21.tv\/noticias\/impactante-policia-de-benalmadena-enfrenta-24-anos-de-carcel-por-abusar-de-tres-sobrinas-menores\/\" \/>\n<meta property=\"og:site_name\" content=\"Diario 21\" \/>\n<meta property=\"article:published_time\" content=\"2026-04-10T04:20:36+00:00\" \/>\n<meta property=\"article:modified_time\" content=\"2026-04-10T04:20:37+00:00\" \/>\n<meta property=\"og:image\" content=\"https:\/\/www.diario21.tv\/noticias\/wp-content\/uploads\/2026\/04\/\u00a1Impactante-Policia-de-Benalmadena-enfrenta-24-anos-de-carcel-por.jpg\" \/>\n\t<meta property=\"og:image:width\" content=\"1200\" \/>\n\t<meta property=\"og:image:height\" content=\"840\" \/>\n\t<meta property=\"og:image:type\" content=\"image\/jpeg\" \/>\n<meta name=\"author\" content=\"Juan P\u00e9rez\" \/>\n<meta name=\"twitter:card\" content=\"summary_large_image\" \/>\n<meta name=\"twitter:label1\" content=\"Escrito por\" \/>\n\t<meta name=\"twitter:data1\" content=\"Juan P\u00e9rez\" \/>\n\t<meta name=\"twitter:label2\" content=\"Tiempo de lectura\" \/>\n\t<meta name=\"twitter:data2\" content=\"2 minutos\" \/>\n<script type=\"application\/ld+json\" class=\"yoast-schema-graph\">{\"@context\":\"https:\/\/schema.org\",\"@graph\":[{\"@type\":\"WebPage\",\"@id\":\"https:\/\/www.diario21.tv\/noticias\/impactante-policia-de-benalmadena-enfrenta-24-anos-de-carcel-por-abusar-de-tres-sobrinas-menores\/\",\"url\":\"https:\/\/www.diario21.tv\/noticias\/impactante-policia-de-benalmadena-enfrenta-24-anos-de-carcel-por-abusar-de-tres-sobrinas-menores\/\",\"name\":\"\u00a1Impactante! Polic\u00eda de Benalm\u00e1dena enfrenta 24 a\u00f1os de c\u00e1rcel por abusar de tres sobrinas menores - Diario 21\",\"isPartOf\":{\"@id\":\"https:\/\/www.diario21.tv\/noticias\/#website\"},\"primaryImageOfPage\":{\"@id\":\"https:\/\/www.diario21.tv\/noticias\/impactante-policia-de-benalmadena-enfrenta-24-anos-de-carcel-por-abusar-de-tres-sobrinas-menores\/#primaryimage\"},\"image\":{\"@id\":\"https:\/\/www.diario21.tv\/noticias\/impactante-policia-de-benalmadena-enfrenta-24-anos-de-carcel-por-abusar-de-tres-sobrinas-menores\/#primaryimage\"},\"thumbnailUrl\":\"https:\/\/www.diario21.tv\/noticias\/wp-content\/uploads\/2026\/04\/\u00a1Impactante-Policia-de-Benalmadena-enfrenta-24-anos-de-carcel-por.jpg\",\"datePublished\":\"2026-04-10T04:20:36+00:00\",\"dateModified\":\"2026-04-10T04:20:37+00:00\",\"author\":{\"@id\":\"https:\/\/www.diario21.tv\/noticias\/#\/schema\/person\/dfb778f73814d8f09f302618446a526b\"},\"breadcrumb\":{\"@id\":\"https:\/\/www.diario21.tv\/noticias\/impactante-policia-de-benalmadena-enfrenta-24-anos-de-carcel-por-abusar-de-tres-sobrinas-menores\/#breadcrumb\"},\"inLanguage\":\"es-AR\",\"potentialAction\":[{\"@type\":\"ReadAction\",\"target\":[\"https:\/\/www.diario21.tv\/noticias\/impactante-policia-de-benalmadena-enfrenta-24-anos-de-carcel-por-abusar-de-tres-sobrinas-menores\/\"]}]},{\"@type\":\"ImageObject\",\"inLanguage\":\"es-AR\",\"@id\":\"https:\/\/www.diario21.tv\/noticias\/impactante-policia-de-benalmadena-enfrenta-24-anos-de-carcel-por-abusar-de-tres-sobrinas-menores\/#primaryimage\",\"url\":\"https:\/\/www.diario21.tv\/noticias\/wp-content\/uploads\/2026\/04\/\u00a1Impactante-Policia-de-Benalmadena-enfrenta-24-anos-de-carcel-por.jpg\",\"contentUrl\":\"https:\/\/www.diario21.tv\/noticias\/wp-content\/uploads\/2026\/04\/\u00a1Impactante-Policia-de-Benalmadena-enfrenta-24-anos-de-carcel-por.jpg\",\"width\":1200,\"height\":840,\"caption\":\"Piden 24 a\u00f1os de c\u00e1rcel para un polic\u00eda de Benalm\u00e1dena por presuntos abusos a tres sobrinas menores\"},{\"@type\":\"BreadcrumbList\",\"@id\":\"https:\/\/www.diario21.tv\/noticias\/impactante-policia-de-benalmadena-enfrenta-24-anos-de-carcel-por-abusar-de-tres-sobrinas-menores\/#breadcrumb\",\"itemListElement\":[{\"@type\":\"ListItem\",\"position\":1,\"name\":\"Accueil\",\"item\":\"https:\/\/www.diario21.tv\/noticias\/\"},{\"@type\":\"ListItem\",\"position\":2,\"name\":\"\u00a1Impactante! Polic\u00eda de Benalm\u00e1dena enfrenta 24 a\u00f1os de c\u00e1rcel por abusar de tres sobrinas menores\"}]},{\"@type\":\"WebSite\",\"@id\":\"https:\/\/www.diario21.tv\/noticias\/#website\",\"url\":\"https:\/\/www.diario21.tv\/noticias\/\",\"name\":\"Diario 21\",\"description\":\"\",\"potentialAction\":[{\"@type\":\"SearchAction\",\"target\":{\"@type\":\"EntryPoint\",\"urlTemplate\":\"https:\/\/www.diario21.tv\/noticias\/?s={search_term_string}\"},\"query-input\":{\"@type\":\"PropertyValueSpecification\",\"valueRequired\":true,\"valueName\":\"search_term_string\"}}],\"inLanguage\":\"es-AR\"},{\"@type\":\"Person\",\"@id\":\"https:\/\/www.diario21.tv\/noticias\/#\/schema\/person\/dfb778f73814d8f09f302618446a526b\",\"name\":\"Juan P\u00e9rez\",\"image\":{\"@type\":\"ImageObject\",\"inLanguage\":\"es-AR\",\"@id\":\"https:\/\/www.diario21.tv\/noticias\/#\/schema\/person\/image\/\",\"url\":\"https:\/\/secure.gravatar.com\/avatar\/c478a405bd10621167f4c3167cc770f5?s=96&d=mm&r=g\",\"contentUrl\":\"https:\/\/secure.gravatar.com\/avatar\/c478a405bd10621167f4c3167cc770f5?s=96&d=mm&r=g\",\"caption\":\"Juan P\u00e9rez\"},\"description\":\"Juan P\u00e9rez es el redactor en jefe de Diario 21. Con m\u00e1s de 10 a\u00f1os de experiencia en el periodismo, se especializa en pol\u00edtica nacional y an\u00e1lisis socioecon\u00f3mico. Su enfoque cr\u00edtico y riguroso aporta una perspectiva \u00fanica a cada art\u00edculo.\",\"sameAs\":[\"https:\/\/www.diario21.tv\/noticias\/\"],\"url\":\"https:\/\/www.diario21.tv\/noticias\/author\/juan-perez\/\"}]}<\/script>\n<!-- \/ Yoast SEO plugin. -->","yoast_head_json":{"title":"\u00a1Impactante! Polic\u00eda de Benalm\u00e1dena enfrenta 24 a\u00f1os de c\u00e1rcel por abusar de tres sobrinas menores - Diario 21","robots":{"index":"index","follow":"follow","max-snippet":"max-snippet:-1","max-image-preview":"max-image-preview:large","max-video-preview":"max-video-preview:-1"},"canonical":"https:\/\/www.diario21.tv\/noticias\/impactante-policia-de-benalmadena-enfrenta-24-anos-de-carcel-por-abusar-de-tres-sobrinas-menores\/","og_locale":"es_ES","og_type":"article","og_title":"\u00a1Impactante! Polic\u00eda de Benalm\u00e1dena enfrenta 24 a\u00f1os de c\u00e1rcel por abusar de tres sobrinas menores - Diario 21","og_description":"Demandan 24 A\u00f1os de Prisi\u00f3n para un Polic\u00eda en Benalm\u00e1dena Acusado de Abusar de Tres Sobrinas Menores En un caso que ha conmocionado a la localidad ... Seguir leyendo &rarr;","og_url":"https:\/\/www.diario21.tv\/noticias\/impactante-policia-de-benalmadena-enfrenta-24-anos-de-carcel-por-abusar-de-tres-sobrinas-menores\/","og_site_name":"Diario 21","article_published_time":"2026-04-10T04:20:36+00:00","article_modified_time":"2026-04-10T04:20:37+00:00","og_image":[{"width":1200,"height":840,"url":"https:\/\/www.diario21.tv\/noticias\/wp-content\/uploads\/2026\/04\/\u00a1Impactante-Policia-de-Benalmadena-enfrenta-24-anos-de-carcel-por.jpg","type":"image\/jpeg"}],"author":"Juan P\u00e9rez","twitter_card":"summary_large_image","twitter_misc":{"Escrito por":"Juan P\u00e9rez","Tiempo de lectura":"2 minutos"},"schema":{"@context":"https:\/\/schema.org","@graph":[{"@type":"WebPage","@id":"https:\/\/www.diario21.tv\/noticias\/impactante-policia-de-benalmadena-enfrenta-24-anos-de-carcel-por-abusar-de-tres-sobrinas-menores\/","url":"https:\/\/www.diario21.tv\/noticias\/impactante-policia-de-benalmadena-enfrenta-24-anos-de-carcel-por-abusar-de-tres-sobrinas-menores\/","name":"\u00a1Impactante! Polic\u00eda de Benalm\u00e1dena enfrenta 24 a\u00f1os de c\u00e1rcel por abusar de tres sobrinas menores - Diario 21","isPartOf":{"@id":"https:\/\/www.diario21.tv\/noticias\/#website"},"primaryImageOfPage":{"@id":"https:\/\/www.diario21.tv\/noticias\/impactante-policia-de-benalmadena-enfrenta-24-anos-de-carcel-por-abusar-de-tres-sobrinas-menores\/#primaryimage"},"image":{"@id":"https:\/\/www.diario21.tv\/noticias\/impactante-policia-de-benalmadena-enfrenta-24-anos-de-carcel-por-abusar-de-tres-sobrinas-menores\/#primaryimage"},"thumbnailUrl":"https:\/\/www.diario21.tv\/noticias\/wp-content\/uploads\/2026\/04\/\u00a1Impactante-Policia-de-Benalmadena-enfrenta-24-anos-de-carcel-por.jpg","datePublished":"2026-04-10T04:20:36+00:00","dateModified":"2026-04-10T04:20:37+00:00","author":{"@id":"https:\/\/www.diario21.tv\/noticias\/#\/schema\/person\/dfb778f73814d8f09f302618446a526b"},"breadcrumb":{"@id":"https:\/\/www.diario21.tv\/noticias\/impactante-policia-de-benalmadena-enfrenta-24-anos-de-carcel-por-abusar-de-tres-sobrinas-menores\/#breadcrumb"},"inLanguage":"es-AR","potentialAction":[{"@type":"ReadAction","target":["https:\/\/www.diario21.tv\/noticias\/impactante-policia-de-benalmadena-enfrenta-24-anos-de-carcel-por-abusar-de-tres-sobrinas-menores\/"]}]},{"@type":"ImageObject","inLanguage":"es-AR","@id":"https:\/\/www.diario21.tv\/noticias\/impactante-policia-de-benalmadena-enfrenta-24-anos-de-carcel-por-abusar-de-tres-sobrinas-menores\/#primaryimage","url":"https:\/\/www.diario21.tv\/noticias\/wp-content\/uploads\/2026\/04\/\u00a1Impactante-Policia-de-Benalmadena-enfrenta-24-anos-de-carcel-por.jpg","contentUrl":"https:\/\/www.diario21.tv\/noticias\/wp-content\/uploads\/2026\/04\/\u00a1Impactante-Policia-de-Benalmadena-enfrenta-24-anos-de-carcel-por.jpg","width":1200,"height":840,"caption":"Piden 24 a\u00f1os de c\u00e1rcel para un polic\u00eda de Benalm\u00e1dena por presuntos abusos a tres sobrinas menores"},{"@type":"BreadcrumbList","@id":"https:\/\/www.diario21.tv\/noticias\/impactante-policia-de-benalmadena-enfrenta-24-anos-de-carcel-por-abusar-de-tres-sobrinas-menores\/#breadcrumb","itemListElement":[{"@type":"ListItem","position":1,"name":"Accueil","item":"https:\/\/www.diario21.tv\/noticias\/"},{"@type":"ListItem","position":2,"name":"\u00a1Impactante! Polic\u00eda de Benalm\u00e1dena enfrenta 24 a\u00f1os de c\u00e1rcel por abusar de tres sobrinas menores"}]},{"@type":"WebSite","@id":"https:\/\/www.diario21.tv\/noticias\/#website","url":"https:\/\/www.diario21.tv\/noticias\/","name":"Diario 21","description":"","potentialAction":[{"@type":"SearchAction","target":{"@type":"EntryPoint","urlTemplate":"https:\/\/www.diario21.tv\/noticias\/?s={search_term_string}"},"query-input":{"@type":"PropertyValueSpecification","valueRequired":true,"valueName":"search_term_string"}}],"inLanguage":"es-AR"},{"@type":"Person","@id":"https:\/\/www.diario21.tv\/noticias\/#\/schema\/person\/dfb778f73814d8f09f302618446a526b","name":"Juan P\u00e9rez","image":{"@type":"ImageObject","inLanguage":"es-AR","@id":"https:\/\/www.diario21.tv\/noticias\/#\/schema\/person\/image\/","url":"https:\/\/secure.gravatar.com\/avatar\/c478a405bd10621167f4c3167cc770f5?s=96&d=mm&r=g","contentUrl":"https:\/\/secure.gravatar.com\/avatar\/c478a405bd10621167f4c3167cc770f5?s=96&d=mm&r=g","caption":"Juan P\u00e9rez"},"description":"Juan P\u00e9rez es el redactor en jefe de Diario 21. Con m\u00e1s de 10 a\u00f1os de experiencia en el periodismo, se especializa en pol\u00edtica nacional y an\u00e1lisis socioecon\u00f3mico. Su enfoque cr\u00edtico y riguroso aporta una perspectiva \u00fanica a cada art\u00edculo.","sameAs":["https:\/\/www.diario21.tv\/noticias\/"],"url":"https:\/\/www.diario21.tv\/noticias\/author\/juan-perez\/"}]}},"_links":{"self":[{"href":"https:\/\/www.diario21.tv\/noticias\/wp-json\/wp\/v2\/posts\/6831"}],"collection":[{"href":"https:\/\/www.diario21.tv\/noticias\/wp-json\/wp\/v2\/posts"}],"about":[{"href":"https:\/\/www.diario21.tv\/noticias\/wp-json\/wp\/v2\/types\/post"}],"author":[{"embeddable":true,"href":"https:\/\/www.diario21.tv\/noticias\/wp-json\/wp\/v2\/users\/20"}],"replies":[{"embeddable":true,"href":"https:\/\/www.diario21.tv\/noticias\/wp-json\/wp\/v2\/comments?post=6831"}],"version-history":[{"count":1,"href":"https:\/\/www.diario21.tv\/noticias\/wp-json\/wp\/v2\/posts\/6831\/revisions"}],"predecessor-version":[{"id":6833,"href":"https:\/\/www.diario21.tv\/noticias\/wp-json\/wp\/v2\/posts\/6831\/revisions\/6833"}],"wp:featuredmedia":[{"embeddable":true,"href":"https:\/\/www.diario21.tv\/noticias\/wp-json\/wp\/v2\/media\/6832"}],"wp:attachment":[{"href":"https:\/\/www.diario21.tv\/noticias\/wp-json\/wp\/v2\/media?parent=6831"}],"wp:term":[{"taxonomy":"category","embeddable":true,"href":"https:\/\/www.diario21.tv\/noticias\/wp-json\/wp\/v2\/categories?post=6831"},{"taxonomy":"post_tag","embeddable":true,"href":"https:\/\/www.diario21.tv\/noticias\/wp-json\/wp\/v2\/tags?post=6831"}],"curies":[{"name":"wp","href":"https:\/\/api.w.org\/{rel}","templated":true}]}}