{"id":6822,"date":"2026-04-09T04:16:08","date_gmt":"2026-04-09T04:16:08","guid":{"rendered":"https:\/\/www.diario21.tv\/noticias\/juan-carlos-i-ovacionado-en-la-maestranza-tras-secretos-del-23-f-revelados\/"},"modified":"2026-04-09T04:16:10","modified_gmt":"2026-04-09T04:16:10","slug":"juan-carlos-i-ovacionado-en-la-maestranza-tras-secretos-del-23-f-revelados","status":"publish","type":"post","link":"https:\/\/www.diario21.tv\/noticias\/juan-carlos-i-ovacionado-en-la-maestranza-tras-secretos-del-23-f-revelados\/","title":{"rendered":"Juan Carlos I ovacionado en La Maestranza tras secretos del 23-F revelados"},"content":{"rendered":"<h2>Juan Carlos I Recibe Ovaci\u00f3n en Su Regreso a La Maestranza Luego de Revelarse Informaci\u00f3n Sobre el 23-F<\/h2>\n<p>En un evento reciente que marc\u00f3 su reaparici\u00f3n p\u00fablica, el exmonarca espa\u00f1ol Juan Carlos I fue recibido con aplausos en la plaza de toros de La Maestranza de Sevilla. Este acontecimiento se produce tras la reciente desclasificaci\u00f3n de documentos relacionados con el intento de golpe de Estado del 23 de febrero de 1981, conocido como 23-F.<\/p>\n<p>Juan Carlos I, quien abdic\u00f3 en 2014, ha vivido fuera de Espa\u00f1a en los \u00faltimos a\u00f1os, espec\u00edficamente en Abu Dabi. Sin embargo, su retorno a Espa\u00f1a ha sido notable, especialmente en eventos significativos como este. La Maestranza, un lugar emblem\u00e1tico y de gran tradici\u00f3n en Sevilla, se convirti\u00f3 en el escenario perfecto para este significativo regreso.<\/p>\n<h3>La Importancia del 23-F en la Historia de Espa\u00f1a<\/h3>\n<p>El intento de golpe del 23-F sigue siendo un evento profundamente significativo en la historia reciente de Espa\u00f1a. La reciente desclasificaci\u00f3n de los documentos ha permitido a los ciudadanos y a los historiadores acceder a m\u00e1s informaci\u00f3n sobre los eventos de aquel d\u00eda, en el que se vieron involucradas figuras militares que intentaron derrocar al gobierno democr\u00e1tico.<\/p>\n<p>Juan Carlos I jug\u00f3 un papel crucial en la defensa de la democracia durante este per\u00edodo turbulento, algo que ha sido destacado en numerosas ocasiones. Su decisi\u00f3n de apoyar la constituci\u00f3n y las instituciones democr\u00e1ticas fue vital para desactivar el golpe, lo que eventualmente consolid\u00f3 su imagen como un defensor de la democracia ante los ojos del p\u00fablico y la historia.<\/p>\n<h3>Reacciones y Recepci\u00f3n en La Maestranza<\/h3>\n<p>El regreso de Juan Carlos I a La Maestranza fue emotivo. Al aparecer en p\u00fablico, fue recibido con una ovaci\u00f3n por parte de los asistentes, muchos de los cuales valoran su papel en la transici\u00f3n espa\u00f1ola y su actuaci\u00f3n durante el 23-F. Este evento no solo reafirma su conexi\u00f3n con el p\u00fablico, sino que tambi\u00e9n refleja las complejas emociones que muchos espa\u00f1oles sienten respecto a su figura.<\/p>\n<p>A pesar de las controversias que han rodeado a Juan Carlos I en a\u00f1os recientes, especialmente en relaci\u00f3n con cuestiones de corrupci\u00f3n y su vida privada, muchos ciudadanos todav\u00eda recuerdan y valoran su importancia hist\u00f3rica como el rey que gui\u00f3 a Espa\u00f1a durante la transici\u00f3n a la democracia y durante desaf\u00edos significativos como el 23-F.<\/p>\n<h3>El Futuro de Juan Carlos I<\/h3>\n<p>Con la desclasificaci\u00f3n de los documentos del 23-F y su reciente reaparici\u00f3n en eventos p\u00fablicos como este en Sevilla, se abre un nuevo cap\u00edtulo para Juan Carlos I. Aunque ya no est\u00e1 en el trono, su legado y c\u00f3mo ser\u00e1 recordado contin\u00faa evolucionando. Las opiniones est\u00e1n divididas: algunos lo ven como una figura clave en la historia de Espa\u00f1a, mientras que otros no pueden separar su imagen de las controversias que lo rodean.<\/p>\n<p>El tiempo dir\u00e1 c\u00f3mo se reconciliar\u00e1n estas perspectivas y cu\u00e1l ser\u00e1 el lugar definitivo de Juan Carlos I en la historia de Espa\u00f1a. Mientras tanto, su reaparici\u00f3n en La Maestranza es un recordatorio de su permanente presencia en el panorama p\u00fablico y cultural espa\u00f1ol.<\/p>\n\n\n<div class=\"kk-star-ratings kksr-auto kksr-align-left kksr-valign-bottom\"\n    data-payload='{&quot;align&quot;:&quot;left&quot;,&quot;id&quot;:&quot;6822&quot;,&quot;slug&quot;:&quot;default&quot;,&quot;valign&quot;:&quot;bottom&quot;,&quot;ignore&quot;:&quot;&quot;,&quot;reference&quot;:&quot;auto&quot;,&quot;class&quot;:&quot;&quot;,&quot;count&quot;:&quot;0&quot;,&quot;legendonly&quot;:&quot;&quot;,&quot;readonly&quot;:&quot;&quot;,&quot;score&quot;:&quot;0&quot;,&quot;starsonly&quot;:&quot;&quot;,&quot;best&quot;:&quot;5&quot;,&quot;gap&quot;:&quot;5&quot;,&quot;greet&quot;:&quot;Valora este post&quot;,&quot;legend&quot;:&quot;0\\\/5 - (0 votes)&quot;,&quot;size&quot;:&quot;22&quot;,&quot;title&quot;:&quot;Juan Carlos I ovacionado en La Maestranza tras secretos del 23-F revelados&quot;,&quot;width&quot;:&quot;0&quot;,&quot;_legend&quot;:&quot;{score}\\\/{best} - ({count} {votes})&quot;,&quot;font_factor&quot;:&quot;1.25&quot;}'>\n            \n<div class=\"kksr-stars\">\n    \n<div class=\"kksr-stars-inactive\">\n            <div class=\"kksr-star\" data-star=\"1\" style=\"padding-right: 5px\">\n            \n\n<div class=\"kksr-icon\" style=\"width: 22px; height: 22px;\"><\/div>\n        <\/div>\n            <div class=\"kksr-star\" data-star=\"2\" style=\"padding-right: 5px\">\n            \n\n<div class=\"kksr-icon\" style=\"width: 22px; height: 22px;\"><\/div>\n        <\/div>\n            <div class=\"kksr-star\" data-star=\"3\" style=\"padding-right: 5px\">\n            \n\n<div class=\"kksr-icon\" style=\"width: 22px; height: 22px;\"><\/div>\n        <\/div>\n            <div class=\"kksr-star\" data-star=\"4\" style=\"padding-right: 5px\">\n            \n\n<div class=\"kksr-icon\" style=\"width: 22px; height: 22px;\"><\/div>\n        <\/div>\n            <div class=\"kksr-star\" data-star=\"5\" style=\"padding-right: 5px\">\n            \n\n<div class=\"kksr-icon\" style=\"width: 22px; height: 22px;\"><\/div>\n        <\/div>\n    <\/div>\n    \n<div class=\"kksr-stars-active\" style=\"width: 0px;\">\n            <div class=\"kksr-star\" style=\"padding-right: 5px\">\n            \n\n<div class=\"kksr-icon\" style=\"width: 22px; height: 22px;\"><\/div>\n        <\/div>\n            <div class=\"kksr-star\" style=\"padding-right: 5px\">\n            \n\n<div class=\"kksr-icon\" style=\"width: 22px; height: 22px;\"><\/div>\n        <\/div>\n            <div class=\"kksr-star\" style=\"padding-right: 5px\">\n            \n\n<div class=\"kksr-icon\" style=\"width: 22px; height: 22px;\"><\/div>\n        <\/div>\n            <div class=\"kksr-star\" style=\"padding-right: 5px\">\n            \n\n<div class=\"kksr-icon\" style=\"width: 22px; height: 22px;\"><\/div>\n        <\/div>\n            <div class=\"kksr-star\" style=\"padding-right: 5px\">\n            \n\n<div class=\"kksr-icon\" style=\"width: 22px; height: 22px;\"><\/div>\n        <\/div>\n    <\/div>\n<\/div>\n                \n\n<div class=\"kksr-legend\" style=\"font-size: 17.6px;\">\n            <span class=\"kksr-muted\">Valora este post<\/span>\n    <\/div>\n    <\/div>\n","protected":false},"excerpt":{"rendered":"<p>Juan Carlos I Recibe Ovaci\u00f3n en Su Regreso a La Maestranza Luego de Revelarse Informaci\u00f3n Sobre el 23-F En un evento reciente que marc\u00f3 su reaparici\u00f3n &#8230; <a title=\"Juan Carlos I ovacionado en La Maestranza tras secretos del 23-F revelados\" class=\"read-more\" href=\"https:\/\/www.diario21.tv\/noticias\/juan-carlos-i-ovacionado-en-la-maestranza-tras-secretos-del-23-f-revelados\/\" aria-label=\"Leer m\u00e1s sobre Juan Carlos I ovacionado en La Maestranza tras secretos del 23-F revelados\">Seguir leyendo &rarr;<\/a><\/p>\n","protected":false},"author":20,"featured_media":6823,"comment_status":"open","ping_status":"open","sticky":false,"template":"","format":"standard","meta":{"footnotes":""},"categories":[13],"tags":[],"class_list":["post-6822","post","type-post","status-publish","format-standard","has-post-thumbnail","hentry","category-portada"],"yoast_head":"<!-- This site is optimized with the Yoast SEO plugin v25.6 - https:\/\/yoast.com\/wordpress\/plugins\/seo\/ -->\n<title>Juan Carlos I ovacionado en La Maestranza tras secretos del 23-F revelados - Diario 21<\/title>\n<meta name=\"robots\" content=\"index, follow, max-snippet:-1, max-image-preview:large, max-video-preview:-1\" \/>\n<link rel=\"canonical\" href=\"https:\/\/www.diario21.tv\/noticias\/juan-carlos-i-ovacionado-en-la-maestranza-tras-secretos-del-23-f-revelados\/\" \/>\n<meta property=\"og:locale\" content=\"es_ES\" \/>\n<meta property=\"og:type\" content=\"article\" \/>\n<meta property=\"og:title\" content=\"Juan Carlos I ovacionado en La Maestranza tras secretos del 23-F revelados - Diario 21\" \/>\n<meta property=\"og:description\" content=\"Juan Carlos I Recibe Ovaci\u00f3n en Su Regreso a La Maestranza Luego de Revelarse Informaci\u00f3n Sobre el 23-F En un evento reciente que marc\u00f3 su reaparici\u00f3n ... Seguir leyendo &rarr;\" \/>\n<meta property=\"og:url\" content=\"https:\/\/www.diario21.tv\/noticias\/juan-carlos-i-ovacionado-en-la-maestranza-tras-secretos-del-23-f-revelados\/\" \/>\n<meta property=\"og:site_name\" content=\"Diario 21\" \/>\n<meta property=\"article:published_time\" content=\"2026-04-09T04:16:08+00:00\" \/>\n<meta property=\"article:modified_time\" content=\"2026-04-09T04:16:10+00:00\" \/>\n<meta property=\"og:image\" content=\"https:\/\/www.diario21.tv\/noticias\/wp-content\/uploads\/2026\/04\/Juan-Carlos-I-ovacionado-en-La-Maestranza-tras-secretos-del.jpg\" \/>\n\t<meta property=\"og:image:width\" content=\"1200\" \/>\n\t<meta property=\"og:image:height\" content=\"840\" \/>\n\t<meta property=\"og:image:type\" content=\"image\/jpeg\" \/>\n<meta name=\"author\" content=\"Juan P\u00e9rez\" \/>\n<meta name=\"twitter:card\" content=\"summary_large_image\" \/>\n<meta name=\"twitter:label1\" content=\"Escrito por\" \/>\n\t<meta name=\"twitter:data1\" content=\"Juan P\u00e9rez\" \/>\n\t<meta name=\"twitter:label2\" content=\"Tiempo de lectura\" \/>\n\t<meta name=\"twitter:data2\" content=\"3 minutos\" \/>\n<script type=\"application\/ld+json\" class=\"yoast-schema-graph\">{\"@context\":\"https:\/\/schema.org\",\"@graph\":[{\"@type\":\"WebPage\",\"@id\":\"https:\/\/www.diario21.tv\/noticias\/juan-carlos-i-ovacionado-en-la-maestranza-tras-secretos-del-23-f-revelados\/\",\"url\":\"https:\/\/www.diario21.tv\/noticias\/juan-carlos-i-ovacionado-en-la-maestranza-tras-secretos-del-23-f-revelados\/\",\"name\":\"Juan Carlos I ovacionado en La Maestranza tras secretos del 23-F revelados - Diario 21\",\"isPartOf\":{\"@id\":\"https:\/\/www.diario21.tv\/noticias\/#website\"},\"primaryImageOfPage\":{\"@id\":\"https:\/\/www.diario21.tv\/noticias\/juan-carlos-i-ovacionado-en-la-maestranza-tras-secretos-del-23-f-revelados\/#primaryimage\"},\"image\":{\"@id\":\"https:\/\/www.diario21.tv\/noticias\/juan-carlos-i-ovacionado-en-la-maestranza-tras-secretos-del-23-f-revelados\/#primaryimage\"},\"thumbnailUrl\":\"https:\/\/www.diario21.tv\/noticias\/wp-content\/uploads\/2026\/04\/Juan-Carlos-I-ovacionado-en-La-Maestranza-tras-secretos-del.jpg\",\"datePublished\":\"2026-04-09T04:16:08+00:00\",\"dateModified\":\"2026-04-09T04:16:10+00:00\",\"author\":{\"@id\":\"https:\/\/www.diario21.tv\/noticias\/#\/schema\/person\/dfb778f73814d8f09f302618446a526b\"},\"breadcrumb\":{\"@id\":\"https:\/\/www.diario21.tv\/noticias\/juan-carlos-i-ovacionado-en-la-maestranza-tras-secretos-del-23-f-revelados\/#breadcrumb\"},\"inLanguage\":\"es-AR\",\"potentialAction\":[{\"@type\":\"ReadAction\",\"target\":[\"https:\/\/www.diario21.tv\/noticias\/juan-carlos-i-ovacionado-en-la-maestranza-tras-secretos-del-23-f-revelados\/\"]}]},{\"@type\":\"ImageObject\",\"inLanguage\":\"es-AR\",\"@id\":\"https:\/\/www.diario21.tv\/noticias\/juan-carlos-i-ovacionado-en-la-maestranza-tras-secretos-del-23-f-revelados\/#primaryimage\",\"url\":\"https:\/\/www.diario21.tv\/noticias\/wp-content\/uploads\/2026\/04\/Juan-Carlos-I-ovacionado-en-La-Maestranza-tras-secretos-del.jpg\",\"contentUrl\":\"https:\/\/www.diario21.tv\/noticias\/wp-content\/uploads\/2026\/04\/Juan-Carlos-I-ovacionado-en-La-Maestranza-tras-secretos-del.jpg\",\"width\":1200,\"height\":840,\"caption\":\"Juan Carlos I reaparece entre aplausos en La Maestranza tras la desclasificaci\u00f3n del 23-F\"},{\"@type\":\"BreadcrumbList\",\"@id\":\"https:\/\/www.diario21.tv\/noticias\/juan-carlos-i-ovacionado-en-la-maestranza-tras-secretos-del-23-f-revelados\/#breadcrumb\",\"itemListElement\":[{\"@type\":\"ListItem\",\"position\":1,\"name\":\"Accueil\",\"item\":\"https:\/\/www.diario21.tv\/noticias\/\"},{\"@type\":\"ListItem\",\"position\":2,\"name\":\"Juan Carlos I ovacionado en La Maestranza tras secretos del 23-F revelados\"}]},{\"@type\":\"WebSite\",\"@id\":\"https:\/\/www.diario21.tv\/noticias\/#website\",\"url\":\"https:\/\/www.diario21.tv\/noticias\/\",\"name\":\"Diario 21\",\"description\":\"\",\"potentialAction\":[{\"@type\":\"SearchAction\",\"target\":{\"@type\":\"EntryPoint\",\"urlTemplate\":\"https:\/\/www.diario21.tv\/noticias\/?s={search_term_string}\"},\"query-input\":{\"@type\":\"PropertyValueSpecification\",\"valueRequired\":true,\"valueName\":\"search_term_string\"}}],\"inLanguage\":\"es-AR\"},{\"@type\":\"Person\",\"@id\":\"https:\/\/www.diario21.tv\/noticias\/#\/schema\/person\/dfb778f73814d8f09f302618446a526b\",\"name\":\"Juan P\u00e9rez\",\"image\":{\"@type\":\"ImageObject\",\"inLanguage\":\"es-AR\",\"@id\":\"https:\/\/www.diario21.tv\/noticias\/#\/schema\/person\/image\/\",\"url\":\"https:\/\/secure.gravatar.com\/avatar\/c478a405bd10621167f4c3167cc770f5?s=96&d=mm&r=g\",\"contentUrl\":\"https:\/\/secure.gravatar.com\/avatar\/c478a405bd10621167f4c3167cc770f5?s=96&d=mm&r=g\",\"caption\":\"Juan P\u00e9rez\"},\"description\":\"Juan P\u00e9rez es el redactor en jefe de Diario 21. Con m\u00e1s de 10 a\u00f1os de experiencia en el periodismo, se especializa en pol\u00edtica nacional y an\u00e1lisis socioecon\u00f3mico. Su enfoque cr\u00edtico y riguroso aporta una perspectiva \u00fanica a cada art\u00edculo.\",\"sameAs\":[\"https:\/\/www.diario21.tv\/noticias\/\"],\"url\":\"https:\/\/www.diario21.tv\/noticias\/author\/juan-perez\/\"}]}<\/script>\n<!-- \/ Yoast SEO plugin. -->","yoast_head_json":{"title":"Juan Carlos I ovacionado en La Maestranza tras secretos del 23-F revelados - Diario 21","robots":{"index":"index","follow":"follow","max-snippet":"max-snippet:-1","max-image-preview":"max-image-preview:large","max-video-preview":"max-video-preview:-1"},"canonical":"https:\/\/www.diario21.tv\/noticias\/juan-carlos-i-ovacionado-en-la-maestranza-tras-secretos-del-23-f-revelados\/","og_locale":"es_ES","og_type":"article","og_title":"Juan Carlos I ovacionado en La Maestranza tras secretos del 23-F revelados - Diario 21","og_description":"Juan Carlos I Recibe Ovaci\u00f3n en Su Regreso a La Maestranza Luego de Revelarse Informaci\u00f3n Sobre el 23-F En un evento reciente que marc\u00f3 su reaparici\u00f3n ... Seguir leyendo &rarr;","og_url":"https:\/\/www.diario21.tv\/noticias\/juan-carlos-i-ovacionado-en-la-maestranza-tras-secretos-del-23-f-revelados\/","og_site_name":"Diario 21","article_published_time":"2026-04-09T04:16:08+00:00","article_modified_time":"2026-04-09T04:16:10+00:00","og_image":[{"width":1200,"height":840,"url":"https:\/\/www.diario21.tv\/noticias\/wp-content\/uploads\/2026\/04\/Juan-Carlos-I-ovacionado-en-La-Maestranza-tras-secretos-del.jpg","type":"image\/jpeg"}],"author":"Juan P\u00e9rez","twitter_card":"summary_large_image","twitter_misc":{"Escrito por":"Juan P\u00e9rez","Tiempo de lectura":"3 minutos"},"schema":{"@context":"https:\/\/schema.org","@graph":[{"@type":"WebPage","@id":"https:\/\/www.diario21.tv\/noticias\/juan-carlos-i-ovacionado-en-la-maestranza-tras-secretos-del-23-f-revelados\/","url":"https:\/\/www.diario21.tv\/noticias\/juan-carlos-i-ovacionado-en-la-maestranza-tras-secretos-del-23-f-revelados\/","name":"Juan Carlos I ovacionado en La Maestranza tras secretos del 23-F revelados - Diario 21","isPartOf":{"@id":"https:\/\/www.diario21.tv\/noticias\/#website"},"primaryImageOfPage":{"@id":"https:\/\/www.diario21.tv\/noticias\/juan-carlos-i-ovacionado-en-la-maestranza-tras-secretos-del-23-f-revelados\/#primaryimage"},"image":{"@id":"https:\/\/www.diario21.tv\/noticias\/juan-carlos-i-ovacionado-en-la-maestranza-tras-secretos-del-23-f-revelados\/#primaryimage"},"thumbnailUrl":"https:\/\/www.diario21.tv\/noticias\/wp-content\/uploads\/2026\/04\/Juan-Carlos-I-ovacionado-en-La-Maestranza-tras-secretos-del.jpg","datePublished":"2026-04-09T04:16:08+00:00","dateModified":"2026-04-09T04:16:10+00:00","author":{"@id":"https:\/\/www.diario21.tv\/noticias\/#\/schema\/person\/dfb778f73814d8f09f302618446a526b"},"breadcrumb":{"@id":"https:\/\/www.diario21.tv\/noticias\/juan-carlos-i-ovacionado-en-la-maestranza-tras-secretos-del-23-f-revelados\/#breadcrumb"},"inLanguage":"es-AR","potentialAction":[{"@type":"ReadAction","target":["https:\/\/www.diario21.tv\/noticias\/juan-carlos-i-ovacionado-en-la-maestranza-tras-secretos-del-23-f-revelados\/"]}]},{"@type":"ImageObject","inLanguage":"es-AR","@id":"https:\/\/www.diario21.tv\/noticias\/juan-carlos-i-ovacionado-en-la-maestranza-tras-secretos-del-23-f-revelados\/#primaryimage","url":"https:\/\/www.diario21.tv\/noticias\/wp-content\/uploads\/2026\/04\/Juan-Carlos-I-ovacionado-en-La-Maestranza-tras-secretos-del.jpg","contentUrl":"https:\/\/www.diario21.tv\/noticias\/wp-content\/uploads\/2026\/04\/Juan-Carlos-I-ovacionado-en-La-Maestranza-tras-secretos-del.jpg","width":1200,"height":840,"caption":"Juan Carlos I reaparece entre aplausos en La Maestranza tras la desclasificaci\u00f3n del 23-F"},{"@type":"BreadcrumbList","@id":"https:\/\/www.diario21.tv\/noticias\/juan-carlos-i-ovacionado-en-la-maestranza-tras-secretos-del-23-f-revelados\/#breadcrumb","itemListElement":[{"@type":"ListItem","position":1,"name":"Accueil","item":"https:\/\/www.diario21.tv\/noticias\/"},{"@type":"ListItem","position":2,"name":"Juan Carlos I ovacionado en La Maestranza tras secretos del 23-F revelados"}]},{"@type":"WebSite","@id":"https:\/\/www.diario21.tv\/noticias\/#website","url":"https:\/\/www.diario21.tv\/noticias\/","name":"Diario 21","description":"","potentialAction":[{"@type":"SearchAction","target":{"@type":"EntryPoint","urlTemplate":"https:\/\/www.diario21.tv\/noticias\/?s={search_term_string}"},"query-input":{"@type":"PropertyValueSpecification","valueRequired":true,"valueName":"search_term_string"}}],"inLanguage":"es-AR"},{"@type":"Person","@id":"https:\/\/www.diario21.tv\/noticias\/#\/schema\/person\/dfb778f73814d8f09f302618446a526b","name":"Juan P\u00e9rez","image":{"@type":"ImageObject","inLanguage":"es-AR","@id":"https:\/\/www.diario21.tv\/noticias\/#\/schema\/person\/image\/","url":"https:\/\/secure.gravatar.com\/avatar\/c478a405bd10621167f4c3167cc770f5?s=96&d=mm&r=g","contentUrl":"https:\/\/secure.gravatar.com\/avatar\/c478a405bd10621167f4c3167cc770f5?s=96&d=mm&r=g","caption":"Juan P\u00e9rez"},"description":"Juan P\u00e9rez es el redactor en jefe de Diario 21. Con m\u00e1s de 10 a\u00f1os de experiencia en el periodismo, se especializa en pol\u00edtica nacional y an\u00e1lisis socioecon\u00f3mico. Su enfoque cr\u00edtico y riguroso aporta una perspectiva \u00fanica a cada art\u00edculo.","sameAs":["https:\/\/www.diario21.tv\/noticias\/"],"url":"https:\/\/www.diario21.tv\/noticias\/author\/juan-perez\/"}]}},"_links":{"self":[{"href":"https:\/\/www.diario21.tv\/noticias\/wp-json\/wp\/v2\/posts\/6822"}],"collection":[{"href":"https:\/\/www.diario21.tv\/noticias\/wp-json\/wp\/v2\/posts"}],"about":[{"href":"https:\/\/www.diario21.tv\/noticias\/wp-json\/wp\/v2\/types\/post"}],"author":[{"embeddable":true,"href":"https:\/\/www.diario21.tv\/noticias\/wp-json\/wp\/v2\/users\/20"}],"replies":[{"embeddable":true,"href":"https:\/\/www.diario21.tv\/noticias\/wp-json\/wp\/v2\/comments?post=6822"}],"version-history":[{"count":1,"href":"https:\/\/www.diario21.tv\/noticias\/wp-json\/wp\/v2\/posts\/6822\/revisions"}],"predecessor-version":[{"id":6824,"href":"https:\/\/www.diario21.tv\/noticias\/wp-json\/wp\/v2\/posts\/6822\/revisions\/6824"}],"wp:featuredmedia":[{"embeddable":true,"href":"https:\/\/www.diario21.tv\/noticias\/wp-json\/wp\/v2\/media\/6823"}],"wp:attachment":[{"href":"https:\/\/www.diario21.tv\/noticias\/wp-json\/wp\/v2\/media?parent=6822"}],"wp:term":[{"taxonomy":"category","embeddable":true,"href":"https:\/\/www.diario21.tv\/noticias\/wp-json\/wp\/v2\/categories?post=6822"},{"taxonomy":"post_tag","embeddable":true,"href":"https:\/\/www.diario21.tv\/noticias\/wp-json\/wp\/v2\/tags?post=6822"}],"curies":[{"name":"wp","href":"https:\/\/api.w.org\/{rel}","templated":true}]}}