{"id":6819,"date":"2026-04-08T22:15:06","date_gmt":"2026-04-08T22:15:06","guid":{"rendered":"https:\/\/www.diario21.tv\/noticias\/tragedia-en-cuenca-muerte-de-un-trabajador-tras-ingerir-lubricante-industrial\/"},"modified":"2026-04-08T22:15:08","modified_gmt":"2026-04-08T22:15:08","slug":"tragedia-en-cuenca-muerte-de-un-trabajador-tras-ingerir-lubricante-industrial","status":"publish","type":"post","link":"https:\/\/www.diario21.tv\/noticias\/tragedia-en-cuenca-muerte-de-un-trabajador-tras-ingerir-lubricante-industrial\/","title":{"rendered":"Tragedia en Cuenca: Muerte de un trabajador tras ingerir lubricante industrial"},"content":{"rendered":"<h2> Fallecimiento de un Empleado en una Compa\u00f1\u00eda de Cuenca Tras Consumir Lubricante Industrial <\/h2>\n<p>En un lamentable incidente en una f\u00e1brica situada en Cuenca, un trabajador ha perdido la vida despu\u00e9s de ingerir lubricante industrial. Este tr\u00e1gico suceso ha conmocionado a la comunidad local y ha puesto de relieve las cuestiones de seguridad en el entorno laboral.<\/p>\n<h3> Detalles del Incidente <\/h3>\n<p>El evento ocurri\u00f3 el pasado mi\u00e9rcoles en las instalaciones de una conocida empresa cuencana, cuyo nombre no ha sido divulgado por respeto a la investigaci\u00f3n en curso y a las partes involucradas. Seg\u00fan los informes preliminares, el empleado, cuya identidad tampoco ha sido revelada, consumi\u00f3 accidentalmente una sustancia lubricante que es com\u00fanmente utilizada en la maquinaria industrial de la planta.<\/p>\n<p>Los compa\u00f1eros de trabajo del fallecido notaron que algo andaba mal cuando vieron que el hombre mostraba claros signos de malestar f\u00edsico poco despu\u00e9s de la ingesti\u00f3n del producto qu\u00edmico. Inmediatamente fue solicitada la asistencia m\u00e9dica y el trabajador fue trasladado de urgencia al hospital m\u00e1s cercano. Desafortunadamente, pese a los esfuerzos de los m\u00e9dicos, el trabajador falleci\u00f3 debido a las complicaciones derivadas de la ingesti\u00f3n del lubricante.<\/p>\n<h3> Respuesta de la Empresa y Medidas de Seguridad <\/h3>\n<p>La empresa ha emitido un comunicado expresando su profundo pesar por el incidente y ha asegurado que est\u00e1 colaborando plenamente con las autoridades para esclarecer las circunstancias exactas de la muerte. Adem\u00e1s, han reiterado su compromiso con la seguridad de todos sus empleados y han anunciado que revisar\u00e1n sus protocolos de seguridad para fortalecer las medidas preventivas y asegurarse de que un incidente similar no se repita en el futuro.<\/p>\n<h3> Investigaci\u00f3n en Curso <\/h3>\n<p>Las autoridades competentes han iniciado una investigaci\u00f3n para determinar la cadena de eventos que llev\u00f3 a la tragedia. Esto incluir\u00e1 una revisi\u00f3n exhaustiva de las pr\u00e1cticas de seguridad de la empresa, la capacitaci\u00f3n de los empleados respecto al manejo de sustancias peligrosas y la posible existencia de fallas en los procedimientos establecidos que podr\u00edan haber contribuido al incidente.<\/p>\n<p>Este suceso ha generado una conversaci\u00f3n amplia sobre la importancia de la seguridad industrial y el manejo adecuado de sustancias qu\u00edmicas en el lugar de trabajo. La comunidad espera que este tr\u00e1gico evento sirva de llamado de atenci\u00f3n para otras empresas del sector, reforzando la necesidad de adherirse estrictamente a las normativas de seguridad laboral para proteger a los trabajadores.<\/p>\n\n\n<div class=\"kk-star-ratings kksr-auto kksr-align-left kksr-valign-bottom\"\n    data-payload='{&quot;align&quot;:&quot;left&quot;,&quot;id&quot;:&quot;6819&quot;,&quot;slug&quot;:&quot;default&quot;,&quot;valign&quot;:&quot;bottom&quot;,&quot;ignore&quot;:&quot;&quot;,&quot;reference&quot;:&quot;auto&quot;,&quot;class&quot;:&quot;&quot;,&quot;count&quot;:&quot;0&quot;,&quot;legendonly&quot;:&quot;&quot;,&quot;readonly&quot;:&quot;&quot;,&quot;score&quot;:&quot;0&quot;,&quot;starsonly&quot;:&quot;&quot;,&quot;best&quot;:&quot;5&quot;,&quot;gap&quot;:&quot;5&quot;,&quot;greet&quot;:&quot;Valora este post&quot;,&quot;legend&quot;:&quot;0\\\/5 - (0 votes)&quot;,&quot;size&quot;:&quot;22&quot;,&quot;title&quot;:&quot;Tragedia en Cuenca: Muerte de un trabajador tras ingerir lubricante industrial&quot;,&quot;width&quot;:&quot;0&quot;,&quot;_legend&quot;:&quot;{score}\\\/{best} - ({count} {votes})&quot;,&quot;font_factor&quot;:&quot;1.25&quot;}'>\n            \n<div class=\"kksr-stars\">\n    \n<div class=\"kksr-stars-inactive\">\n            <div class=\"kksr-star\" data-star=\"1\" style=\"padding-right: 5px\">\n            \n\n<div class=\"kksr-icon\" style=\"width: 22px; height: 22px;\"><\/div>\n        <\/div>\n            <div class=\"kksr-star\" data-star=\"2\" style=\"padding-right: 5px\">\n            \n\n<div class=\"kksr-icon\" style=\"width: 22px; height: 22px;\"><\/div>\n        <\/div>\n            <div class=\"kksr-star\" data-star=\"3\" style=\"padding-right: 5px\">\n            \n\n<div class=\"kksr-icon\" style=\"width: 22px; height: 22px;\"><\/div>\n        <\/div>\n            <div class=\"kksr-star\" data-star=\"4\" style=\"padding-right: 5px\">\n            \n\n<div class=\"kksr-icon\" style=\"width: 22px; height: 22px;\"><\/div>\n        <\/div>\n            <div class=\"kksr-star\" data-star=\"5\" style=\"padding-right: 5px\">\n            \n\n<div class=\"kksr-icon\" style=\"width: 22px; height: 22px;\"><\/div>\n        <\/div>\n    <\/div>\n    \n<div class=\"kksr-stars-active\" style=\"width: 0px;\">\n            <div class=\"kksr-star\" style=\"padding-right: 5px\">\n            \n\n<div class=\"kksr-icon\" style=\"width: 22px; height: 22px;\"><\/div>\n        <\/div>\n            <div class=\"kksr-star\" style=\"padding-right: 5px\">\n            \n\n<div class=\"kksr-icon\" style=\"width: 22px; height: 22px;\"><\/div>\n        <\/div>\n            <div class=\"kksr-star\" style=\"padding-right: 5px\">\n            \n\n<div class=\"kksr-icon\" style=\"width: 22px; height: 22px;\"><\/div>\n        <\/div>\n            <div class=\"kksr-star\" style=\"padding-right: 5px\">\n            \n\n<div class=\"kksr-icon\" style=\"width: 22px; height: 22px;\"><\/div>\n        <\/div>\n            <div class=\"kksr-star\" style=\"padding-right: 5px\">\n            \n\n<div class=\"kksr-icon\" style=\"width: 22px; height: 22px;\"><\/div>\n        <\/div>\n    <\/div>\n<\/div>\n                \n\n<div class=\"kksr-legend\" style=\"font-size: 17.6px;\">\n            <span class=\"kksr-muted\">Valora este post<\/span>\n    <\/div>\n    <\/div>\n","protected":false},"excerpt":{"rendered":"<p>Fallecimiento de un Empleado en una Compa\u00f1\u00eda de Cuenca Tras Consumir Lubricante Industrial En un lamentable incidente en una f\u00e1brica situada en Cuenca, un trabajador ha &#8230; <a title=\"Tragedia en Cuenca: Muerte de un trabajador tras ingerir lubricante industrial\" class=\"read-more\" href=\"https:\/\/www.diario21.tv\/noticias\/tragedia-en-cuenca-muerte-de-un-trabajador-tras-ingerir-lubricante-industrial\/\" aria-label=\"Leer m\u00e1s sobre Tragedia en Cuenca: Muerte de un trabajador tras ingerir lubricante industrial\">Seguir leyendo &rarr;<\/a><\/p>\n","protected":false},"author":20,"featured_media":6820,"comment_status":"open","ping_status":"open","sticky":false,"template":"","format":"standard","meta":{"footnotes":""},"categories":[13],"tags":[],"class_list":["post-6819","post","type-post","status-publish","format-standard","has-post-thumbnail","hentry","category-portada"],"yoast_head":"<!-- This site is optimized with the Yoast SEO plugin v25.6 - https:\/\/yoast.com\/wordpress\/plugins\/seo\/ -->\n<title>Tragedia en Cuenca: Muerte de un trabajador tras ingerir lubricante industrial - Diario 21<\/title>\n<meta name=\"robots\" content=\"index, follow, max-snippet:-1, max-image-preview:large, max-video-preview:-1\" \/>\n<link rel=\"canonical\" href=\"https:\/\/www.diario21.tv\/noticias\/tragedia-en-cuenca-muerte-de-un-trabajador-tras-ingerir-lubricante-industrial\/\" \/>\n<meta property=\"og:locale\" content=\"es_ES\" \/>\n<meta property=\"og:type\" content=\"article\" \/>\n<meta property=\"og:title\" content=\"Tragedia en Cuenca: Muerte de un trabajador tras ingerir lubricante industrial - Diario 21\" \/>\n<meta property=\"og:description\" content=\"Fallecimiento de un Empleado en una Compa\u00f1\u00eda de Cuenca Tras Consumir Lubricante Industrial En un lamentable incidente en una f\u00e1brica situada en Cuenca, un trabajador ha ... Seguir leyendo &rarr;\" \/>\n<meta property=\"og:url\" content=\"https:\/\/www.diario21.tv\/noticias\/tragedia-en-cuenca-muerte-de-un-trabajador-tras-ingerir-lubricante-industrial\/\" \/>\n<meta property=\"og:site_name\" content=\"Diario 21\" \/>\n<meta property=\"article:published_time\" content=\"2026-04-08T22:15:06+00:00\" \/>\n<meta property=\"article:modified_time\" content=\"2026-04-08T22:15:08+00:00\" \/>\n<meta property=\"og:image\" content=\"https:\/\/www.diario21.tv\/noticias\/wp-content\/uploads\/2026\/04\/Tragedia-en-Cuenca-Muerte-de-un-trabajador-tras-ingerir-lubricante.jpg\" \/>\n\t<meta property=\"og:image:width\" content=\"1920\" \/>\n\t<meta property=\"og:image:height\" content=\"1224\" \/>\n\t<meta property=\"og:image:type\" content=\"image\/jpeg\" \/>\n<meta name=\"author\" content=\"Juan P\u00e9rez\" \/>\n<meta name=\"twitter:card\" content=\"summary_large_image\" \/>\n<meta name=\"twitter:label1\" content=\"Escrito por\" \/>\n\t<meta name=\"twitter:data1\" content=\"Juan P\u00e9rez\" \/>\n\t<meta name=\"twitter:label2\" content=\"Tiempo de lectura\" \/>\n\t<meta name=\"twitter:data2\" content=\"2 minutos\" \/>\n<script type=\"application\/ld+json\" class=\"yoast-schema-graph\">{\"@context\":\"https:\/\/schema.org\",\"@graph\":[{\"@type\":\"WebPage\",\"@id\":\"https:\/\/www.diario21.tv\/noticias\/tragedia-en-cuenca-muerte-de-un-trabajador-tras-ingerir-lubricante-industrial\/\",\"url\":\"https:\/\/www.diario21.tv\/noticias\/tragedia-en-cuenca-muerte-de-un-trabajador-tras-ingerir-lubricante-industrial\/\",\"name\":\"Tragedia en Cuenca: Muerte de un trabajador tras ingerir lubricante industrial - Diario 21\",\"isPartOf\":{\"@id\":\"https:\/\/www.diario21.tv\/noticias\/#website\"},\"primaryImageOfPage\":{\"@id\":\"https:\/\/www.diario21.tv\/noticias\/tragedia-en-cuenca-muerte-de-un-trabajador-tras-ingerir-lubricante-industrial\/#primaryimage\"},\"image\":{\"@id\":\"https:\/\/www.diario21.tv\/noticias\/tragedia-en-cuenca-muerte-de-un-trabajador-tras-ingerir-lubricante-industrial\/#primaryimage\"},\"thumbnailUrl\":\"https:\/\/www.diario21.tv\/noticias\/wp-content\/uploads\/2026\/04\/Tragedia-en-Cuenca-Muerte-de-un-trabajador-tras-ingerir-lubricante.jpg\",\"datePublished\":\"2026-04-08T22:15:06+00:00\",\"dateModified\":\"2026-04-08T22:15:08+00:00\",\"author\":{\"@id\":\"https:\/\/www.diario21.tv\/noticias\/#\/schema\/person\/dfb778f73814d8f09f302618446a526b\"},\"breadcrumb\":{\"@id\":\"https:\/\/www.diario21.tv\/noticias\/tragedia-en-cuenca-muerte-de-un-trabajador-tras-ingerir-lubricante-industrial\/#breadcrumb\"},\"inLanguage\":\"es-AR\",\"potentialAction\":[{\"@type\":\"ReadAction\",\"target\":[\"https:\/\/www.diario21.tv\/noticias\/tragedia-en-cuenca-muerte-de-un-trabajador-tras-ingerir-lubricante-industrial\/\"]}]},{\"@type\":\"ImageObject\",\"inLanguage\":\"es-AR\",\"@id\":\"https:\/\/www.diario21.tv\/noticias\/tragedia-en-cuenca-muerte-de-un-trabajador-tras-ingerir-lubricante-industrial\/#primaryimage\",\"url\":\"https:\/\/www.diario21.tv\/noticias\/wp-content\/uploads\/2026\/04\/Tragedia-en-Cuenca-Muerte-de-un-trabajador-tras-ingerir-lubricante.jpg\",\"contentUrl\":\"https:\/\/www.diario21.tv\/noticias\/wp-content\/uploads\/2026\/04\/Tragedia-en-Cuenca-Muerte-de-un-trabajador-tras-ingerir-lubricante.jpg\",\"width\":1920,\"height\":1224,\"caption\":\"Un trabajador muere en una empresa de Cuenca al ingerir lubricante industrial\"},{\"@type\":\"BreadcrumbList\",\"@id\":\"https:\/\/www.diario21.tv\/noticias\/tragedia-en-cuenca-muerte-de-un-trabajador-tras-ingerir-lubricante-industrial\/#breadcrumb\",\"itemListElement\":[{\"@type\":\"ListItem\",\"position\":1,\"name\":\"Accueil\",\"item\":\"https:\/\/www.diario21.tv\/noticias\/\"},{\"@type\":\"ListItem\",\"position\":2,\"name\":\"Tragedia en Cuenca: Muerte de un trabajador tras ingerir lubricante industrial\"}]},{\"@type\":\"WebSite\",\"@id\":\"https:\/\/www.diario21.tv\/noticias\/#website\",\"url\":\"https:\/\/www.diario21.tv\/noticias\/\",\"name\":\"Diario 21\",\"description\":\"\",\"potentialAction\":[{\"@type\":\"SearchAction\",\"target\":{\"@type\":\"EntryPoint\",\"urlTemplate\":\"https:\/\/www.diario21.tv\/noticias\/?s={search_term_string}\"},\"query-input\":{\"@type\":\"PropertyValueSpecification\",\"valueRequired\":true,\"valueName\":\"search_term_string\"}}],\"inLanguage\":\"es-AR\"},{\"@type\":\"Person\",\"@id\":\"https:\/\/www.diario21.tv\/noticias\/#\/schema\/person\/dfb778f73814d8f09f302618446a526b\",\"name\":\"Juan P\u00e9rez\",\"image\":{\"@type\":\"ImageObject\",\"inLanguage\":\"es-AR\",\"@id\":\"https:\/\/www.diario21.tv\/noticias\/#\/schema\/person\/image\/\",\"url\":\"https:\/\/secure.gravatar.com\/avatar\/c478a405bd10621167f4c3167cc770f5?s=96&d=mm&r=g\",\"contentUrl\":\"https:\/\/secure.gravatar.com\/avatar\/c478a405bd10621167f4c3167cc770f5?s=96&d=mm&r=g\",\"caption\":\"Juan P\u00e9rez\"},\"description\":\"Juan P\u00e9rez es el redactor en jefe de Diario 21. Con m\u00e1s de 10 a\u00f1os de experiencia en el periodismo, se especializa en pol\u00edtica nacional y an\u00e1lisis socioecon\u00f3mico. Su enfoque cr\u00edtico y riguroso aporta una perspectiva \u00fanica a cada art\u00edculo.\",\"sameAs\":[\"https:\/\/www.diario21.tv\/noticias\/\"],\"url\":\"https:\/\/www.diario21.tv\/noticias\/author\/juan-perez\/\"}]}<\/script>\n<!-- \/ Yoast SEO plugin. -->","yoast_head_json":{"title":"Tragedia en Cuenca: Muerte de un trabajador tras ingerir lubricante industrial - Diario 21","robots":{"index":"index","follow":"follow","max-snippet":"max-snippet:-1","max-image-preview":"max-image-preview:large","max-video-preview":"max-video-preview:-1"},"canonical":"https:\/\/www.diario21.tv\/noticias\/tragedia-en-cuenca-muerte-de-un-trabajador-tras-ingerir-lubricante-industrial\/","og_locale":"es_ES","og_type":"article","og_title":"Tragedia en Cuenca: Muerte de un trabajador tras ingerir lubricante industrial - Diario 21","og_description":"Fallecimiento de un Empleado en una Compa\u00f1\u00eda de Cuenca Tras Consumir Lubricante Industrial En un lamentable incidente en una f\u00e1brica situada en Cuenca, un trabajador ha ... Seguir leyendo &rarr;","og_url":"https:\/\/www.diario21.tv\/noticias\/tragedia-en-cuenca-muerte-de-un-trabajador-tras-ingerir-lubricante-industrial\/","og_site_name":"Diario 21","article_published_time":"2026-04-08T22:15:06+00:00","article_modified_time":"2026-04-08T22:15:08+00:00","og_image":[{"width":1920,"height":1224,"url":"https:\/\/www.diario21.tv\/noticias\/wp-content\/uploads\/2026\/04\/Tragedia-en-Cuenca-Muerte-de-un-trabajador-tras-ingerir-lubricante.jpg","type":"image\/jpeg"}],"author":"Juan P\u00e9rez","twitter_card":"summary_large_image","twitter_misc":{"Escrito por":"Juan P\u00e9rez","Tiempo de lectura":"2 minutos"},"schema":{"@context":"https:\/\/schema.org","@graph":[{"@type":"WebPage","@id":"https:\/\/www.diario21.tv\/noticias\/tragedia-en-cuenca-muerte-de-un-trabajador-tras-ingerir-lubricante-industrial\/","url":"https:\/\/www.diario21.tv\/noticias\/tragedia-en-cuenca-muerte-de-un-trabajador-tras-ingerir-lubricante-industrial\/","name":"Tragedia en Cuenca: Muerte de un trabajador tras ingerir lubricante industrial - Diario 21","isPartOf":{"@id":"https:\/\/www.diario21.tv\/noticias\/#website"},"primaryImageOfPage":{"@id":"https:\/\/www.diario21.tv\/noticias\/tragedia-en-cuenca-muerte-de-un-trabajador-tras-ingerir-lubricante-industrial\/#primaryimage"},"image":{"@id":"https:\/\/www.diario21.tv\/noticias\/tragedia-en-cuenca-muerte-de-un-trabajador-tras-ingerir-lubricante-industrial\/#primaryimage"},"thumbnailUrl":"https:\/\/www.diario21.tv\/noticias\/wp-content\/uploads\/2026\/04\/Tragedia-en-Cuenca-Muerte-de-un-trabajador-tras-ingerir-lubricante.jpg","datePublished":"2026-04-08T22:15:06+00:00","dateModified":"2026-04-08T22:15:08+00:00","author":{"@id":"https:\/\/www.diario21.tv\/noticias\/#\/schema\/person\/dfb778f73814d8f09f302618446a526b"},"breadcrumb":{"@id":"https:\/\/www.diario21.tv\/noticias\/tragedia-en-cuenca-muerte-de-un-trabajador-tras-ingerir-lubricante-industrial\/#breadcrumb"},"inLanguage":"es-AR","potentialAction":[{"@type":"ReadAction","target":["https:\/\/www.diario21.tv\/noticias\/tragedia-en-cuenca-muerte-de-un-trabajador-tras-ingerir-lubricante-industrial\/"]}]},{"@type":"ImageObject","inLanguage":"es-AR","@id":"https:\/\/www.diario21.tv\/noticias\/tragedia-en-cuenca-muerte-de-un-trabajador-tras-ingerir-lubricante-industrial\/#primaryimage","url":"https:\/\/www.diario21.tv\/noticias\/wp-content\/uploads\/2026\/04\/Tragedia-en-Cuenca-Muerte-de-un-trabajador-tras-ingerir-lubricante.jpg","contentUrl":"https:\/\/www.diario21.tv\/noticias\/wp-content\/uploads\/2026\/04\/Tragedia-en-Cuenca-Muerte-de-un-trabajador-tras-ingerir-lubricante.jpg","width":1920,"height":1224,"caption":"Un trabajador muere en una empresa de Cuenca al ingerir lubricante industrial"},{"@type":"BreadcrumbList","@id":"https:\/\/www.diario21.tv\/noticias\/tragedia-en-cuenca-muerte-de-un-trabajador-tras-ingerir-lubricante-industrial\/#breadcrumb","itemListElement":[{"@type":"ListItem","position":1,"name":"Accueil","item":"https:\/\/www.diario21.tv\/noticias\/"},{"@type":"ListItem","position":2,"name":"Tragedia en Cuenca: Muerte de un trabajador tras ingerir lubricante industrial"}]},{"@type":"WebSite","@id":"https:\/\/www.diario21.tv\/noticias\/#website","url":"https:\/\/www.diario21.tv\/noticias\/","name":"Diario 21","description":"","potentialAction":[{"@type":"SearchAction","target":{"@type":"EntryPoint","urlTemplate":"https:\/\/www.diario21.tv\/noticias\/?s={search_term_string}"},"query-input":{"@type":"PropertyValueSpecification","valueRequired":true,"valueName":"search_term_string"}}],"inLanguage":"es-AR"},{"@type":"Person","@id":"https:\/\/www.diario21.tv\/noticias\/#\/schema\/person\/dfb778f73814d8f09f302618446a526b","name":"Juan P\u00e9rez","image":{"@type":"ImageObject","inLanguage":"es-AR","@id":"https:\/\/www.diario21.tv\/noticias\/#\/schema\/person\/image\/","url":"https:\/\/secure.gravatar.com\/avatar\/c478a405bd10621167f4c3167cc770f5?s=96&d=mm&r=g","contentUrl":"https:\/\/secure.gravatar.com\/avatar\/c478a405bd10621167f4c3167cc770f5?s=96&d=mm&r=g","caption":"Juan P\u00e9rez"},"description":"Juan P\u00e9rez es el redactor en jefe de Diario 21. Con m\u00e1s de 10 a\u00f1os de experiencia en el periodismo, se especializa en pol\u00edtica nacional y an\u00e1lisis socioecon\u00f3mico. Su enfoque cr\u00edtico y riguroso aporta una perspectiva \u00fanica a cada art\u00edculo.","sameAs":["https:\/\/www.diario21.tv\/noticias\/"],"url":"https:\/\/www.diario21.tv\/noticias\/author\/juan-perez\/"}]}},"_links":{"self":[{"href":"https:\/\/www.diario21.tv\/noticias\/wp-json\/wp\/v2\/posts\/6819"}],"collection":[{"href":"https:\/\/www.diario21.tv\/noticias\/wp-json\/wp\/v2\/posts"}],"about":[{"href":"https:\/\/www.diario21.tv\/noticias\/wp-json\/wp\/v2\/types\/post"}],"author":[{"embeddable":true,"href":"https:\/\/www.diario21.tv\/noticias\/wp-json\/wp\/v2\/users\/20"}],"replies":[{"embeddable":true,"href":"https:\/\/www.diario21.tv\/noticias\/wp-json\/wp\/v2\/comments?post=6819"}],"version-history":[{"count":1,"href":"https:\/\/www.diario21.tv\/noticias\/wp-json\/wp\/v2\/posts\/6819\/revisions"}],"predecessor-version":[{"id":6821,"href":"https:\/\/www.diario21.tv\/noticias\/wp-json\/wp\/v2\/posts\/6819\/revisions\/6821"}],"wp:featuredmedia":[{"embeddable":true,"href":"https:\/\/www.diario21.tv\/noticias\/wp-json\/wp\/v2\/media\/6820"}],"wp:attachment":[{"href":"https:\/\/www.diario21.tv\/noticias\/wp-json\/wp\/v2\/media?parent=6819"}],"wp:term":[{"taxonomy":"category","embeddable":true,"href":"https:\/\/www.diario21.tv\/noticias\/wp-json\/wp\/v2\/categories?post=6819"},{"taxonomy":"post_tag","embeddable":true,"href":"https:\/\/www.diario21.tv\/noticias\/wp-json\/wp\/v2\/tags?post=6819"}],"curies":[{"name":"wp","href":"https:\/\/api.w.org\/{rel}","templated":true}]}}