{"id":6816,"date":"2026-04-08T16:14:26","date_gmt":"2026-04-08T16:14:26","guid":{"rendered":"https:\/\/www.diario21.tv\/noticias\/escandalo-en-bilbao-5-funcionarios-municipales-imputados-tras-denuncia-de-ruido-por-un-vecino\/"},"modified":"2026-04-08T16:14:27","modified_gmt":"2026-04-08T16:14:27","slug":"escandalo-en-bilbao-5-funcionarios-municipales-imputados-tras-denuncia-de-ruido-por-un-vecino","status":"publish","type":"post","link":"https:\/\/www.diario21.tv\/noticias\/escandalo-en-bilbao-5-funcionarios-municipales-imputados-tras-denuncia-de-ruido-por-un-vecino\/","title":{"rendered":"\u00a1Esc\u00e1ndalo en Bilbao! 5 funcionarios municipales imputados tras denuncia de ruido por un vecino."},"content":{"rendered":"<h2>Denuncia por Contaminaci\u00f3n Ac\u00fastica Lleva a la Imputaci\u00f3n de Cinco Funcionarios en Bilbao<\/h2>\n<p>En un reciente giro de eventos en Bilbao, cinco funcionarios municipales han sido imputados tras una denuncia interpuesta por un residente local que se quejaba de niveles excesivos de ruido. Este caso ha arrojado luz sobre las preocupaciones ambientales y de salud p\u00fablica relacionadas con la contaminaci\u00f3n sonora en \u00e1reas urbanas.<\/p>\n<h3>Origen de la Denuncia<\/h3>\n<p>El caso comenz\u00f3 cuando un vecino de Bilbao, afectado por el constante ruido en su entorno, decidi\u00f3 tomar medidas legales contra el ayuntamiento. Seg\u00fan el denunciante, el ruido exced\u00eda los l\u00edmites permitidos y afectaba su calidad de vida de manera significativa. Este hecho motiv\u00f3 a que se llevase a cabo una investigaci\u00f3n m\u00e1s profunda por parte de las autoridades competentes.<\/p>\n<h3>Investigaci\u00f3n y Resultados<\/h3>\n<p>La investigaci\u00f3n fue conducida por expertos en ac\u00fastica y medio ambiente, quienes realizaron mediciones y estudios en la zona se\u00f1alada por el denunciante. Los resultados confirmaron que los niveles de ruido superaban lo establecido por la normativa local e incluso por las recomendaciones de la Organizaci\u00f3n Mundial de la Salud sobre niveles de ruido aceptables.<\/p>\n<p>A ra\u00edz de estos hallazgos, se procedi\u00f3 a imputar a cinco funcionarios del ayuntamiento de Bilbao. Estos cargos est\u00e1n relacionados directamente con la regulaci\u00f3n y control del ruido en la ciudad, y por lo tanto, se les considera responsables de la falta de medidas efectivas para combatir la contaminaci\u00f3n ac\u00fastica.<\/p>\n<h3>Implicaciones Legales y Futuras<\/h3>\n<p>La imputaci\u00f3n de estos funcionarios municipales no solo subraya la seriedad con la que se est\u00e1 tratando el tema del ruido en Bilbao, sino que tambi\u00e9n establece un precedente importante en cuanto a la responsabilidad de los gobiernos locales en el manejo de la contaminaci\u00f3n ambiental. Este caso podr\u00eda influir en c\u00f3mo otras ciudades abordan problemas similares de ruido y en las pol\u00edticas que implementan para proteger a sus ciudadanos del impacto adverso de la contaminaci\u00f3n ac\u00fastica.<\/p>\n<h3>Reacciones y Consecuencias<\/h3>\n<p>La noticia de la imputaci\u00f3n ha generado diversas reacciones entre los residentes de Bilbao. Algunos ven este desarrollo como un paso positivo hacia la mejora de la calidad de vida urbana, mientras que otros est\u00e1n preocupados por las posibles implicaciones para los funcionarios municipales implicados.<\/p>\n<p>De manera adicional, este caso ha motivado a otros residentes a hablar y posiblemente a tomar acciones similares si enfrentan problemas de ruido en sus propias \u00e1reas. Esto podr\u00eda llevar a un aumento en las denuncias relacionadas con la contaminaci\u00f3n ac\u00fastica y, en \u00faltima instancia, a cambios m\u00e1s significativos en la legislaci\u00f3n y en las pol\u00edticas de gesti\u00f3n ambiental.<\/p>\n<h3>Conclusi\u00f3n<\/h3>\n<p>La imputaci\u00f3n de los cinco funcionarios municipales en Bilbao por una denuncia de ruido es un recordatorio de la importancia de la gesti\u00f3n ambiental en las ciudades modernas. Este caso no solo destaca la necesidad de regulaciones efectivas contra el ruido, sino tambi\u00e9n la responsabilidad que tienen los gobiernos locales de asegurar un ambiente saludable y habitable para todos los ciudadanos. A medida que el caso contin\u00faa desarroll\u00e1ndose, ser\u00e1 crucial observar las medidas que se tomar\u00e1n para prevenir futuros casos de contaminaci\u00f3n ac\u00fastica y c\u00f3mo estos influir\u00e1n en la pol\u00edtica municipal y en las pr\u00e1cticas administrativas en general.<\/p>\n\n\n<div class=\"kk-star-ratings kksr-auto kksr-align-left kksr-valign-bottom\"\n    data-payload='{&quot;align&quot;:&quot;left&quot;,&quot;id&quot;:&quot;6816&quot;,&quot;slug&quot;:&quot;default&quot;,&quot;valign&quot;:&quot;bottom&quot;,&quot;ignore&quot;:&quot;&quot;,&quot;reference&quot;:&quot;auto&quot;,&quot;class&quot;:&quot;&quot;,&quot;count&quot;:&quot;0&quot;,&quot;legendonly&quot;:&quot;&quot;,&quot;readonly&quot;:&quot;&quot;,&quot;score&quot;:&quot;0&quot;,&quot;starsonly&quot;:&quot;&quot;,&quot;best&quot;:&quot;5&quot;,&quot;gap&quot;:&quot;5&quot;,&quot;greet&quot;:&quot;Valora este post&quot;,&quot;legend&quot;:&quot;0\\\/5 - (0 votes)&quot;,&quot;size&quot;:&quot;22&quot;,&quot;title&quot;:&quot;\u00a1Esc\u00e1ndalo en Bilbao! 5 funcionarios municipales imputados tras denuncia de ruido por un vecino.&quot;,&quot;width&quot;:&quot;0&quot;,&quot;_legend&quot;:&quot;{score}\\\/{best} - ({count} {votes})&quot;,&quot;font_factor&quot;:&quot;1.25&quot;}'>\n            \n<div class=\"kksr-stars\">\n    \n<div class=\"kksr-stars-inactive\">\n            <div class=\"kksr-star\" data-star=\"1\" style=\"padding-right: 5px\">\n            \n\n<div class=\"kksr-icon\" style=\"width: 22px; height: 22px;\"><\/div>\n        <\/div>\n            <div class=\"kksr-star\" data-star=\"2\" style=\"padding-right: 5px\">\n            \n\n<div class=\"kksr-icon\" style=\"width: 22px; height: 22px;\"><\/div>\n        <\/div>\n            <div class=\"kksr-star\" data-star=\"3\" style=\"padding-right: 5px\">\n            \n\n<div class=\"kksr-icon\" style=\"width: 22px; height: 22px;\"><\/div>\n        <\/div>\n            <div class=\"kksr-star\" data-star=\"4\" style=\"padding-right: 5px\">\n            \n\n<div class=\"kksr-icon\" style=\"width: 22px; height: 22px;\"><\/div>\n        <\/div>\n            <div class=\"kksr-star\" data-star=\"5\" style=\"padding-right: 5px\">\n            \n\n<div class=\"kksr-icon\" style=\"width: 22px; height: 22px;\"><\/div>\n        <\/div>\n    <\/div>\n    \n<div class=\"kksr-stars-active\" style=\"width: 0px;\">\n            <div class=\"kksr-star\" style=\"padding-right: 5px\">\n            \n\n<div class=\"kksr-icon\" style=\"width: 22px; height: 22px;\"><\/div>\n        <\/div>\n            <div class=\"kksr-star\" style=\"padding-right: 5px\">\n            \n\n<div class=\"kksr-icon\" style=\"width: 22px; height: 22px;\"><\/div>\n        <\/div>\n            <div class=\"kksr-star\" style=\"padding-right: 5px\">\n            \n\n<div class=\"kksr-icon\" style=\"width: 22px; height: 22px;\"><\/div>\n        <\/div>\n            <div class=\"kksr-star\" style=\"padding-right: 5px\">\n            \n\n<div class=\"kksr-icon\" style=\"width: 22px; height: 22px;\"><\/div>\n        <\/div>\n            <div class=\"kksr-star\" style=\"padding-right: 5px\">\n            \n\n<div class=\"kksr-icon\" style=\"width: 22px; height: 22px;\"><\/div>\n        <\/div>\n    <\/div>\n<\/div>\n                \n\n<div class=\"kksr-legend\" style=\"font-size: 17.6px;\">\n            <span class=\"kksr-muted\">Valora este post<\/span>\n    <\/div>\n    <\/div>\n","protected":false},"excerpt":{"rendered":"<p>Denuncia por Contaminaci\u00f3n Ac\u00fastica Lleva a la Imputaci\u00f3n de Cinco Funcionarios en Bilbao En un reciente giro de eventos en Bilbao, cinco funcionarios municipales han sido &#8230; <a title=\"\u00a1Esc\u00e1ndalo en Bilbao! 5 funcionarios municipales imputados tras denuncia de ruido por un vecino.\" class=\"read-more\" href=\"https:\/\/www.diario21.tv\/noticias\/escandalo-en-bilbao-5-funcionarios-municipales-imputados-tras-denuncia-de-ruido-por-un-vecino\/\" aria-label=\"Leer m\u00e1s sobre \u00a1Esc\u00e1ndalo en Bilbao! 5 funcionarios municipales imputados tras denuncia de ruido por un vecino.\">Seguir leyendo &rarr;<\/a><\/p>\n","protected":false},"author":20,"featured_media":6817,"comment_status":"open","ping_status":"open","sticky":false,"template":"","format":"standard","meta":{"footnotes":""},"categories":[13],"tags":[],"class_list":["post-6816","post","type-post","status-publish","format-standard","has-post-thumbnail","hentry","category-portada"],"yoast_head":"<!-- This site is optimized with the Yoast SEO plugin v25.6 - https:\/\/yoast.com\/wordpress\/plugins\/seo\/ -->\n<title>\u00a1Esc\u00e1ndalo en Bilbao! 5 funcionarios municipales imputados tras denuncia de ruido por un vecino. - Diario 21<\/title>\n<meta name=\"robots\" content=\"index, follow, max-snippet:-1, max-image-preview:large, max-video-preview:-1\" \/>\n<link rel=\"canonical\" href=\"https:\/\/www.diario21.tv\/noticias\/escandalo-en-bilbao-5-funcionarios-municipales-imputados-tras-denuncia-de-ruido-por-un-vecino\/\" \/>\n<meta property=\"og:locale\" content=\"es_ES\" \/>\n<meta property=\"og:type\" content=\"article\" \/>\n<meta property=\"og:title\" content=\"\u00a1Esc\u00e1ndalo en Bilbao! 5 funcionarios municipales imputados tras denuncia de ruido por un vecino. - Diario 21\" \/>\n<meta property=\"og:description\" content=\"Denuncia por Contaminaci\u00f3n Ac\u00fastica Lleva a la Imputaci\u00f3n de Cinco Funcionarios en Bilbao En un reciente giro de eventos en Bilbao, cinco funcionarios municipales han sido ... Seguir leyendo &rarr;\" \/>\n<meta property=\"og:url\" content=\"https:\/\/www.diario21.tv\/noticias\/escandalo-en-bilbao-5-funcionarios-municipales-imputados-tras-denuncia-de-ruido-por-un-vecino\/\" \/>\n<meta property=\"og:site_name\" content=\"Diario 21\" \/>\n<meta property=\"article:published_time\" content=\"2026-04-08T16:14:26+00:00\" \/>\n<meta property=\"article:modified_time\" content=\"2026-04-08T16:14:27+00:00\" \/>\n<meta property=\"og:image\" content=\"https:\/\/www.diario21.tv\/noticias\/wp-content\/uploads\/2026\/04\/\u00a1Escandalo-en-Bilbao-5-funcionarios-municipales-imputados-tras-denuncia-de.jpg\" \/>\n\t<meta property=\"og:image:width\" content=\"758\" \/>\n\t<meta property=\"og:image:height\" content=\"531\" \/>\n\t<meta property=\"og:image:type\" content=\"image\/jpeg\" \/>\n<meta name=\"author\" content=\"Juan P\u00e9rez\" \/>\n<meta name=\"twitter:card\" content=\"summary_large_image\" \/>\n<meta name=\"twitter:label1\" content=\"Escrito por\" \/>\n\t<meta name=\"twitter:data1\" content=\"Juan P\u00e9rez\" \/>\n\t<meta name=\"twitter:label2\" content=\"Tiempo de lectura\" \/>\n\t<meta name=\"twitter:data2\" content=\"3 minutos\" \/>\n<script type=\"application\/ld+json\" class=\"yoast-schema-graph\">{\"@context\":\"https:\/\/schema.org\",\"@graph\":[{\"@type\":\"WebPage\",\"@id\":\"https:\/\/www.diario21.tv\/noticias\/escandalo-en-bilbao-5-funcionarios-municipales-imputados-tras-denuncia-de-ruido-por-un-vecino\/\",\"url\":\"https:\/\/www.diario21.tv\/noticias\/escandalo-en-bilbao-5-funcionarios-municipales-imputados-tras-denuncia-de-ruido-por-un-vecino\/\",\"name\":\"\u00a1Esc\u00e1ndalo en Bilbao! 5 funcionarios municipales imputados tras denuncia de ruido por un vecino. - Diario 21\",\"isPartOf\":{\"@id\":\"https:\/\/www.diario21.tv\/noticias\/#website\"},\"primaryImageOfPage\":{\"@id\":\"https:\/\/www.diario21.tv\/noticias\/escandalo-en-bilbao-5-funcionarios-municipales-imputados-tras-denuncia-de-ruido-por-un-vecino\/#primaryimage\"},\"image\":{\"@id\":\"https:\/\/www.diario21.tv\/noticias\/escandalo-en-bilbao-5-funcionarios-municipales-imputados-tras-denuncia-de-ruido-por-un-vecino\/#primaryimage\"},\"thumbnailUrl\":\"https:\/\/www.diario21.tv\/noticias\/wp-content\/uploads\/2026\/04\/\u00a1Escandalo-en-Bilbao-5-funcionarios-municipales-imputados-tras-denuncia-de.jpg\",\"datePublished\":\"2026-04-08T16:14:26+00:00\",\"dateModified\":\"2026-04-08T16:14:27+00:00\",\"author\":{\"@id\":\"https:\/\/www.diario21.tv\/noticias\/#\/schema\/person\/dfb778f73814d8f09f302618446a526b\"},\"breadcrumb\":{\"@id\":\"https:\/\/www.diario21.tv\/noticias\/escandalo-en-bilbao-5-funcionarios-municipales-imputados-tras-denuncia-de-ruido-por-un-vecino\/#breadcrumb\"},\"inLanguage\":\"es-AR\",\"potentialAction\":[{\"@type\":\"ReadAction\",\"target\":[\"https:\/\/www.diario21.tv\/noticias\/escandalo-en-bilbao-5-funcionarios-municipales-imputados-tras-denuncia-de-ruido-por-un-vecino\/\"]}]},{\"@type\":\"ImageObject\",\"inLanguage\":\"es-AR\",\"@id\":\"https:\/\/www.diario21.tv\/noticias\/escandalo-en-bilbao-5-funcionarios-municipales-imputados-tras-denuncia-de-ruido-por-un-vecino\/#primaryimage\",\"url\":\"https:\/\/www.diario21.tv\/noticias\/wp-content\/uploads\/2026\/04\/\u00a1Escandalo-en-Bilbao-5-funcionarios-municipales-imputados-tras-denuncia-de.jpg\",\"contentUrl\":\"https:\/\/www.diario21.tv\/noticias\/wp-content\/uploads\/2026\/04\/\u00a1Escandalo-en-Bilbao-5-funcionarios-municipales-imputados-tras-denuncia-de.jpg\",\"width\":758,\"height\":531,\"caption\":\"Imputados 5 cargos municipales de Bilbao por la denuncia por ruido de un vecino\"},{\"@type\":\"BreadcrumbList\",\"@id\":\"https:\/\/www.diario21.tv\/noticias\/escandalo-en-bilbao-5-funcionarios-municipales-imputados-tras-denuncia-de-ruido-por-un-vecino\/#breadcrumb\",\"itemListElement\":[{\"@type\":\"ListItem\",\"position\":1,\"name\":\"Accueil\",\"item\":\"https:\/\/www.diario21.tv\/noticias\/\"},{\"@type\":\"ListItem\",\"position\":2,\"name\":\"\u00a1Esc\u00e1ndalo en Bilbao! 5 funcionarios municipales imputados tras denuncia de ruido por un vecino.\"}]},{\"@type\":\"WebSite\",\"@id\":\"https:\/\/www.diario21.tv\/noticias\/#website\",\"url\":\"https:\/\/www.diario21.tv\/noticias\/\",\"name\":\"Diario 21\",\"description\":\"\",\"potentialAction\":[{\"@type\":\"SearchAction\",\"target\":{\"@type\":\"EntryPoint\",\"urlTemplate\":\"https:\/\/www.diario21.tv\/noticias\/?s={search_term_string}\"},\"query-input\":{\"@type\":\"PropertyValueSpecification\",\"valueRequired\":true,\"valueName\":\"search_term_string\"}}],\"inLanguage\":\"es-AR\"},{\"@type\":\"Person\",\"@id\":\"https:\/\/www.diario21.tv\/noticias\/#\/schema\/person\/dfb778f73814d8f09f302618446a526b\",\"name\":\"Juan P\u00e9rez\",\"image\":{\"@type\":\"ImageObject\",\"inLanguage\":\"es-AR\",\"@id\":\"https:\/\/www.diario21.tv\/noticias\/#\/schema\/person\/image\/\",\"url\":\"https:\/\/secure.gravatar.com\/avatar\/c478a405bd10621167f4c3167cc770f5?s=96&d=mm&r=g\",\"contentUrl\":\"https:\/\/secure.gravatar.com\/avatar\/c478a405bd10621167f4c3167cc770f5?s=96&d=mm&r=g\",\"caption\":\"Juan P\u00e9rez\"},\"description\":\"Juan P\u00e9rez es el redactor en jefe de Diario 21. Con m\u00e1s de 10 a\u00f1os de experiencia en el periodismo, se especializa en pol\u00edtica nacional y an\u00e1lisis socioecon\u00f3mico. Su enfoque cr\u00edtico y riguroso aporta una perspectiva \u00fanica a cada art\u00edculo.\",\"sameAs\":[\"https:\/\/www.diario21.tv\/noticias\/\"],\"url\":\"https:\/\/www.diario21.tv\/noticias\/author\/juan-perez\/\"}]}<\/script>\n<!-- \/ Yoast SEO plugin. -->","yoast_head_json":{"title":"\u00a1Esc\u00e1ndalo en Bilbao! 5 funcionarios municipales imputados tras denuncia de ruido por un vecino. - Diario 21","robots":{"index":"index","follow":"follow","max-snippet":"max-snippet:-1","max-image-preview":"max-image-preview:large","max-video-preview":"max-video-preview:-1"},"canonical":"https:\/\/www.diario21.tv\/noticias\/escandalo-en-bilbao-5-funcionarios-municipales-imputados-tras-denuncia-de-ruido-por-un-vecino\/","og_locale":"es_ES","og_type":"article","og_title":"\u00a1Esc\u00e1ndalo en Bilbao! 5 funcionarios municipales imputados tras denuncia de ruido por un vecino. - Diario 21","og_description":"Denuncia por Contaminaci\u00f3n Ac\u00fastica Lleva a la Imputaci\u00f3n de Cinco Funcionarios en Bilbao En un reciente giro de eventos en Bilbao, cinco funcionarios municipales han sido ... Seguir leyendo &rarr;","og_url":"https:\/\/www.diario21.tv\/noticias\/escandalo-en-bilbao-5-funcionarios-municipales-imputados-tras-denuncia-de-ruido-por-un-vecino\/","og_site_name":"Diario 21","article_published_time":"2026-04-08T16:14:26+00:00","article_modified_time":"2026-04-08T16:14:27+00:00","og_image":[{"width":758,"height":531,"url":"https:\/\/www.diario21.tv\/noticias\/wp-content\/uploads\/2026\/04\/\u00a1Escandalo-en-Bilbao-5-funcionarios-municipales-imputados-tras-denuncia-de.jpg","type":"image\/jpeg"}],"author":"Juan P\u00e9rez","twitter_card":"summary_large_image","twitter_misc":{"Escrito por":"Juan P\u00e9rez","Tiempo de lectura":"3 minutos"},"schema":{"@context":"https:\/\/schema.org","@graph":[{"@type":"WebPage","@id":"https:\/\/www.diario21.tv\/noticias\/escandalo-en-bilbao-5-funcionarios-municipales-imputados-tras-denuncia-de-ruido-por-un-vecino\/","url":"https:\/\/www.diario21.tv\/noticias\/escandalo-en-bilbao-5-funcionarios-municipales-imputados-tras-denuncia-de-ruido-por-un-vecino\/","name":"\u00a1Esc\u00e1ndalo en Bilbao! 5 funcionarios municipales imputados tras denuncia de ruido por un vecino. - Diario 21","isPartOf":{"@id":"https:\/\/www.diario21.tv\/noticias\/#website"},"primaryImageOfPage":{"@id":"https:\/\/www.diario21.tv\/noticias\/escandalo-en-bilbao-5-funcionarios-municipales-imputados-tras-denuncia-de-ruido-por-un-vecino\/#primaryimage"},"image":{"@id":"https:\/\/www.diario21.tv\/noticias\/escandalo-en-bilbao-5-funcionarios-municipales-imputados-tras-denuncia-de-ruido-por-un-vecino\/#primaryimage"},"thumbnailUrl":"https:\/\/www.diario21.tv\/noticias\/wp-content\/uploads\/2026\/04\/\u00a1Escandalo-en-Bilbao-5-funcionarios-municipales-imputados-tras-denuncia-de.jpg","datePublished":"2026-04-08T16:14:26+00:00","dateModified":"2026-04-08T16:14:27+00:00","author":{"@id":"https:\/\/www.diario21.tv\/noticias\/#\/schema\/person\/dfb778f73814d8f09f302618446a526b"},"breadcrumb":{"@id":"https:\/\/www.diario21.tv\/noticias\/escandalo-en-bilbao-5-funcionarios-municipales-imputados-tras-denuncia-de-ruido-por-un-vecino\/#breadcrumb"},"inLanguage":"es-AR","potentialAction":[{"@type":"ReadAction","target":["https:\/\/www.diario21.tv\/noticias\/escandalo-en-bilbao-5-funcionarios-municipales-imputados-tras-denuncia-de-ruido-por-un-vecino\/"]}]},{"@type":"ImageObject","inLanguage":"es-AR","@id":"https:\/\/www.diario21.tv\/noticias\/escandalo-en-bilbao-5-funcionarios-municipales-imputados-tras-denuncia-de-ruido-por-un-vecino\/#primaryimage","url":"https:\/\/www.diario21.tv\/noticias\/wp-content\/uploads\/2026\/04\/\u00a1Escandalo-en-Bilbao-5-funcionarios-municipales-imputados-tras-denuncia-de.jpg","contentUrl":"https:\/\/www.diario21.tv\/noticias\/wp-content\/uploads\/2026\/04\/\u00a1Escandalo-en-Bilbao-5-funcionarios-municipales-imputados-tras-denuncia-de.jpg","width":758,"height":531,"caption":"Imputados 5 cargos municipales de Bilbao por la denuncia por ruido de un vecino"},{"@type":"BreadcrumbList","@id":"https:\/\/www.diario21.tv\/noticias\/escandalo-en-bilbao-5-funcionarios-municipales-imputados-tras-denuncia-de-ruido-por-un-vecino\/#breadcrumb","itemListElement":[{"@type":"ListItem","position":1,"name":"Accueil","item":"https:\/\/www.diario21.tv\/noticias\/"},{"@type":"ListItem","position":2,"name":"\u00a1Esc\u00e1ndalo en Bilbao! 5 funcionarios municipales imputados tras denuncia de ruido por un vecino."}]},{"@type":"WebSite","@id":"https:\/\/www.diario21.tv\/noticias\/#website","url":"https:\/\/www.diario21.tv\/noticias\/","name":"Diario 21","description":"","potentialAction":[{"@type":"SearchAction","target":{"@type":"EntryPoint","urlTemplate":"https:\/\/www.diario21.tv\/noticias\/?s={search_term_string}"},"query-input":{"@type":"PropertyValueSpecification","valueRequired":true,"valueName":"search_term_string"}}],"inLanguage":"es-AR"},{"@type":"Person","@id":"https:\/\/www.diario21.tv\/noticias\/#\/schema\/person\/dfb778f73814d8f09f302618446a526b","name":"Juan P\u00e9rez","image":{"@type":"ImageObject","inLanguage":"es-AR","@id":"https:\/\/www.diario21.tv\/noticias\/#\/schema\/person\/image\/","url":"https:\/\/secure.gravatar.com\/avatar\/c478a405bd10621167f4c3167cc770f5?s=96&d=mm&r=g","contentUrl":"https:\/\/secure.gravatar.com\/avatar\/c478a405bd10621167f4c3167cc770f5?s=96&d=mm&r=g","caption":"Juan P\u00e9rez"},"description":"Juan P\u00e9rez es el redactor en jefe de Diario 21. Con m\u00e1s de 10 a\u00f1os de experiencia en el periodismo, se especializa en pol\u00edtica nacional y an\u00e1lisis socioecon\u00f3mico. Su enfoque cr\u00edtico y riguroso aporta una perspectiva \u00fanica a cada art\u00edculo.","sameAs":["https:\/\/www.diario21.tv\/noticias\/"],"url":"https:\/\/www.diario21.tv\/noticias\/author\/juan-perez\/"}]}},"_links":{"self":[{"href":"https:\/\/www.diario21.tv\/noticias\/wp-json\/wp\/v2\/posts\/6816"}],"collection":[{"href":"https:\/\/www.diario21.tv\/noticias\/wp-json\/wp\/v2\/posts"}],"about":[{"href":"https:\/\/www.diario21.tv\/noticias\/wp-json\/wp\/v2\/types\/post"}],"author":[{"embeddable":true,"href":"https:\/\/www.diario21.tv\/noticias\/wp-json\/wp\/v2\/users\/20"}],"replies":[{"embeddable":true,"href":"https:\/\/www.diario21.tv\/noticias\/wp-json\/wp\/v2\/comments?post=6816"}],"version-history":[{"count":1,"href":"https:\/\/www.diario21.tv\/noticias\/wp-json\/wp\/v2\/posts\/6816\/revisions"}],"predecessor-version":[{"id":6818,"href":"https:\/\/www.diario21.tv\/noticias\/wp-json\/wp\/v2\/posts\/6816\/revisions\/6818"}],"wp:featuredmedia":[{"embeddable":true,"href":"https:\/\/www.diario21.tv\/noticias\/wp-json\/wp\/v2\/media\/6817"}],"wp:attachment":[{"href":"https:\/\/www.diario21.tv\/noticias\/wp-json\/wp\/v2\/media?parent=6816"}],"wp:term":[{"taxonomy":"category","embeddable":true,"href":"https:\/\/www.diario21.tv\/noticias\/wp-json\/wp\/v2\/categories?post=6816"},{"taxonomy":"post_tag","embeddable":true,"href":"https:\/\/www.diario21.tv\/noticias\/wp-json\/wp\/v2\/tags?post=6816"}],"curies":[{"name":"wp","href":"https:\/\/api.w.org\/{rel}","templated":true}]}}