{"id":6813,"date":"2026-04-08T10:13:34","date_gmt":"2026-04-08T10:13:34","guid":{"rendered":"https:\/\/www.diario21.tv\/noticias\/impactante-hermanos-acusados-de-violacion-en-valencia-quedan-libres\/"},"modified":"2026-04-08T10:13:35","modified_gmt":"2026-04-08T10:13:35","slug":"impactante-hermanos-acusados-de-violacion-en-valencia-quedan-libres","status":"publish","type":"post","link":"https:\/\/www.diario21.tv\/noticias\/impactante-hermanos-acusados-de-violacion-en-valencia-quedan-libres\/","title":{"rendered":"\u00a1Impactante! Hermanos acusados de violaci\u00f3n en Valencia quedan libres."},"content":{"rendered":"<h2>Jueza Ordena la Liberaci\u00f3n de Dos Hermanos Implicados en Agresi\u00f3n Sexual en Valencia<\/h2>\n<p>En un reciente fallo judicial en Valencia, una jueza ha decidido no imponer prisi\u00f3n preventiva a dos hermanos que fueron acusados de violar a una mujer en el interior de un veh\u00edculo. Este caso ha capturado la atenci\u00f3n p\u00fablica debido a la gravedad de las acusaciones y las circunstancias que rodean el incidente.<\/p>\n<h3>Detalles del Caso<\/h3>\n<p>Los hechos se remontan a una noche reciente cuando, seg\u00fan el testimonio de la v\u00edctima, fue forzada a entrar en un coche por dos hombres, quienes posteriormente la agredieron sexualmente. La mujer, cuya identidad se mantiene en reserva para proteger su privacidad, pudo dar aviso a las autoridades poco despu\u00e9s del suceso, lo que llev\u00f3 a la r\u00e1pida detenci\u00f3n de los sospechosos.<\/p>\n<p>Los acusados, hermanos y de nacionalidad espa\u00f1ola, negaron las acusaciones desde el principio, alegando que cualquier acto que ocurri\u00f3 fue consensuado. La defensa present\u00f3 varios argumentos que pusieron en duda la versi\u00f3n de los hechos ofrecida por la denunciante, sugiriendo que no hab\u00eda suficientes pruebas para sostener una acusaci\u00f3n de violaci\u00f3n.<\/p>\n<h3>Decisi\u00f3n Judicial<\/h3>\n<p>Tras evaluar el caso, la jueza encargada del mismo determin\u00f3 que no hab\u00eda suficientes elementos de convicci\u00f3n para ordenar la prisi\u00f3n preventiva de los hermanos. En su fallo, mencion\u00f3 la falta de evidencia f\u00edsica concluyente y las inconsistencias en los testimonios presentados. Sin embargo, la magistrada ha impuesto varias medidas cautelares a los hermanos, incluyendo la prohibici\u00f3n de salir del pa\u00eds y la obligaci\u00f3n de presentarse peri\u00f3dicamente ante el juzgado.<\/p>\n<h3>Reacciones y Consecuencias<\/h3>\n<p>La decisi\u00f3n ha generado diversas reacciones en la comunidad y en las redes sociales, donde grupos de defensa de los derechos de las mujeres expresaron su preocupaci\u00f3n y descontento, argumentando que este tipo de resoluciones pueden desalentar a otras v\u00edctimas de agresiones sexuales a denunciar. Por otro lado, los familiares de los acusados han mostrado su apoyo a los hermanos, reafirmando su creencia en la inocencia de los mismos.<\/p>\n<p>Este caso sigue abierto y se espera que en las pr\u00f3ximas semanas se lleven a cabo m\u00e1s investigaciones que puedan aclarar completamente los hechos y determinar la responsabilidad penal, si la hubiere, de los acusados. Mientras tanto, la sociedad valenciana permanece atenta a las futuras revelaciones y desarrollos en un caso que pone de manifiesto la complejidad de las denuncias de agresi\u00f3n sexual y los desaf\u00edos que enfrenta el sistema judicial para manejarlas adecuadamente.<\/p>\n\n\n<div class=\"kk-star-ratings kksr-auto kksr-align-left kksr-valign-bottom\"\n    data-payload='{&quot;align&quot;:&quot;left&quot;,&quot;id&quot;:&quot;6813&quot;,&quot;slug&quot;:&quot;default&quot;,&quot;valign&quot;:&quot;bottom&quot;,&quot;ignore&quot;:&quot;&quot;,&quot;reference&quot;:&quot;auto&quot;,&quot;class&quot;:&quot;&quot;,&quot;count&quot;:&quot;0&quot;,&quot;legendonly&quot;:&quot;&quot;,&quot;readonly&quot;:&quot;&quot;,&quot;score&quot;:&quot;0&quot;,&quot;starsonly&quot;:&quot;&quot;,&quot;best&quot;:&quot;5&quot;,&quot;gap&quot;:&quot;5&quot;,&quot;greet&quot;:&quot;Valora este post&quot;,&quot;legend&quot;:&quot;0\\\/5 - (0 votes)&quot;,&quot;size&quot;:&quot;22&quot;,&quot;title&quot;:&quot;\u00a1Impactante! Hermanos acusados de violaci\u00f3n en Valencia quedan libres.&quot;,&quot;width&quot;:&quot;0&quot;,&quot;_legend&quot;:&quot;{score}\\\/{best} - ({count} {votes})&quot;,&quot;font_factor&quot;:&quot;1.25&quot;}'>\n            \n<div class=\"kksr-stars\">\n    \n<div class=\"kksr-stars-inactive\">\n            <div class=\"kksr-star\" data-star=\"1\" style=\"padding-right: 5px\">\n            \n\n<div class=\"kksr-icon\" style=\"width: 22px; height: 22px;\"><\/div>\n        <\/div>\n            <div class=\"kksr-star\" data-star=\"2\" style=\"padding-right: 5px\">\n            \n\n<div class=\"kksr-icon\" style=\"width: 22px; height: 22px;\"><\/div>\n        <\/div>\n            <div class=\"kksr-star\" data-star=\"3\" style=\"padding-right: 5px\">\n            \n\n<div class=\"kksr-icon\" style=\"width: 22px; height: 22px;\"><\/div>\n        <\/div>\n            <div class=\"kksr-star\" data-star=\"4\" style=\"padding-right: 5px\">\n            \n\n<div class=\"kksr-icon\" style=\"width: 22px; height: 22px;\"><\/div>\n        <\/div>\n            <div class=\"kksr-star\" data-star=\"5\" style=\"padding-right: 5px\">\n            \n\n<div class=\"kksr-icon\" style=\"width: 22px; height: 22px;\"><\/div>\n        <\/div>\n    <\/div>\n    \n<div class=\"kksr-stars-active\" style=\"width: 0px;\">\n            <div class=\"kksr-star\" style=\"padding-right: 5px\">\n            \n\n<div class=\"kksr-icon\" style=\"width: 22px; height: 22px;\"><\/div>\n        <\/div>\n            <div class=\"kksr-star\" style=\"padding-right: 5px\">\n            \n\n<div class=\"kksr-icon\" style=\"width: 22px; height: 22px;\"><\/div>\n        <\/div>\n            <div class=\"kksr-star\" style=\"padding-right: 5px\">\n            \n\n<div class=\"kksr-icon\" style=\"width: 22px; height: 22px;\"><\/div>\n        <\/div>\n            <div class=\"kksr-star\" style=\"padding-right: 5px\">\n            \n\n<div class=\"kksr-icon\" style=\"width: 22px; height: 22px;\"><\/div>\n        <\/div>\n            <div class=\"kksr-star\" style=\"padding-right: 5px\">\n            \n\n<div class=\"kksr-icon\" style=\"width: 22px; height: 22px;\"><\/div>\n        <\/div>\n    <\/div>\n<\/div>\n                \n\n<div class=\"kksr-legend\" style=\"font-size: 17.6px;\">\n            <span class=\"kksr-muted\">Valora este post<\/span>\n    <\/div>\n    <\/div>\n","protected":false},"excerpt":{"rendered":"<p>Jueza Ordena la Liberaci\u00f3n de Dos Hermanos Implicados en Agresi\u00f3n Sexual en Valencia En un reciente fallo judicial en Valencia, una jueza ha decidido no imponer &#8230; <a title=\"\u00a1Impactante! Hermanos acusados de violaci\u00f3n en Valencia quedan libres.\" class=\"read-more\" href=\"https:\/\/www.diario21.tv\/noticias\/impactante-hermanos-acusados-de-violacion-en-valencia-quedan-libres\/\" aria-label=\"Leer m\u00e1s sobre \u00a1Impactante! Hermanos acusados de violaci\u00f3n en Valencia quedan libres.\">Seguir leyendo &rarr;<\/a><\/p>\n","protected":false},"author":20,"featured_media":6814,"comment_status":"open","ping_status":"open","sticky":false,"template":"","format":"standard","meta":{"footnotes":""},"categories":[13],"tags":[],"class_list":["post-6813","post","type-post","status-publish","format-standard","has-post-thumbnail","hentry","category-portada"],"yoast_head":"<!-- This site is optimized with the Yoast SEO plugin v25.6 - https:\/\/yoast.com\/wordpress\/plugins\/seo\/ -->\n<title>\u00a1Impactante! Hermanos acusados de violaci\u00f3n en Valencia quedan libres. - Diario 21<\/title>\n<meta name=\"robots\" content=\"index, follow, max-snippet:-1, max-image-preview:large, max-video-preview:-1\" \/>\n<link rel=\"canonical\" href=\"https:\/\/www.diario21.tv\/noticias\/impactante-hermanos-acusados-de-violacion-en-valencia-quedan-libres\/\" \/>\n<meta property=\"og:locale\" content=\"es_ES\" \/>\n<meta property=\"og:type\" content=\"article\" \/>\n<meta property=\"og:title\" content=\"\u00a1Impactante! Hermanos acusados de violaci\u00f3n en Valencia quedan libres. - Diario 21\" \/>\n<meta property=\"og:description\" content=\"Jueza Ordena la Liberaci\u00f3n de Dos Hermanos Implicados en Agresi\u00f3n Sexual en Valencia En un reciente fallo judicial en Valencia, una jueza ha decidido no imponer ... Seguir leyendo &rarr;\" \/>\n<meta property=\"og:url\" content=\"https:\/\/www.diario21.tv\/noticias\/impactante-hermanos-acusados-de-violacion-en-valencia-quedan-libres\/\" \/>\n<meta property=\"og:site_name\" content=\"Diario 21\" \/>\n<meta property=\"article:published_time\" content=\"2026-04-08T10:13:34+00:00\" \/>\n<meta property=\"article:modified_time\" content=\"2026-04-08T10:13:35+00:00\" \/>\n<meta property=\"og:image\" content=\"https:\/\/www.diario21.tv\/noticias\/wp-content\/uploads\/2026\/04\/\u00a1Impactante-Hermanos-acusados-de-violacion-en-Valencia-quedan-libres.jpg\" \/>\n\t<meta property=\"og:image:width\" content=\"758\" \/>\n\t<meta property=\"og:image:height\" content=\"531\" \/>\n\t<meta property=\"og:image:type\" content=\"image\/jpeg\" \/>\n<meta name=\"author\" content=\"Juan P\u00e9rez\" \/>\n<meta name=\"twitter:card\" content=\"summary_large_image\" \/>\n<meta name=\"twitter:label1\" content=\"Escrito por\" \/>\n\t<meta name=\"twitter:data1\" content=\"Juan P\u00e9rez\" \/>\n\t<meta name=\"twitter:label2\" content=\"Tiempo de lectura\" \/>\n\t<meta name=\"twitter:data2\" content=\"2 minutos\" \/>\n<script type=\"application\/ld+json\" class=\"yoast-schema-graph\">{\"@context\":\"https:\/\/schema.org\",\"@graph\":[{\"@type\":\"WebPage\",\"@id\":\"https:\/\/www.diario21.tv\/noticias\/impactante-hermanos-acusados-de-violacion-en-valencia-quedan-libres\/\",\"url\":\"https:\/\/www.diario21.tv\/noticias\/impactante-hermanos-acusados-de-violacion-en-valencia-quedan-libres\/\",\"name\":\"\u00a1Impactante! Hermanos acusados de violaci\u00f3n en Valencia quedan libres. - Diario 21\",\"isPartOf\":{\"@id\":\"https:\/\/www.diario21.tv\/noticias\/#website\"},\"primaryImageOfPage\":{\"@id\":\"https:\/\/www.diario21.tv\/noticias\/impactante-hermanos-acusados-de-violacion-en-valencia-quedan-libres\/#primaryimage\"},\"image\":{\"@id\":\"https:\/\/www.diario21.tv\/noticias\/impactante-hermanos-acusados-de-violacion-en-valencia-quedan-libres\/#primaryimage\"},\"thumbnailUrl\":\"https:\/\/www.diario21.tv\/noticias\/wp-content\/uploads\/2026\/04\/\u00a1Impactante-Hermanos-acusados-de-violacion-en-Valencia-quedan-libres.jpg\",\"datePublished\":\"2026-04-08T10:13:34+00:00\",\"dateModified\":\"2026-04-08T10:13:35+00:00\",\"author\":{\"@id\":\"https:\/\/www.diario21.tv\/noticias\/#\/schema\/person\/dfb778f73814d8f09f302618446a526b\"},\"breadcrumb\":{\"@id\":\"https:\/\/www.diario21.tv\/noticias\/impactante-hermanos-acusados-de-violacion-en-valencia-quedan-libres\/#breadcrumb\"},\"inLanguage\":\"es-AR\",\"potentialAction\":[{\"@type\":\"ReadAction\",\"target\":[\"https:\/\/www.diario21.tv\/noticias\/impactante-hermanos-acusados-de-violacion-en-valencia-quedan-libres\/\"]}]},{\"@type\":\"ImageObject\",\"inLanguage\":\"es-AR\",\"@id\":\"https:\/\/www.diario21.tv\/noticias\/impactante-hermanos-acusados-de-violacion-en-valencia-quedan-libres\/#primaryimage\",\"url\":\"https:\/\/www.diario21.tv\/noticias\/wp-content\/uploads\/2026\/04\/\u00a1Impactante-Hermanos-acusados-de-violacion-en-Valencia-quedan-libres.jpg\",\"contentUrl\":\"https:\/\/www.diario21.tv\/noticias\/wp-content\/uploads\/2026\/04\/\u00a1Impactante-Hermanos-acusados-de-violacion-en-Valencia-quedan-libres.jpg\",\"width\":758,\"height\":531,\"caption\":\"La jueza deja en libertad a los dos hermanos acusados de violar a una mujer en un coche en Valencia\"},{\"@type\":\"BreadcrumbList\",\"@id\":\"https:\/\/www.diario21.tv\/noticias\/impactante-hermanos-acusados-de-violacion-en-valencia-quedan-libres\/#breadcrumb\",\"itemListElement\":[{\"@type\":\"ListItem\",\"position\":1,\"name\":\"Accueil\",\"item\":\"https:\/\/www.diario21.tv\/noticias\/\"},{\"@type\":\"ListItem\",\"position\":2,\"name\":\"\u00a1Impactante! Hermanos acusados de violaci\u00f3n en Valencia quedan libres.\"}]},{\"@type\":\"WebSite\",\"@id\":\"https:\/\/www.diario21.tv\/noticias\/#website\",\"url\":\"https:\/\/www.diario21.tv\/noticias\/\",\"name\":\"Diario 21\",\"description\":\"\",\"potentialAction\":[{\"@type\":\"SearchAction\",\"target\":{\"@type\":\"EntryPoint\",\"urlTemplate\":\"https:\/\/www.diario21.tv\/noticias\/?s={search_term_string}\"},\"query-input\":{\"@type\":\"PropertyValueSpecification\",\"valueRequired\":true,\"valueName\":\"search_term_string\"}}],\"inLanguage\":\"es-AR\"},{\"@type\":\"Person\",\"@id\":\"https:\/\/www.diario21.tv\/noticias\/#\/schema\/person\/dfb778f73814d8f09f302618446a526b\",\"name\":\"Juan P\u00e9rez\",\"image\":{\"@type\":\"ImageObject\",\"inLanguage\":\"es-AR\",\"@id\":\"https:\/\/www.diario21.tv\/noticias\/#\/schema\/person\/image\/\",\"url\":\"https:\/\/secure.gravatar.com\/avatar\/c478a405bd10621167f4c3167cc770f5?s=96&d=mm&r=g\",\"contentUrl\":\"https:\/\/secure.gravatar.com\/avatar\/c478a405bd10621167f4c3167cc770f5?s=96&d=mm&r=g\",\"caption\":\"Juan P\u00e9rez\"},\"description\":\"Juan P\u00e9rez es el redactor en jefe de Diario 21. Con m\u00e1s de 10 a\u00f1os de experiencia en el periodismo, se especializa en pol\u00edtica nacional y an\u00e1lisis socioecon\u00f3mico. Su enfoque cr\u00edtico y riguroso aporta una perspectiva \u00fanica a cada art\u00edculo.\",\"sameAs\":[\"https:\/\/www.diario21.tv\/noticias\/\"],\"url\":\"https:\/\/www.diario21.tv\/noticias\/author\/juan-perez\/\"}]}<\/script>\n<!-- \/ Yoast SEO plugin. -->","yoast_head_json":{"title":"\u00a1Impactante! Hermanos acusados de violaci\u00f3n en Valencia quedan libres. - Diario 21","robots":{"index":"index","follow":"follow","max-snippet":"max-snippet:-1","max-image-preview":"max-image-preview:large","max-video-preview":"max-video-preview:-1"},"canonical":"https:\/\/www.diario21.tv\/noticias\/impactante-hermanos-acusados-de-violacion-en-valencia-quedan-libres\/","og_locale":"es_ES","og_type":"article","og_title":"\u00a1Impactante! Hermanos acusados de violaci\u00f3n en Valencia quedan libres. - Diario 21","og_description":"Jueza Ordena la Liberaci\u00f3n de Dos Hermanos Implicados en Agresi\u00f3n Sexual en Valencia En un reciente fallo judicial en Valencia, una jueza ha decidido no imponer ... Seguir leyendo &rarr;","og_url":"https:\/\/www.diario21.tv\/noticias\/impactante-hermanos-acusados-de-violacion-en-valencia-quedan-libres\/","og_site_name":"Diario 21","article_published_time":"2026-04-08T10:13:34+00:00","article_modified_time":"2026-04-08T10:13:35+00:00","og_image":[{"width":758,"height":531,"url":"https:\/\/www.diario21.tv\/noticias\/wp-content\/uploads\/2026\/04\/\u00a1Impactante-Hermanos-acusados-de-violacion-en-Valencia-quedan-libres.jpg","type":"image\/jpeg"}],"author":"Juan P\u00e9rez","twitter_card":"summary_large_image","twitter_misc":{"Escrito por":"Juan P\u00e9rez","Tiempo de lectura":"2 minutos"},"schema":{"@context":"https:\/\/schema.org","@graph":[{"@type":"WebPage","@id":"https:\/\/www.diario21.tv\/noticias\/impactante-hermanos-acusados-de-violacion-en-valencia-quedan-libres\/","url":"https:\/\/www.diario21.tv\/noticias\/impactante-hermanos-acusados-de-violacion-en-valencia-quedan-libres\/","name":"\u00a1Impactante! Hermanos acusados de violaci\u00f3n en Valencia quedan libres. - Diario 21","isPartOf":{"@id":"https:\/\/www.diario21.tv\/noticias\/#website"},"primaryImageOfPage":{"@id":"https:\/\/www.diario21.tv\/noticias\/impactante-hermanos-acusados-de-violacion-en-valencia-quedan-libres\/#primaryimage"},"image":{"@id":"https:\/\/www.diario21.tv\/noticias\/impactante-hermanos-acusados-de-violacion-en-valencia-quedan-libres\/#primaryimage"},"thumbnailUrl":"https:\/\/www.diario21.tv\/noticias\/wp-content\/uploads\/2026\/04\/\u00a1Impactante-Hermanos-acusados-de-violacion-en-Valencia-quedan-libres.jpg","datePublished":"2026-04-08T10:13:34+00:00","dateModified":"2026-04-08T10:13:35+00:00","author":{"@id":"https:\/\/www.diario21.tv\/noticias\/#\/schema\/person\/dfb778f73814d8f09f302618446a526b"},"breadcrumb":{"@id":"https:\/\/www.diario21.tv\/noticias\/impactante-hermanos-acusados-de-violacion-en-valencia-quedan-libres\/#breadcrumb"},"inLanguage":"es-AR","potentialAction":[{"@type":"ReadAction","target":["https:\/\/www.diario21.tv\/noticias\/impactante-hermanos-acusados-de-violacion-en-valencia-quedan-libres\/"]}]},{"@type":"ImageObject","inLanguage":"es-AR","@id":"https:\/\/www.diario21.tv\/noticias\/impactante-hermanos-acusados-de-violacion-en-valencia-quedan-libres\/#primaryimage","url":"https:\/\/www.diario21.tv\/noticias\/wp-content\/uploads\/2026\/04\/\u00a1Impactante-Hermanos-acusados-de-violacion-en-Valencia-quedan-libres.jpg","contentUrl":"https:\/\/www.diario21.tv\/noticias\/wp-content\/uploads\/2026\/04\/\u00a1Impactante-Hermanos-acusados-de-violacion-en-Valencia-quedan-libres.jpg","width":758,"height":531,"caption":"La jueza deja en libertad a los dos hermanos acusados de violar a una mujer en un coche en Valencia"},{"@type":"BreadcrumbList","@id":"https:\/\/www.diario21.tv\/noticias\/impactante-hermanos-acusados-de-violacion-en-valencia-quedan-libres\/#breadcrumb","itemListElement":[{"@type":"ListItem","position":1,"name":"Accueil","item":"https:\/\/www.diario21.tv\/noticias\/"},{"@type":"ListItem","position":2,"name":"\u00a1Impactante! Hermanos acusados de violaci\u00f3n en Valencia quedan libres."}]},{"@type":"WebSite","@id":"https:\/\/www.diario21.tv\/noticias\/#website","url":"https:\/\/www.diario21.tv\/noticias\/","name":"Diario 21","description":"","potentialAction":[{"@type":"SearchAction","target":{"@type":"EntryPoint","urlTemplate":"https:\/\/www.diario21.tv\/noticias\/?s={search_term_string}"},"query-input":{"@type":"PropertyValueSpecification","valueRequired":true,"valueName":"search_term_string"}}],"inLanguage":"es-AR"},{"@type":"Person","@id":"https:\/\/www.diario21.tv\/noticias\/#\/schema\/person\/dfb778f73814d8f09f302618446a526b","name":"Juan P\u00e9rez","image":{"@type":"ImageObject","inLanguage":"es-AR","@id":"https:\/\/www.diario21.tv\/noticias\/#\/schema\/person\/image\/","url":"https:\/\/secure.gravatar.com\/avatar\/c478a405bd10621167f4c3167cc770f5?s=96&d=mm&r=g","contentUrl":"https:\/\/secure.gravatar.com\/avatar\/c478a405bd10621167f4c3167cc770f5?s=96&d=mm&r=g","caption":"Juan P\u00e9rez"},"description":"Juan P\u00e9rez es el redactor en jefe de Diario 21. Con m\u00e1s de 10 a\u00f1os de experiencia en el periodismo, se especializa en pol\u00edtica nacional y an\u00e1lisis socioecon\u00f3mico. Su enfoque cr\u00edtico y riguroso aporta una perspectiva \u00fanica a cada art\u00edculo.","sameAs":["https:\/\/www.diario21.tv\/noticias\/"],"url":"https:\/\/www.diario21.tv\/noticias\/author\/juan-perez\/"}]}},"_links":{"self":[{"href":"https:\/\/www.diario21.tv\/noticias\/wp-json\/wp\/v2\/posts\/6813"}],"collection":[{"href":"https:\/\/www.diario21.tv\/noticias\/wp-json\/wp\/v2\/posts"}],"about":[{"href":"https:\/\/www.diario21.tv\/noticias\/wp-json\/wp\/v2\/types\/post"}],"author":[{"embeddable":true,"href":"https:\/\/www.diario21.tv\/noticias\/wp-json\/wp\/v2\/users\/20"}],"replies":[{"embeddable":true,"href":"https:\/\/www.diario21.tv\/noticias\/wp-json\/wp\/v2\/comments?post=6813"}],"version-history":[{"count":1,"href":"https:\/\/www.diario21.tv\/noticias\/wp-json\/wp\/v2\/posts\/6813\/revisions"}],"predecessor-version":[{"id":6815,"href":"https:\/\/www.diario21.tv\/noticias\/wp-json\/wp\/v2\/posts\/6813\/revisions\/6815"}],"wp:featuredmedia":[{"embeddable":true,"href":"https:\/\/www.diario21.tv\/noticias\/wp-json\/wp\/v2\/media\/6814"}],"wp:attachment":[{"href":"https:\/\/www.diario21.tv\/noticias\/wp-json\/wp\/v2\/media?parent=6813"}],"wp:term":[{"taxonomy":"category","embeddable":true,"href":"https:\/\/www.diario21.tv\/noticias\/wp-json\/wp\/v2\/categories?post=6813"},{"taxonomy":"post_tag","embeddable":true,"href":"https:\/\/www.diario21.tv\/noticias\/wp-json\/wp\/v2\/tags?post=6813"}],"curies":[{"name":"wp","href":"https:\/\/api.w.org\/{rel}","templated":true}]}}