{"id":6810,"date":"2026-04-08T04:11:20","date_gmt":"2026-04-08T04:11:20","guid":{"rendered":"https:\/\/www.diario21.tv\/noticias\/madre-de-detenido-en-asturias-asegura-mi-hijo-solo-se-defendio-el-cuchillo-era-de-mi-marido\/"},"modified":"2026-04-08T04:11:21","modified_gmt":"2026-04-08T04:11:21","slug":"madre-de-detenido-en-asturias-asegura-mi-hijo-solo-se-defendio-el-cuchillo-era-de-mi-marido","status":"publish","type":"post","link":"https:\/\/www.diario21.tv\/noticias\/madre-de-detenido-en-asturias-asegura-mi-hijo-solo-se-defendio-el-cuchillo-era-de-mi-marido\/","title":{"rendered":"Madre de detenido en Asturias asegura: &#8220;Mi hijo solo se defendi\u00f3, el cuchillo era de mi marido&#8221;"},"content":{"rendered":"<h2>La esposa del fallecido en Asturias y madre del arrestado declara: &#8220;Mi hijo \u00fanicamente se defendi\u00f3, el cuchillo lo pose\u00eda mi esposo&#8221;<\/h2>\n<p>En un giro dram\u00e1tico de eventos en Asturias, la esposa de un hombre recientemente asesinado y madre del joven detenido por este crimen, ha salido a la defensa de su hijo alegando que este solo actu\u00f3 en defensa propia. Seg\u00fan su testimonio, fue su marido quien inicialmente pose\u00eda el cuchillo durante el altercado que culmin\u00f3 en su muerte.<\/p>\n<h3>Desarrollo del Incidente<\/h3>\n<p>El tr\u00e1gico suceso ocurri\u00f3 en el hogar familiar, donde seg\u00fan relatos, se desat\u00f3 una fuerte discusi\u00f3n que escal\u00f3 a violencia f\u00edsica. La madre afirma que, en el calor del momento, su hijo se vio obligado a actuar para protegerse de un ataque perpetrado por su propio padre. &#8220;El cuchillo estaba en manos de mi marido, mi hijo solo hizo lo necesario para defenderse,&#8221; explic\u00f3 angustiada la mujer en una entrevista reciente.<\/p>\n<h3>Investigaci\u00f3n en Curso<\/h3>\n<p>Las autoridades locales est\u00e1n llevando a cabo una investigaci\u00f3n exhaustiva para esclarecer los detalles del incidente y determinar la secuencia exacta de eventos que llev\u00f3 a la muerte del hombre. Mientras tanto, el hijo permanece detenido, a la espera de que se recolecten m\u00e1s pruebas y testimonios que puedan arrojar luz sobre su posible inocencia o culpabilidad.<\/p>\n<p>Este caso ha conmocionado a la comunidad local, dejando a muchos en shock y buscando respuestas. La declaraci\u00f3n de la madre ha a\u00f1adido una capa de complejidad al caso, planteando interrogantes sobre la din\u00e1mica familiar y las circunstancias que rodearon el tr\u00e1gico evento.<\/p>\n<p>Mientras la investigaci\u00f3n sigue su curso, la comunidad espera ansiosamente m\u00e1s informaci\u00f3n que pueda ayudar a entender mejor lo ocurrido y asegurar que se haga justicia. La familia, por su parte, se encuentra en un estado de profundo dolor y confusi\u00f3n, enfrentando no solo la p\u00e9rdida de un ser querido sino tambi\u00e9n la dif\u00edcil situaci\u00f3n legal de otro miembro de la familia.<\/p>\n\n\n<div class=\"kk-star-ratings kksr-auto kksr-align-left kksr-valign-bottom\"\n    data-payload='{&quot;align&quot;:&quot;left&quot;,&quot;id&quot;:&quot;6810&quot;,&quot;slug&quot;:&quot;default&quot;,&quot;valign&quot;:&quot;bottom&quot;,&quot;ignore&quot;:&quot;&quot;,&quot;reference&quot;:&quot;auto&quot;,&quot;class&quot;:&quot;&quot;,&quot;count&quot;:&quot;0&quot;,&quot;legendonly&quot;:&quot;&quot;,&quot;readonly&quot;:&quot;&quot;,&quot;score&quot;:&quot;0&quot;,&quot;starsonly&quot;:&quot;&quot;,&quot;best&quot;:&quot;5&quot;,&quot;gap&quot;:&quot;5&quot;,&quot;greet&quot;:&quot;Valora este post&quot;,&quot;legend&quot;:&quot;0\\\/5 - (0 votes)&quot;,&quot;size&quot;:&quot;22&quot;,&quot;title&quot;:&quot;Madre de detenido en Asturias asegura: \\u0026quot;Mi hijo solo se defendi\u00f3, el cuchillo era de mi marido\\u0026quot;&quot;,&quot;width&quot;:&quot;0&quot;,&quot;_legend&quot;:&quot;{score}\\\/{best} - ({count} {votes})&quot;,&quot;font_factor&quot;:&quot;1.25&quot;}'>\n            \n<div class=\"kksr-stars\">\n    \n<div class=\"kksr-stars-inactive\">\n            <div class=\"kksr-star\" data-star=\"1\" style=\"padding-right: 5px\">\n            \n\n<div class=\"kksr-icon\" style=\"width: 22px; height: 22px;\"><\/div>\n        <\/div>\n            <div class=\"kksr-star\" data-star=\"2\" style=\"padding-right: 5px\">\n            \n\n<div class=\"kksr-icon\" style=\"width: 22px; height: 22px;\"><\/div>\n        <\/div>\n            <div class=\"kksr-star\" data-star=\"3\" style=\"padding-right: 5px\">\n            \n\n<div class=\"kksr-icon\" style=\"width: 22px; height: 22px;\"><\/div>\n        <\/div>\n            <div class=\"kksr-star\" data-star=\"4\" style=\"padding-right: 5px\">\n            \n\n<div class=\"kksr-icon\" style=\"width: 22px; height: 22px;\"><\/div>\n        <\/div>\n            <div class=\"kksr-star\" data-star=\"5\" style=\"padding-right: 5px\">\n            \n\n<div class=\"kksr-icon\" style=\"width: 22px; height: 22px;\"><\/div>\n        <\/div>\n    <\/div>\n    \n<div class=\"kksr-stars-active\" style=\"width: 0px;\">\n            <div class=\"kksr-star\" style=\"padding-right: 5px\">\n            \n\n<div class=\"kksr-icon\" style=\"width: 22px; height: 22px;\"><\/div>\n        <\/div>\n            <div class=\"kksr-star\" style=\"padding-right: 5px\">\n            \n\n<div class=\"kksr-icon\" style=\"width: 22px; height: 22px;\"><\/div>\n        <\/div>\n            <div class=\"kksr-star\" style=\"padding-right: 5px\">\n            \n\n<div class=\"kksr-icon\" style=\"width: 22px; height: 22px;\"><\/div>\n        <\/div>\n            <div class=\"kksr-star\" style=\"padding-right: 5px\">\n            \n\n<div class=\"kksr-icon\" style=\"width: 22px; height: 22px;\"><\/div>\n        <\/div>\n            <div class=\"kksr-star\" style=\"padding-right: 5px\">\n            \n\n<div class=\"kksr-icon\" style=\"width: 22px; height: 22px;\"><\/div>\n        <\/div>\n    <\/div>\n<\/div>\n                \n\n<div class=\"kksr-legend\" style=\"font-size: 17.6px;\">\n            <span class=\"kksr-muted\">Valora este post<\/span>\n    <\/div>\n    <\/div>\n","protected":false},"excerpt":{"rendered":"<p>La esposa del fallecido en Asturias y madre del arrestado declara: &#8220;Mi hijo \u00fanicamente se defendi\u00f3, el cuchillo lo pose\u00eda mi esposo&#8221; En un giro dram\u00e1tico &#8230; <a title=\"Madre de detenido en Asturias asegura: &#8220;Mi hijo solo se defendi\u00f3, el cuchillo era de mi marido&#8221;\" class=\"read-more\" href=\"https:\/\/www.diario21.tv\/noticias\/madre-de-detenido-en-asturias-asegura-mi-hijo-solo-se-defendio-el-cuchillo-era-de-mi-marido\/\" aria-label=\"Leer m\u00e1s sobre Madre de detenido en Asturias asegura: &#8220;Mi hijo solo se defendi\u00f3, el cuchillo era de mi marido&#8221;\">Seguir leyendo &rarr;<\/a><\/p>\n","protected":false},"author":20,"featured_media":6811,"comment_status":"open","ping_status":"open","sticky":false,"template":"","format":"standard","meta":{"footnotes":""},"categories":[13],"tags":[],"class_list":["post-6810","post","type-post","status-publish","format-standard","has-post-thumbnail","hentry","category-portada"],"yoast_head":"<!-- This site is optimized with the Yoast SEO plugin v25.6 - https:\/\/yoast.com\/wordpress\/plugins\/seo\/ -->\n<title>Madre de detenido en Asturias asegura: &quot;Mi hijo solo se defendi\u00f3, el cuchillo era de mi marido&quot; - Diario 21<\/title>\n<meta name=\"robots\" content=\"index, follow, max-snippet:-1, max-image-preview:large, max-video-preview:-1\" \/>\n<link rel=\"canonical\" href=\"https:\/\/www.diario21.tv\/noticias\/madre-de-detenido-en-asturias-asegura-mi-hijo-solo-se-defendio-el-cuchillo-era-de-mi-marido\/\" \/>\n<meta property=\"og:locale\" content=\"es_ES\" \/>\n<meta property=\"og:type\" content=\"article\" \/>\n<meta property=\"og:title\" content=\"Madre de detenido en Asturias asegura: &quot;Mi hijo solo se defendi\u00f3, el cuchillo era de mi marido&quot; - Diario 21\" \/>\n<meta property=\"og:description\" content=\"La esposa del fallecido en Asturias y madre del arrestado declara: &#8220;Mi hijo \u00fanicamente se defendi\u00f3, el cuchillo lo pose\u00eda mi esposo&#8221; En un giro dram\u00e1tico ... Seguir leyendo &rarr;\" \/>\n<meta property=\"og:url\" content=\"https:\/\/www.diario21.tv\/noticias\/madre-de-detenido-en-asturias-asegura-mi-hijo-solo-se-defendio-el-cuchillo-era-de-mi-marido\/\" \/>\n<meta property=\"og:site_name\" content=\"Diario 21\" \/>\n<meta property=\"article:published_time\" content=\"2026-04-08T04:11:20+00:00\" \/>\n<meta property=\"article:modified_time\" content=\"2026-04-08T04:11:21+00:00\" \/>\n<meta property=\"og:image\" content=\"https:\/\/www.diario21.tv\/noticias\/wp-content\/uploads\/2026\/04\/Madre-de-detenido-en-Asturias-asegura-Mi-hijo-solo-se.jpg\" \/>\n\t<meta property=\"og:image:width\" content=\"758\" \/>\n\t<meta property=\"og:image:height\" content=\"531\" \/>\n\t<meta property=\"og:image:type\" content=\"image\/jpeg\" \/>\n<meta name=\"author\" content=\"Juan P\u00e9rez\" \/>\n<meta name=\"twitter:card\" content=\"summary_large_image\" \/>\n<meta name=\"twitter:label1\" content=\"Escrito por\" \/>\n\t<meta name=\"twitter:data1\" content=\"Juan P\u00e9rez\" \/>\n\t<meta name=\"twitter:label2\" content=\"Tiempo de lectura\" \/>\n\t<meta name=\"twitter:data2\" content=\"2 minutos\" \/>\n<script type=\"application\/ld+json\" class=\"yoast-schema-graph\">{\"@context\":\"https:\/\/schema.org\",\"@graph\":[{\"@type\":\"WebPage\",\"@id\":\"https:\/\/www.diario21.tv\/noticias\/madre-de-detenido-en-asturias-asegura-mi-hijo-solo-se-defendio-el-cuchillo-era-de-mi-marido\/\",\"url\":\"https:\/\/www.diario21.tv\/noticias\/madre-de-detenido-en-asturias-asegura-mi-hijo-solo-se-defendio-el-cuchillo-era-de-mi-marido\/\",\"name\":\"Madre de detenido en Asturias asegura: \\\"Mi hijo solo se defendi\u00f3, el cuchillo era de mi marido\\\" - Diario 21\",\"isPartOf\":{\"@id\":\"https:\/\/www.diario21.tv\/noticias\/#website\"},\"primaryImageOfPage\":{\"@id\":\"https:\/\/www.diario21.tv\/noticias\/madre-de-detenido-en-asturias-asegura-mi-hijo-solo-se-defendio-el-cuchillo-era-de-mi-marido\/#primaryimage\"},\"image\":{\"@id\":\"https:\/\/www.diario21.tv\/noticias\/madre-de-detenido-en-asturias-asegura-mi-hijo-solo-se-defendio-el-cuchillo-era-de-mi-marido\/#primaryimage\"},\"thumbnailUrl\":\"https:\/\/www.diario21.tv\/noticias\/wp-content\/uploads\/2026\/04\/Madre-de-detenido-en-Asturias-asegura-Mi-hijo-solo-se.jpg\",\"datePublished\":\"2026-04-08T04:11:20+00:00\",\"dateModified\":\"2026-04-08T04:11:21+00:00\",\"author\":{\"@id\":\"https:\/\/www.diario21.tv\/noticias\/#\/schema\/person\/dfb778f73814d8f09f302618446a526b\"},\"breadcrumb\":{\"@id\":\"https:\/\/www.diario21.tv\/noticias\/madre-de-detenido-en-asturias-asegura-mi-hijo-solo-se-defendio-el-cuchillo-era-de-mi-marido\/#breadcrumb\"},\"inLanguage\":\"es-AR\",\"potentialAction\":[{\"@type\":\"ReadAction\",\"target\":[\"https:\/\/www.diario21.tv\/noticias\/madre-de-detenido-en-asturias-asegura-mi-hijo-solo-se-defendio-el-cuchillo-era-de-mi-marido\/\"]}]},{\"@type\":\"ImageObject\",\"inLanguage\":\"es-AR\",\"@id\":\"https:\/\/www.diario21.tv\/noticias\/madre-de-detenido-en-asturias-asegura-mi-hijo-solo-se-defendio-el-cuchillo-era-de-mi-marido\/#primaryimage\",\"url\":\"https:\/\/www.diario21.tv\/noticias\/wp-content\/uploads\/2026\/04\/Madre-de-detenido-en-Asturias-asegura-Mi-hijo-solo-se.jpg\",\"contentUrl\":\"https:\/\/www.diario21.tv\/noticias\/wp-content\/uploads\/2026\/04\/Madre-de-detenido-en-Asturias-asegura-Mi-hijo-solo-se.jpg\",\"width\":758,\"height\":531,\"caption\":\"La viuda del asesinado en Asturias, madre del detenido: \u00abMi hijo solo se defendi\u00f3, el cuchillo lo ten\u00eda mi marido\u00bb\"},{\"@type\":\"BreadcrumbList\",\"@id\":\"https:\/\/www.diario21.tv\/noticias\/madre-de-detenido-en-asturias-asegura-mi-hijo-solo-se-defendio-el-cuchillo-era-de-mi-marido\/#breadcrumb\",\"itemListElement\":[{\"@type\":\"ListItem\",\"position\":1,\"name\":\"Accueil\",\"item\":\"https:\/\/www.diario21.tv\/noticias\/\"},{\"@type\":\"ListItem\",\"position\":2,\"name\":\"Madre de detenido en Asturias asegura: &#8220;Mi hijo solo se defendi\u00f3, el cuchillo era de mi marido&#8221;\"}]},{\"@type\":\"WebSite\",\"@id\":\"https:\/\/www.diario21.tv\/noticias\/#website\",\"url\":\"https:\/\/www.diario21.tv\/noticias\/\",\"name\":\"Diario 21\",\"description\":\"\",\"potentialAction\":[{\"@type\":\"SearchAction\",\"target\":{\"@type\":\"EntryPoint\",\"urlTemplate\":\"https:\/\/www.diario21.tv\/noticias\/?s={search_term_string}\"},\"query-input\":{\"@type\":\"PropertyValueSpecification\",\"valueRequired\":true,\"valueName\":\"search_term_string\"}}],\"inLanguage\":\"es-AR\"},{\"@type\":\"Person\",\"@id\":\"https:\/\/www.diario21.tv\/noticias\/#\/schema\/person\/dfb778f73814d8f09f302618446a526b\",\"name\":\"Juan P\u00e9rez\",\"image\":{\"@type\":\"ImageObject\",\"inLanguage\":\"es-AR\",\"@id\":\"https:\/\/www.diario21.tv\/noticias\/#\/schema\/person\/image\/\",\"url\":\"https:\/\/secure.gravatar.com\/avatar\/c478a405bd10621167f4c3167cc770f5?s=96&d=mm&r=g\",\"contentUrl\":\"https:\/\/secure.gravatar.com\/avatar\/c478a405bd10621167f4c3167cc770f5?s=96&d=mm&r=g\",\"caption\":\"Juan P\u00e9rez\"},\"description\":\"Juan P\u00e9rez es el redactor en jefe de Diario 21. Con m\u00e1s de 10 a\u00f1os de experiencia en el periodismo, se especializa en pol\u00edtica nacional y an\u00e1lisis socioecon\u00f3mico. Su enfoque cr\u00edtico y riguroso aporta una perspectiva \u00fanica a cada art\u00edculo.\",\"sameAs\":[\"https:\/\/www.diario21.tv\/noticias\/\"],\"url\":\"https:\/\/www.diario21.tv\/noticias\/author\/juan-perez\/\"}]}<\/script>\n<!-- \/ Yoast SEO plugin. -->","yoast_head_json":{"title":"Madre de detenido en Asturias asegura: \"Mi hijo solo se defendi\u00f3, el cuchillo era de mi marido\" - Diario 21","robots":{"index":"index","follow":"follow","max-snippet":"max-snippet:-1","max-image-preview":"max-image-preview:large","max-video-preview":"max-video-preview:-1"},"canonical":"https:\/\/www.diario21.tv\/noticias\/madre-de-detenido-en-asturias-asegura-mi-hijo-solo-se-defendio-el-cuchillo-era-de-mi-marido\/","og_locale":"es_ES","og_type":"article","og_title":"Madre de detenido en Asturias asegura: \"Mi hijo solo se defendi\u00f3, el cuchillo era de mi marido\" - Diario 21","og_description":"La esposa del fallecido en Asturias y madre del arrestado declara: &#8220;Mi hijo \u00fanicamente se defendi\u00f3, el cuchillo lo pose\u00eda mi esposo&#8221; En un giro dram\u00e1tico ... Seguir leyendo &rarr;","og_url":"https:\/\/www.diario21.tv\/noticias\/madre-de-detenido-en-asturias-asegura-mi-hijo-solo-se-defendio-el-cuchillo-era-de-mi-marido\/","og_site_name":"Diario 21","article_published_time":"2026-04-08T04:11:20+00:00","article_modified_time":"2026-04-08T04:11:21+00:00","og_image":[{"width":758,"height":531,"url":"https:\/\/www.diario21.tv\/noticias\/wp-content\/uploads\/2026\/04\/Madre-de-detenido-en-Asturias-asegura-Mi-hijo-solo-se.jpg","type":"image\/jpeg"}],"author":"Juan P\u00e9rez","twitter_card":"summary_large_image","twitter_misc":{"Escrito por":"Juan P\u00e9rez","Tiempo de lectura":"2 minutos"},"schema":{"@context":"https:\/\/schema.org","@graph":[{"@type":"WebPage","@id":"https:\/\/www.diario21.tv\/noticias\/madre-de-detenido-en-asturias-asegura-mi-hijo-solo-se-defendio-el-cuchillo-era-de-mi-marido\/","url":"https:\/\/www.diario21.tv\/noticias\/madre-de-detenido-en-asturias-asegura-mi-hijo-solo-se-defendio-el-cuchillo-era-de-mi-marido\/","name":"Madre de detenido en Asturias asegura: \"Mi hijo solo se defendi\u00f3, el cuchillo era de mi marido\" - Diario 21","isPartOf":{"@id":"https:\/\/www.diario21.tv\/noticias\/#website"},"primaryImageOfPage":{"@id":"https:\/\/www.diario21.tv\/noticias\/madre-de-detenido-en-asturias-asegura-mi-hijo-solo-se-defendio-el-cuchillo-era-de-mi-marido\/#primaryimage"},"image":{"@id":"https:\/\/www.diario21.tv\/noticias\/madre-de-detenido-en-asturias-asegura-mi-hijo-solo-se-defendio-el-cuchillo-era-de-mi-marido\/#primaryimage"},"thumbnailUrl":"https:\/\/www.diario21.tv\/noticias\/wp-content\/uploads\/2026\/04\/Madre-de-detenido-en-Asturias-asegura-Mi-hijo-solo-se.jpg","datePublished":"2026-04-08T04:11:20+00:00","dateModified":"2026-04-08T04:11:21+00:00","author":{"@id":"https:\/\/www.diario21.tv\/noticias\/#\/schema\/person\/dfb778f73814d8f09f302618446a526b"},"breadcrumb":{"@id":"https:\/\/www.diario21.tv\/noticias\/madre-de-detenido-en-asturias-asegura-mi-hijo-solo-se-defendio-el-cuchillo-era-de-mi-marido\/#breadcrumb"},"inLanguage":"es-AR","potentialAction":[{"@type":"ReadAction","target":["https:\/\/www.diario21.tv\/noticias\/madre-de-detenido-en-asturias-asegura-mi-hijo-solo-se-defendio-el-cuchillo-era-de-mi-marido\/"]}]},{"@type":"ImageObject","inLanguage":"es-AR","@id":"https:\/\/www.diario21.tv\/noticias\/madre-de-detenido-en-asturias-asegura-mi-hijo-solo-se-defendio-el-cuchillo-era-de-mi-marido\/#primaryimage","url":"https:\/\/www.diario21.tv\/noticias\/wp-content\/uploads\/2026\/04\/Madre-de-detenido-en-Asturias-asegura-Mi-hijo-solo-se.jpg","contentUrl":"https:\/\/www.diario21.tv\/noticias\/wp-content\/uploads\/2026\/04\/Madre-de-detenido-en-Asturias-asegura-Mi-hijo-solo-se.jpg","width":758,"height":531,"caption":"La viuda del asesinado en Asturias, madre del detenido: \u00abMi hijo solo se defendi\u00f3, el cuchillo lo ten\u00eda mi marido\u00bb"},{"@type":"BreadcrumbList","@id":"https:\/\/www.diario21.tv\/noticias\/madre-de-detenido-en-asturias-asegura-mi-hijo-solo-se-defendio-el-cuchillo-era-de-mi-marido\/#breadcrumb","itemListElement":[{"@type":"ListItem","position":1,"name":"Accueil","item":"https:\/\/www.diario21.tv\/noticias\/"},{"@type":"ListItem","position":2,"name":"Madre de detenido en Asturias asegura: &#8220;Mi hijo solo se defendi\u00f3, el cuchillo era de mi marido&#8221;"}]},{"@type":"WebSite","@id":"https:\/\/www.diario21.tv\/noticias\/#website","url":"https:\/\/www.diario21.tv\/noticias\/","name":"Diario 21","description":"","potentialAction":[{"@type":"SearchAction","target":{"@type":"EntryPoint","urlTemplate":"https:\/\/www.diario21.tv\/noticias\/?s={search_term_string}"},"query-input":{"@type":"PropertyValueSpecification","valueRequired":true,"valueName":"search_term_string"}}],"inLanguage":"es-AR"},{"@type":"Person","@id":"https:\/\/www.diario21.tv\/noticias\/#\/schema\/person\/dfb778f73814d8f09f302618446a526b","name":"Juan P\u00e9rez","image":{"@type":"ImageObject","inLanguage":"es-AR","@id":"https:\/\/www.diario21.tv\/noticias\/#\/schema\/person\/image\/","url":"https:\/\/secure.gravatar.com\/avatar\/c478a405bd10621167f4c3167cc770f5?s=96&d=mm&r=g","contentUrl":"https:\/\/secure.gravatar.com\/avatar\/c478a405bd10621167f4c3167cc770f5?s=96&d=mm&r=g","caption":"Juan P\u00e9rez"},"description":"Juan P\u00e9rez es el redactor en jefe de Diario 21. Con m\u00e1s de 10 a\u00f1os de experiencia en el periodismo, se especializa en pol\u00edtica nacional y an\u00e1lisis socioecon\u00f3mico. Su enfoque cr\u00edtico y riguroso aporta una perspectiva \u00fanica a cada art\u00edculo.","sameAs":["https:\/\/www.diario21.tv\/noticias\/"],"url":"https:\/\/www.diario21.tv\/noticias\/author\/juan-perez\/"}]}},"_links":{"self":[{"href":"https:\/\/www.diario21.tv\/noticias\/wp-json\/wp\/v2\/posts\/6810"}],"collection":[{"href":"https:\/\/www.diario21.tv\/noticias\/wp-json\/wp\/v2\/posts"}],"about":[{"href":"https:\/\/www.diario21.tv\/noticias\/wp-json\/wp\/v2\/types\/post"}],"author":[{"embeddable":true,"href":"https:\/\/www.diario21.tv\/noticias\/wp-json\/wp\/v2\/users\/20"}],"replies":[{"embeddable":true,"href":"https:\/\/www.diario21.tv\/noticias\/wp-json\/wp\/v2\/comments?post=6810"}],"version-history":[{"count":1,"href":"https:\/\/www.diario21.tv\/noticias\/wp-json\/wp\/v2\/posts\/6810\/revisions"}],"predecessor-version":[{"id":6812,"href":"https:\/\/www.diario21.tv\/noticias\/wp-json\/wp\/v2\/posts\/6810\/revisions\/6812"}],"wp:featuredmedia":[{"embeddable":true,"href":"https:\/\/www.diario21.tv\/noticias\/wp-json\/wp\/v2\/media\/6811"}],"wp:attachment":[{"href":"https:\/\/www.diario21.tv\/noticias\/wp-json\/wp\/v2\/media?parent=6810"}],"wp:term":[{"taxonomy":"category","embeddable":true,"href":"https:\/\/www.diario21.tv\/noticias\/wp-json\/wp\/v2\/categories?post=6810"},{"taxonomy":"post_tag","embeddable":true,"href":"https:\/\/www.diario21.tv\/noticias\/wp-json\/wp\/v2\/tags?post=6810"}],"curies":[{"name":"wp","href":"https:\/\/api.w.org\/{rel}","templated":true}]}}