{"id":6807,"date":"2026-04-07T22:10:13","date_gmt":"2026-04-07T22:10:13","guid":{"rendered":"https:\/\/www.diario21.tv\/noticias\/impactante-dos-acusados-de-violacion-en-valencia-tras-forzar-consumo-de-cocaina-enfrentan-21-anos\/"},"modified":"2026-04-07T22:10:14","modified_gmt":"2026-04-07T22:10:14","slug":"impactante-dos-acusados-de-violacion-en-valencia-tras-forzar-consumo-de-cocaina-enfrentan-21-anos","status":"publish","type":"post","link":"https:\/\/www.diario21.tv\/noticias\/impactante-dos-acusados-de-violacion-en-valencia-tras-forzar-consumo-de-cocaina-enfrentan-21-anos\/","title":{"rendered":"\u00a1Impactante! Dos acusados de violaci\u00f3n en Valencia tras forzar consumo de coca\u00edna, enfrentan 21 a\u00f1os."},"content":{"rendered":"<h2>Solicitan Veinti\u00fan A\u00f1os de Prisi\u00f3n para Dos Hombres por Violaci\u00f3n en Valencia<\/h2>\n<p>En un caso alarmante ocurrido en Valencia, la fiscal\u00eda ha solicitado una pena de 21 a\u00f1os de c\u00e1rcel para cada uno de los dos hombres acusados de un delito grave de violaci\u00f3n. Seg\u00fan los informes, los acusados habr\u00edan forzado a una mujer a consumir coca\u00edna antes de cometer el acto de violencia sexual.<\/p>\n<h3>Detalles del Incidente<\/h3>\n<p>Los hechos se remontan a una noche espec\u00edfica en Valencia, cuando los dos hombres, que ahora enfrentan cargos serios, supuestamente obligaron a la v\u00edctima a ingerir coca\u00edna, una sustancia controlada y peligrosa. Bajo la influencia de la droga y sin capacidad para resistirse, la mujer fue violentamente agredida por los acusados.<\/p>\n<p>La acusaci\u00f3n sostiene que este acto fue premeditado y que los acusados utilizaron la droga como medio para incapacitar a la v\u00edctima y llevar a cabo su ataque sin enfrentar resistencia. Este detalle agrava la naturaleza del crimen, a\u00f1adiendo un elemento de coerci\u00f3n y manipulaci\u00f3n que la ley penaliza severamente.<\/p>\n<h3>Reacciones y Consecuencias Legales<\/h3>\n<p>El caso ha generado una considerable alarma en la comunidad y ha puesto de relieve la urgente necesidad de abordar la violencia sexual y el abuso de sustancias de manera conjunta. La fiscal\u00eda, al presentar su caso, ha subrayado la brutalidad del ataque y la premeditaci\u00f3n de los acusados, argumentando que tales actos no pueden ser tolerados en una sociedad que se esfuerza por proteger a los ciudadanos de la violencia y el abuso.<\/p>\n<p>Si son encontrados culpables, los hombres enfrentar\u00e1n no solo una larga estancia en prisi\u00f3n, sino tambi\u00e9n un severo repudio social. La ley espa\u00f1ola contempla penas rigurosas para delitos de esta naturaleza, buscando as\u00ed disuadir comportamientos similares y proteger a la comunidad de futuros ataques.<\/p>\n<p>Este caso contin\u00faa en proceso y toda la informaci\u00f3n presentada aqu\u00ed est\u00e1 basada en los datos proporcionados hasta la fecha. La comunidad espera atenta las futuras deliberaciones y la resoluci\u00f3n final del tribunal con la esperanza de que se haga justicia para la v\u00edctima.<\/p>\n\n\n<div class=\"kk-star-ratings kksr-auto kksr-align-left kksr-valign-bottom\"\n    data-payload='{&quot;align&quot;:&quot;left&quot;,&quot;id&quot;:&quot;6807&quot;,&quot;slug&quot;:&quot;default&quot;,&quot;valign&quot;:&quot;bottom&quot;,&quot;ignore&quot;:&quot;&quot;,&quot;reference&quot;:&quot;auto&quot;,&quot;class&quot;:&quot;&quot;,&quot;count&quot;:&quot;0&quot;,&quot;legendonly&quot;:&quot;&quot;,&quot;readonly&quot;:&quot;&quot;,&quot;score&quot;:&quot;0&quot;,&quot;starsonly&quot;:&quot;&quot;,&quot;best&quot;:&quot;5&quot;,&quot;gap&quot;:&quot;5&quot;,&quot;greet&quot;:&quot;Valora este post&quot;,&quot;legend&quot;:&quot;0\\\/5 - (0 votes)&quot;,&quot;size&quot;:&quot;22&quot;,&quot;title&quot;:&quot;\u00a1Impactante! Dos acusados de violaci\u00f3n en Valencia tras forzar consumo de coca\u00edna, enfrentan 21 a\u00f1os.&quot;,&quot;width&quot;:&quot;0&quot;,&quot;_legend&quot;:&quot;{score}\\\/{best} - ({count} {votes})&quot;,&quot;font_factor&quot;:&quot;1.25&quot;}'>\n            \n<div class=\"kksr-stars\">\n    \n<div class=\"kksr-stars-inactive\">\n            <div class=\"kksr-star\" data-star=\"1\" style=\"padding-right: 5px\">\n            \n\n<div class=\"kksr-icon\" style=\"width: 22px; height: 22px;\"><\/div>\n        <\/div>\n            <div class=\"kksr-star\" data-star=\"2\" style=\"padding-right: 5px\">\n            \n\n<div class=\"kksr-icon\" style=\"width: 22px; height: 22px;\"><\/div>\n        <\/div>\n            <div class=\"kksr-star\" data-star=\"3\" style=\"padding-right: 5px\">\n            \n\n<div class=\"kksr-icon\" style=\"width: 22px; height: 22px;\"><\/div>\n        <\/div>\n            <div class=\"kksr-star\" data-star=\"4\" style=\"padding-right: 5px\">\n            \n\n<div class=\"kksr-icon\" style=\"width: 22px; height: 22px;\"><\/div>\n        <\/div>\n            <div class=\"kksr-star\" data-star=\"5\" style=\"padding-right: 5px\">\n            \n\n<div class=\"kksr-icon\" style=\"width: 22px; height: 22px;\"><\/div>\n        <\/div>\n    <\/div>\n    \n<div class=\"kksr-stars-active\" style=\"width: 0px;\">\n            <div class=\"kksr-star\" style=\"padding-right: 5px\">\n            \n\n<div class=\"kksr-icon\" style=\"width: 22px; height: 22px;\"><\/div>\n        <\/div>\n            <div class=\"kksr-star\" style=\"padding-right: 5px\">\n            \n\n<div class=\"kksr-icon\" style=\"width: 22px; height: 22px;\"><\/div>\n        <\/div>\n            <div class=\"kksr-star\" style=\"padding-right: 5px\">\n            \n\n<div class=\"kksr-icon\" style=\"width: 22px; height: 22px;\"><\/div>\n        <\/div>\n            <div class=\"kksr-star\" style=\"padding-right: 5px\">\n            \n\n<div class=\"kksr-icon\" style=\"width: 22px; height: 22px;\"><\/div>\n        <\/div>\n            <div class=\"kksr-star\" style=\"padding-right: 5px\">\n            \n\n<div class=\"kksr-icon\" style=\"width: 22px; height: 22px;\"><\/div>\n        <\/div>\n    <\/div>\n<\/div>\n                \n\n<div class=\"kksr-legend\" style=\"font-size: 17.6px;\">\n            <span class=\"kksr-muted\">Valora este post<\/span>\n    <\/div>\n    <\/div>\n","protected":false},"excerpt":{"rendered":"<p>Solicitan Veinti\u00fan A\u00f1os de Prisi\u00f3n para Dos Hombres por Violaci\u00f3n en Valencia En un caso alarmante ocurrido en Valencia, la fiscal\u00eda ha solicitado una pena de &#8230; <a title=\"\u00a1Impactante! Dos acusados de violaci\u00f3n en Valencia tras forzar consumo de coca\u00edna, enfrentan 21 a\u00f1os.\" class=\"read-more\" href=\"https:\/\/www.diario21.tv\/noticias\/impactante-dos-acusados-de-violacion-en-valencia-tras-forzar-consumo-de-cocaina-enfrentan-21-anos\/\" aria-label=\"Leer m\u00e1s sobre \u00a1Impactante! Dos acusados de violaci\u00f3n en Valencia tras forzar consumo de coca\u00edna, enfrentan 21 a\u00f1os.\">Seguir leyendo &rarr;<\/a><\/p>\n","protected":false},"author":20,"featured_media":6808,"comment_status":"open","ping_status":"open","sticky":false,"template":"","format":"standard","meta":{"footnotes":""},"categories":[13],"tags":[],"class_list":["post-6807","post","type-post","status-publish","format-standard","has-post-thumbnail","hentry","category-portada"],"yoast_head":"<!-- This site is optimized with the Yoast SEO plugin v25.6 - https:\/\/yoast.com\/wordpress\/plugins\/seo\/ -->\n<title>\u00a1Impactante! Dos acusados de violaci\u00f3n en Valencia tras forzar consumo de coca\u00edna, enfrentan 21 a\u00f1os. - Diario 21<\/title>\n<meta name=\"robots\" content=\"index, follow, max-snippet:-1, max-image-preview:large, max-video-preview:-1\" \/>\n<link rel=\"canonical\" href=\"https:\/\/www.diario21.tv\/noticias\/impactante-dos-acusados-de-violacion-en-valencia-tras-forzar-consumo-de-cocaina-enfrentan-21-anos\/\" \/>\n<meta property=\"og:locale\" content=\"es_ES\" \/>\n<meta property=\"og:type\" content=\"article\" \/>\n<meta property=\"og:title\" content=\"\u00a1Impactante! Dos acusados de violaci\u00f3n en Valencia tras forzar consumo de coca\u00edna, enfrentan 21 a\u00f1os. - Diario 21\" \/>\n<meta property=\"og:description\" content=\"Solicitan Veinti\u00fan A\u00f1os de Prisi\u00f3n para Dos Hombres por Violaci\u00f3n en Valencia En un caso alarmante ocurrido en Valencia, la fiscal\u00eda ha solicitado una pena de ... Seguir leyendo &rarr;\" \/>\n<meta property=\"og:url\" content=\"https:\/\/www.diario21.tv\/noticias\/impactante-dos-acusados-de-violacion-en-valencia-tras-forzar-consumo-de-cocaina-enfrentan-21-anos\/\" \/>\n<meta property=\"og:site_name\" content=\"Diario 21\" \/>\n<meta property=\"article:published_time\" content=\"2026-04-07T22:10:13+00:00\" \/>\n<meta property=\"article:modified_time\" content=\"2026-04-07T22:10:14+00:00\" \/>\n<meta property=\"og:image\" content=\"https:\/\/www.diario21.tv\/noticias\/wp-content\/uploads\/2026\/04\/\u00a1Impactante-Dos-acusados-de-violacion-en-Valencia-tras-forzar-consumo.jpg\" \/>\n\t<meta property=\"og:image:width\" content=\"1200\" \/>\n\t<meta property=\"og:image:height\" content=\"840\" \/>\n\t<meta property=\"og:image:type\" content=\"image\/jpeg\" \/>\n<meta name=\"author\" content=\"Juan P\u00e9rez\" \/>\n<meta name=\"twitter:card\" content=\"summary_large_image\" \/>\n<meta name=\"twitter:label1\" content=\"Escrito por\" \/>\n\t<meta name=\"twitter:data1\" content=\"Juan P\u00e9rez\" \/>\n\t<meta name=\"twitter:label2\" content=\"Tiempo de lectura\" \/>\n\t<meta name=\"twitter:data2\" content=\"2 minutos\" \/>\n<script type=\"application\/ld+json\" class=\"yoast-schema-graph\">{\"@context\":\"https:\/\/schema.org\",\"@graph\":[{\"@type\":\"WebPage\",\"@id\":\"https:\/\/www.diario21.tv\/noticias\/impactante-dos-acusados-de-violacion-en-valencia-tras-forzar-consumo-de-cocaina-enfrentan-21-anos\/\",\"url\":\"https:\/\/www.diario21.tv\/noticias\/impactante-dos-acusados-de-violacion-en-valencia-tras-forzar-consumo-de-cocaina-enfrentan-21-anos\/\",\"name\":\"\u00a1Impactante! Dos acusados de violaci\u00f3n en Valencia tras forzar consumo de coca\u00edna, enfrentan 21 a\u00f1os. - Diario 21\",\"isPartOf\":{\"@id\":\"https:\/\/www.diario21.tv\/noticias\/#website\"},\"primaryImageOfPage\":{\"@id\":\"https:\/\/www.diario21.tv\/noticias\/impactante-dos-acusados-de-violacion-en-valencia-tras-forzar-consumo-de-cocaina-enfrentan-21-anos\/#primaryimage\"},\"image\":{\"@id\":\"https:\/\/www.diario21.tv\/noticias\/impactante-dos-acusados-de-violacion-en-valencia-tras-forzar-consumo-de-cocaina-enfrentan-21-anos\/#primaryimage\"},\"thumbnailUrl\":\"https:\/\/www.diario21.tv\/noticias\/wp-content\/uploads\/2026\/04\/\u00a1Impactante-Dos-acusados-de-violacion-en-Valencia-tras-forzar-consumo.jpg\",\"datePublished\":\"2026-04-07T22:10:13+00:00\",\"dateModified\":\"2026-04-07T22:10:14+00:00\",\"author\":{\"@id\":\"https:\/\/www.diario21.tv\/noticias\/#\/schema\/person\/dfb778f73814d8f09f302618446a526b\"},\"breadcrumb\":{\"@id\":\"https:\/\/www.diario21.tv\/noticias\/impactante-dos-acusados-de-violacion-en-valencia-tras-forzar-consumo-de-cocaina-enfrentan-21-anos\/#breadcrumb\"},\"inLanguage\":\"es-AR\",\"potentialAction\":[{\"@type\":\"ReadAction\",\"target\":[\"https:\/\/www.diario21.tv\/noticias\/impactante-dos-acusados-de-violacion-en-valencia-tras-forzar-consumo-de-cocaina-enfrentan-21-anos\/\"]}]},{\"@type\":\"ImageObject\",\"inLanguage\":\"es-AR\",\"@id\":\"https:\/\/www.diario21.tv\/noticias\/impactante-dos-acusados-de-violacion-en-valencia-tras-forzar-consumo-de-cocaina-enfrentan-21-anos\/#primaryimage\",\"url\":\"https:\/\/www.diario21.tv\/noticias\/wp-content\/uploads\/2026\/04\/\u00a1Impactante-Dos-acusados-de-violacion-en-Valencia-tras-forzar-consumo.jpg\",\"contentUrl\":\"https:\/\/www.diario21.tv\/noticias\/wp-content\/uploads\/2026\/04\/\u00a1Impactante-Dos-acusados-de-violacion-en-Valencia-tras-forzar-consumo.jpg\",\"width\":1200,\"height\":840,\"caption\":\"Piden 21 a\u00f1os de c\u00e1rcel para dos acusados de violar a una mujer en Valencia tras obligarla a ingerir coca\u00edna\"},{\"@type\":\"BreadcrumbList\",\"@id\":\"https:\/\/www.diario21.tv\/noticias\/impactante-dos-acusados-de-violacion-en-valencia-tras-forzar-consumo-de-cocaina-enfrentan-21-anos\/#breadcrumb\",\"itemListElement\":[{\"@type\":\"ListItem\",\"position\":1,\"name\":\"Accueil\",\"item\":\"https:\/\/www.diario21.tv\/noticias\/\"},{\"@type\":\"ListItem\",\"position\":2,\"name\":\"\u00a1Impactante! Dos acusados de violaci\u00f3n en Valencia tras forzar consumo de coca\u00edna, enfrentan 21 a\u00f1os.\"}]},{\"@type\":\"WebSite\",\"@id\":\"https:\/\/www.diario21.tv\/noticias\/#website\",\"url\":\"https:\/\/www.diario21.tv\/noticias\/\",\"name\":\"Diario 21\",\"description\":\"\",\"potentialAction\":[{\"@type\":\"SearchAction\",\"target\":{\"@type\":\"EntryPoint\",\"urlTemplate\":\"https:\/\/www.diario21.tv\/noticias\/?s={search_term_string}\"},\"query-input\":{\"@type\":\"PropertyValueSpecification\",\"valueRequired\":true,\"valueName\":\"search_term_string\"}}],\"inLanguage\":\"es-AR\"},{\"@type\":\"Person\",\"@id\":\"https:\/\/www.diario21.tv\/noticias\/#\/schema\/person\/dfb778f73814d8f09f302618446a526b\",\"name\":\"Juan P\u00e9rez\",\"image\":{\"@type\":\"ImageObject\",\"inLanguage\":\"es-AR\",\"@id\":\"https:\/\/www.diario21.tv\/noticias\/#\/schema\/person\/image\/\",\"url\":\"https:\/\/secure.gravatar.com\/avatar\/c478a405bd10621167f4c3167cc770f5?s=96&d=mm&r=g\",\"contentUrl\":\"https:\/\/secure.gravatar.com\/avatar\/c478a405bd10621167f4c3167cc770f5?s=96&d=mm&r=g\",\"caption\":\"Juan P\u00e9rez\"},\"description\":\"Juan P\u00e9rez es el redactor en jefe de Diario 21. Con m\u00e1s de 10 a\u00f1os de experiencia en el periodismo, se especializa en pol\u00edtica nacional y an\u00e1lisis socioecon\u00f3mico. Su enfoque cr\u00edtico y riguroso aporta una perspectiva \u00fanica a cada art\u00edculo.\",\"sameAs\":[\"https:\/\/www.diario21.tv\/noticias\/\"],\"url\":\"https:\/\/www.diario21.tv\/noticias\/author\/juan-perez\/\"}]}<\/script>\n<!-- \/ Yoast SEO plugin. -->","yoast_head_json":{"title":"\u00a1Impactante! Dos acusados de violaci\u00f3n en Valencia tras forzar consumo de coca\u00edna, enfrentan 21 a\u00f1os. - Diario 21","robots":{"index":"index","follow":"follow","max-snippet":"max-snippet:-1","max-image-preview":"max-image-preview:large","max-video-preview":"max-video-preview:-1"},"canonical":"https:\/\/www.diario21.tv\/noticias\/impactante-dos-acusados-de-violacion-en-valencia-tras-forzar-consumo-de-cocaina-enfrentan-21-anos\/","og_locale":"es_ES","og_type":"article","og_title":"\u00a1Impactante! Dos acusados de violaci\u00f3n en Valencia tras forzar consumo de coca\u00edna, enfrentan 21 a\u00f1os. - Diario 21","og_description":"Solicitan Veinti\u00fan A\u00f1os de Prisi\u00f3n para Dos Hombres por Violaci\u00f3n en Valencia En un caso alarmante ocurrido en Valencia, la fiscal\u00eda ha solicitado una pena de ... Seguir leyendo &rarr;","og_url":"https:\/\/www.diario21.tv\/noticias\/impactante-dos-acusados-de-violacion-en-valencia-tras-forzar-consumo-de-cocaina-enfrentan-21-anos\/","og_site_name":"Diario 21","article_published_time":"2026-04-07T22:10:13+00:00","article_modified_time":"2026-04-07T22:10:14+00:00","og_image":[{"width":1200,"height":840,"url":"https:\/\/www.diario21.tv\/noticias\/wp-content\/uploads\/2026\/04\/\u00a1Impactante-Dos-acusados-de-violacion-en-Valencia-tras-forzar-consumo.jpg","type":"image\/jpeg"}],"author":"Juan P\u00e9rez","twitter_card":"summary_large_image","twitter_misc":{"Escrito por":"Juan P\u00e9rez","Tiempo de lectura":"2 minutos"},"schema":{"@context":"https:\/\/schema.org","@graph":[{"@type":"WebPage","@id":"https:\/\/www.diario21.tv\/noticias\/impactante-dos-acusados-de-violacion-en-valencia-tras-forzar-consumo-de-cocaina-enfrentan-21-anos\/","url":"https:\/\/www.diario21.tv\/noticias\/impactante-dos-acusados-de-violacion-en-valencia-tras-forzar-consumo-de-cocaina-enfrentan-21-anos\/","name":"\u00a1Impactante! Dos acusados de violaci\u00f3n en Valencia tras forzar consumo de coca\u00edna, enfrentan 21 a\u00f1os. - Diario 21","isPartOf":{"@id":"https:\/\/www.diario21.tv\/noticias\/#website"},"primaryImageOfPage":{"@id":"https:\/\/www.diario21.tv\/noticias\/impactante-dos-acusados-de-violacion-en-valencia-tras-forzar-consumo-de-cocaina-enfrentan-21-anos\/#primaryimage"},"image":{"@id":"https:\/\/www.diario21.tv\/noticias\/impactante-dos-acusados-de-violacion-en-valencia-tras-forzar-consumo-de-cocaina-enfrentan-21-anos\/#primaryimage"},"thumbnailUrl":"https:\/\/www.diario21.tv\/noticias\/wp-content\/uploads\/2026\/04\/\u00a1Impactante-Dos-acusados-de-violacion-en-Valencia-tras-forzar-consumo.jpg","datePublished":"2026-04-07T22:10:13+00:00","dateModified":"2026-04-07T22:10:14+00:00","author":{"@id":"https:\/\/www.diario21.tv\/noticias\/#\/schema\/person\/dfb778f73814d8f09f302618446a526b"},"breadcrumb":{"@id":"https:\/\/www.diario21.tv\/noticias\/impactante-dos-acusados-de-violacion-en-valencia-tras-forzar-consumo-de-cocaina-enfrentan-21-anos\/#breadcrumb"},"inLanguage":"es-AR","potentialAction":[{"@type":"ReadAction","target":["https:\/\/www.diario21.tv\/noticias\/impactante-dos-acusados-de-violacion-en-valencia-tras-forzar-consumo-de-cocaina-enfrentan-21-anos\/"]}]},{"@type":"ImageObject","inLanguage":"es-AR","@id":"https:\/\/www.diario21.tv\/noticias\/impactante-dos-acusados-de-violacion-en-valencia-tras-forzar-consumo-de-cocaina-enfrentan-21-anos\/#primaryimage","url":"https:\/\/www.diario21.tv\/noticias\/wp-content\/uploads\/2026\/04\/\u00a1Impactante-Dos-acusados-de-violacion-en-Valencia-tras-forzar-consumo.jpg","contentUrl":"https:\/\/www.diario21.tv\/noticias\/wp-content\/uploads\/2026\/04\/\u00a1Impactante-Dos-acusados-de-violacion-en-Valencia-tras-forzar-consumo.jpg","width":1200,"height":840,"caption":"Piden 21 a\u00f1os de c\u00e1rcel para dos acusados de violar a una mujer en Valencia tras obligarla a ingerir coca\u00edna"},{"@type":"BreadcrumbList","@id":"https:\/\/www.diario21.tv\/noticias\/impactante-dos-acusados-de-violacion-en-valencia-tras-forzar-consumo-de-cocaina-enfrentan-21-anos\/#breadcrumb","itemListElement":[{"@type":"ListItem","position":1,"name":"Accueil","item":"https:\/\/www.diario21.tv\/noticias\/"},{"@type":"ListItem","position":2,"name":"\u00a1Impactante! Dos acusados de violaci\u00f3n en Valencia tras forzar consumo de coca\u00edna, enfrentan 21 a\u00f1os."}]},{"@type":"WebSite","@id":"https:\/\/www.diario21.tv\/noticias\/#website","url":"https:\/\/www.diario21.tv\/noticias\/","name":"Diario 21","description":"","potentialAction":[{"@type":"SearchAction","target":{"@type":"EntryPoint","urlTemplate":"https:\/\/www.diario21.tv\/noticias\/?s={search_term_string}"},"query-input":{"@type":"PropertyValueSpecification","valueRequired":true,"valueName":"search_term_string"}}],"inLanguage":"es-AR"},{"@type":"Person","@id":"https:\/\/www.diario21.tv\/noticias\/#\/schema\/person\/dfb778f73814d8f09f302618446a526b","name":"Juan P\u00e9rez","image":{"@type":"ImageObject","inLanguage":"es-AR","@id":"https:\/\/www.diario21.tv\/noticias\/#\/schema\/person\/image\/","url":"https:\/\/secure.gravatar.com\/avatar\/c478a405bd10621167f4c3167cc770f5?s=96&d=mm&r=g","contentUrl":"https:\/\/secure.gravatar.com\/avatar\/c478a405bd10621167f4c3167cc770f5?s=96&d=mm&r=g","caption":"Juan P\u00e9rez"},"description":"Juan P\u00e9rez es el redactor en jefe de Diario 21. Con m\u00e1s de 10 a\u00f1os de experiencia en el periodismo, se especializa en pol\u00edtica nacional y an\u00e1lisis socioecon\u00f3mico. Su enfoque cr\u00edtico y riguroso aporta una perspectiva \u00fanica a cada art\u00edculo.","sameAs":["https:\/\/www.diario21.tv\/noticias\/"],"url":"https:\/\/www.diario21.tv\/noticias\/author\/juan-perez\/"}]}},"_links":{"self":[{"href":"https:\/\/www.diario21.tv\/noticias\/wp-json\/wp\/v2\/posts\/6807"}],"collection":[{"href":"https:\/\/www.diario21.tv\/noticias\/wp-json\/wp\/v2\/posts"}],"about":[{"href":"https:\/\/www.diario21.tv\/noticias\/wp-json\/wp\/v2\/types\/post"}],"author":[{"embeddable":true,"href":"https:\/\/www.diario21.tv\/noticias\/wp-json\/wp\/v2\/users\/20"}],"replies":[{"embeddable":true,"href":"https:\/\/www.diario21.tv\/noticias\/wp-json\/wp\/v2\/comments?post=6807"}],"version-history":[{"count":1,"href":"https:\/\/www.diario21.tv\/noticias\/wp-json\/wp\/v2\/posts\/6807\/revisions"}],"predecessor-version":[{"id":6809,"href":"https:\/\/www.diario21.tv\/noticias\/wp-json\/wp\/v2\/posts\/6807\/revisions\/6809"}],"wp:featuredmedia":[{"embeddable":true,"href":"https:\/\/www.diario21.tv\/noticias\/wp-json\/wp\/v2\/media\/6808"}],"wp:attachment":[{"href":"https:\/\/www.diario21.tv\/noticias\/wp-json\/wp\/v2\/media?parent=6807"}],"wp:term":[{"taxonomy":"category","embeddable":true,"href":"https:\/\/www.diario21.tv\/noticias\/wp-json\/wp\/v2\/categories?post=6807"},{"taxonomy":"post_tag","embeddable":true,"href":"https:\/\/www.diario21.tv\/noticias\/wp-json\/wp\/v2\/tags?post=6807"}],"curies":[{"name":"wp","href":"https:\/\/api.w.org\/{rel}","templated":true}]}}