{"id":6804,"date":"2026-04-07T16:07:37","date_gmt":"2026-04-07T16:07:37","guid":{"rendered":"https:\/\/www.diario21.tv\/noticias\/impactante-detenido-por-matar-a-su-novia-en-vizcaya-queda-libre-provisionalmente\/"},"modified":"2026-04-07T16:07:38","modified_gmt":"2026-04-07T16:07:38","slug":"impactante-detenido-por-matar-a-su-novia-en-vizcaya-queda-libre-provisionalmente","status":"publish","type":"post","link":"https:\/\/www.diario21.tv\/noticias\/impactante-detenido-por-matar-a-su-novia-en-vizcaya-queda-libre-provisionalmente\/","title":{"rendered":"\u00a1Impactante! Detenido por matar a su novia en Vizcaya queda libre provisionalmente"},"content":{"rendered":"<h2>El Magistrado Ordena Libertad Provisional para el Sospechoso en el Caso de Homicidio de su Pareja en Vizcaya<\/h2>\n<p>En un giro reciente en los eventos judiciales, el juez ha decidido conceder la libertad provisional al hombre arrestado bajo la sospecha de estar implicado en el fallecimiento de su novia en Vizcaya. Este caso ha capturado la atenci\u00f3n p\u00fablica y generado un considerable debate sobre las medidas de protecci\u00f3n y justicia en delitos de \u00edndole personal y familiar.<\/p>\n<h3>Detalles del Caso<\/h3>\n<p>El incidente que dio lugar a la detenci\u00f3n ocurri\u00f3 hace unas semanas, cuando la polic\u00eda encontr\u00f3 a la mujer sin vida en su domicilio tras recibir una llamada de emergencia. El novio de la v\u00edctima fue arrestado poco despu\u00e9s como principal sospechoso del homicidio. Desde entonces, ha estado bajo custodia mientras se llevaban a cabo las investigaciones preliminares.<\/p>\n<h3>Argumentos de la Defensa y la Fiscal\u00eda<\/h3>\n<p>Durante la audiencia m\u00e1s reciente, la defensa argument\u00f3 que no exist\u00edan pruebas concluyentes que vincularan directamente al detenido con el crimen. Alegaron que su cliente deber\u00eda ser puesto en libertad mientras contin\u00faan las investigaciones, citando la falta de antecedentes penales y su arraigo en la comunidad como factores de mitigaci\u00f3n.<\/p>\n<p>Por otro lado, la fiscal\u00eda insisti\u00f3 en la gravedad de los cargos y expres\u00f3 preocupaci\u00f3n por la posibilidad de fuga o de que el sospechoso pudiera influir en testigos o pruebas si se le conced\u00eda la libertad. Sin embargo, no pudieron proporcionar evidencia irrefutable que justificara mantener al hombre en prisi\u00f3n preventiva sin condiciones.<\/p>\n<h3>Decisi\u00f3n Judicial y Condiciones Impuestas<\/h3>\n<p>El juez, tras evaluar todos los argumentos presentados, opt\u00f3 por otorgar la libertad provisional al sospechoso. Esta decisi\u00f3n viene acompa\u00f1ada de varias condiciones estrictas dise\u00f1adas para asegurar que el acusado no abandone el pa\u00eds ni obstruya el proceso judicial en curso. Entre estas condiciones, se incluye la obligaci\u00f3n de presentarse regularmente ante la autoridad judicial, la prohibici\u00f3n de salir del pa\u00eds y la orden de mantenerse alejado de los testigos y familiares de la v\u00edctima.<\/p>\n<h3>Reacciones y Consecuencias<\/h3>\n<p>La decisi\u00f3n ha provocado reacciones mixtas entre los ciudadanos y grupos de defensa, con algunos expresando preocupaci\u00f3n por la seguridad y la justicia para la familia de la v\u00edctima, mientras que otros aplauden la preservaci\u00f3n de los derechos del sospechoso en el marco de la ley hasta que se pruebe su culpabilidad o inocencia.<\/p>\n<p>Este caso sigue en desarrollo y se espera que las investigaciones adicionales arrojen m\u00e1s luz sobre las circunstancias que rodearon la tr\u00e1gica muerte de la joven. La comunidad y los medios de comunicaci\u00f3n estar\u00e1n atentos a cualquier actualizaci\u00f3n futura, esperando que la justicia prevalezca para todas las partes involucradas.<\/p>\n\n\n<div class=\"kk-star-ratings kksr-auto kksr-align-left kksr-valign-bottom\"\n    data-payload='{&quot;align&quot;:&quot;left&quot;,&quot;id&quot;:&quot;6804&quot;,&quot;slug&quot;:&quot;default&quot;,&quot;valign&quot;:&quot;bottom&quot;,&quot;ignore&quot;:&quot;&quot;,&quot;reference&quot;:&quot;auto&quot;,&quot;class&quot;:&quot;&quot;,&quot;count&quot;:&quot;0&quot;,&quot;legendonly&quot;:&quot;&quot;,&quot;readonly&quot;:&quot;&quot;,&quot;score&quot;:&quot;0&quot;,&quot;starsonly&quot;:&quot;&quot;,&quot;best&quot;:&quot;5&quot;,&quot;gap&quot;:&quot;5&quot;,&quot;greet&quot;:&quot;Valora este post&quot;,&quot;legend&quot;:&quot;0\\\/5 - (0 votes)&quot;,&quot;size&quot;:&quot;22&quot;,&quot;title&quot;:&quot;\u00a1Impactante! Detenido por matar a su novia en Vizcaya queda libre provisionalmente&quot;,&quot;width&quot;:&quot;0&quot;,&quot;_legend&quot;:&quot;{score}\\\/{best} - ({count} {votes})&quot;,&quot;font_factor&quot;:&quot;1.25&quot;}'>\n            \n<div class=\"kksr-stars\">\n    \n<div class=\"kksr-stars-inactive\">\n            <div class=\"kksr-star\" data-star=\"1\" style=\"padding-right: 5px\">\n            \n\n<div class=\"kksr-icon\" style=\"width: 22px; height: 22px;\"><\/div>\n        <\/div>\n            <div class=\"kksr-star\" data-star=\"2\" style=\"padding-right: 5px\">\n            \n\n<div class=\"kksr-icon\" style=\"width: 22px; height: 22px;\"><\/div>\n        <\/div>\n            <div class=\"kksr-star\" data-star=\"3\" style=\"padding-right: 5px\">\n            \n\n<div class=\"kksr-icon\" style=\"width: 22px; height: 22px;\"><\/div>\n        <\/div>\n            <div class=\"kksr-star\" data-star=\"4\" style=\"padding-right: 5px\">\n            \n\n<div class=\"kksr-icon\" style=\"width: 22px; height: 22px;\"><\/div>\n        <\/div>\n            <div class=\"kksr-star\" data-star=\"5\" style=\"padding-right: 5px\">\n            \n\n<div class=\"kksr-icon\" style=\"width: 22px; height: 22px;\"><\/div>\n        <\/div>\n    <\/div>\n    \n<div class=\"kksr-stars-active\" style=\"width: 0px;\">\n            <div class=\"kksr-star\" style=\"padding-right: 5px\">\n            \n\n<div class=\"kksr-icon\" style=\"width: 22px; height: 22px;\"><\/div>\n        <\/div>\n            <div class=\"kksr-star\" style=\"padding-right: 5px\">\n            \n\n<div class=\"kksr-icon\" style=\"width: 22px; height: 22px;\"><\/div>\n        <\/div>\n            <div class=\"kksr-star\" style=\"padding-right: 5px\">\n            \n\n<div class=\"kksr-icon\" style=\"width: 22px; height: 22px;\"><\/div>\n        <\/div>\n            <div class=\"kksr-star\" style=\"padding-right: 5px\">\n            \n\n<div class=\"kksr-icon\" style=\"width: 22px; height: 22px;\"><\/div>\n        <\/div>\n            <div class=\"kksr-star\" style=\"padding-right: 5px\">\n            \n\n<div class=\"kksr-icon\" style=\"width: 22px; height: 22px;\"><\/div>\n        <\/div>\n    <\/div>\n<\/div>\n                \n\n<div class=\"kksr-legend\" style=\"font-size: 17.6px;\">\n            <span class=\"kksr-muted\">Valora este post<\/span>\n    <\/div>\n    <\/div>\n","protected":false},"excerpt":{"rendered":"<p>El Magistrado Ordena Libertad Provisional para el Sospechoso en el Caso de Homicidio de su Pareja en Vizcaya En un giro reciente en los eventos judiciales, &#8230; <a title=\"\u00a1Impactante! Detenido por matar a su novia en Vizcaya queda libre provisionalmente\" class=\"read-more\" href=\"https:\/\/www.diario21.tv\/noticias\/impactante-detenido-por-matar-a-su-novia-en-vizcaya-queda-libre-provisionalmente\/\" aria-label=\"Leer m\u00e1s sobre \u00a1Impactante! Detenido por matar a su novia en Vizcaya queda libre provisionalmente\">Seguir leyendo &rarr;<\/a><\/p>\n","protected":false},"author":20,"featured_media":6805,"comment_status":"open","ping_status":"open","sticky":false,"template":"","format":"standard","meta":{"footnotes":""},"categories":[13],"tags":[],"class_list":["post-6804","post","type-post","status-publish","format-standard","has-post-thumbnail","hentry","category-portada"],"yoast_head":"<!-- This site is optimized with the Yoast SEO plugin v25.6 - https:\/\/yoast.com\/wordpress\/plugins\/seo\/ -->\n<title>\u00a1Impactante! Detenido por matar a su novia en Vizcaya queda libre provisionalmente - Diario 21<\/title>\n<meta name=\"robots\" content=\"index, follow, max-snippet:-1, max-image-preview:large, max-video-preview:-1\" \/>\n<link rel=\"canonical\" href=\"https:\/\/www.diario21.tv\/noticias\/impactante-detenido-por-matar-a-su-novia-en-vizcaya-queda-libre-provisionalmente\/\" \/>\n<meta property=\"og:locale\" content=\"es_ES\" \/>\n<meta property=\"og:type\" content=\"article\" \/>\n<meta property=\"og:title\" content=\"\u00a1Impactante! Detenido por matar a su novia en Vizcaya queda libre provisionalmente - Diario 21\" \/>\n<meta property=\"og:description\" content=\"El Magistrado Ordena Libertad Provisional para el Sospechoso en el Caso de Homicidio de su Pareja en Vizcaya En un giro reciente en los eventos judiciales, ... Seguir leyendo &rarr;\" \/>\n<meta property=\"og:url\" content=\"https:\/\/www.diario21.tv\/noticias\/impactante-detenido-por-matar-a-su-novia-en-vizcaya-queda-libre-provisionalmente\/\" \/>\n<meta property=\"og:site_name\" content=\"Diario 21\" \/>\n<meta property=\"article:published_time\" content=\"2026-04-07T16:07:37+00:00\" \/>\n<meta property=\"article:modified_time\" content=\"2026-04-07T16:07:38+00:00\" \/>\n<meta property=\"og:image\" content=\"https:\/\/www.diario21.tv\/noticias\/wp-content\/uploads\/2026\/04\/\u00a1Impactante-Detenido-por-matar-a-su-novia-en-Vizcaya-queda.jpg\" \/>\n\t<meta property=\"og:image:width\" content=\"758\" \/>\n\t<meta property=\"og:image:height\" content=\"505\" \/>\n\t<meta property=\"og:image:type\" content=\"image\/jpeg\" \/>\n<meta name=\"author\" content=\"Juan P\u00e9rez\" \/>\n<meta name=\"twitter:card\" content=\"summary_large_image\" \/>\n<meta name=\"twitter:label1\" content=\"Escrito por\" \/>\n\t<meta name=\"twitter:data1\" content=\"Juan P\u00e9rez\" \/>\n\t<meta name=\"twitter:label2\" content=\"Tiempo de lectura\" \/>\n\t<meta name=\"twitter:data2\" content=\"2 minutos\" \/>\n<script type=\"application\/ld+json\" class=\"yoast-schema-graph\">{\"@context\":\"https:\/\/schema.org\",\"@graph\":[{\"@type\":\"WebPage\",\"@id\":\"https:\/\/www.diario21.tv\/noticias\/impactante-detenido-por-matar-a-su-novia-en-vizcaya-queda-libre-provisionalmente\/\",\"url\":\"https:\/\/www.diario21.tv\/noticias\/impactante-detenido-por-matar-a-su-novia-en-vizcaya-queda-libre-provisionalmente\/\",\"name\":\"\u00a1Impactante! Detenido por matar a su novia en Vizcaya queda libre provisionalmente - Diario 21\",\"isPartOf\":{\"@id\":\"https:\/\/www.diario21.tv\/noticias\/#website\"},\"primaryImageOfPage\":{\"@id\":\"https:\/\/www.diario21.tv\/noticias\/impactante-detenido-por-matar-a-su-novia-en-vizcaya-queda-libre-provisionalmente\/#primaryimage\"},\"image\":{\"@id\":\"https:\/\/www.diario21.tv\/noticias\/impactante-detenido-por-matar-a-su-novia-en-vizcaya-queda-libre-provisionalmente\/#primaryimage\"},\"thumbnailUrl\":\"https:\/\/www.diario21.tv\/noticias\/wp-content\/uploads\/2026\/04\/\u00a1Impactante-Detenido-por-matar-a-su-novia-en-Vizcaya-queda.jpg\",\"datePublished\":\"2026-04-07T16:07:37+00:00\",\"dateModified\":\"2026-04-07T16:07:38+00:00\",\"author\":{\"@id\":\"https:\/\/www.diario21.tv\/noticias\/#\/schema\/person\/dfb778f73814d8f09f302618446a526b\"},\"breadcrumb\":{\"@id\":\"https:\/\/www.diario21.tv\/noticias\/impactante-detenido-por-matar-a-su-novia-en-vizcaya-queda-libre-provisionalmente\/#breadcrumb\"},\"inLanguage\":\"es-AR\",\"potentialAction\":[{\"@type\":\"ReadAction\",\"target\":[\"https:\/\/www.diario21.tv\/noticias\/impactante-detenido-por-matar-a-su-novia-en-vizcaya-queda-libre-provisionalmente\/\"]}]},{\"@type\":\"ImageObject\",\"inLanguage\":\"es-AR\",\"@id\":\"https:\/\/www.diario21.tv\/noticias\/impactante-detenido-por-matar-a-su-novia-en-vizcaya-queda-libre-provisionalmente\/#primaryimage\",\"url\":\"https:\/\/www.diario21.tv\/noticias\/wp-content\/uploads\/2026\/04\/\u00a1Impactante-Detenido-por-matar-a-su-novia-en-Vizcaya-queda.jpg\",\"contentUrl\":\"https:\/\/www.diario21.tv\/noticias\/wp-content\/uploads\/2026\/04\/\u00a1Impactante-Detenido-por-matar-a-su-novia-en-Vizcaya-queda.jpg\",\"width\":758,\"height\":505,\"caption\":\"El juez deja en libertad provisional al detenido por la muerte de su novia en Vizcaya\"},{\"@type\":\"BreadcrumbList\",\"@id\":\"https:\/\/www.diario21.tv\/noticias\/impactante-detenido-por-matar-a-su-novia-en-vizcaya-queda-libre-provisionalmente\/#breadcrumb\",\"itemListElement\":[{\"@type\":\"ListItem\",\"position\":1,\"name\":\"Accueil\",\"item\":\"https:\/\/www.diario21.tv\/noticias\/\"},{\"@type\":\"ListItem\",\"position\":2,\"name\":\"\u00a1Impactante! Detenido por matar a su novia en Vizcaya queda libre provisionalmente\"}]},{\"@type\":\"WebSite\",\"@id\":\"https:\/\/www.diario21.tv\/noticias\/#website\",\"url\":\"https:\/\/www.diario21.tv\/noticias\/\",\"name\":\"Diario 21\",\"description\":\"\",\"potentialAction\":[{\"@type\":\"SearchAction\",\"target\":{\"@type\":\"EntryPoint\",\"urlTemplate\":\"https:\/\/www.diario21.tv\/noticias\/?s={search_term_string}\"},\"query-input\":{\"@type\":\"PropertyValueSpecification\",\"valueRequired\":true,\"valueName\":\"search_term_string\"}}],\"inLanguage\":\"es-AR\"},{\"@type\":\"Person\",\"@id\":\"https:\/\/www.diario21.tv\/noticias\/#\/schema\/person\/dfb778f73814d8f09f302618446a526b\",\"name\":\"Juan P\u00e9rez\",\"image\":{\"@type\":\"ImageObject\",\"inLanguage\":\"es-AR\",\"@id\":\"https:\/\/www.diario21.tv\/noticias\/#\/schema\/person\/image\/\",\"url\":\"https:\/\/secure.gravatar.com\/avatar\/c478a405bd10621167f4c3167cc770f5?s=96&d=mm&r=g\",\"contentUrl\":\"https:\/\/secure.gravatar.com\/avatar\/c478a405bd10621167f4c3167cc770f5?s=96&d=mm&r=g\",\"caption\":\"Juan P\u00e9rez\"},\"description\":\"Juan P\u00e9rez es el redactor en jefe de Diario 21. Con m\u00e1s de 10 a\u00f1os de experiencia en el periodismo, se especializa en pol\u00edtica nacional y an\u00e1lisis socioecon\u00f3mico. Su enfoque cr\u00edtico y riguroso aporta una perspectiva \u00fanica a cada art\u00edculo.\",\"sameAs\":[\"https:\/\/www.diario21.tv\/noticias\/\"],\"url\":\"https:\/\/www.diario21.tv\/noticias\/author\/juan-perez\/\"}]}<\/script>\n<!-- \/ Yoast SEO plugin. -->","yoast_head_json":{"title":"\u00a1Impactante! Detenido por matar a su novia en Vizcaya queda libre provisionalmente - Diario 21","robots":{"index":"index","follow":"follow","max-snippet":"max-snippet:-1","max-image-preview":"max-image-preview:large","max-video-preview":"max-video-preview:-1"},"canonical":"https:\/\/www.diario21.tv\/noticias\/impactante-detenido-por-matar-a-su-novia-en-vizcaya-queda-libre-provisionalmente\/","og_locale":"es_ES","og_type":"article","og_title":"\u00a1Impactante! Detenido por matar a su novia en Vizcaya queda libre provisionalmente - Diario 21","og_description":"El Magistrado Ordena Libertad Provisional para el Sospechoso en el Caso de Homicidio de su Pareja en Vizcaya En un giro reciente en los eventos judiciales, ... Seguir leyendo &rarr;","og_url":"https:\/\/www.diario21.tv\/noticias\/impactante-detenido-por-matar-a-su-novia-en-vizcaya-queda-libre-provisionalmente\/","og_site_name":"Diario 21","article_published_time":"2026-04-07T16:07:37+00:00","article_modified_time":"2026-04-07T16:07:38+00:00","og_image":[{"width":758,"height":505,"url":"https:\/\/www.diario21.tv\/noticias\/wp-content\/uploads\/2026\/04\/\u00a1Impactante-Detenido-por-matar-a-su-novia-en-Vizcaya-queda.jpg","type":"image\/jpeg"}],"author":"Juan P\u00e9rez","twitter_card":"summary_large_image","twitter_misc":{"Escrito por":"Juan P\u00e9rez","Tiempo de lectura":"2 minutos"},"schema":{"@context":"https:\/\/schema.org","@graph":[{"@type":"WebPage","@id":"https:\/\/www.diario21.tv\/noticias\/impactante-detenido-por-matar-a-su-novia-en-vizcaya-queda-libre-provisionalmente\/","url":"https:\/\/www.diario21.tv\/noticias\/impactante-detenido-por-matar-a-su-novia-en-vizcaya-queda-libre-provisionalmente\/","name":"\u00a1Impactante! Detenido por matar a su novia en Vizcaya queda libre provisionalmente - Diario 21","isPartOf":{"@id":"https:\/\/www.diario21.tv\/noticias\/#website"},"primaryImageOfPage":{"@id":"https:\/\/www.diario21.tv\/noticias\/impactante-detenido-por-matar-a-su-novia-en-vizcaya-queda-libre-provisionalmente\/#primaryimage"},"image":{"@id":"https:\/\/www.diario21.tv\/noticias\/impactante-detenido-por-matar-a-su-novia-en-vizcaya-queda-libre-provisionalmente\/#primaryimage"},"thumbnailUrl":"https:\/\/www.diario21.tv\/noticias\/wp-content\/uploads\/2026\/04\/\u00a1Impactante-Detenido-por-matar-a-su-novia-en-Vizcaya-queda.jpg","datePublished":"2026-04-07T16:07:37+00:00","dateModified":"2026-04-07T16:07:38+00:00","author":{"@id":"https:\/\/www.diario21.tv\/noticias\/#\/schema\/person\/dfb778f73814d8f09f302618446a526b"},"breadcrumb":{"@id":"https:\/\/www.diario21.tv\/noticias\/impactante-detenido-por-matar-a-su-novia-en-vizcaya-queda-libre-provisionalmente\/#breadcrumb"},"inLanguage":"es-AR","potentialAction":[{"@type":"ReadAction","target":["https:\/\/www.diario21.tv\/noticias\/impactante-detenido-por-matar-a-su-novia-en-vizcaya-queda-libre-provisionalmente\/"]}]},{"@type":"ImageObject","inLanguage":"es-AR","@id":"https:\/\/www.diario21.tv\/noticias\/impactante-detenido-por-matar-a-su-novia-en-vizcaya-queda-libre-provisionalmente\/#primaryimage","url":"https:\/\/www.diario21.tv\/noticias\/wp-content\/uploads\/2026\/04\/\u00a1Impactante-Detenido-por-matar-a-su-novia-en-Vizcaya-queda.jpg","contentUrl":"https:\/\/www.diario21.tv\/noticias\/wp-content\/uploads\/2026\/04\/\u00a1Impactante-Detenido-por-matar-a-su-novia-en-Vizcaya-queda.jpg","width":758,"height":505,"caption":"El juez deja en libertad provisional al detenido por la muerte de su novia en Vizcaya"},{"@type":"BreadcrumbList","@id":"https:\/\/www.diario21.tv\/noticias\/impactante-detenido-por-matar-a-su-novia-en-vizcaya-queda-libre-provisionalmente\/#breadcrumb","itemListElement":[{"@type":"ListItem","position":1,"name":"Accueil","item":"https:\/\/www.diario21.tv\/noticias\/"},{"@type":"ListItem","position":2,"name":"\u00a1Impactante! Detenido por matar a su novia en Vizcaya queda libre provisionalmente"}]},{"@type":"WebSite","@id":"https:\/\/www.diario21.tv\/noticias\/#website","url":"https:\/\/www.diario21.tv\/noticias\/","name":"Diario 21","description":"","potentialAction":[{"@type":"SearchAction","target":{"@type":"EntryPoint","urlTemplate":"https:\/\/www.diario21.tv\/noticias\/?s={search_term_string}"},"query-input":{"@type":"PropertyValueSpecification","valueRequired":true,"valueName":"search_term_string"}}],"inLanguage":"es-AR"},{"@type":"Person","@id":"https:\/\/www.diario21.tv\/noticias\/#\/schema\/person\/dfb778f73814d8f09f302618446a526b","name":"Juan P\u00e9rez","image":{"@type":"ImageObject","inLanguage":"es-AR","@id":"https:\/\/www.diario21.tv\/noticias\/#\/schema\/person\/image\/","url":"https:\/\/secure.gravatar.com\/avatar\/c478a405bd10621167f4c3167cc770f5?s=96&d=mm&r=g","contentUrl":"https:\/\/secure.gravatar.com\/avatar\/c478a405bd10621167f4c3167cc770f5?s=96&d=mm&r=g","caption":"Juan P\u00e9rez"},"description":"Juan P\u00e9rez es el redactor en jefe de Diario 21. Con m\u00e1s de 10 a\u00f1os de experiencia en el periodismo, se especializa en pol\u00edtica nacional y an\u00e1lisis socioecon\u00f3mico. Su enfoque cr\u00edtico y riguroso aporta una perspectiva \u00fanica a cada art\u00edculo.","sameAs":["https:\/\/www.diario21.tv\/noticias\/"],"url":"https:\/\/www.diario21.tv\/noticias\/author\/juan-perez\/"}]}},"_links":{"self":[{"href":"https:\/\/www.diario21.tv\/noticias\/wp-json\/wp\/v2\/posts\/6804"}],"collection":[{"href":"https:\/\/www.diario21.tv\/noticias\/wp-json\/wp\/v2\/posts"}],"about":[{"href":"https:\/\/www.diario21.tv\/noticias\/wp-json\/wp\/v2\/types\/post"}],"author":[{"embeddable":true,"href":"https:\/\/www.diario21.tv\/noticias\/wp-json\/wp\/v2\/users\/20"}],"replies":[{"embeddable":true,"href":"https:\/\/www.diario21.tv\/noticias\/wp-json\/wp\/v2\/comments?post=6804"}],"version-history":[{"count":1,"href":"https:\/\/www.diario21.tv\/noticias\/wp-json\/wp\/v2\/posts\/6804\/revisions"}],"predecessor-version":[{"id":6806,"href":"https:\/\/www.diario21.tv\/noticias\/wp-json\/wp\/v2\/posts\/6804\/revisions\/6806"}],"wp:featuredmedia":[{"embeddable":true,"href":"https:\/\/www.diario21.tv\/noticias\/wp-json\/wp\/v2\/media\/6805"}],"wp:attachment":[{"href":"https:\/\/www.diario21.tv\/noticias\/wp-json\/wp\/v2\/media?parent=6804"}],"wp:term":[{"taxonomy":"category","embeddable":true,"href":"https:\/\/www.diario21.tv\/noticias\/wp-json\/wp\/v2\/categories?post=6804"},{"taxonomy":"post_tag","embeddable":true,"href":"https:\/\/www.diario21.tv\/noticias\/wp-json\/wp\/v2\/tags?post=6804"}],"curies":[{"name":"wp","href":"https:\/\/api.w.org\/{rel}","templated":true}]}}