{"id":6786,"date":"2026-04-06T03:52:14","date_gmt":"2026-04-06T03:52:14","guid":{"rendered":"https:\/\/www.diario21.tv\/noticias\/urgente-detenido-por-matar-a-su-padrastro-en-asturias-a-prision-por-riesgo-de-fuga\/"},"modified":"2026-04-06T03:52:16","modified_gmt":"2026-04-06T03:52:16","slug":"urgente-detenido-por-matar-a-su-padrastro-en-asturias-a-prision-por-riesgo-de-fuga","status":"publish","type":"post","link":"https:\/\/www.diario21.tv\/noticias\/urgente-detenido-por-matar-a-su-padrastro-en-asturias-a-prision-por-riesgo-de-fuga\/","title":{"rendered":"\u00a1Urgente! Detenido por matar a su padrastro en Asturias, a prisi\u00f3n por riesgo de fuga"},"content":{"rendered":"<h2>El Detenido por el Asesinato de su Padrastro en Asturias es Enviado a Prisi\u00f3n<\/h2>\n<p>La justicia ha tomado una decisi\u00f3n firme en el caso del reciente homicidio ocurrido en Asturias, donde un hombre fue arrestado por la muerte de su padrastro. El sujeto, cuya identidad se mantiene en reserva, ha sido enviado a prisi\u00f3n preventiva debido a preocupaciones sobre la posibilidad de que intente fugarse.<\/p>\n<h3>Detalles del Caso<\/h3>\n<p>El incidente que desencaden\u00f3 la detenci\u00f3n ocurri\u00f3 hace pocos d\u00edas y ha conmovido a la comunidad local. Seg\u00fan informes preliminares, la polic\u00eda fue alertada sobre un altercado violento en una residencia familiar. Al llegar al lugar, encontraron al padrastro del detenido, gravemente herido. A pesar de los esfuerzos por salvarlo, el hombre falleci\u00f3 debido a las lesiones sufridas.<\/p>\n<p>El sospechoso fue arrestado en la escena sin incidentes mayores. Las autoridades, tras una evaluaci\u00f3n inicial de la situaci\u00f3n y el riesgo potencial de que el acusado pudiera intentar evadir la justicia, decidieron proceder con su env\u00edo a prisi\u00f3n provisional.<\/p>\n<h3>Medidas Judiciales y Pr\u00f3ximos Pasos<\/h3>\n<p>Durante la audiencia, el fiscal encargado del caso argument\u00f3 firmemente a favor de la medida de prisi\u00f3n preventiva, citando el riesgo significativo de fuga. Adem\u00e1s, se mencion\u00f3 la severidad del delito y las pruebas iniciales que apuntan a la responsabilidad del detenido en el homicidio de su padrastro.<\/p>\n<p>El juez accedi\u00f3 a la solicitud del fiscal, ordenando que el acusado permanezca bajo custodia mientras contin\u00faa la investigaci\u00f3n y se prepara el juicio. Este caso ha resaltado la rapidez y la seriedad con la que las autoridades est\u00e1n manejando los delitos de esta naturaleza.<\/p>\n<p>La comunidad de Asturias ha reaccionado con preocupaci\u00f3n ante este suceso, y muchos esperan que la justicia act\u00fae de manera justa y decisiva. Por ahora, el sospechoso se encuentra en prisi\u00f3n, y las autoridades est\u00e1n trabajando diligentemente para recopilar m\u00e1s evidencia y testimonios que ayudar\u00e1n a esclarecer los hechos que llevaron a este tr\u00e1gico desenlace.<\/p>\n\n\n<div class=\"kk-star-ratings kksr-auto kksr-align-left kksr-valign-bottom\"\n    data-payload='{&quot;align&quot;:&quot;left&quot;,&quot;id&quot;:&quot;6786&quot;,&quot;slug&quot;:&quot;default&quot;,&quot;valign&quot;:&quot;bottom&quot;,&quot;ignore&quot;:&quot;&quot;,&quot;reference&quot;:&quot;auto&quot;,&quot;class&quot;:&quot;&quot;,&quot;count&quot;:&quot;0&quot;,&quot;legendonly&quot;:&quot;&quot;,&quot;readonly&quot;:&quot;&quot;,&quot;score&quot;:&quot;0&quot;,&quot;starsonly&quot;:&quot;&quot;,&quot;best&quot;:&quot;5&quot;,&quot;gap&quot;:&quot;5&quot;,&quot;greet&quot;:&quot;Valora este post&quot;,&quot;legend&quot;:&quot;0\\\/5 - (0 votes)&quot;,&quot;size&quot;:&quot;22&quot;,&quot;title&quot;:&quot;\u00a1Urgente! Detenido por matar a su padrastro en Asturias, a prisi\u00f3n por riesgo de fuga&quot;,&quot;width&quot;:&quot;0&quot;,&quot;_legend&quot;:&quot;{score}\\\/{best} - ({count} {votes})&quot;,&quot;font_factor&quot;:&quot;1.25&quot;}'>\n            \n<div class=\"kksr-stars\">\n    \n<div class=\"kksr-stars-inactive\">\n            <div class=\"kksr-star\" data-star=\"1\" style=\"padding-right: 5px\">\n            \n\n<div class=\"kksr-icon\" style=\"width: 22px; height: 22px;\"><\/div>\n        <\/div>\n            <div class=\"kksr-star\" data-star=\"2\" style=\"padding-right: 5px\">\n            \n\n<div class=\"kksr-icon\" style=\"width: 22px; height: 22px;\"><\/div>\n        <\/div>\n            <div class=\"kksr-star\" data-star=\"3\" style=\"padding-right: 5px\">\n            \n\n<div class=\"kksr-icon\" style=\"width: 22px; height: 22px;\"><\/div>\n        <\/div>\n            <div class=\"kksr-star\" data-star=\"4\" style=\"padding-right: 5px\">\n            \n\n<div class=\"kksr-icon\" style=\"width: 22px; height: 22px;\"><\/div>\n        <\/div>\n            <div class=\"kksr-star\" data-star=\"5\" style=\"padding-right: 5px\">\n            \n\n<div class=\"kksr-icon\" style=\"width: 22px; height: 22px;\"><\/div>\n        <\/div>\n    <\/div>\n    \n<div class=\"kksr-stars-active\" style=\"width: 0px;\">\n            <div class=\"kksr-star\" style=\"padding-right: 5px\">\n            \n\n<div class=\"kksr-icon\" style=\"width: 22px; height: 22px;\"><\/div>\n        <\/div>\n            <div class=\"kksr-star\" style=\"padding-right: 5px\">\n            \n\n<div class=\"kksr-icon\" style=\"width: 22px; height: 22px;\"><\/div>\n        <\/div>\n            <div class=\"kksr-star\" style=\"padding-right: 5px\">\n            \n\n<div class=\"kksr-icon\" style=\"width: 22px; height: 22px;\"><\/div>\n        <\/div>\n            <div class=\"kksr-star\" style=\"padding-right: 5px\">\n            \n\n<div class=\"kksr-icon\" style=\"width: 22px; height: 22px;\"><\/div>\n        <\/div>\n            <div class=\"kksr-star\" style=\"padding-right: 5px\">\n            \n\n<div class=\"kksr-icon\" style=\"width: 22px; height: 22px;\"><\/div>\n        <\/div>\n    <\/div>\n<\/div>\n                \n\n<div class=\"kksr-legend\" style=\"font-size: 17.6px;\">\n            <span class=\"kksr-muted\">Valora este post<\/span>\n    <\/div>\n    <\/div>\n","protected":false},"excerpt":{"rendered":"<p>El Detenido por el Asesinato de su Padrastro en Asturias es Enviado a Prisi\u00f3n La justicia ha tomado una decisi\u00f3n firme en el caso del reciente &#8230; <a title=\"\u00a1Urgente! Detenido por matar a su padrastro en Asturias, a prisi\u00f3n por riesgo de fuga\" class=\"read-more\" href=\"https:\/\/www.diario21.tv\/noticias\/urgente-detenido-por-matar-a-su-padrastro-en-asturias-a-prision-por-riesgo-de-fuga\/\" aria-label=\"Leer m\u00e1s sobre \u00a1Urgente! Detenido por matar a su padrastro en Asturias, a prisi\u00f3n por riesgo de fuga\">Seguir leyendo &rarr;<\/a><\/p>\n","protected":false},"author":20,"featured_media":6787,"comment_status":"open","ping_status":"open","sticky":false,"template":"","format":"standard","meta":{"footnotes":""},"categories":[13],"tags":[],"class_list":["post-6786","post","type-post","status-publish","format-standard","has-post-thumbnail","hentry","category-portada"],"yoast_head":"<!-- This site is optimized with the Yoast SEO plugin v25.6 - https:\/\/yoast.com\/wordpress\/plugins\/seo\/ -->\n<title>\u00a1Urgente! Detenido por matar a su padrastro en Asturias, a prisi\u00f3n por riesgo de fuga - Diario 21<\/title>\n<meta name=\"robots\" content=\"index, follow, max-snippet:-1, max-image-preview:large, max-video-preview:-1\" \/>\n<link rel=\"canonical\" href=\"https:\/\/www.diario21.tv\/noticias\/urgente-detenido-por-matar-a-su-padrastro-en-asturias-a-prision-por-riesgo-de-fuga\/\" \/>\n<meta property=\"og:locale\" content=\"es_ES\" \/>\n<meta property=\"og:type\" content=\"article\" \/>\n<meta property=\"og:title\" content=\"\u00a1Urgente! Detenido por matar a su padrastro en Asturias, a prisi\u00f3n por riesgo de fuga - Diario 21\" \/>\n<meta property=\"og:description\" content=\"El Detenido por el Asesinato de su Padrastro en Asturias es Enviado a Prisi\u00f3n La justicia ha tomado una decisi\u00f3n firme en el caso del reciente ... Seguir leyendo &rarr;\" \/>\n<meta property=\"og:url\" content=\"https:\/\/www.diario21.tv\/noticias\/urgente-detenido-por-matar-a-su-padrastro-en-asturias-a-prision-por-riesgo-de-fuga\/\" \/>\n<meta property=\"og:site_name\" content=\"Diario 21\" \/>\n<meta property=\"article:published_time\" content=\"2026-04-06T03:52:14+00:00\" \/>\n<meta property=\"article:modified_time\" content=\"2026-04-06T03:52:16+00:00\" \/>\n<meta property=\"og:image\" content=\"https:\/\/www.diario21.tv\/noticias\/wp-content\/uploads\/2026\/04\/\u00a1Urgente-Detenido-por-matar-a-su-padrastro-en-Asturias-a.jpg\" \/>\n\t<meta property=\"og:image:width\" content=\"1200\" \/>\n\t<meta property=\"og:image:height\" content=\"840\" \/>\n\t<meta property=\"og:image:type\" content=\"image\/jpeg\" \/>\n<meta name=\"author\" content=\"Juan P\u00e9rez\" \/>\n<meta name=\"twitter:card\" content=\"summary_large_image\" \/>\n<meta name=\"twitter:label1\" content=\"Escrito por\" \/>\n\t<meta name=\"twitter:data1\" content=\"Juan P\u00e9rez\" \/>\n\t<meta name=\"twitter:label2\" content=\"Tiempo de lectura\" \/>\n\t<meta name=\"twitter:data2\" content=\"2 minutos\" \/>\n<script type=\"application\/ld+json\" class=\"yoast-schema-graph\">{\"@context\":\"https:\/\/schema.org\",\"@graph\":[{\"@type\":\"WebPage\",\"@id\":\"https:\/\/www.diario21.tv\/noticias\/urgente-detenido-por-matar-a-su-padrastro-en-asturias-a-prision-por-riesgo-de-fuga\/\",\"url\":\"https:\/\/www.diario21.tv\/noticias\/urgente-detenido-por-matar-a-su-padrastro-en-asturias-a-prision-por-riesgo-de-fuga\/\",\"name\":\"\u00a1Urgente! Detenido por matar a su padrastro en Asturias, a prisi\u00f3n por riesgo de fuga - Diario 21\",\"isPartOf\":{\"@id\":\"https:\/\/www.diario21.tv\/noticias\/#website\"},\"primaryImageOfPage\":{\"@id\":\"https:\/\/www.diario21.tv\/noticias\/urgente-detenido-por-matar-a-su-padrastro-en-asturias-a-prision-por-riesgo-de-fuga\/#primaryimage\"},\"image\":{\"@id\":\"https:\/\/www.diario21.tv\/noticias\/urgente-detenido-por-matar-a-su-padrastro-en-asturias-a-prision-por-riesgo-de-fuga\/#primaryimage\"},\"thumbnailUrl\":\"https:\/\/www.diario21.tv\/noticias\/wp-content\/uploads\/2026\/04\/\u00a1Urgente-Detenido-por-matar-a-su-padrastro-en-Asturias-a.jpg\",\"datePublished\":\"2026-04-06T03:52:14+00:00\",\"dateModified\":\"2026-04-06T03:52:16+00:00\",\"author\":{\"@id\":\"https:\/\/www.diario21.tv\/noticias\/#\/schema\/person\/dfb778f73814d8f09f302618446a526b\"},\"breadcrumb\":{\"@id\":\"https:\/\/www.diario21.tv\/noticias\/urgente-detenido-por-matar-a-su-padrastro-en-asturias-a-prision-por-riesgo-de-fuga\/#breadcrumb\"},\"inLanguage\":\"es-AR\",\"potentialAction\":[{\"@type\":\"ReadAction\",\"target\":[\"https:\/\/www.diario21.tv\/noticias\/urgente-detenido-por-matar-a-su-padrastro-en-asturias-a-prision-por-riesgo-de-fuga\/\"]}]},{\"@type\":\"ImageObject\",\"inLanguage\":\"es-AR\",\"@id\":\"https:\/\/www.diario21.tv\/noticias\/urgente-detenido-por-matar-a-su-padrastro-en-asturias-a-prision-por-riesgo-de-fuga\/#primaryimage\",\"url\":\"https:\/\/www.diario21.tv\/noticias\/wp-content\/uploads\/2026\/04\/\u00a1Urgente-Detenido-por-matar-a-su-padrastro-en-Asturias-a.jpg\",\"contentUrl\":\"https:\/\/www.diario21.tv\/noticias\/wp-content\/uploads\/2026\/04\/\u00a1Urgente-Detenido-por-matar-a-su-padrastro-en-Asturias-a.jpg\",\"width\":1200,\"height\":840,\"caption\":\"La Fiscal\u00eda manda a prisi\u00f3n al detenido por el homicidio de su padrastro en Asturias por \u00abriesgo de fuga\u00bb\"},{\"@type\":\"BreadcrumbList\",\"@id\":\"https:\/\/www.diario21.tv\/noticias\/urgente-detenido-por-matar-a-su-padrastro-en-asturias-a-prision-por-riesgo-de-fuga\/#breadcrumb\",\"itemListElement\":[{\"@type\":\"ListItem\",\"position\":1,\"name\":\"Accueil\",\"item\":\"https:\/\/www.diario21.tv\/noticias\/\"},{\"@type\":\"ListItem\",\"position\":2,\"name\":\"\u00a1Urgente! Detenido por matar a su padrastro en Asturias, a prisi\u00f3n por riesgo de fuga\"}]},{\"@type\":\"WebSite\",\"@id\":\"https:\/\/www.diario21.tv\/noticias\/#website\",\"url\":\"https:\/\/www.diario21.tv\/noticias\/\",\"name\":\"Diario 21\",\"description\":\"\",\"potentialAction\":[{\"@type\":\"SearchAction\",\"target\":{\"@type\":\"EntryPoint\",\"urlTemplate\":\"https:\/\/www.diario21.tv\/noticias\/?s={search_term_string}\"},\"query-input\":{\"@type\":\"PropertyValueSpecification\",\"valueRequired\":true,\"valueName\":\"search_term_string\"}}],\"inLanguage\":\"es-AR\"},{\"@type\":\"Person\",\"@id\":\"https:\/\/www.diario21.tv\/noticias\/#\/schema\/person\/dfb778f73814d8f09f302618446a526b\",\"name\":\"Juan P\u00e9rez\",\"image\":{\"@type\":\"ImageObject\",\"inLanguage\":\"es-AR\",\"@id\":\"https:\/\/www.diario21.tv\/noticias\/#\/schema\/person\/image\/\",\"url\":\"https:\/\/secure.gravatar.com\/avatar\/c478a405bd10621167f4c3167cc770f5?s=96&d=mm&r=g\",\"contentUrl\":\"https:\/\/secure.gravatar.com\/avatar\/c478a405bd10621167f4c3167cc770f5?s=96&d=mm&r=g\",\"caption\":\"Juan P\u00e9rez\"},\"description\":\"Juan P\u00e9rez es el redactor en jefe de Diario 21. Con m\u00e1s de 10 a\u00f1os de experiencia en el periodismo, se especializa en pol\u00edtica nacional y an\u00e1lisis socioecon\u00f3mico. Su enfoque cr\u00edtico y riguroso aporta una perspectiva \u00fanica a cada art\u00edculo.\",\"sameAs\":[\"https:\/\/www.diario21.tv\/noticias\/\"],\"url\":\"https:\/\/www.diario21.tv\/noticias\/author\/juan-perez\/\"}]}<\/script>\n<!-- \/ Yoast SEO plugin. -->","yoast_head_json":{"title":"\u00a1Urgente! Detenido por matar a su padrastro en Asturias, a prisi\u00f3n por riesgo de fuga - Diario 21","robots":{"index":"index","follow":"follow","max-snippet":"max-snippet:-1","max-image-preview":"max-image-preview:large","max-video-preview":"max-video-preview:-1"},"canonical":"https:\/\/www.diario21.tv\/noticias\/urgente-detenido-por-matar-a-su-padrastro-en-asturias-a-prision-por-riesgo-de-fuga\/","og_locale":"es_ES","og_type":"article","og_title":"\u00a1Urgente! Detenido por matar a su padrastro en Asturias, a prisi\u00f3n por riesgo de fuga - Diario 21","og_description":"El Detenido por el Asesinato de su Padrastro en Asturias es Enviado a Prisi\u00f3n La justicia ha tomado una decisi\u00f3n firme en el caso del reciente ... Seguir leyendo &rarr;","og_url":"https:\/\/www.diario21.tv\/noticias\/urgente-detenido-por-matar-a-su-padrastro-en-asturias-a-prision-por-riesgo-de-fuga\/","og_site_name":"Diario 21","article_published_time":"2026-04-06T03:52:14+00:00","article_modified_time":"2026-04-06T03:52:16+00:00","og_image":[{"width":1200,"height":840,"url":"https:\/\/www.diario21.tv\/noticias\/wp-content\/uploads\/2026\/04\/\u00a1Urgente-Detenido-por-matar-a-su-padrastro-en-Asturias-a.jpg","type":"image\/jpeg"}],"author":"Juan P\u00e9rez","twitter_card":"summary_large_image","twitter_misc":{"Escrito por":"Juan P\u00e9rez","Tiempo de lectura":"2 minutos"},"schema":{"@context":"https:\/\/schema.org","@graph":[{"@type":"WebPage","@id":"https:\/\/www.diario21.tv\/noticias\/urgente-detenido-por-matar-a-su-padrastro-en-asturias-a-prision-por-riesgo-de-fuga\/","url":"https:\/\/www.diario21.tv\/noticias\/urgente-detenido-por-matar-a-su-padrastro-en-asturias-a-prision-por-riesgo-de-fuga\/","name":"\u00a1Urgente! Detenido por matar a su padrastro en Asturias, a prisi\u00f3n por riesgo de fuga - Diario 21","isPartOf":{"@id":"https:\/\/www.diario21.tv\/noticias\/#website"},"primaryImageOfPage":{"@id":"https:\/\/www.diario21.tv\/noticias\/urgente-detenido-por-matar-a-su-padrastro-en-asturias-a-prision-por-riesgo-de-fuga\/#primaryimage"},"image":{"@id":"https:\/\/www.diario21.tv\/noticias\/urgente-detenido-por-matar-a-su-padrastro-en-asturias-a-prision-por-riesgo-de-fuga\/#primaryimage"},"thumbnailUrl":"https:\/\/www.diario21.tv\/noticias\/wp-content\/uploads\/2026\/04\/\u00a1Urgente-Detenido-por-matar-a-su-padrastro-en-Asturias-a.jpg","datePublished":"2026-04-06T03:52:14+00:00","dateModified":"2026-04-06T03:52:16+00:00","author":{"@id":"https:\/\/www.diario21.tv\/noticias\/#\/schema\/person\/dfb778f73814d8f09f302618446a526b"},"breadcrumb":{"@id":"https:\/\/www.diario21.tv\/noticias\/urgente-detenido-por-matar-a-su-padrastro-en-asturias-a-prision-por-riesgo-de-fuga\/#breadcrumb"},"inLanguage":"es-AR","potentialAction":[{"@type":"ReadAction","target":["https:\/\/www.diario21.tv\/noticias\/urgente-detenido-por-matar-a-su-padrastro-en-asturias-a-prision-por-riesgo-de-fuga\/"]}]},{"@type":"ImageObject","inLanguage":"es-AR","@id":"https:\/\/www.diario21.tv\/noticias\/urgente-detenido-por-matar-a-su-padrastro-en-asturias-a-prision-por-riesgo-de-fuga\/#primaryimage","url":"https:\/\/www.diario21.tv\/noticias\/wp-content\/uploads\/2026\/04\/\u00a1Urgente-Detenido-por-matar-a-su-padrastro-en-Asturias-a.jpg","contentUrl":"https:\/\/www.diario21.tv\/noticias\/wp-content\/uploads\/2026\/04\/\u00a1Urgente-Detenido-por-matar-a-su-padrastro-en-Asturias-a.jpg","width":1200,"height":840,"caption":"La Fiscal\u00eda manda a prisi\u00f3n al detenido por el homicidio de su padrastro en Asturias por \u00abriesgo de fuga\u00bb"},{"@type":"BreadcrumbList","@id":"https:\/\/www.diario21.tv\/noticias\/urgente-detenido-por-matar-a-su-padrastro-en-asturias-a-prision-por-riesgo-de-fuga\/#breadcrumb","itemListElement":[{"@type":"ListItem","position":1,"name":"Accueil","item":"https:\/\/www.diario21.tv\/noticias\/"},{"@type":"ListItem","position":2,"name":"\u00a1Urgente! Detenido por matar a su padrastro en Asturias, a prisi\u00f3n por riesgo de fuga"}]},{"@type":"WebSite","@id":"https:\/\/www.diario21.tv\/noticias\/#website","url":"https:\/\/www.diario21.tv\/noticias\/","name":"Diario 21","description":"","potentialAction":[{"@type":"SearchAction","target":{"@type":"EntryPoint","urlTemplate":"https:\/\/www.diario21.tv\/noticias\/?s={search_term_string}"},"query-input":{"@type":"PropertyValueSpecification","valueRequired":true,"valueName":"search_term_string"}}],"inLanguage":"es-AR"},{"@type":"Person","@id":"https:\/\/www.diario21.tv\/noticias\/#\/schema\/person\/dfb778f73814d8f09f302618446a526b","name":"Juan P\u00e9rez","image":{"@type":"ImageObject","inLanguage":"es-AR","@id":"https:\/\/www.diario21.tv\/noticias\/#\/schema\/person\/image\/","url":"https:\/\/secure.gravatar.com\/avatar\/c478a405bd10621167f4c3167cc770f5?s=96&d=mm&r=g","contentUrl":"https:\/\/secure.gravatar.com\/avatar\/c478a405bd10621167f4c3167cc770f5?s=96&d=mm&r=g","caption":"Juan P\u00e9rez"},"description":"Juan P\u00e9rez es el redactor en jefe de Diario 21. Con m\u00e1s de 10 a\u00f1os de experiencia en el periodismo, se especializa en pol\u00edtica nacional y an\u00e1lisis socioecon\u00f3mico. Su enfoque cr\u00edtico y riguroso aporta una perspectiva \u00fanica a cada art\u00edculo.","sameAs":["https:\/\/www.diario21.tv\/noticias\/"],"url":"https:\/\/www.diario21.tv\/noticias\/author\/juan-perez\/"}]}},"_links":{"self":[{"href":"https:\/\/www.diario21.tv\/noticias\/wp-json\/wp\/v2\/posts\/6786"}],"collection":[{"href":"https:\/\/www.diario21.tv\/noticias\/wp-json\/wp\/v2\/posts"}],"about":[{"href":"https:\/\/www.diario21.tv\/noticias\/wp-json\/wp\/v2\/types\/post"}],"author":[{"embeddable":true,"href":"https:\/\/www.diario21.tv\/noticias\/wp-json\/wp\/v2\/users\/20"}],"replies":[{"embeddable":true,"href":"https:\/\/www.diario21.tv\/noticias\/wp-json\/wp\/v2\/comments?post=6786"}],"version-history":[{"count":1,"href":"https:\/\/www.diario21.tv\/noticias\/wp-json\/wp\/v2\/posts\/6786\/revisions"}],"predecessor-version":[{"id":6788,"href":"https:\/\/www.diario21.tv\/noticias\/wp-json\/wp\/v2\/posts\/6786\/revisions\/6788"}],"wp:featuredmedia":[{"embeddable":true,"href":"https:\/\/www.diario21.tv\/noticias\/wp-json\/wp\/v2\/media\/6787"}],"wp:attachment":[{"href":"https:\/\/www.diario21.tv\/noticias\/wp-json\/wp\/v2\/media?parent=6786"}],"wp:term":[{"taxonomy":"category","embeddable":true,"href":"https:\/\/www.diario21.tv\/noticias\/wp-json\/wp\/v2\/categories?post=6786"},{"taxonomy":"post_tag","embeddable":true,"href":"https:\/\/www.diario21.tv\/noticias\/wp-json\/wp\/v2\/tags?post=6786"}],"curies":[{"name":"wp","href":"https:\/\/api.w.org\/{rel}","templated":true}]}}