{"id":6780,"date":"2026-04-05T09:45:59","date_gmt":"2026-04-05T09:45:59","guid":{"rendered":"https:\/\/www.diario21.tv\/noticias\/cifra-record-menos-56-muertos-en-carreteras-al-cerrar-el-primer-trimestre-desde-2021\/"},"modified":"2026-04-05T09:46:02","modified_gmt":"2026-04-05T09:46:02","slug":"cifra-record-menos-56-muertos-en-carreteras-al-cerrar-el-primer-trimestre-desde-2021","status":"publish","type":"post","link":"https:\/\/www.diario21.tv\/noticias\/cifra-record-menos-56-muertos-en-carreteras-al-cerrar-el-primer-trimestre-desde-2021\/","title":{"rendered":"\u00a1Cifra r\u00e9cord! Menos 56 muertos en carreteras al cerrar el primer trimestre desde 2021"},"content":{"rendered":"<h2>Reducci\u00f3n de Fatalidades en las Carreteras al Finalizar el Primer Trimestre<\/h2>\n<p>El t\u00e9rmino del primer trimestre del a\u00f1o ha tra\u00eddo consigo una noticia alentadora en cuanto a la seguridad vial en nuestro pa\u00eds. Las estad\u00edsticas recientes indican que ha habido una disminuci\u00f3n significativa en el n\u00famero de fallecidos en accidentes de tr\u00e1fico en comparaci\u00f3n con a\u00f1os anteriores. Concretamente, se han registrado 56 muertes menos que en el mismo per\u00edodo del a\u00f1o anterior, marcando un hito importante desde 2021.<\/p>\n<h3>Contexto de Seguridad Vial<\/h3>\n<p>Esta disminuci\u00f3n en las cifras de mortalidad en las carreteras no solo es un dato aislado, sino que se inscribe dentro de un contexto m\u00e1s amplio de mejoras en la seguridad vial. Diversas iniciativas y pol\u00edticas implementadas en los \u00faltimos a\u00f1os parecen estar dando sus frutos. Entre ellas, se incluyen campa\u00f1as de concienciaci\u00f3n sobre los riesgos del manejo imprudente, la importancia del uso del cintur\u00f3n de seguridad, y las consecuencias de conducir bajo los efectos del alcohol o drogas.<\/p>\n<p>Adem\u00e1s, mejoras en la infraestructura vial, como la renovaci\u00f3n de carreteras y la instalaci\u00f3n de se\u00f1alizaci\u00f3n m\u00e1s clara y efectiva, tambi\u00e9n han contribuido a este descenso en las cifras de accidentes mortales. Estas acciones se complementan con la implementaci\u00f3n de tecnolog\u00edas avanzadas en veh\u00edculos, que incluyen sistemas de asistencia al conductor que ayudan a prevenir colisiones.<\/p>\n<h3>Impacto en la Comunidad y Reacciones<\/h3>\n<p>La reducci\u00f3n de 56 muertes es significativa no solo en t\u00e9rminos estad\u00edsticos, sino tambi\u00e9n en el impacto que tiene en las comunidades afectadas. Cada vida perdida en un accidente de tr\u00e1fico es una tragedia, y la disminuci\u00f3n de estos n\u00fameros representa un alivio considerable para familias y amigos de las v\u00edctimas. <\/p>\n<p>Autoridades locales y nacionales han expresado su satisfacci\u00f3n con los resultados, pero enfatizan que a\u00fan queda mucho trabajo por hacer. El objetivo sigue siendo reducir a\u00fan m\u00e1s las tasas de mortalidad y accidentes en las carreteras. Para ello, se planea continuar con las campa\u00f1as de educaci\u00f3n vial y fortalecer las medidas de control y vigilancia en puntos cr\u00edticos identificados a lo largo del pa\u00eds.<\/p>\n<p>En conclusi\u00f3n, el cierre del primer trimestre del a\u00f1o nos deja con una cifra esperanzadora en t\u00e9rminos de seguridad vial. Sin embargo, es crucial mantener el esfuerzo y la dedicaci\u00f3n para seguir mejorando y garantizar que nuestras carreteras sean cada vez m\u00e1s seguras para todos los usuarios.<\/p>\n\n\n<div class=\"kk-star-ratings kksr-auto kksr-align-left kksr-valign-bottom\"\n    data-payload='{&quot;align&quot;:&quot;left&quot;,&quot;id&quot;:&quot;6780&quot;,&quot;slug&quot;:&quot;default&quot;,&quot;valign&quot;:&quot;bottom&quot;,&quot;ignore&quot;:&quot;&quot;,&quot;reference&quot;:&quot;auto&quot;,&quot;class&quot;:&quot;&quot;,&quot;count&quot;:&quot;0&quot;,&quot;legendonly&quot;:&quot;&quot;,&quot;readonly&quot;:&quot;&quot;,&quot;score&quot;:&quot;0&quot;,&quot;starsonly&quot;:&quot;&quot;,&quot;best&quot;:&quot;5&quot;,&quot;gap&quot;:&quot;5&quot;,&quot;greet&quot;:&quot;Valora este post&quot;,&quot;legend&quot;:&quot;0\\\/5 - (0 votes)&quot;,&quot;size&quot;:&quot;22&quot;,&quot;title&quot;:&quot;\u00a1Cifra r\u00e9cord! Menos 56 muertos en carreteras al cerrar el primer trimestre desde 2021&quot;,&quot;width&quot;:&quot;0&quot;,&quot;_legend&quot;:&quot;{score}\\\/{best} - ({count} {votes})&quot;,&quot;font_factor&quot;:&quot;1.25&quot;}'>\n            \n<div class=\"kksr-stars\">\n    \n<div class=\"kksr-stars-inactive\">\n            <div class=\"kksr-star\" data-star=\"1\" style=\"padding-right: 5px\">\n            \n\n<div class=\"kksr-icon\" style=\"width: 22px; height: 22px;\"><\/div>\n        <\/div>\n            <div class=\"kksr-star\" data-star=\"2\" style=\"padding-right: 5px\">\n            \n\n<div class=\"kksr-icon\" style=\"width: 22px; height: 22px;\"><\/div>\n        <\/div>\n            <div class=\"kksr-star\" data-star=\"3\" style=\"padding-right: 5px\">\n            \n\n<div class=\"kksr-icon\" style=\"width: 22px; height: 22px;\"><\/div>\n        <\/div>\n            <div class=\"kksr-star\" data-star=\"4\" style=\"padding-right: 5px\">\n            \n\n<div class=\"kksr-icon\" style=\"width: 22px; height: 22px;\"><\/div>\n        <\/div>\n            <div class=\"kksr-star\" data-star=\"5\" style=\"padding-right: 5px\">\n            \n\n<div class=\"kksr-icon\" style=\"width: 22px; height: 22px;\"><\/div>\n        <\/div>\n    <\/div>\n    \n<div class=\"kksr-stars-active\" style=\"width: 0px;\">\n            <div class=\"kksr-star\" style=\"padding-right: 5px\">\n            \n\n<div class=\"kksr-icon\" style=\"width: 22px; height: 22px;\"><\/div>\n        <\/div>\n            <div class=\"kksr-star\" style=\"padding-right: 5px\">\n            \n\n<div class=\"kksr-icon\" style=\"width: 22px; height: 22px;\"><\/div>\n        <\/div>\n            <div class=\"kksr-star\" style=\"padding-right: 5px\">\n            \n\n<div class=\"kksr-icon\" style=\"width: 22px; height: 22px;\"><\/div>\n        <\/div>\n            <div class=\"kksr-star\" style=\"padding-right: 5px\">\n            \n\n<div class=\"kksr-icon\" style=\"width: 22px; height: 22px;\"><\/div>\n        <\/div>\n            <div class=\"kksr-star\" style=\"padding-right: 5px\">\n            \n\n<div class=\"kksr-icon\" style=\"width: 22px; height: 22px;\"><\/div>\n        <\/div>\n    <\/div>\n<\/div>\n                \n\n<div class=\"kksr-legend\" style=\"font-size: 17.6px;\">\n            <span class=\"kksr-muted\">Valora este post<\/span>\n    <\/div>\n    <\/div>\n","protected":false},"excerpt":{"rendered":"<p>Reducci\u00f3n de Fatalidades en las Carreteras al Finalizar el Primer Trimestre El t\u00e9rmino del primer trimestre del a\u00f1o ha tra\u00eddo consigo una noticia alentadora en cuanto &#8230; <a title=\"\u00a1Cifra r\u00e9cord! Menos 56 muertos en carreteras al cerrar el primer trimestre desde 2021\" class=\"read-more\" href=\"https:\/\/www.diario21.tv\/noticias\/cifra-record-menos-56-muertos-en-carreteras-al-cerrar-el-primer-trimestre-desde-2021\/\" aria-label=\"Leer m\u00e1s sobre \u00a1Cifra r\u00e9cord! Menos 56 muertos en carreteras al cerrar el primer trimestre desde 2021\">Seguir leyendo &rarr;<\/a><\/p>\n","protected":false},"author":20,"featured_media":6781,"comment_status":"open","ping_status":"open","sticky":false,"template":"","format":"standard","meta":{"footnotes":""},"categories":[13],"tags":[],"class_list":["post-6780","post","type-post","status-publish","format-standard","has-post-thumbnail","hentry","category-portada"],"yoast_head":"<!-- This site is optimized with the Yoast SEO plugin v25.6 - https:\/\/yoast.com\/wordpress\/plugins\/seo\/ -->\n<title>\u00a1Cifra r\u00e9cord! Menos 56 muertos en carreteras al cerrar el primer trimestre desde 2021 - Diario 21<\/title>\n<meta name=\"robots\" content=\"index, follow, max-snippet:-1, max-image-preview:large, max-video-preview:-1\" \/>\n<link rel=\"canonical\" href=\"https:\/\/www.diario21.tv\/noticias\/cifra-record-menos-56-muertos-en-carreteras-al-cerrar-el-primer-trimestre-desde-2021\/\" \/>\n<meta property=\"og:locale\" content=\"es_ES\" \/>\n<meta property=\"og:type\" content=\"article\" \/>\n<meta property=\"og:title\" content=\"\u00a1Cifra r\u00e9cord! Menos 56 muertos en carreteras al cerrar el primer trimestre desde 2021 - Diario 21\" \/>\n<meta property=\"og:description\" content=\"Reducci\u00f3n de Fatalidades en las Carreteras al Finalizar el Primer Trimestre El t\u00e9rmino del primer trimestre del a\u00f1o ha tra\u00eddo consigo una noticia alentadora en cuanto ... Seguir leyendo &rarr;\" \/>\n<meta property=\"og:url\" content=\"https:\/\/www.diario21.tv\/noticias\/cifra-record-menos-56-muertos-en-carreteras-al-cerrar-el-primer-trimestre-desde-2021\/\" \/>\n<meta property=\"og:site_name\" content=\"Diario 21\" \/>\n<meta property=\"article:published_time\" content=\"2026-04-05T09:45:59+00:00\" \/>\n<meta property=\"article:modified_time\" content=\"2026-04-05T09:46:02+00:00\" \/>\n<meta property=\"og:image\" content=\"https:\/\/www.diario21.tv\/noticias\/wp-content\/uploads\/2026\/04\/\u00a1Cifra-record-Menos-56-muertos-en-carreteras-al-cerrar-el.jpg\" \/>\n\t<meta property=\"og:image:width\" content=\"1200\" \/>\n\t<meta property=\"og:image:height\" content=\"840\" \/>\n\t<meta property=\"og:image:type\" content=\"image\/jpeg\" \/>\n<meta name=\"author\" content=\"Juan P\u00e9rez\" \/>\n<meta name=\"twitter:card\" content=\"summary_large_image\" \/>\n<meta name=\"twitter:label1\" content=\"Escrito por\" \/>\n\t<meta name=\"twitter:data1\" content=\"Juan P\u00e9rez\" \/>\n\t<meta name=\"twitter:label2\" content=\"Tiempo de lectura\" \/>\n\t<meta name=\"twitter:data2\" content=\"2 minutos\" \/>\n<script type=\"application\/ld+json\" class=\"yoast-schema-graph\">{\"@context\":\"https:\/\/schema.org\",\"@graph\":[{\"@type\":\"WebPage\",\"@id\":\"https:\/\/www.diario21.tv\/noticias\/cifra-record-menos-56-muertos-en-carreteras-al-cerrar-el-primer-trimestre-desde-2021\/\",\"url\":\"https:\/\/www.diario21.tv\/noticias\/cifra-record-menos-56-muertos-en-carreteras-al-cerrar-el-primer-trimestre-desde-2021\/\",\"name\":\"\u00a1Cifra r\u00e9cord! Menos 56 muertos en carreteras al cerrar el primer trimestre desde 2021 - Diario 21\",\"isPartOf\":{\"@id\":\"https:\/\/www.diario21.tv\/noticias\/#website\"},\"primaryImageOfPage\":{\"@id\":\"https:\/\/www.diario21.tv\/noticias\/cifra-record-menos-56-muertos-en-carreteras-al-cerrar-el-primer-trimestre-desde-2021\/#primaryimage\"},\"image\":{\"@id\":\"https:\/\/www.diario21.tv\/noticias\/cifra-record-menos-56-muertos-en-carreteras-al-cerrar-el-primer-trimestre-desde-2021\/#primaryimage\"},\"thumbnailUrl\":\"https:\/\/www.diario21.tv\/noticias\/wp-content\/uploads\/2026\/04\/\u00a1Cifra-record-Menos-56-muertos-en-carreteras-al-cerrar-el.jpg\",\"datePublished\":\"2026-04-05T09:45:59+00:00\",\"dateModified\":\"2026-04-05T09:46:02+00:00\",\"author\":{\"@id\":\"https:\/\/www.diario21.tv\/noticias\/#\/schema\/person\/dfb778f73814d8f09f302618446a526b\"},\"breadcrumb\":{\"@id\":\"https:\/\/www.diario21.tv\/noticias\/cifra-record-menos-56-muertos-en-carreteras-al-cerrar-el-primer-trimestre-desde-2021\/#breadcrumb\"},\"inLanguage\":\"es-AR\",\"potentialAction\":[{\"@type\":\"ReadAction\",\"target\":[\"https:\/\/www.diario21.tv\/noticias\/cifra-record-menos-56-muertos-en-carreteras-al-cerrar-el-primer-trimestre-desde-2021\/\"]}]},{\"@type\":\"ImageObject\",\"inLanguage\":\"es-AR\",\"@id\":\"https:\/\/www.diario21.tv\/noticias\/cifra-record-menos-56-muertos-en-carreteras-al-cerrar-el-primer-trimestre-desde-2021\/#primaryimage\",\"url\":\"https:\/\/www.diario21.tv\/noticias\/wp-content\/uploads\/2026\/04\/\u00a1Cifra-record-Menos-56-muertos-en-carreteras-al-cerrar-el.jpg\",\"contentUrl\":\"https:\/\/www.diario21.tv\/noticias\/wp-content\/uploads\/2026\/04\/\u00a1Cifra-record-Menos-56-muertos-en-carreteras-al-cerrar-el.jpg\",\"width\":1200,\"height\":840,\"caption\":\"El primer trimestre del a\u00f1o cierra con 56 muertos menos en carretera, cifra r\u00e9cord desde 2021\"},{\"@type\":\"BreadcrumbList\",\"@id\":\"https:\/\/www.diario21.tv\/noticias\/cifra-record-menos-56-muertos-en-carreteras-al-cerrar-el-primer-trimestre-desde-2021\/#breadcrumb\",\"itemListElement\":[{\"@type\":\"ListItem\",\"position\":1,\"name\":\"Accueil\",\"item\":\"https:\/\/www.diario21.tv\/noticias\/\"},{\"@type\":\"ListItem\",\"position\":2,\"name\":\"\u00a1Cifra r\u00e9cord! Menos 56 muertos en carreteras al cerrar el primer trimestre desde 2021\"}]},{\"@type\":\"WebSite\",\"@id\":\"https:\/\/www.diario21.tv\/noticias\/#website\",\"url\":\"https:\/\/www.diario21.tv\/noticias\/\",\"name\":\"Diario 21\",\"description\":\"\",\"potentialAction\":[{\"@type\":\"SearchAction\",\"target\":{\"@type\":\"EntryPoint\",\"urlTemplate\":\"https:\/\/www.diario21.tv\/noticias\/?s={search_term_string}\"},\"query-input\":{\"@type\":\"PropertyValueSpecification\",\"valueRequired\":true,\"valueName\":\"search_term_string\"}}],\"inLanguage\":\"es-AR\"},{\"@type\":\"Person\",\"@id\":\"https:\/\/www.diario21.tv\/noticias\/#\/schema\/person\/dfb778f73814d8f09f302618446a526b\",\"name\":\"Juan P\u00e9rez\",\"image\":{\"@type\":\"ImageObject\",\"inLanguage\":\"es-AR\",\"@id\":\"https:\/\/www.diario21.tv\/noticias\/#\/schema\/person\/image\/\",\"url\":\"https:\/\/secure.gravatar.com\/avatar\/c478a405bd10621167f4c3167cc770f5?s=96&d=mm&r=g\",\"contentUrl\":\"https:\/\/secure.gravatar.com\/avatar\/c478a405bd10621167f4c3167cc770f5?s=96&d=mm&r=g\",\"caption\":\"Juan P\u00e9rez\"},\"description\":\"Juan P\u00e9rez es el redactor en jefe de Diario 21. Con m\u00e1s de 10 a\u00f1os de experiencia en el periodismo, se especializa en pol\u00edtica nacional y an\u00e1lisis socioecon\u00f3mico. Su enfoque cr\u00edtico y riguroso aporta una perspectiva \u00fanica a cada art\u00edculo.\",\"sameAs\":[\"https:\/\/www.diario21.tv\/noticias\/\"],\"url\":\"https:\/\/www.diario21.tv\/noticias\/author\/juan-perez\/\"}]}<\/script>\n<!-- \/ Yoast SEO plugin. -->","yoast_head_json":{"title":"\u00a1Cifra r\u00e9cord! Menos 56 muertos en carreteras al cerrar el primer trimestre desde 2021 - Diario 21","robots":{"index":"index","follow":"follow","max-snippet":"max-snippet:-1","max-image-preview":"max-image-preview:large","max-video-preview":"max-video-preview:-1"},"canonical":"https:\/\/www.diario21.tv\/noticias\/cifra-record-menos-56-muertos-en-carreteras-al-cerrar-el-primer-trimestre-desde-2021\/","og_locale":"es_ES","og_type":"article","og_title":"\u00a1Cifra r\u00e9cord! Menos 56 muertos en carreteras al cerrar el primer trimestre desde 2021 - Diario 21","og_description":"Reducci\u00f3n de Fatalidades en las Carreteras al Finalizar el Primer Trimestre El t\u00e9rmino del primer trimestre del a\u00f1o ha tra\u00eddo consigo una noticia alentadora en cuanto ... Seguir leyendo &rarr;","og_url":"https:\/\/www.diario21.tv\/noticias\/cifra-record-menos-56-muertos-en-carreteras-al-cerrar-el-primer-trimestre-desde-2021\/","og_site_name":"Diario 21","article_published_time":"2026-04-05T09:45:59+00:00","article_modified_time":"2026-04-05T09:46:02+00:00","og_image":[{"width":1200,"height":840,"url":"https:\/\/www.diario21.tv\/noticias\/wp-content\/uploads\/2026\/04\/\u00a1Cifra-record-Menos-56-muertos-en-carreteras-al-cerrar-el.jpg","type":"image\/jpeg"}],"author":"Juan P\u00e9rez","twitter_card":"summary_large_image","twitter_misc":{"Escrito por":"Juan P\u00e9rez","Tiempo de lectura":"2 minutos"},"schema":{"@context":"https:\/\/schema.org","@graph":[{"@type":"WebPage","@id":"https:\/\/www.diario21.tv\/noticias\/cifra-record-menos-56-muertos-en-carreteras-al-cerrar-el-primer-trimestre-desde-2021\/","url":"https:\/\/www.diario21.tv\/noticias\/cifra-record-menos-56-muertos-en-carreteras-al-cerrar-el-primer-trimestre-desde-2021\/","name":"\u00a1Cifra r\u00e9cord! Menos 56 muertos en carreteras al cerrar el primer trimestre desde 2021 - Diario 21","isPartOf":{"@id":"https:\/\/www.diario21.tv\/noticias\/#website"},"primaryImageOfPage":{"@id":"https:\/\/www.diario21.tv\/noticias\/cifra-record-menos-56-muertos-en-carreteras-al-cerrar-el-primer-trimestre-desde-2021\/#primaryimage"},"image":{"@id":"https:\/\/www.diario21.tv\/noticias\/cifra-record-menos-56-muertos-en-carreteras-al-cerrar-el-primer-trimestre-desde-2021\/#primaryimage"},"thumbnailUrl":"https:\/\/www.diario21.tv\/noticias\/wp-content\/uploads\/2026\/04\/\u00a1Cifra-record-Menos-56-muertos-en-carreteras-al-cerrar-el.jpg","datePublished":"2026-04-05T09:45:59+00:00","dateModified":"2026-04-05T09:46:02+00:00","author":{"@id":"https:\/\/www.diario21.tv\/noticias\/#\/schema\/person\/dfb778f73814d8f09f302618446a526b"},"breadcrumb":{"@id":"https:\/\/www.diario21.tv\/noticias\/cifra-record-menos-56-muertos-en-carreteras-al-cerrar-el-primer-trimestre-desde-2021\/#breadcrumb"},"inLanguage":"es-AR","potentialAction":[{"@type":"ReadAction","target":["https:\/\/www.diario21.tv\/noticias\/cifra-record-menos-56-muertos-en-carreteras-al-cerrar-el-primer-trimestre-desde-2021\/"]}]},{"@type":"ImageObject","inLanguage":"es-AR","@id":"https:\/\/www.diario21.tv\/noticias\/cifra-record-menos-56-muertos-en-carreteras-al-cerrar-el-primer-trimestre-desde-2021\/#primaryimage","url":"https:\/\/www.diario21.tv\/noticias\/wp-content\/uploads\/2026\/04\/\u00a1Cifra-record-Menos-56-muertos-en-carreteras-al-cerrar-el.jpg","contentUrl":"https:\/\/www.diario21.tv\/noticias\/wp-content\/uploads\/2026\/04\/\u00a1Cifra-record-Menos-56-muertos-en-carreteras-al-cerrar-el.jpg","width":1200,"height":840,"caption":"El primer trimestre del a\u00f1o cierra con 56 muertos menos en carretera, cifra r\u00e9cord desde 2021"},{"@type":"BreadcrumbList","@id":"https:\/\/www.diario21.tv\/noticias\/cifra-record-menos-56-muertos-en-carreteras-al-cerrar-el-primer-trimestre-desde-2021\/#breadcrumb","itemListElement":[{"@type":"ListItem","position":1,"name":"Accueil","item":"https:\/\/www.diario21.tv\/noticias\/"},{"@type":"ListItem","position":2,"name":"\u00a1Cifra r\u00e9cord! Menos 56 muertos en carreteras al cerrar el primer trimestre desde 2021"}]},{"@type":"WebSite","@id":"https:\/\/www.diario21.tv\/noticias\/#website","url":"https:\/\/www.diario21.tv\/noticias\/","name":"Diario 21","description":"","potentialAction":[{"@type":"SearchAction","target":{"@type":"EntryPoint","urlTemplate":"https:\/\/www.diario21.tv\/noticias\/?s={search_term_string}"},"query-input":{"@type":"PropertyValueSpecification","valueRequired":true,"valueName":"search_term_string"}}],"inLanguage":"es-AR"},{"@type":"Person","@id":"https:\/\/www.diario21.tv\/noticias\/#\/schema\/person\/dfb778f73814d8f09f302618446a526b","name":"Juan P\u00e9rez","image":{"@type":"ImageObject","inLanguage":"es-AR","@id":"https:\/\/www.diario21.tv\/noticias\/#\/schema\/person\/image\/","url":"https:\/\/secure.gravatar.com\/avatar\/c478a405bd10621167f4c3167cc770f5?s=96&d=mm&r=g","contentUrl":"https:\/\/secure.gravatar.com\/avatar\/c478a405bd10621167f4c3167cc770f5?s=96&d=mm&r=g","caption":"Juan P\u00e9rez"},"description":"Juan P\u00e9rez es el redactor en jefe de Diario 21. Con m\u00e1s de 10 a\u00f1os de experiencia en el periodismo, se especializa en pol\u00edtica nacional y an\u00e1lisis socioecon\u00f3mico. Su enfoque cr\u00edtico y riguroso aporta una perspectiva \u00fanica a cada art\u00edculo.","sameAs":["https:\/\/www.diario21.tv\/noticias\/"],"url":"https:\/\/www.diario21.tv\/noticias\/author\/juan-perez\/"}]}},"_links":{"self":[{"href":"https:\/\/www.diario21.tv\/noticias\/wp-json\/wp\/v2\/posts\/6780"}],"collection":[{"href":"https:\/\/www.diario21.tv\/noticias\/wp-json\/wp\/v2\/posts"}],"about":[{"href":"https:\/\/www.diario21.tv\/noticias\/wp-json\/wp\/v2\/types\/post"}],"author":[{"embeddable":true,"href":"https:\/\/www.diario21.tv\/noticias\/wp-json\/wp\/v2\/users\/20"}],"replies":[{"embeddable":true,"href":"https:\/\/www.diario21.tv\/noticias\/wp-json\/wp\/v2\/comments?post=6780"}],"version-history":[{"count":1,"href":"https:\/\/www.diario21.tv\/noticias\/wp-json\/wp\/v2\/posts\/6780\/revisions"}],"predecessor-version":[{"id":6782,"href":"https:\/\/www.diario21.tv\/noticias\/wp-json\/wp\/v2\/posts\/6780\/revisions\/6782"}],"wp:featuredmedia":[{"embeddable":true,"href":"https:\/\/www.diario21.tv\/noticias\/wp-json\/wp\/v2\/media\/6781"}],"wp:attachment":[{"href":"https:\/\/www.diario21.tv\/noticias\/wp-json\/wp\/v2\/media?parent=6780"}],"wp:term":[{"taxonomy":"category","embeddable":true,"href":"https:\/\/www.diario21.tv\/noticias\/wp-json\/wp\/v2\/categories?post=6780"},{"taxonomy":"post_tag","embeddable":true,"href":"https:\/\/www.diario21.tv\/noticias\/wp-json\/wp\/v2\/tags?post=6780"}],"curies":[{"name":"wp","href":"https:\/\/api.w.org\/{rel}","templated":true}]}}