{"id":6777,"date":"2026-04-05T03:44:31","date_gmt":"2026-04-05T03:44:31","guid":{"rendered":"https:\/\/www.diario21.tv\/noticias\/explosion-mortal-en-bar-de-almeria-un-muerto-y-dos-heridos-detalles-impactantes\/"},"modified":"2026-04-05T03:44:34","modified_gmt":"2026-04-05T03:44:34","slug":"explosion-mortal-en-bar-de-almeria-un-muerto-y-dos-heridos-detalles-impactantes","status":"publish","type":"post","link":"https:\/\/www.diario21.tv\/noticias\/explosion-mortal-en-bar-de-almeria-un-muerto-y-dos-heridos-detalles-impactantes\/","title":{"rendered":"Explosi\u00f3n mortal en bar de Almer\u00eda: un muerto y dos heridos \u00a1Detalles impactantes!"},"content":{"rendered":"<h2>Una persona muerta y dos lesionadas tras explosi\u00f3n de gas en un establecimiento de Almer\u00eda<\/h2>\n<p>Un tr\u00e1gico incidente sacudi\u00f3 la tranquilidad de un bar ubicado en Almer\u00eda, donde una explosi\u00f3n de gas result\u00f3 en la muerte de una persona y dej\u00f3 a otras dos con heridas. El suceso, que ha conmocionado a la comunidad local, ocurri\u00f3 durante la ma\u00f1ana y provoc\u00f3 una r\u00e1pida respuesta de los servicios de emergencia.<\/p>\n<h3>Detalles del incidente<\/h3>\n<p>Seg\u00fan informes preliminares, la explosi\u00f3n se origin\u00f3 por una acumulaci\u00f3n de gas en el interior del establecimiento. Los expertos sugieren que el gas pudo haberse acumulado durante la noche cuando el bar estaba cerrado y sin ventilaci\u00f3n adecuada. La ignici\u00f3n del gas pudo haber sido causada por una chispa el\u00e9ctrica o por el encendido de alg\u00fan aparato dentro del bar al abrir, lo que desencaden\u00f3 la explosi\u00f3n.<\/p>\n<p>Las autoridades llegaron al lugar para evaluar la escena y ayudar a los heridos. Uno de los empleados del bar, lamentablemente, perdi\u00f3 la vida debido a la gravedad de las heridas sufridas. Los otros dos afectados fueron trasladados r\u00e1pidamente a un hospital cercano, donde recibieron atenci\u00f3n m\u00e9dica especializada. Afortunadamente, se espera que estas dos personas se recuperen de sus heridas.<\/p>\n<h3>Reacciones y medidas de seguridad<\/h3>\n<p>El evento ha generado una profunda preocupaci\u00f3n entre los residentes y propietarios de negocios locales. Las autoridades han reiterado la importancia de las revisiones regulares y el mantenimiento de los sistemas de gas para prevenir incidentes similares. Inspecciones adicionales est\u00e1n siendo programadas en otros establecimientos para asegurar que cumplen con todas las normativas de seguridad vigentes.<\/p>\n<p>El alcalde de Almer\u00eda expres\u00f3 su condolencia a la familia de la v\u00edctima fatal y asegur\u00f3 que el ayuntamiento est\u00e1 trabajando para reforzar las medidas de seguridad en todos los establecimientos p\u00fablicos. Tambi\u00e9n agradeci\u00f3 a los servicios de emergencia por su pronta respuesta y eficaz actuaci\u00f3n, que evitaron que el incidente tuviera consecuencias a\u00fan m\u00e1s graves.<\/p>\n<h3>Investigaci\u00f3n en curso<\/h3>\n<p>La polic\u00eda local ha iniciado una investigaci\u00f3n para determinar las causas exactas de la explosi\u00f3n. Este proceso incluir\u00e1 entrevistas con testigos, revisi\u00f3n de las instalaciones el\u00e9ctricas y de gas del bar, y an\u00e1lisis de otros posibles factores contribuyentes. El objetivo es entender completamente qu\u00e9 fall\u00f3 y c\u00f3mo se puede evitar que sucesos como este se repitan en el futuro.<\/p>\n<p>La comunidad de Almer\u00eda se encuentra en duelo por la p\u00e9rdida de uno de sus miembros y busca maneras de apoyar a las familias afectadas mientras espera los resultados de la investigaci\u00f3n. Este incidente sirve como un triste recordatorio de la necesidad de estricto cumplimiento de las normas de seguridad y vigilancia constante para proteger a las personas y propiedades.<\/p>\n\n\n<div class=\"kk-star-ratings kksr-auto kksr-align-left kksr-valign-bottom\"\n    data-payload='{&quot;align&quot;:&quot;left&quot;,&quot;id&quot;:&quot;6777&quot;,&quot;slug&quot;:&quot;default&quot;,&quot;valign&quot;:&quot;bottom&quot;,&quot;ignore&quot;:&quot;&quot;,&quot;reference&quot;:&quot;auto&quot;,&quot;class&quot;:&quot;&quot;,&quot;count&quot;:&quot;0&quot;,&quot;legendonly&quot;:&quot;&quot;,&quot;readonly&quot;:&quot;&quot;,&quot;score&quot;:&quot;0&quot;,&quot;starsonly&quot;:&quot;&quot;,&quot;best&quot;:&quot;5&quot;,&quot;gap&quot;:&quot;5&quot;,&quot;greet&quot;:&quot;Valora este post&quot;,&quot;legend&quot;:&quot;0\\\/5 - (0 votes)&quot;,&quot;size&quot;:&quot;22&quot;,&quot;title&quot;:&quot;Explosi\u00f3n mortal en bar de Almer\u00eda: un muerto y dos heridos \u00a1Detalles impactantes!&quot;,&quot;width&quot;:&quot;0&quot;,&quot;_legend&quot;:&quot;{score}\\\/{best} - ({count} {votes})&quot;,&quot;font_factor&quot;:&quot;1.25&quot;}'>\n            \n<div class=\"kksr-stars\">\n    \n<div class=\"kksr-stars-inactive\">\n            <div class=\"kksr-star\" data-star=\"1\" style=\"padding-right: 5px\">\n            \n\n<div class=\"kksr-icon\" style=\"width: 22px; height: 22px;\"><\/div>\n        <\/div>\n            <div class=\"kksr-star\" data-star=\"2\" style=\"padding-right: 5px\">\n            \n\n<div class=\"kksr-icon\" style=\"width: 22px; height: 22px;\"><\/div>\n        <\/div>\n            <div class=\"kksr-star\" data-star=\"3\" style=\"padding-right: 5px\">\n            \n\n<div class=\"kksr-icon\" style=\"width: 22px; height: 22px;\"><\/div>\n        <\/div>\n            <div class=\"kksr-star\" data-star=\"4\" style=\"padding-right: 5px\">\n            \n\n<div class=\"kksr-icon\" style=\"width: 22px; height: 22px;\"><\/div>\n        <\/div>\n            <div class=\"kksr-star\" data-star=\"5\" style=\"padding-right: 5px\">\n            \n\n<div class=\"kksr-icon\" style=\"width: 22px; height: 22px;\"><\/div>\n        <\/div>\n    <\/div>\n    \n<div class=\"kksr-stars-active\" style=\"width: 0px;\">\n            <div class=\"kksr-star\" style=\"padding-right: 5px\">\n            \n\n<div class=\"kksr-icon\" style=\"width: 22px; height: 22px;\"><\/div>\n        <\/div>\n            <div class=\"kksr-star\" style=\"padding-right: 5px\">\n            \n\n<div class=\"kksr-icon\" style=\"width: 22px; height: 22px;\"><\/div>\n        <\/div>\n            <div class=\"kksr-star\" style=\"padding-right: 5px\">\n            \n\n<div class=\"kksr-icon\" style=\"width: 22px; height: 22px;\"><\/div>\n        <\/div>\n            <div class=\"kksr-star\" style=\"padding-right: 5px\">\n            \n\n<div class=\"kksr-icon\" style=\"width: 22px; height: 22px;\"><\/div>\n        <\/div>\n            <div class=\"kksr-star\" style=\"padding-right: 5px\">\n            \n\n<div class=\"kksr-icon\" style=\"width: 22px; height: 22px;\"><\/div>\n        <\/div>\n    <\/div>\n<\/div>\n                \n\n<div class=\"kksr-legend\" style=\"font-size: 17.6px;\">\n            <span class=\"kksr-muted\">Valora este post<\/span>\n    <\/div>\n    <\/div>\n","protected":false},"excerpt":{"rendered":"<p>Una persona muerta y dos lesionadas tras explosi\u00f3n de gas en un establecimiento de Almer\u00eda Un tr\u00e1gico incidente sacudi\u00f3 la tranquilidad de un bar ubicado en &#8230; <a title=\"Explosi\u00f3n mortal en bar de Almer\u00eda: un muerto y dos heridos \u00a1Detalles impactantes!\" class=\"read-more\" href=\"https:\/\/www.diario21.tv\/noticias\/explosion-mortal-en-bar-de-almeria-un-muerto-y-dos-heridos-detalles-impactantes\/\" aria-label=\"Leer m\u00e1s sobre Explosi\u00f3n mortal en bar de Almer\u00eda: un muerto y dos heridos \u00a1Detalles impactantes!\">Seguir leyendo &rarr;<\/a><\/p>\n","protected":false},"author":20,"featured_media":6778,"comment_status":"open","ping_status":"open","sticky":false,"template":"","format":"standard","meta":{"footnotes":""},"categories":[13],"tags":[],"class_list":["post-6777","post","type-post","status-publish","format-standard","has-post-thumbnail","hentry","category-portada"],"yoast_head":"<!-- This site is optimized with the Yoast SEO plugin v25.6 - https:\/\/yoast.com\/wordpress\/plugins\/seo\/ -->\n<title>Explosi\u00f3n mortal en bar de Almer\u00eda: un muerto y dos heridos \u00a1Detalles impactantes! - Diario 21<\/title>\n<meta name=\"robots\" content=\"index, follow, max-snippet:-1, max-image-preview:large, max-video-preview:-1\" \/>\n<link rel=\"canonical\" href=\"https:\/\/www.diario21.tv\/noticias\/explosion-mortal-en-bar-de-almeria-un-muerto-y-dos-heridos-detalles-impactantes\/\" \/>\n<meta property=\"og:locale\" content=\"es_ES\" \/>\n<meta property=\"og:type\" content=\"article\" \/>\n<meta property=\"og:title\" content=\"Explosi\u00f3n mortal en bar de Almer\u00eda: un muerto y dos heridos \u00a1Detalles impactantes! - Diario 21\" \/>\n<meta property=\"og:description\" content=\"Una persona muerta y dos lesionadas tras explosi\u00f3n de gas en un establecimiento de Almer\u00eda Un tr\u00e1gico incidente sacudi\u00f3 la tranquilidad de un bar ubicado en ... Seguir leyendo &rarr;\" \/>\n<meta property=\"og:url\" content=\"https:\/\/www.diario21.tv\/noticias\/explosion-mortal-en-bar-de-almeria-un-muerto-y-dos-heridos-detalles-impactantes\/\" \/>\n<meta property=\"og:site_name\" content=\"Diario 21\" \/>\n<meta property=\"article:published_time\" content=\"2026-04-05T03:44:31+00:00\" \/>\n<meta property=\"article:modified_time\" content=\"2026-04-05T03:44:34+00:00\" \/>\n<meta property=\"og:image\" content=\"https:\/\/www.diario21.tv\/noticias\/wp-content\/uploads\/2026\/04\/Explosion-mortal-en-bar-de-Almeria-un-muerto-y-dos.jpg\" \/>\n\t<meta property=\"og:image:width\" content=\"1200\" \/>\n\t<meta property=\"og:image:height\" content=\"840\" \/>\n\t<meta property=\"og:image:type\" content=\"image\/jpeg\" \/>\n<meta name=\"author\" content=\"Juan P\u00e9rez\" \/>\n<meta name=\"twitter:card\" content=\"summary_large_image\" \/>\n<meta name=\"twitter:label1\" content=\"Escrito por\" \/>\n\t<meta name=\"twitter:data1\" content=\"Juan P\u00e9rez\" \/>\n\t<meta name=\"twitter:label2\" content=\"Tiempo de lectura\" \/>\n\t<meta name=\"twitter:data2\" content=\"2 minutos\" \/>\n<script type=\"application\/ld+json\" class=\"yoast-schema-graph\">{\"@context\":\"https:\/\/schema.org\",\"@graph\":[{\"@type\":\"WebPage\",\"@id\":\"https:\/\/www.diario21.tv\/noticias\/explosion-mortal-en-bar-de-almeria-un-muerto-y-dos-heridos-detalles-impactantes\/\",\"url\":\"https:\/\/www.diario21.tv\/noticias\/explosion-mortal-en-bar-de-almeria-un-muerto-y-dos-heridos-detalles-impactantes\/\",\"name\":\"Explosi\u00f3n mortal en bar de Almer\u00eda: un muerto y dos heridos \u00a1Detalles impactantes! - Diario 21\",\"isPartOf\":{\"@id\":\"https:\/\/www.diario21.tv\/noticias\/#website\"},\"primaryImageOfPage\":{\"@id\":\"https:\/\/www.diario21.tv\/noticias\/explosion-mortal-en-bar-de-almeria-un-muerto-y-dos-heridos-detalles-impactantes\/#primaryimage\"},\"image\":{\"@id\":\"https:\/\/www.diario21.tv\/noticias\/explosion-mortal-en-bar-de-almeria-un-muerto-y-dos-heridos-detalles-impactantes\/#primaryimage\"},\"thumbnailUrl\":\"https:\/\/www.diario21.tv\/noticias\/wp-content\/uploads\/2026\/04\/Explosion-mortal-en-bar-de-Almeria-un-muerto-y-dos.jpg\",\"datePublished\":\"2026-04-05T03:44:31+00:00\",\"dateModified\":\"2026-04-05T03:44:34+00:00\",\"author\":{\"@id\":\"https:\/\/www.diario21.tv\/noticias\/#\/schema\/person\/dfb778f73814d8f09f302618446a526b\"},\"breadcrumb\":{\"@id\":\"https:\/\/www.diario21.tv\/noticias\/explosion-mortal-en-bar-de-almeria-un-muerto-y-dos-heridos-detalles-impactantes\/#breadcrumb\"},\"inLanguage\":\"es-AR\",\"potentialAction\":[{\"@type\":\"ReadAction\",\"target\":[\"https:\/\/www.diario21.tv\/noticias\/explosion-mortal-en-bar-de-almeria-un-muerto-y-dos-heridos-detalles-impactantes\/\"]}]},{\"@type\":\"ImageObject\",\"inLanguage\":\"es-AR\",\"@id\":\"https:\/\/www.diario21.tv\/noticias\/explosion-mortal-en-bar-de-almeria-un-muerto-y-dos-heridos-detalles-impactantes\/#primaryimage\",\"url\":\"https:\/\/www.diario21.tv\/noticias\/wp-content\/uploads\/2026\/04\/Explosion-mortal-en-bar-de-Almeria-un-muerto-y-dos.jpg\",\"contentUrl\":\"https:\/\/www.diario21.tv\/noticias\/wp-content\/uploads\/2026\/04\/Explosion-mortal-en-bar-de-Almeria-un-muerto-y-dos.jpg\",\"width\":1200,\"height\":840,\"caption\":\"Un fallecido y dos heridos en una explosi\u00f3n de gas en un bar de Almer\u00eda\"},{\"@type\":\"BreadcrumbList\",\"@id\":\"https:\/\/www.diario21.tv\/noticias\/explosion-mortal-en-bar-de-almeria-un-muerto-y-dos-heridos-detalles-impactantes\/#breadcrumb\",\"itemListElement\":[{\"@type\":\"ListItem\",\"position\":1,\"name\":\"Accueil\",\"item\":\"https:\/\/www.diario21.tv\/noticias\/\"},{\"@type\":\"ListItem\",\"position\":2,\"name\":\"Explosi\u00f3n mortal en bar de Almer\u00eda: un muerto y dos heridos \u00a1Detalles impactantes!\"}]},{\"@type\":\"WebSite\",\"@id\":\"https:\/\/www.diario21.tv\/noticias\/#website\",\"url\":\"https:\/\/www.diario21.tv\/noticias\/\",\"name\":\"Diario 21\",\"description\":\"\",\"potentialAction\":[{\"@type\":\"SearchAction\",\"target\":{\"@type\":\"EntryPoint\",\"urlTemplate\":\"https:\/\/www.diario21.tv\/noticias\/?s={search_term_string}\"},\"query-input\":{\"@type\":\"PropertyValueSpecification\",\"valueRequired\":true,\"valueName\":\"search_term_string\"}}],\"inLanguage\":\"es-AR\"},{\"@type\":\"Person\",\"@id\":\"https:\/\/www.diario21.tv\/noticias\/#\/schema\/person\/dfb778f73814d8f09f302618446a526b\",\"name\":\"Juan P\u00e9rez\",\"image\":{\"@type\":\"ImageObject\",\"inLanguage\":\"es-AR\",\"@id\":\"https:\/\/www.diario21.tv\/noticias\/#\/schema\/person\/image\/\",\"url\":\"https:\/\/secure.gravatar.com\/avatar\/c478a405bd10621167f4c3167cc770f5?s=96&d=mm&r=g\",\"contentUrl\":\"https:\/\/secure.gravatar.com\/avatar\/c478a405bd10621167f4c3167cc770f5?s=96&d=mm&r=g\",\"caption\":\"Juan P\u00e9rez\"},\"description\":\"Juan P\u00e9rez es el redactor en jefe de Diario 21. Con m\u00e1s de 10 a\u00f1os de experiencia en el periodismo, se especializa en pol\u00edtica nacional y an\u00e1lisis socioecon\u00f3mico. Su enfoque cr\u00edtico y riguroso aporta una perspectiva \u00fanica a cada art\u00edculo.\",\"sameAs\":[\"https:\/\/www.diario21.tv\/noticias\/\"],\"url\":\"https:\/\/www.diario21.tv\/noticias\/author\/juan-perez\/\"}]}<\/script>\n<!-- \/ Yoast SEO plugin. -->","yoast_head_json":{"title":"Explosi\u00f3n mortal en bar de Almer\u00eda: un muerto y dos heridos \u00a1Detalles impactantes! - Diario 21","robots":{"index":"index","follow":"follow","max-snippet":"max-snippet:-1","max-image-preview":"max-image-preview:large","max-video-preview":"max-video-preview:-1"},"canonical":"https:\/\/www.diario21.tv\/noticias\/explosion-mortal-en-bar-de-almeria-un-muerto-y-dos-heridos-detalles-impactantes\/","og_locale":"es_ES","og_type":"article","og_title":"Explosi\u00f3n mortal en bar de Almer\u00eda: un muerto y dos heridos \u00a1Detalles impactantes! - Diario 21","og_description":"Una persona muerta y dos lesionadas tras explosi\u00f3n de gas en un establecimiento de Almer\u00eda Un tr\u00e1gico incidente sacudi\u00f3 la tranquilidad de un bar ubicado en ... Seguir leyendo &rarr;","og_url":"https:\/\/www.diario21.tv\/noticias\/explosion-mortal-en-bar-de-almeria-un-muerto-y-dos-heridos-detalles-impactantes\/","og_site_name":"Diario 21","article_published_time":"2026-04-05T03:44:31+00:00","article_modified_time":"2026-04-05T03:44:34+00:00","og_image":[{"width":1200,"height":840,"url":"https:\/\/www.diario21.tv\/noticias\/wp-content\/uploads\/2026\/04\/Explosion-mortal-en-bar-de-Almeria-un-muerto-y-dos.jpg","type":"image\/jpeg"}],"author":"Juan P\u00e9rez","twitter_card":"summary_large_image","twitter_misc":{"Escrito por":"Juan P\u00e9rez","Tiempo de lectura":"2 minutos"},"schema":{"@context":"https:\/\/schema.org","@graph":[{"@type":"WebPage","@id":"https:\/\/www.diario21.tv\/noticias\/explosion-mortal-en-bar-de-almeria-un-muerto-y-dos-heridos-detalles-impactantes\/","url":"https:\/\/www.diario21.tv\/noticias\/explosion-mortal-en-bar-de-almeria-un-muerto-y-dos-heridos-detalles-impactantes\/","name":"Explosi\u00f3n mortal en bar de Almer\u00eda: un muerto y dos heridos \u00a1Detalles impactantes! - Diario 21","isPartOf":{"@id":"https:\/\/www.diario21.tv\/noticias\/#website"},"primaryImageOfPage":{"@id":"https:\/\/www.diario21.tv\/noticias\/explosion-mortal-en-bar-de-almeria-un-muerto-y-dos-heridos-detalles-impactantes\/#primaryimage"},"image":{"@id":"https:\/\/www.diario21.tv\/noticias\/explosion-mortal-en-bar-de-almeria-un-muerto-y-dos-heridos-detalles-impactantes\/#primaryimage"},"thumbnailUrl":"https:\/\/www.diario21.tv\/noticias\/wp-content\/uploads\/2026\/04\/Explosion-mortal-en-bar-de-Almeria-un-muerto-y-dos.jpg","datePublished":"2026-04-05T03:44:31+00:00","dateModified":"2026-04-05T03:44:34+00:00","author":{"@id":"https:\/\/www.diario21.tv\/noticias\/#\/schema\/person\/dfb778f73814d8f09f302618446a526b"},"breadcrumb":{"@id":"https:\/\/www.diario21.tv\/noticias\/explosion-mortal-en-bar-de-almeria-un-muerto-y-dos-heridos-detalles-impactantes\/#breadcrumb"},"inLanguage":"es-AR","potentialAction":[{"@type":"ReadAction","target":["https:\/\/www.diario21.tv\/noticias\/explosion-mortal-en-bar-de-almeria-un-muerto-y-dos-heridos-detalles-impactantes\/"]}]},{"@type":"ImageObject","inLanguage":"es-AR","@id":"https:\/\/www.diario21.tv\/noticias\/explosion-mortal-en-bar-de-almeria-un-muerto-y-dos-heridos-detalles-impactantes\/#primaryimage","url":"https:\/\/www.diario21.tv\/noticias\/wp-content\/uploads\/2026\/04\/Explosion-mortal-en-bar-de-Almeria-un-muerto-y-dos.jpg","contentUrl":"https:\/\/www.diario21.tv\/noticias\/wp-content\/uploads\/2026\/04\/Explosion-mortal-en-bar-de-Almeria-un-muerto-y-dos.jpg","width":1200,"height":840,"caption":"Un fallecido y dos heridos en una explosi\u00f3n de gas en un bar de Almer\u00eda"},{"@type":"BreadcrumbList","@id":"https:\/\/www.diario21.tv\/noticias\/explosion-mortal-en-bar-de-almeria-un-muerto-y-dos-heridos-detalles-impactantes\/#breadcrumb","itemListElement":[{"@type":"ListItem","position":1,"name":"Accueil","item":"https:\/\/www.diario21.tv\/noticias\/"},{"@type":"ListItem","position":2,"name":"Explosi\u00f3n mortal en bar de Almer\u00eda: un muerto y dos heridos \u00a1Detalles impactantes!"}]},{"@type":"WebSite","@id":"https:\/\/www.diario21.tv\/noticias\/#website","url":"https:\/\/www.diario21.tv\/noticias\/","name":"Diario 21","description":"","potentialAction":[{"@type":"SearchAction","target":{"@type":"EntryPoint","urlTemplate":"https:\/\/www.diario21.tv\/noticias\/?s={search_term_string}"},"query-input":{"@type":"PropertyValueSpecification","valueRequired":true,"valueName":"search_term_string"}}],"inLanguage":"es-AR"},{"@type":"Person","@id":"https:\/\/www.diario21.tv\/noticias\/#\/schema\/person\/dfb778f73814d8f09f302618446a526b","name":"Juan P\u00e9rez","image":{"@type":"ImageObject","inLanguage":"es-AR","@id":"https:\/\/www.diario21.tv\/noticias\/#\/schema\/person\/image\/","url":"https:\/\/secure.gravatar.com\/avatar\/c478a405bd10621167f4c3167cc770f5?s=96&d=mm&r=g","contentUrl":"https:\/\/secure.gravatar.com\/avatar\/c478a405bd10621167f4c3167cc770f5?s=96&d=mm&r=g","caption":"Juan P\u00e9rez"},"description":"Juan P\u00e9rez es el redactor en jefe de Diario 21. Con m\u00e1s de 10 a\u00f1os de experiencia en el periodismo, se especializa en pol\u00edtica nacional y an\u00e1lisis socioecon\u00f3mico. Su enfoque cr\u00edtico y riguroso aporta una perspectiva \u00fanica a cada art\u00edculo.","sameAs":["https:\/\/www.diario21.tv\/noticias\/"],"url":"https:\/\/www.diario21.tv\/noticias\/author\/juan-perez\/"}]}},"_links":{"self":[{"href":"https:\/\/www.diario21.tv\/noticias\/wp-json\/wp\/v2\/posts\/6777"}],"collection":[{"href":"https:\/\/www.diario21.tv\/noticias\/wp-json\/wp\/v2\/posts"}],"about":[{"href":"https:\/\/www.diario21.tv\/noticias\/wp-json\/wp\/v2\/types\/post"}],"author":[{"embeddable":true,"href":"https:\/\/www.diario21.tv\/noticias\/wp-json\/wp\/v2\/users\/20"}],"replies":[{"embeddable":true,"href":"https:\/\/www.diario21.tv\/noticias\/wp-json\/wp\/v2\/comments?post=6777"}],"version-history":[{"count":1,"href":"https:\/\/www.diario21.tv\/noticias\/wp-json\/wp\/v2\/posts\/6777\/revisions"}],"predecessor-version":[{"id":6779,"href":"https:\/\/www.diario21.tv\/noticias\/wp-json\/wp\/v2\/posts\/6777\/revisions\/6779"}],"wp:featuredmedia":[{"embeddable":true,"href":"https:\/\/www.diario21.tv\/noticias\/wp-json\/wp\/v2\/media\/6778"}],"wp:attachment":[{"href":"https:\/\/www.diario21.tv\/noticias\/wp-json\/wp\/v2\/media?parent=6777"}],"wp:term":[{"taxonomy":"category","embeddable":true,"href":"https:\/\/www.diario21.tv\/noticias\/wp-json\/wp\/v2\/categories?post=6777"},{"taxonomy":"post_tag","embeddable":true,"href":"https:\/\/www.diario21.tv\/noticias\/wp-json\/wp\/v2\/tags?post=6777"}],"curies":[{"name":"wp","href":"https:\/\/api.w.org\/{rel}","templated":true}]}}