{"id":6774,"date":"2026-04-04T21:43:09","date_gmt":"2026-04-04T21:43:09","guid":{"rendered":"https:\/\/www.diario21.tv\/noticias\/fiscalia-de-salamanca-rechaza-primer-permiso-penitenciario-de-alfonso-basterra-enterate\/"},"modified":"2026-04-04T21:43:10","modified_gmt":"2026-04-04T21:43:10","slug":"fiscalia-de-salamanca-rechaza-primer-permiso-penitenciario-de-alfonso-basterra-enterate","status":"publish","type":"post","link":"https:\/\/www.diario21.tv\/noticias\/fiscalia-de-salamanca-rechaza-primer-permiso-penitenciario-de-alfonso-basterra-enterate\/","title":{"rendered":"Fiscal\u00eda de Salamanca rechaza primer permiso penitenciario de Alfonso Basterra \u00a1Ent\u00e9rate!"},"content":{"rendered":"<h2>La Fiscal\u00eda de Salamanca Rechaza el Primer Permiso Penitenciario de Alfonso Basterra<\/h2>\n<p>La Fiscal\u00eda de Salamanca ha expresado su oposici\u00f3n frente a la concesi\u00f3n del primer permiso penitenciario solicitado por Alfonso Basterra, quien actualmente cumple condena. Este rechazo se fundamenta en varios aspectos evaluados por las autoridades competentes, los cuales han llevado a la conclusi\u00f3n de que no se cumplen los requisitos necesarios para conceder dicho permiso.<\/p>\n<h3>Razones de la Oposici\u00f3n<\/h3>\n<p>La decisi\u00f3n de la Fiscal\u00eda se basa en criterios rigurosos que incluyen el an\u00e1lisis del comportamiento de Basterra dentro del establecimiento penitenciario, as\u00ed como el impacto que su liberaci\u00f3n temporal podr\u00eda tener en la sociedad y en la percepci\u00f3n de la justicia. Seg\u00fan fuentes cercanas al caso, existen preocupaciones significativas sobre la posibilidad de que Basterra no regrese a la prisi\u00f3n una vez otorgado el permiso, aumentando el riesgo de fuga.<\/p>\n<p>Adem\u00e1s, se ha considerado la gravedad de los delitos por los que fue condenado, lo que a\u00f1ade una capa adicional de complejidad al evaluar la conveniencia de permitirle disfrutar de periodos fuera del recinto penitenciario. La Fiscal\u00eda sostiene que estos factores, combinados, justifican una postura cautelosa para evitar posibles consecuencias negativas que podr\u00edan derivarse de una decisi\u00f3n prematura o inadecuadamente fundada.<\/p>\n<h3>Impacto en la Comunidad y Seguridad P\u00fablica<\/h3>\n<p>Otro aspecto clave en la decisi\u00f3n de la Fiscal\u00eda es el impacto que la concesi\u00f3n del permiso podr\u00eda tener en la comunidad, especialmente en las v\u00edctimas y sus familias. La liberaci\u00f3n, aunque temporal, de una persona condenada por delitos graves puede generar inquietud y malestar en la sociedad, que podr\u00eda percibir esta medida como una falta de seriedad en el manejo de casos de alta relevancia.<\/p>\n<p>La Fiscal\u00eda tambi\u00e9n ha considerado la seguridad p\u00fablica, un elemento central en la administraci\u00f3n de justicia penal. La evaluaci\u00f3n de los riesgos asociados con la reintegraci\u00f3n temporal de personas condenadas en la comunidad es un proceso delicado que requiere un equilibrio entre los derechos del individuo y el bienestar colectivo.<\/p>\n<h3>Conclusi\u00f3n<\/h3>\n<p>En conclusi\u00f3n, la Fiscal\u00eda de Salamanca ha decidido oponerse firmemente al primer permiso penitenciario solicitado por Alfonso Basterra. Esta postura se alinea con una pol\u00edtica de prudencia y rigurosidad, asegurando que las decisiones en el \u00e1mbito penitenciario se tomen considerando todos los factores involucrados, especialmente aquellos relacionados con la seguridad y la justicia p\u00fablica. La decisi\u00f3n final, sin embargo, estar\u00e1 en manos del juez, quien deber\u00e1 considerar todos estos elementos antes de emitir un veredicto.<\/p>\n\n\n<div class=\"kk-star-ratings kksr-auto kksr-align-left kksr-valign-bottom\"\n    data-payload='{&quot;align&quot;:&quot;left&quot;,&quot;id&quot;:&quot;6774&quot;,&quot;slug&quot;:&quot;default&quot;,&quot;valign&quot;:&quot;bottom&quot;,&quot;ignore&quot;:&quot;&quot;,&quot;reference&quot;:&quot;auto&quot;,&quot;class&quot;:&quot;&quot;,&quot;count&quot;:&quot;0&quot;,&quot;legendonly&quot;:&quot;&quot;,&quot;readonly&quot;:&quot;&quot;,&quot;score&quot;:&quot;0&quot;,&quot;starsonly&quot;:&quot;&quot;,&quot;best&quot;:&quot;5&quot;,&quot;gap&quot;:&quot;5&quot;,&quot;greet&quot;:&quot;Valora este post&quot;,&quot;legend&quot;:&quot;0\\\/5 - (0 votes)&quot;,&quot;size&quot;:&quot;22&quot;,&quot;title&quot;:&quot;Fiscal\u00eda de Salamanca rechaza primer permiso penitenciario de Alfonso Basterra \u00a1Ent\u00e9rate!&quot;,&quot;width&quot;:&quot;0&quot;,&quot;_legend&quot;:&quot;{score}\\\/{best} - ({count} {votes})&quot;,&quot;font_factor&quot;:&quot;1.25&quot;}'>\n            \n<div class=\"kksr-stars\">\n    \n<div class=\"kksr-stars-inactive\">\n            <div class=\"kksr-star\" data-star=\"1\" style=\"padding-right: 5px\">\n            \n\n<div class=\"kksr-icon\" style=\"width: 22px; height: 22px;\"><\/div>\n        <\/div>\n            <div class=\"kksr-star\" data-star=\"2\" style=\"padding-right: 5px\">\n            \n\n<div class=\"kksr-icon\" style=\"width: 22px; height: 22px;\"><\/div>\n        <\/div>\n            <div class=\"kksr-star\" data-star=\"3\" style=\"padding-right: 5px\">\n            \n\n<div class=\"kksr-icon\" style=\"width: 22px; height: 22px;\"><\/div>\n        <\/div>\n            <div class=\"kksr-star\" data-star=\"4\" style=\"padding-right: 5px\">\n            \n\n<div class=\"kksr-icon\" style=\"width: 22px; height: 22px;\"><\/div>\n        <\/div>\n            <div class=\"kksr-star\" data-star=\"5\" style=\"padding-right: 5px\">\n            \n\n<div class=\"kksr-icon\" style=\"width: 22px; height: 22px;\"><\/div>\n        <\/div>\n    <\/div>\n    \n<div class=\"kksr-stars-active\" style=\"width: 0px;\">\n            <div class=\"kksr-star\" style=\"padding-right: 5px\">\n            \n\n<div class=\"kksr-icon\" style=\"width: 22px; height: 22px;\"><\/div>\n        <\/div>\n            <div class=\"kksr-star\" style=\"padding-right: 5px\">\n            \n\n<div class=\"kksr-icon\" style=\"width: 22px; height: 22px;\"><\/div>\n        <\/div>\n            <div class=\"kksr-star\" style=\"padding-right: 5px\">\n            \n\n<div class=\"kksr-icon\" style=\"width: 22px; height: 22px;\"><\/div>\n        <\/div>\n            <div class=\"kksr-star\" style=\"padding-right: 5px\">\n            \n\n<div class=\"kksr-icon\" style=\"width: 22px; height: 22px;\"><\/div>\n        <\/div>\n            <div class=\"kksr-star\" style=\"padding-right: 5px\">\n            \n\n<div class=\"kksr-icon\" style=\"width: 22px; height: 22px;\"><\/div>\n        <\/div>\n    <\/div>\n<\/div>\n                \n\n<div class=\"kksr-legend\" style=\"font-size: 17.6px;\">\n            <span class=\"kksr-muted\">Valora este post<\/span>\n    <\/div>\n    <\/div>\n","protected":false},"excerpt":{"rendered":"<p>La Fiscal\u00eda de Salamanca Rechaza el Primer Permiso Penitenciario de Alfonso Basterra La Fiscal\u00eda de Salamanca ha expresado su oposici\u00f3n frente a la concesi\u00f3n del primer &#8230; <a title=\"Fiscal\u00eda de Salamanca rechaza primer permiso penitenciario de Alfonso Basterra \u00a1Ent\u00e9rate!\" class=\"read-more\" href=\"https:\/\/www.diario21.tv\/noticias\/fiscalia-de-salamanca-rechaza-primer-permiso-penitenciario-de-alfonso-basterra-enterate\/\" aria-label=\"Leer m\u00e1s sobre Fiscal\u00eda de Salamanca rechaza primer permiso penitenciario de Alfonso Basterra \u00a1Ent\u00e9rate!\">Seguir leyendo &rarr;<\/a><\/p>\n","protected":false},"author":20,"featured_media":6775,"comment_status":"open","ping_status":"open","sticky":false,"template":"","format":"standard","meta":{"footnotes":""},"categories":[13],"tags":[],"class_list":["post-6774","post","type-post","status-publish","format-standard","has-post-thumbnail","hentry","category-portada"],"yoast_head":"<!-- This site is optimized with the Yoast SEO plugin v25.6 - https:\/\/yoast.com\/wordpress\/plugins\/seo\/ -->\n<title>Fiscal\u00eda de Salamanca rechaza primer permiso penitenciario de Alfonso Basterra \u00a1Ent\u00e9rate! - Diario 21<\/title>\n<meta name=\"robots\" content=\"index, follow, max-snippet:-1, max-image-preview:large, max-video-preview:-1\" \/>\n<link rel=\"canonical\" href=\"https:\/\/www.diario21.tv\/noticias\/fiscalia-de-salamanca-rechaza-primer-permiso-penitenciario-de-alfonso-basterra-enterate\/\" \/>\n<meta property=\"og:locale\" content=\"es_ES\" \/>\n<meta property=\"og:type\" content=\"article\" \/>\n<meta property=\"og:title\" content=\"Fiscal\u00eda de Salamanca rechaza primer permiso penitenciario de Alfonso Basterra \u00a1Ent\u00e9rate! - Diario 21\" \/>\n<meta property=\"og:description\" content=\"La Fiscal\u00eda de Salamanca Rechaza el Primer Permiso Penitenciario de Alfonso Basterra La Fiscal\u00eda de Salamanca ha expresado su oposici\u00f3n frente a la concesi\u00f3n del primer ... Seguir leyendo &rarr;\" \/>\n<meta property=\"og:url\" content=\"https:\/\/www.diario21.tv\/noticias\/fiscalia-de-salamanca-rechaza-primer-permiso-penitenciario-de-alfonso-basterra-enterate\/\" \/>\n<meta property=\"og:site_name\" content=\"Diario 21\" \/>\n<meta property=\"article:published_time\" content=\"2026-04-04T21:43:09+00:00\" \/>\n<meta property=\"article:modified_time\" content=\"2026-04-04T21:43:10+00:00\" \/>\n<meta property=\"og:image\" content=\"https:\/\/www.diario21.tv\/noticias\/wp-content\/uploads\/2026\/04\/Fiscalia-de-Salamanca-rechaza-primer-permiso-penitenciario-de-Alfonso-Basterra.jpg\" \/>\n\t<meta property=\"og:image:width\" content=\"1200\" \/>\n\t<meta property=\"og:image:height\" content=\"840\" \/>\n\t<meta property=\"og:image:type\" content=\"image\/jpeg\" \/>\n<meta name=\"author\" content=\"Juan P\u00e9rez\" \/>\n<meta name=\"twitter:card\" content=\"summary_large_image\" \/>\n<meta name=\"twitter:label1\" content=\"Escrito por\" \/>\n\t<meta name=\"twitter:data1\" content=\"Juan P\u00e9rez\" \/>\n\t<meta name=\"twitter:label2\" content=\"Tiempo de lectura\" \/>\n\t<meta name=\"twitter:data2\" content=\"2 minutos\" \/>\n<script type=\"application\/ld+json\" class=\"yoast-schema-graph\">{\"@context\":\"https:\/\/schema.org\",\"@graph\":[{\"@type\":\"WebPage\",\"@id\":\"https:\/\/www.diario21.tv\/noticias\/fiscalia-de-salamanca-rechaza-primer-permiso-penitenciario-de-alfonso-basterra-enterate\/\",\"url\":\"https:\/\/www.diario21.tv\/noticias\/fiscalia-de-salamanca-rechaza-primer-permiso-penitenciario-de-alfonso-basterra-enterate\/\",\"name\":\"Fiscal\u00eda de Salamanca rechaza primer permiso penitenciario de Alfonso Basterra \u00a1Ent\u00e9rate! - Diario 21\",\"isPartOf\":{\"@id\":\"https:\/\/www.diario21.tv\/noticias\/#website\"},\"primaryImageOfPage\":{\"@id\":\"https:\/\/www.diario21.tv\/noticias\/fiscalia-de-salamanca-rechaza-primer-permiso-penitenciario-de-alfonso-basterra-enterate\/#primaryimage\"},\"image\":{\"@id\":\"https:\/\/www.diario21.tv\/noticias\/fiscalia-de-salamanca-rechaza-primer-permiso-penitenciario-de-alfonso-basterra-enterate\/#primaryimage\"},\"thumbnailUrl\":\"https:\/\/www.diario21.tv\/noticias\/wp-content\/uploads\/2026\/04\/Fiscalia-de-Salamanca-rechaza-primer-permiso-penitenciario-de-Alfonso-Basterra.jpg\",\"datePublished\":\"2026-04-04T21:43:09+00:00\",\"dateModified\":\"2026-04-04T21:43:10+00:00\",\"author\":{\"@id\":\"https:\/\/www.diario21.tv\/noticias\/#\/schema\/person\/dfb778f73814d8f09f302618446a526b\"},\"breadcrumb\":{\"@id\":\"https:\/\/www.diario21.tv\/noticias\/fiscalia-de-salamanca-rechaza-primer-permiso-penitenciario-de-alfonso-basterra-enterate\/#breadcrumb\"},\"inLanguage\":\"es-AR\",\"potentialAction\":[{\"@type\":\"ReadAction\",\"target\":[\"https:\/\/www.diario21.tv\/noticias\/fiscalia-de-salamanca-rechaza-primer-permiso-penitenciario-de-alfonso-basterra-enterate\/\"]}]},{\"@type\":\"ImageObject\",\"inLanguage\":\"es-AR\",\"@id\":\"https:\/\/www.diario21.tv\/noticias\/fiscalia-de-salamanca-rechaza-primer-permiso-penitenciario-de-alfonso-basterra-enterate\/#primaryimage\",\"url\":\"https:\/\/www.diario21.tv\/noticias\/wp-content\/uploads\/2026\/04\/Fiscalia-de-Salamanca-rechaza-primer-permiso-penitenciario-de-Alfonso-Basterra.jpg\",\"contentUrl\":\"https:\/\/www.diario21.tv\/noticias\/wp-content\/uploads\/2026\/04\/Fiscalia-de-Salamanca-rechaza-primer-permiso-penitenciario-de-Alfonso-Basterra.jpg\",\"width\":1200,\"height\":840,\"caption\":\"La Fiscal\u00eda de Salamanca se opone a que Alfonso Basterra acceda a su primer permiso penitenciario\"},{\"@type\":\"BreadcrumbList\",\"@id\":\"https:\/\/www.diario21.tv\/noticias\/fiscalia-de-salamanca-rechaza-primer-permiso-penitenciario-de-alfonso-basterra-enterate\/#breadcrumb\",\"itemListElement\":[{\"@type\":\"ListItem\",\"position\":1,\"name\":\"Accueil\",\"item\":\"https:\/\/www.diario21.tv\/noticias\/\"},{\"@type\":\"ListItem\",\"position\":2,\"name\":\"Fiscal\u00eda de Salamanca rechaza primer permiso penitenciario de Alfonso Basterra \u00a1Ent\u00e9rate!\"}]},{\"@type\":\"WebSite\",\"@id\":\"https:\/\/www.diario21.tv\/noticias\/#website\",\"url\":\"https:\/\/www.diario21.tv\/noticias\/\",\"name\":\"Diario 21\",\"description\":\"\",\"potentialAction\":[{\"@type\":\"SearchAction\",\"target\":{\"@type\":\"EntryPoint\",\"urlTemplate\":\"https:\/\/www.diario21.tv\/noticias\/?s={search_term_string}\"},\"query-input\":{\"@type\":\"PropertyValueSpecification\",\"valueRequired\":true,\"valueName\":\"search_term_string\"}}],\"inLanguage\":\"es-AR\"},{\"@type\":\"Person\",\"@id\":\"https:\/\/www.diario21.tv\/noticias\/#\/schema\/person\/dfb778f73814d8f09f302618446a526b\",\"name\":\"Juan P\u00e9rez\",\"image\":{\"@type\":\"ImageObject\",\"inLanguage\":\"es-AR\",\"@id\":\"https:\/\/www.diario21.tv\/noticias\/#\/schema\/person\/image\/\",\"url\":\"https:\/\/secure.gravatar.com\/avatar\/c478a405bd10621167f4c3167cc770f5?s=96&d=mm&r=g\",\"contentUrl\":\"https:\/\/secure.gravatar.com\/avatar\/c478a405bd10621167f4c3167cc770f5?s=96&d=mm&r=g\",\"caption\":\"Juan P\u00e9rez\"},\"description\":\"Juan P\u00e9rez es el redactor en jefe de Diario 21. Con m\u00e1s de 10 a\u00f1os de experiencia en el periodismo, se especializa en pol\u00edtica nacional y an\u00e1lisis socioecon\u00f3mico. Su enfoque cr\u00edtico y riguroso aporta una perspectiva \u00fanica a cada art\u00edculo.\",\"sameAs\":[\"https:\/\/www.diario21.tv\/noticias\/\"],\"url\":\"https:\/\/www.diario21.tv\/noticias\/author\/juan-perez\/\"}]}<\/script>\n<!-- \/ Yoast SEO plugin. -->","yoast_head_json":{"title":"Fiscal\u00eda de Salamanca rechaza primer permiso penitenciario de Alfonso Basterra \u00a1Ent\u00e9rate! - Diario 21","robots":{"index":"index","follow":"follow","max-snippet":"max-snippet:-1","max-image-preview":"max-image-preview:large","max-video-preview":"max-video-preview:-1"},"canonical":"https:\/\/www.diario21.tv\/noticias\/fiscalia-de-salamanca-rechaza-primer-permiso-penitenciario-de-alfonso-basterra-enterate\/","og_locale":"es_ES","og_type":"article","og_title":"Fiscal\u00eda de Salamanca rechaza primer permiso penitenciario de Alfonso Basterra \u00a1Ent\u00e9rate! - Diario 21","og_description":"La Fiscal\u00eda de Salamanca Rechaza el Primer Permiso Penitenciario de Alfonso Basterra La Fiscal\u00eda de Salamanca ha expresado su oposici\u00f3n frente a la concesi\u00f3n del primer ... Seguir leyendo &rarr;","og_url":"https:\/\/www.diario21.tv\/noticias\/fiscalia-de-salamanca-rechaza-primer-permiso-penitenciario-de-alfonso-basterra-enterate\/","og_site_name":"Diario 21","article_published_time":"2026-04-04T21:43:09+00:00","article_modified_time":"2026-04-04T21:43:10+00:00","og_image":[{"width":1200,"height":840,"url":"https:\/\/www.diario21.tv\/noticias\/wp-content\/uploads\/2026\/04\/Fiscalia-de-Salamanca-rechaza-primer-permiso-penitenciario-de-Alfonso-Basterra.jpg","type":"image\/jpeg"}],"author":"Juan P\u00e9rez","twitter_card":"summary_large_image","twitter_misc":{"Escrito por":"Juan P\u00e9rez","Tiempo de lectura":"2 minutos"},"schema":{"@context":"https:\/\/schema.org","@graph":[{"@type":"WebPage","@id":"https:\/\/www.diario21.tv\/noticias\/fiscalia-de-salamanca-rechaza-primer-permiso-penitenciario-de-alfonso-basterra-enterate\/","url":"https:\/\/www.diario21.tv\/noticias\/fiscalia-de-salamanca-rechaza-primer-permiso-penitenciario-de-alfonso-basterra-enterate\/","name":"Fiscal\u00eda de Salamanca rechaza primer permiso penitenciario de Alfonso Basterra \u00a1Ent\u00e9rate! - Diario 21","isPartOf":{"@id":"https:\/\/www.diario21.tv\/noticias\/#website"},"primaryImageOfPage":{"@id":"https:\/\/www.diario21.tv\/noticias\/fiscalia-de-salamanca-rechaza-primer-permiso-penitenciario-de-alfonso-basterra-enterate\/#primaryimage"},"image":{"@id":"https:\/\/www.diario21.tv\/noticias\/fiscalia-de-salamanca-rechaza-primer-permiso-penitenciario-de-alfonso-basterra-enterate\/#primaryimage"},"thumbnailUrl":"https:\/\/www.diario21.tv\/noticias\/wp-content\/uploads\/2026\/04\/Fiscalia-de-Salamanca-rechaza-primer-permiso-penitenciario-de-Alfonso-Basterra.jpg","datePublished":"2026-04-04T21:43:09+00:00","dateModified":"2026-04-04T21:43:10+00:00","author":{"@id":"https:\/\/www.diario21.tv\/noticias\/#\/schema\/person\/dfb778f73814d8f09f302618446a526b"},"breadcrumb":{"@id":"https:\/\/www.diario21.tv\/noticias\/fiscalia-de-salamanca-rechaza-primer-permiso-penitenciario-de-alfonso-basterra-enterate\/#breadcrumb"},"inLanguage":"es-AR","potentialAction":[{"@type":"ReadAction","target":["https:\/\/www.diario21.tv\/noticias\/fiscalia-de-salamanca-rechaza-primer-permiso-penitenciario-de-alfonso-basterra-enterate\/"]}]},{"@type":"ImageObject","inLanguage":"es-AR","@id":"https:\/\/www.diario21.tv\/noticias\/fiscalia-de-salamanca-rechaza-primer-permiso-penitenciario-de-alfonso-basterra-enterate\/#primaryimage","url":"https:\/\/www.diario21.tv\/noticias\/wp-content\/uploads\/2026\/04\/Fiscalia-de-Salamanca-rechaza-primer-permiso-penitenciario-de-Alfonso-Basterra.jpg","contentUrl":"https:\/\/www.diario21.tv\/noticias\/wp-content\/uploads\/2026\/04\/Fiscalia-de-Salamanca-rechaza-primer-permiso-penitenciario-de-Alfonso-Basterra.jpg","width":1200,"height":840,"caption":"La Fiscal\u00eda de Salamanca se opone a que Alfonso Basterra acceda a su primer permiso penitenciario"},{"@type":"BreadcrumbList","@id":"https:\/\/www.diario21.tv\/noticias\/fiscalia-de-salamanca-rechaza-primer-permiso-penitenciario-de-alfonso-basterra-enterate\/#breadcrumb","itemListElement":[{"@type":"ListItem","position":1,"name":"Accueil","item":"https:\/\/www.diario21.tv\/noticias\/"},{"@type":"ListItem","position":2,"name":"Fiscal\u00eda de Salamanca rechaza primer permiso penitenciario de Alfonso Basterra \u00a1Ent\u00e9rate!"}]},{"@type":"WebSite","@id":"https:\/\/www.diario21.tv\/noticias\/#website","url":"https:\/\/www.diario21.tv\/noticias\/","name":"Diario 21","description":"","potentialAction":[{"@type":"SearchAction","target":{"@type":"EntryPoint","urlTemplate":"https:\/\/www.diario21.tv\/noticias\/?s={search_term_string}"},"query-input":{"@type":"PropertyValueSpecification","valueRequired":true,"valueName":"search_term_string"}}],"inLanguage":"es-AR"},{"@type":"Person","@id":"https:\/\/www.diario21.tv\/noticias\/#\/schema\/person\/dfb778f73814d8f09f302618446a526b","name":"Juan P\u00e9rez","image":{"@type":"ImageObject","inLanguage":"es-AR","@id":"https:\/\/www.diario21.tv\/noticias\/#\/schema\/person\/image\/","url":"https:\/\/secure.gravatar.com\/avatar\/c478a405bd10621167f4c3167cc770f5?s=96&d=mm&r=g","contentUrl":"https:\/\/secure.gravatar.com\/avatar\/c478a405bd10621167f4c3167cc770f5?s=96&d=mm&r=g","caption":"Juan P\u00e9rez"},"description":"Juan P\u00e9rez es el redactor en jefe de Diario 21. Con m\u00e1s de 10 a\u00f1os de experiencia en el periodismo, se especializa en pol\u00edtica nacional y an\u00e1lisis socioecon\u00f3mico. Su enfoque cr\u00edtico y riguroso aporta una perspectiva \u00fanica a cada art\u00edculo.","sameAs":["https:\/\/www.diario21.tv\/noticias\/"],"url":"https:\/\/www.diario21.tv\/noticias\/author\/juan-perez\/"}]}},"_links":{"self":[{"href":"https:\/\/www.diario21.tv\/noticias\/wp-json\/wp\/v2\/posts\/6774"}],"collection":[{"href":"https:\/\/www.diario21.tv\/noticias\/wp-json\/wp\/v2\/posts"}],"about":[{"href":"https:\/\/www.diario21.tv\/noticias\/wp-json\/wp\/v2\/types\/post"}],"author":[{"embeddable":true,"href":"https:\/\/www.diario21.tv\/noticias\/wp-json\/wp\/v2\/users\/20"}],"replies":[{"embeddable":true,"href":"https:\/\/www.diario21.tv\/noticias\/wp-json\/wp\/v2\/comments?post=6774"}],"version-history":[{"count":1,"href":"https:\/\/www.diario21.tv\/noticias\/wp-json\/wp\/v2\/posts\/6774\/revisions"}],"predecessor-version":[{"id":6776,"href":"https:\/\/www.diario21.tv\/noticias\/wp-json\/wp\/v2\/posts\/6774\/revisions\/6776"}],"wp:featuredmedia":[{"embeddable":true,"href":"https:\/\/www.diario21.tv\/noticias\/wp-json\/wp\/v2\/media\/6775"}],"wp:attachment":[{"href":"https:\/\/www.diario21.tv\/noticias\/wp-json\/wp\/v2\/media?parent=6774"}],"wp:term":[{"taxonomy":"category","embeddable":true,"href":"https:\/\/www.diario21.tv\/noticias\/wp-json\/wp\/v2\/categories?post=6774"},{"taxonomy":"post_tag","embeddable":true,"href":"https:\/\/www.diario21.tv\/noticias\/wp-json\/wp\/v2\/tags?post=6774"}],"curies":[{"name":"wp","href":"https:\/\/api.w.org\/{rel}","templated":true}]}}