{"id":6768,"date":"2026-04-04T09:39:54","date_gmt":"2026-04-04T09:39:54","guid":{"rendered":"https:\/\/www.diario21.tv\/noticias\/condena-ratificada-25-anos-de-prision-por-abuso-sexual-continuado-a-ninas-en-burgos\/"},"modified":"2026-04-04T09:39:55","modified_gmt":"2026-04-04T09:39:55","slug":"condena-ratificada-25-anos-de-prision-por-abuso-sexual-continuado-a-ninas-en-burgos","status":"publish","type":"post","link":"https:\/\/www.diario21.tv\/noticias\/condena-ratificada-25-anos-de-prision-por-abuso-sexual-continuado-a-ninas-en-burgos\/","title":{"rendered":"\u00a1Condena ratificada! 25 a\u00f1os de prisi\u00f3n por abuso sexual continuado a ni\u00f1as en Burgos"},"content":{"rendered":"<h2>Ratificaci\u00f3n de Sentencia de 25 A\u00f1os por Abuso Sexual a Menores en Burgos<\/h2>\n<p>Una reciente sentencia judicial ha confirmado la condena de un individuo a 25 a\u00f1os de c\u00e1rcel por su implicaci\u00f3n en delitos de abuso sexual contra dos menores en la provincia de Burgos. Uno de los casos evidenci\u00f3 un patr\u00f3n continuado de abuso hacia una de las v\u00edctimas.<\/p>\n<h3>Detalles del Caso<\/h3>\n<p>Los hechos se remontan a un periodo anterior, cuando se descubri\u00f3 que el ahora condenado hab\u00eda cometido actos de \u00edndole sexual en detrimento de dos ni\u00f1as. La investigaci\u00f3n revel\u00f3 que una de las menores fue v\u00edctima de abusos de manera reiterada, lo cual agrav\u00f3 la situaci\u00f3n legal del acusado.<\/p>\n<p>La autoridad judicial, tras un exhaustivo proceso de revisi\u00f3n, decidi\u00f3 mantener la sentencia inicial de 25 a\u00f1os de prisi\u00f3n. Esta decisi\u00f3n subraya la severidad de las acciones del condenado y refleja el compromiso del sistema judicial con la protecci\u00f3n de los menores y la penalizaci\u00f3n de conductas criminales de esta magnitud.<\/p>\n<h3>Implicaciones de la Sentencia<\/h3>\n<p>La ratificaci\u00f3n de esta condena no solo reafirma la culpabilidad del individuo sino que tambi\u00e9n sirve como un recordatorio cr\u00edtico de las consecuencias legales que enfrentan aquellos que perpetran actos de abuso contra menores. Adem\u00e1s, este caso destaca la importancia de las denuncias y la investigaci\u00f3n adecuada en la protecci\u00f3n de los ni\u00f1os y ni\u00f1as contra abusos sexuales.<\/p>\n<p>La comunidad de Burgos ha recibido esta noticia con sentimientos encontrados, aliviada por la justicia impartida pero consternada por los hechos mismos. La esperanza es que este caso sirva de disuasi\u00f3n para futuros delitos contra menores y fortalezca los mecanismos de protecci\u00f3n infantil en la regi\u00f3n.<\/p>\n<p>Esta sentencia es un paso crucial en la lucha contra el abuso sexual infantil y un ejemplo palpable del funcionamiento de la justicia en casos de extrema sensibilidad y gravedad.<\/p>\n\n\n<div class=\"kk-star-ratings kksr-auto kksr-align-left kksr-valign-bottom\"\n    data-payload='{&quot;align&quot;:&quot;left&quot;,&quot;id&quot;:&quot;6768&quot;,&quot;slug&quot;:&quot;default&quot;,&quot;valign&quot;:&quot;bottom&quot;,&quot;ignore&quot;:&quot;&quot;,&quot;reference&quot;:&quot;auto&quot;,&quot;class&quot;:&quot;&quot;,&quot;count&quot;:&quot;0&quot;,&quot;legendonly&quot;:&quot;&quot;,&quot;readonly&quot;:&quot;&quot;,&quot;score&quot;:&quot;0&quot;,&quot;starsonly&quot;:&quot;&quot;,&quot;best&quot;:&quot;5&quot;,&quot;gap&quot;:&quot;5&quot;,&quot;greet&quot;:&quot;Valora este post&quot;,&quot;legend&quot;:&quot;0\\\/5 - (0 votes)&quot;,&quot;size&quot;:&quot;22&quot;,&quot;title&quot;:&quot;\u00a1Condena ratificada! 25 a\u00f1os de prisi\u00f3n por abuso sexual continuado a ni\u00f1as en Burgos&quot;,&quot;width&quot;:&quot;0&quot;,&quot;_legend&quot;:&quot;{score}\\\/{best} - ({count} {votes})&quot;,&quot;font_factor&quot;:&quot;1.25&quot;}'>\n            \n<div class=\"kksr-stars\">\n    \n<div class=\"kksr-stars-inactive\">\n            <div class=\"kksr-star\" data-star=\"1\" style=\"padding-right: 5px\">\n            \n\n<div class=\"kksr-icon\" style=\"width: 22px; height: 22px;\"><\/div>\n        <\/div>\n            <div class=\"kksr-star\" data-star=\"2\" style=\"padding-right: 5px\">\n            \n\n<div class=\"kksr-icon\" style=\"width: 22px; height: 22px;\"><\/div>\n        <\/div>\n            <div class=\"kksr-star\" data-star=\"3\" style=\"padding-right: 5px\">\n            \n\n<div class=\"kksr-icon\" style=\"width: 22px; height: 22px;\"><\/div>\n        <\/div>\n            <div class=\"kksr-star\" data-star=\"4\" style=\"padding-right: 5px\">\n            \n\n<div class=\"kksr-icon\" style=\"width: 22px; height: 22px;\"><\/div>\n        <\/div>\n            <div class=\"kksr-star\" data-star=\"5\" style=\"padding-right: 5px\">\n            \n\n<div class=\"kksr-icon\" style=\"width: 22px; height: 22px;\"><\/div>\n        <\/div>\n    <\/div>\n    \n<div class=\"kksr-stars-active\" style=\"width: 0px;\">\n            <div class=\"kksr-star\" style=\"padding-right: 5px\">\n            \n\n<div class=\"kksr-icon\" style=\"width: 22px; height: 22px;\"><\/div>\n        <\/div>\n            <div class=\"kksr-star\" style=\"padding-right: 5px\">\n            \n\n<div class=\"kksr-icon\" style=\"width: 22px; height: 22px;\"><\/div>\n        <\/div>\n            <div class=\"kksr-star\" style=\"padding-right: 5px\">\n            \n\n<div class=\"kksr-icon\" style=\"width: 22px; height: 22px;\"><\/div>\n        <\/div>\n            <div class=\"kksr-star\" style=\"padding-right: 5px\">\n            \n\n<div class=\"kksr-icon\" style=\"width: 22px; height: 22px;\"><\/div>\n        <\/div>\n            <div class=\"kksr-star\" style=\"padding-right: 5px\">\n            \n\n<div class=\"kksr-icon\" style=\"width: 22px; height: 22px;\"><\/div>\n        <\/div>\n    <\/div>\n<\/div>\n                \n\n<div class=\"kksr-legend\" style=\"font-size: 17.6px;\">\n            <span class=\"kksr-muted\">Valora este post<\/span>\n    <\/div>\n    <\/div>\n","protected":false},"excerpt":{"rendered":"<p>Ratificaci\u00f3n de Sentencia de 25 A\u00f1os por Abuso Sexual a Menores en Burgos Una reciente sentencia judicial ha confirmado la condena de un individuo a 25 &#8230; <a title=\"\u00a1Condena ratificada! 25 a\u00f1os de prisi\u00f3n por abuso sexual continuado a ni\u00f1as en Burgos\" class=\"read-more\" href=\"https:\/\/www.diario21.tv\/noticias\/condena-ratificada-25-anos-de-prision-por-abuso-sexual-continuado-a-ninas-en-burgos\/\" aria-label=\"Leer m\u00e1s sobre \u00a1Condena ratificada! 25 a\u00f1os de prisi\u00f3n por abuso sexual continuado a ni\u00f1as en Burgos\">Seguir leyendo &rarr;<\/a><\/p>\n","protected":false},"author":20,"featured_media":6769,"comment_status":"open","ping_status":"open","sticky":false,"template":"","format":"standard","meta":{"footnotes":""},"categories":[13],"tags":[],"class_list":["post-6768","post","type-post","status-publish","format-standard","has-post-thumbnail","hentry","category-portada"],"yoast_head":"<!-- This site is optimized with the Yoast SEO plugin v25.6 - https:\/\/yoast.com\/wordpress\/plugins\/seo\/ -->\n<title>\u00a1Condena ratificada! 25 a\u00f1os de prisi\u00f3n por abuso sexual continuado a ni\u00f1as en Burgos - Diario 21<\/title>\n<meta name=\"robots\" content=\"index, follow, max-snippet:-1, max-image-preview:large, max-video-preview:-1\" \/>\n<link rel=\"canonical\" href=\"https:\/\/www.diario21.tv\/noticias\/condena-ratificada-25-anos-de-prision-por-abuso-sexual-continuado-a-ninas-en-burgos\/\" \/>\n<meta property=\"og:locale\" content=\"es_ES\" \/>\n<meta property=\"og:type\" content=\"article\" \/>\n<meta property=\"og:title\" content=\"\u00a1Condena ratificada! 25 a\u00f1os de prisi\u00f3n por abuso sexual continuado a ni\u00f1as en Burgos - Diario 21\" \/>\n<meta property=\"og:description\" content=\"Ratificaci\u00f3n de Sentencia de 25 A\u00f1os por Abuso Sexual a Menores en Burgos Una reciente sentencia judicial ha confirmado la condena de un individuo a 25 ... Seguir leyendo &rarr;\" \/>\n<meta property=\"og:url\" content=\"https:\/\/www.diario21.tv\/noticias\/condena-ratificada-25-anos-de-prision-por-abuso-sexual-continuado-a-ninas-en-burgos\/\" \/>\n<meta property=\"og:site_name\" content=\"Diario 21\" \/>\n<meta property=\"article:published_time\" content=\"2026-04-04T09:39:54+00:00\" \/>\n<meta property=\"article:modified_time\" content=\"2026-04-04T09:39:55+00:00\" \/>\n<meta property=\"og:image\" content=\"https:\/\/www.diario21.tv\/noticias\/wp-content\/uploads\/2026\/04\/\u00a1Condena-ratificada-25-anos-de-prision-por-abuso-sexual-continuado.jpg\" \/>\n\t<meta property=\"og:image:width\" content=\"1200\" \/>\n\t<meta property=\"og:image:height\" content=\"840\" \/>\n\t<meta property=\"og:image:type\" content=\"image\/jpeg\" \/>\n<meta name=\"author\" content=\"Juan P\u00e9rez\" \/>\n<meta name=\"twitter:card\" content=\"summary_large_image\" \/>\n<meta name=\"twitter:label1\" content=\"Escrito por\" \/>\n\t<meta name=\"twitter:data1\" content=\"Juan P\u00e9rez\" \/>\n\t<meta name=\"twitter:label2\" content=\"Tiempo de lectura\" \/>\n\t<meta name=\"twitter:data2\" content=\"2 minutos\" \/>\n<script type=\"application\/ld+json\" class=\"yoast-schema-graph\">{\"@context\":\"https:\/\/schema.org\",\"@graph\":[{\"@type\":\"WebPage\",\"@id\":\"https:\/\/www.diario21.tv\/noticias\/condena-ratificada-25-anos-de-prision-por-abuso-sexual-continuado-a-ninas-en-burgos\/\",\"url\":\"https:\/\/www.diario21.tv\/noticias\/condena-ratificada-25-anos-de-prision-por-abuso-sexual-continuado-a-ninas-en-burgos\/\",\"name\":\"\u00a1Condena ratificada! 25 a\u00f1os de prisi\u00f3n por abuso sexual continuado a ni\u00f1as en Burgos - Diario 21\",\"isPartOf\":{\"@id\":\"https:\/\/www.diario21.tv\/noticias\/#website\"},\"primaryImageOfPage\":{\"@id\":\"https:\/\/www.diario21.tv\/noticias\/condena-ratificada-25-anos-de-prision-por-abuso-sexual-continuado-a-ninas-en-burgos\/#primaryimage\"},\"image\":{\"@id\":\"https:\/\/www.diario21.tv\/noticias\/condena-ratificada-25-anos-de-prision-por-abuso-sexual-continuado-a-ninas-en-burgos\/#primaryimage\"},\"thumbnailUrl\":\"https:\/\/www.diario21.tv\/noticias\/wp-content\/uploads\/2026\/04\/\u00a1Condena-ratificada-25-anos-de-prision-por-abuso-sexual-continuado.jpg\",\"datePublished\":\"2026-04-04T09:39:54+00:00\",\"dateModified\":\"2026-04-04T09:39:55+00:00\",\"author\":{\"@id\":\"https:\/\/www.diario21.tv\/noticias\/#\/schema\/person\/dfb778f73814d8f09f302618446a526b\"},\"breadcrumb\":{\"@id\":\"https:\/\/www.diario21.tv\/noticias\/condena-ratificada-25-anos-de-prision-por-abuso-sexual-continuado-a-ninas-en-burgos\/#breadcrumb\"},\"inLanguage\":\"es-AR\",\"potentialAction\":[{\"@type\":\"ReadAction\",\"target\":[\"https:\/\/www.diario21.tv\/noticias\/condena-ratificada-25-anos-de-prision-por-abuso-sexual-continuado-a-ninas-en-burgos\/\"]}]},{\"@type\":\"ImageObject\",\"inLanguage\":\"es-AR\",\"@id\":\"https:\/\/www.diario21.tv\/noticias\/condena-ratificada-25-anos-de-prision-por-abuso-sexual-continuado-a-ninas-en-burgos\/#primaryimage\",\"url\":\"https:\/\/www.diario21.tv\/noticias\/wp-content\/uploads\/2026\/04\/\u00a1Condena-ratificada-25-anos-de-prision-por-abuso-sexual-continuado.jpg\",\"contentUrl\":\"https:\/\/www.diario21.tv\/noticias\/wp-content\/uploads\/2026\/04\/\u00a1Condena-ratificada-25-anos-de-prision-por-abuso-sexual-continuado.jpg\",\"width\":1200,\"height\":840,\"caption\":\"Ratifican la condena a 25 a\u00f1os de prisi\u00f3n por abusar sexualmente de dos ni\u00f1as en Burgos, una de ellas de forma continuada\"},{\"@type\":\"BreadcrumbList\",\"@id\":\"https:\/\/www.diario21.tv\/noticias\/condena-ratificada-25-anos-de-prision-por-abuso-sexual-continuado-a-ninas-en-burgos\/#breadcrumb\",\"itemListElement\":[{\"@type\":\"ListItem\",\"position\":1,\"name\":\"Accueil\",\"item\":\"https:\/\/www.diario21.tv\/noticias\/\"},{\"@type\":\"ListItem\",\"position\":2,\"name\":\"\u00a1Condena ratificada! 25 a\u00f1os de prisi\u00f3n por abuso sexual continuado a ni\u00f1as en Burgos\"}]},{\"@type\":\"WebSite\",\"@id\":\"https:\/\/www.diario21.tv\/noticias\/#website\",\"url\":\"https:\/\/www.diario21.tv\/noticias\/\",\"name\":\"Diario 21\",\"description\":\"\",\"potentialAction\":[{\"@type\":\"SearchAction\",\"target\":{\"@type\":\"EntryPoint\",\"urlTemplate\":\"https:\/\/www.diario21.tv\/noticias\/?s={search_term_string}\"},\"query-input\":{\"@type\":\"PropertyValueSpecification\",\"valueRequired\":true,\"valueName\":\"search_term_string\"}}],\"inLanguage\":\"es-AR\"},{\"@type\":\"Person\",\"@id\":\"https:\/\/www.diario21.tv\/noticias\/#\/schema\/person\/dfb778f73814d8f09f302618446a526b\",\"name\":\"Juan P\u00e9rez\",\"image\":{\"@type\":\"ImageObject\",\"inLanguage\":\"es-AR\",\"@id\":\"https:\/\/www.diario21.tv\/noticias\/#\/schema\/person\/image\/\",\"url\":\"https:\/\/secure.gravatar.com\/avatar\/c478a405bd10621167f4c3167cc770f5?s=96&d=mm&r=g\",\"contentUrl\":\"https:\/\/secure.gravatar.com\/avatar\/c478a405bd10621167f4c3167cc770f5?s=96&d=mm&r=g\",\"caption\":\"Juan P\u00e9rez\"},\"description\":\"Juan P\u00e9rez es el redactor en jefe de Diario 21. Con m\u00e1s de 10 a\u00f1os de experiencia en el periodismo, se especializa en pol\u00edtica nacional y an\u00e1lisis socioecon\u00f3mico. Su enfoque cr\u00edtico y riguroso aporta una perspectiva \u00fanica a cada art\u00edculo.\",\"sameAs\":[\"https:\/\/www.diario21.tv\/noticias\/\"],\"url\":\"https:\/\/www.diario21.tv\/noticias\/author\/juan-perez\/\"}]}<\/script>\n<!-- \/ Yoast SEO plugin. -->","yoast_head_json":{"title":"\u00a1Condena ratificada! 25 a\u00f1os de prisi\u00f3n por abuso sexual continuado a ni\u00f1as en Burgos - Diario 21","robots":{"index":"index","follow":"follow","max-snippet":"max-snippet:-1","max-image-preview":"max-image-preview:large","max-video-preview":"max-video-preview:-1"},"canonical":"https:\/\/www.diario21.tv\/noticias\/condena-ratificada-25-anos-de-prision-por-abuso-sexual-continuado-a-ninas-en-burgos\/","og_locale":"es_ES","og_type":"article","og_title":"\u00a1Condena ratificada! 25 a\u00f1os de prisi\u00f3n por abuso sexual continuado a ni\u00f1as en Burgos - Diario 21","og_description":"Ratificaci\u00f3n de Sentencia de 25 A\u00f1os por Abuso Sexual a Menores en Burgos Una reciente sentencia judicial ha confirmado la condena de un individuo a 25 ... Seguir leyendo &rarr;","og_url":"https:\/\/www.diario21.tv\/noticias\/condena-ratificada-25-anos-de-prision-por-abuso-sexual-continuado-a-ninas-en-burgos\/","og_site_name":"Diario 21","article_published_time":"2026-04-04T09:39:54+00:00","article_modified_time":"2026-04-04T09:39:55+00:00","og_image":[{"width":1200,"height":840,"url":"https:\/\/www.diario21.tv\/noticias\/wp-content\/uploads\/2026\/04\/\u00a1Condena-ratificada-25-anos-de-prision-por-abuso-sexual-continuado.jpg","type":"image\/jpeg"}],"author":"Juan P\u00e9rez","twitter_card":"summary_large_image","twitter_misc":{"Escrito por":"Juan P\u00e9rez","Tiempo de lectura":"2 minutos"},"schema":{"@context":"https:\/\/schema.org","@graph":[{"@type":"WebPage","@id":"https:\/\/www.diario21.tv\/noticias\/condena-ratificada-25-anos-de-prision-por-abuso-sexual-continuado-a-ninas-en-burgos\/","url":"https:\/\/www.diario21.tv\/noticias\/condena-ratificada-25-anos-de-prision-por-abuso-sexual-continuado-a-ninas-en-burgos\/","name":"\u00a1Condena ratificada! 25 a\u00f1os de prisi\u00f3n por abuso sexual continuado a ni\u00f1as en Burgos - Diario 21","isPartOf":{"@id":"https:\/\/www.diario21.tv\/noticias\/#website"},"primaryImageOfPage":{"@id":"https:\/\/www.diario21.tv\/noticias\/condena-ratificada-25-anos-de-prision-por-abuso-sexual-continuado-a-ninas-en-burgos\/#primaryimage"},"image":{"@id":"https:\/\/www.diario21.tv\/noticias\/condena-ratificada-25-anos-de-prision-por-abuso-sexual-continuado-a-ninas-en-burgos\/#primaryimage"},"thumbnailUrl":"https:\/\/www.diario21.tv\/noticias\/wp-content\/uploads\/2026\/04\/\u00a1Condena-ratificada-25-anos-de-prision-por-abuso-sexual-continuado.jpg","datePublished":"2026-04-04T09:39:54+00:00","dateModified":"2026-04-04T09:39:55+00:00","author":{"@id":"https:\/\/www.diario21.tv\/noticias\/#\/schema\/person\/dfb778f73814d8f09f302618446a526b"},"breadcrumb":{"@id":"https:\/\/www.diario21.tv\/noticias\/condena-ratificada-25-anos-de-prision-por-abuso-sexual-continuado-a-ninas-en-burgos\/#breadcrumb"},"inLanguage":"es-AR","potentialAction":[{"@type":"ReadAction","target":["https:\/\/www.diario21.tv\/noticias\/condena-ratificada-25-anos-de-prision-por-abuso-sexual-continuado-a-ninas-en-burgos\/"]}]},{"@type":"ImageObject","inLanguage":"es-AR","@id":"https:\/\/www.diario21.tv\/noticias\/condena-ratificada-25-anos-de-prision-por-abuso-sexual-continuado-a-ninas-en-burgos\/#primaryimage","url":"https:\/\/www.diario21.tv\/noticias\/wp-content\/uploads\/2026\/04\/\u00a1Condena-ratificada-25-anos-de-prision-por-abuso-sexual-continuado.jpg","contentUrl":"https:\/\/www.diario21.tv\/noticias\/wp-content\/uploads\/2026\/04\/\u00a1Condena-ratificada-25-anos-de-prision-por-abuso-sexual-continuado.jpg","width":1200,"height":840,"caption":"Ratifican la condena a 25 a\u00f1os de prisi\u00f3n por abusar sexualmente de dos ni\u00f1as en Burgos, una de ellas de forma continuada"},{"@type":"BreadcrumbList","@id":"https:\/\/www.diario21.tv\/noticias\/condena-ratificada-25-anos-de-prision-por-abuso-sexual-continuado-a-ninas-en-burgos\/#breadcrumb","itemListElement":[{"@type":"ListItem","position":1,"name":"Accueil","item":"https:\/\/www.diario21.tv\/noticias\/"},{"@type":"ListItem","position":2,"name":"\u00a1Condena ratificada! 25 a\u00f1os de prisi\u00f3n por abuso sexual continuado a ni\u00f1as en Burgos"}]},{"@type":"WebSite","@id":"https:\/\/www.diario21.tv\/noticias\/#website","url":"https:\/\/www.diario21.tv\/noticias\/","name":"Diario 21","description":"","potentialAction":[{"@type":"SearchAction","target":{"@type":"EntryPoint","urlTemplate":"https:\/\/www.diario21.tv\/noticias\/?s={search_term_string}"},"query-input":{"@type":"PropertyValueSpecification","valueRequired":true,"valueName":"search_term_string"}}],"inLanguage":"es-AR"},{"@type":"Person","@id":"https:\/\/www.diario21.tv\/noticias\/#\/schema\/person\/dfb778f73814d8f09f302618446a526b","name":"Juan P\u00e9rez","image":{"@type":"ImageObject","inLanguage":"es-AR","@id":"https:\/\/www.diario21.tv\/noticias\/#\/schema\/person\/image\/","url":"https:\/\/secure.gravatar.com\/avatar\/c478a405bd10621167f4c3167cc770f5?s=96&d=mm&r=g","contentUrl":"https:\/\/secure.gravatar.com\/avatar\/c478a405bd10621167f4c3167cc770f5?s=96&d=mm&r=g","caption":"Juan P\u00e9rez"},"description":"Juan P\u00e9rez es el redactor en jefe de Diario 21. Con m\u00e1s de 10 a\u00f1os de experiencia en el periodismo, se especializa en pol\u00edtica nacional y an\u00e1lisis socioecon\u00f3mico. Su enfoque cr\u00edtico y riguroso aporta una perspectiva \u00fanica a cada art\u00edculo.","sameAs":["https:\/\/www.diario21.tv\/noticias\/"],"url":"https:\/\/www.diario21.tv\/noticias\/author\/juan-perez\/"}]}},"_links":{"self":[{"href":"https:\/\/www.diario21.tv\/noticias\/wp-json\/wp\/v2\/posts\/6768"}],"collection":[{"href":"https:\/\/www.diario21.tv\/noticias\/wp-json\/wp\/v2\/posts"}],"about":[{"href":"https:\/\/www.diario21.tv\/noticias\/wp-json\/wp\/v2\/types\/post"}],"author":[{"embeddable":true,"href":"https:\/\/www.diario21.tv\/noticias\/wp-json\/wp\/v2\/users\/20"}],"replies":[{"embeddable":true,"href":"https:\/\/www.diario21.tv\/noticias\/wp-json\/wp\/v2\/comments?post=6768"}],"version-history":[{"count":1,"href":"https:\/\/www.diario21.tv\/noticias\/wp-json\/wp\/v2\/posts\/6768\/revisions"}],"predecessor-version":[{"id":6770,"href":"https:\/\/www.diario21.tv\/noticias\/wp-json\/wp\/v2\/posts\/6768\/revisions\/6770"}],"wp:featuredmedia":[{"embeddable":true,"href":"https:\/\/www.diario21.tv\/noticias\/wp-json\/wp\/v2\/media\/6769"}],"wp:attachment":[{"href":"https:\/\/www.diario21.tv\/noticias\/wp-json\/wp\/v2\/media?parent=6768"}],"wp:term":[{"taxonomy":"category","embeddable":true,"href":"https:\/\/www.diario21.tv\/noticias\/wp-json\/wp\/v2\/categories?post=6768"},{"taxonomy":"post_tag","embeddable":true,"href":"https:\/\/www.diario21.tv\/noticias\/wp-json\/wp\/v2\/tags?post=6768"}],"curies":[{"name":"wp","href":"https:\/\/api.w.org\/{rel}","templated":true}]}}