{"id":6765,"date":"2026-04-04T03:39:04","date_gmt":"2026-04-04T03:39:04","guid":{"rendered":"https:\/\/www.diario21.tv\/noticias\/fusion-bomba-disney-y-tve-unidos-mira-sus-programas-en-disney-desde-hoy\/"},"modified":"2026-04-04T03:39:06","modified_gmt":"2026-04-04T03:39:06","slug":"fusion-bomba-disney-y-tve-unidos-mira-sus-programas-en-disney-desde-hoy","status":"publish","type":"post","link":"https:\/\/www.diario21.tv\/noticias\/fusion-bomba-disney-y-tve-unidos-mira-sus-programas-en-disney-desde-hoy\/","title":{"rendered":"\u00a1Fusi\u00f3n bomba! Disney y TVE unidos: mira sus programas en Disney+ desde hoy"},"content":{"rendered":"<h2>El Director Ejecutivo de Disney Revela Integraci\u00f3n: TVE Ahora Disponible en Disney+<\/h2>\n<p>En un anuncio sorprendente que est\u00e1 dando de qu\u00e9 hablar en la industria del entretenimiento, el CEO de Disney ha declarado oficialmente que, a partir de hoy, los programas de Televisi\u00f3n Espa\u00f1ola (TVE) estar\u00e1n disponibles en la plataforma de streaming Disney+. Esta noticia marca un hito significativo, pues representa una fusi\u00f3n sin precedentes entre una de las mayores corporaciones de entretenimiento del mundo y el principal canal de televisi\u00f3n p\u00fablico de Espa\u00f1a.<\/p>\n<h3>Detalles de la Fusi\u00f3n<\/h3>\n<p>El acuerdo entre Disney y TVE ha sido objeto de especulaciones durante meses, pero hasta ahora no se hab\u00eda confirmado nada concreto. Seg\u00fan el CEO de Disney, esta colaboraci\u00f3n ha sido dise\u00f1ada para enriquecer la oferta de contenido de Disney+ al integrar la diversidad y riqueza cultural de los programas que produce TVE. <\/p>\n<p>La fusi\u00f3n permitir\u00e1 a los suscriptores de Disney+ en Espa\u00f1a y posiblemente en otras regiones, disfrutar de una amplia gama de programas espa\u00f1oles, incluyendo series cl\u00e1sicas, documentales y programas de entretenimiento que han sido emblem\u00e1ticos en la televisi\u00f3n espa\u00f1ola. Esta integraci\u00f3n no solo busca atraer a un p\u00fablico m\u00e1s amplio, sino tambi\u00e9n ofrecer una mayor variedad de contenido que refleje la cultura y el idioma espa\u00f1ol.<\/p>\n<h3>Impacto en la Audiencia y Estrategias Futuras<\/h3>\n<p>Con esta estrategia, Disney busca captar la atenci\u00f3n de los espectadores espa\u00f1oles y de habla hispana alrededor del mundo, ofreci\u00e9ndoles contenido con el que se pueden identificar m\u00e1s directamente. Adem\u00e1s, este movimiento podr\u00eda ser el inicio de futuras colaboraciones con otras cadenas televisivas nacionales o internacionales, abriendo la puerta a un nuevo modelo de negocio en el streaming que podr\u00eda cambiar la forma en que las empresas de entretenimiento colaboran entre s\u00ed.<\/p>\n<h3>Reacciones y Expectativas<\/h3>\n<p>Las reacciones ante este anuncio han sido mayoritariamente positivas. Los usuarios de Disney+ que ya disfrutan de una vasta selecci\u00f3n de pel\u00edculas y series ahora tendr\u00e1n a\u00fan m\u00e1s opciones. Por otro lado, los seguidores de TVE que tal vez no estaban suscritos a Disney+, podr\u00edan considerar ahora la posibilidad de unirse a la plataforma para continuar disfrutando de sus programas favoritos.<\/p>\n<p>Sin embargo, tambi\u00e9n hay quienes expresan cautela, pregunt\u00e1ndose c\u00f3mo se manejar\u00e1 la integraci\u00f3n de contenidos y si esto podr\u00eda significar cambios en la programaci\u00f3n habitual de TVE o en la manera en que se producen sus programas.<\/p>\n<h3>Conclusi\u00f3n<\/h3>\n<p>Esta audaz fusi\u00f3n entre Disney y TVE est\u00e1 configurada para redefinir el panorama del entretenimiento televisivo y digital en Espa\u00f1a y, posiblemente, en otros mercados globales. Mientras que el futuro de esta colaboraci\u00f3n a\u00fan est\u00e1 por verse, lo que es claro es que el acceso a una combinaci\u00f3n m\u00e1s rica y diversa de contenido est\u00e1 al alcance de los espectadores, lo cual podr\u00eda marcar el comienzo de una nueva era en la televisi\u00f3n y el streaming.<\/p>\n\n\n<div class=\"kk-star-ratings kksr-auto kksr-align-left kksr-valign-bottom\"\n    data-payload='{&quot;align&quot;:&quot;left&quot;,&quot;id&quot;:&quot;6765&quot;,&quot;slug&quot;:&quot;default&quot;,&quot;valign&quot;:&quot;bottom&quot;,&quot;ignore&quot;:&quot;&quot;,&quot;reference&quot;:&quot;auto&quot;,&quot;class&quot;:&quot;&quot;,&quot;count&quot;:&quot;0&quot;,&quot;legendonly&quot;:&quot;&quot;,&quot;readonly&quot;:&quot;&quot;,&quot;score&quot;:&quot;0&quot;,&quot;starsonly&quot;:&quot;&quot;,&quot;best&quot;:&quot;5&quot;,&quot;gap&quot;:&quot;5&quot;,&quot;greet&quot;:&quot;Valora este post&quot;,&quot;legend&quot;:&quot;0\\\/5 - (0 votes)&quot;,&quot;size&quot;:&quot;22&quot;,&quot;title&quot;:&quot;\u00a1Fusi\u00f3n bomba! Disney y TVE unidos: mira sus programas en Disney+ desde hoy&quot;,&quot;width&quot;:&quot;0&quot;,&quot;_legend&quot;:&quot;{score}\\\/{best} - ({count} {votes})&quot;,&quot;font_factor&quot;:&quot;1.25&quot;}'>\n            \n<div class=\"kksr-stars\">\n    \n<div class=\"kksr-stars-inactive\">\n            <div class=\"kksr-star\" data-star=\"1\" style=\"padding-right: 5px\">\n            \n\n<div class=\"kksr-icon\" style=\"width: 22px; height: 22px;\"><\/div>\n        <\/div>\n            <div class=\"kksr-star\" data-star=\"2\" style=\"padding-right: 5px\">\n            \n\n<div class=\"kksr-icon\" style=\"width: 22px; height: 22px;\"><\/div>\n        <\/div>\n            <div class=\"kksr-star\" data-star=\"3\" style=\"padding-right: 5px\">\n            \n\n<div class=\"kksr-icon\" style=\"width: 22px; height: 22px;\"><\/div>\n        <\/div>\n            <div class=\"kksr-star\" data-star=\"4\" style=\"padding-right: 5px\">\n            \n\n<div class=\"kksr-icon\" style=\"width: 22px; height: 22px;\"><\/div>\n        <\/div>\n            <div class=\"kksr-star\" data-star=\"5\" style=\"padding-right: 5px\">\n            \n\n<div class=\"kksr-icon\" style=\"width: 22px; height: 22px;\"><\/div>\n        <\/div>\n    <\/div>\n    \n<div class=\"kksr-stars-active\" style=\"width: 0px;\">\n            <div class=\"kksr-star\" style=\"padding-right: 5px\">\n            \n\n<div class=\"kksr-icon\" style=\"width: 22px; height: 22px;\"><\/div>\n        <\/div>\n            <div class=\"kksr-star\" style=\"padding-right: 5px\">\n            \n\n<div class=\"kksr-icon\" style=\"width: 22px; height: 22px;\"><\/div>\n        <\/div>\n            <div class=\"kksr-star\" style=\"padding-right: 5px\">\n            \n\n<div class=\"kksr-icon\" style=\"width: 22px; height: 22px;\"><\/div>\n        <\/div>\n            <div class=\"kksr-star\" style=\"padding-right: 5px\">\n            \n\n<div class=\"kksr-icon\" style=\"width: 22px; height: 22px;\"><\/div>\n        <\/div>\n            <div class=\"kksr-star\" style=\"padding-right: 5px\">\n            \n\n<div class=\"kksr-icon\" style=\"width: 22px; height: 22px;\"><\/div>\n        <\/div>\n    <\/div>\n<\/div>\n                \n\n<div class=\"kksr-legend\" style=\"font-size: 17.6px;\">\n            <span class=\"kksr-muted\">Valora este post<\/span>\n    <\/div>\n    <\/div>\n","protected":false},"excerpt":{"rendered":"<p>El Director Ejecutivo de Disney Revela Integraci\u00f3n: TVE Ahora Disponible en Disney+ En un anuncio sorprendente que est\u00e1 dando de qu\u00e9 hablar en la industria del &#8230; <a title=\"\u00a1Fusi\u00f3n bomba! Disney y TVE unidos: mira sus programas en Disney+ desde hoy\" class=\"read-more\" href=\"https:\/\/www.diario21.tv\/noticias\/fusion-bomba-disney-y-tve-unidos-mira-sus-programas-en-disney-desde-hoy\/\" aria-label=\"Leer m\u00e1s sobre \u00a1Fusi\u00f3n bomba! Disney y TVE unidos: mira sus programas en Disney+ desde hoy\">Seguir leyendo &rarr;<\/a><\/p>\n","protected":false},"author":20,"featured_media":6766,"comment_status":"open","ping_status":"open","sticky":false,"template":"","format":"standard","meta":{"footnotes":""},"categories":[13],"tags":[],"class_list":["post-6765","post","type-post","status-publish","format-standard","has-post-thumbnail","hentry","category-portada"],"yoast_head":"<!-- This site is optimized with the Yoast SEO plugin v25.6 - https:\/\/yoast.com\/wordpress\/plugins\/seo\/ -->\n<title>\u00a1Fusi\u00f3n bomba! Disney y TVE unidos: mira sus programas en Disney+ desde hoy - Diario 21<\/title>\n<meta name=\"robots\" content=\"index, follow, max-snippet:-1, max-image-preview:large, max-video-preview:-1\" \/>\n<link rel=\"canonical\" href=\"https:\/\/www.diario21.tv\/noticias\/fusion-bomba-disney-y-tve-unidos-mira-sus-programas-en-disney-desde-hoy\/\" \/>\n<meta property=\"og:locale\" content=\"es_ES\" \/>\n<meta property=\"og:type\" content=\"article\" \/>\n<meta property=\"og:title\" content=\"\u00a1Fusi\u00f3n bomba! Disney y TVE unidos: mira sus programas en Disney+ desde hoy - Diario 21\" \/>\n<meta property=\"og:description\" content=\"El Director Ejecutivo de Disney Revela Integraci\u00f3n: TVE Ahora Disponible en Disney+ En un anuncio sorprendente que est\u00e1 dando de qu\u00e9 hablar en la industria del ... Seguir leyendo &rarr;\" \/>\n<meta property=\"og:url\" content=\"https:\/\/www.diario21.tv\/noticias\/fusion-bomba-disney-y-tve-unidos-mira-sus-programas-en-disney-desde-hoy\/\" \/>\n<meta property=\"og:site_name\" content=\"Diario 21\" \/>\n<meta property=\"article:published_time\" content=\"2026-04-04T03:39:04+00:00\" \/>\n<meta property=\"article:modified_time\" content=\"2026-04-04T03:39:06+00:00\" \/>\n<meta property=\"og:image\" content=\"https:\/\/www.diario21.tv\/noticias\/wp-content\/uploads\/2026\/04\/\u00a1Fusion-bomba-Disney-y-TVE-unidos-mira-sus-programas-en.jpg\" \/>\n\t<meta property=\"og:image:width\" content=\"1200\" \/>\n\t<meta property=\"og:image:height\" content=\"840\" \/>\n\t<meta property=\"og:image:type\" content=\"image\/jpeg\" \/>\n<meta name=\"author\" content=\"Juan P\u00e9rez\" \/>\n<meta name=\"twitter:card\" content=\"summary_large_image\" \/>\n<meta name=\"twitter:label1\" content=\"Escrito por\" \/>\n\t<meta name=\"twitter:data1\" content=\"Juan P\u00e9rez\" \/>\n\t<meta name=\"twitter:label2\" content=\"Tiempo de lectura\" \/>\n\t<meta name=\"twitter:data2\" content=\"3 minutos\" \/>\n<script type=\"application\/ld+json\" class=\"yoast-schema-graph\">{\"@context\":\"https:\/\/schema.org\",\"@graph\":[{\"@type\":\"WebPage\",\"@id\":\"https:\/\/www.diario21.tv\/noticias\/fusion-bomba-disney-y-tve-unidos-mira-sus-programas-en-disney-desde-hoy\/\",\"url\":\"https:\/\/www.diario21.tv\/noticias\/fusion-bomba-disney-y-tve-unidos-mira-sus-programas-en-disney-desde-hoy\/\",\"name\":\"\u00a1Fusi\u00f3n bomba! Disney y TVE unidos: mira sus programas en Disney+ desde hoy - Diario 21\",\"isPartOf\":{\"@id\":\"https:\/\/www.diario21.tv\/noticias\/#website\"},\"primaryImageOfPage\":{\"@id\":\"https:\/\/www.diario21.tv\/noticias\/fusion-bomba-disney-y-tve-unidos-mira-sus-programas-en-disney-desde-hoy\/#primaryimage\"},\"image\":{\"@id\":\"https:\/\/www.diario21.tv\/noticias\/fusion-bomba-disney-y-tve-unidos-mira-sus-programas-en-disney-desde-hoy\/#primaryimage\"},\"thumbnailUrl\":\"https:\/\/www.diario21.tv\/noticias\/wp-content\/uploads\/2026\/04\/\u00a1Fusion-bomba-Disney-y-TVE-unidos-mira-sus-programas-en.jpg\",\"datePublished\":\"2026-04-04T03:39:04+00:00\",\"dateModified\":\"2026-04-04T03:39:06+00:00\",\"author\":{\"@id\":\"https:\/\/www.diario21.tv\/noticias\/#\/schema\/person\/dfb778f73814d8f09f302618446a526b\"},\"breadcrumb\":{\"@id\":\"https:\/\/www.diario21.tv\/noticias\/fusion-bomba-disney-y-tve-unidos-mira-sus-programas-en-disney-desde-hoy\/#breadcrumb\"},\"inLanguage\":\"es-AR\",\"potentialAction\":[{\"@type\":\"ReadAction\",\"target\":[\"https:\/\/www.diario21.tv\/noticias\/fusion-bomba-disney-y-tve-unidos-mira-sus-programas-en-disney-desde-hoy\/\"]}]},{\"@type\":\"ImageObject\",\"inLanguage\":\"es-AR\",\"@id\":\"https:\/\/www.diario21.tv\/noticias\/fusion-bomba-disney-y-tve-unidos-mira-sus-programas-en-disney-desde-hoy\/#primaryimage\",\"url\":\"https:\/\/www.diario21.tv\/noticias\/wp-content\/uploads\/2026\/04\/\u00a1Fusion-bomba-Disney-y-TVE-unidos-mira-sus-programas-en.jpg\",\"contentUrl\":\"https:\/\/www.diario21.tv\/noticias\/wp-content\/uploads\/2026\/04\/\u00a1Fusion-bomba-Disney-y-TVE-unidos-mira-sus-programas-en.jpg\",\"width\":1200,\"height\":840,\"caption\":\"El CEO de Disney anuncia su fusi\u00f3n: a partir de hoy puedes ver programas de TVE en Disney+\"},{\"@type\":\"BreadcrumbList\",\"@id\":\"https:\/\/www.diario21.tv\/noticias\/fusion-bomba-disney-y-tve-unidos-mira-sus-programas-en-disney-desde-hoy\/#breadcrumb\",\"itemListElement\":[{\"@type\":\"ListItem\",\"position\":1,\"name\":\"Accueil\",\"item\":\"https:\/\/www.diario21.tv\/noticias\/\"},{\"@type\":\"ListItem\",\"position\":2,\"name\":\"\u00a1Fusi\u00f3n bomba! Disney y TVE unidos: mira sus programas en Disney+ desde hoy\"}]},{\"@type\":\"WebSite\",\"@id\":\"https:\/\/www.diario21.tv\/noticias\/#website\",\"url\":\"https:\/\/www.diario21.tv\/noticias\/\",\"name\":\"Diario 21\",\"description\":\"\",\"potentialAction\":[{\"@type\":\"SearchAction\",\"target\":{\"@type\":\"EntryPoint\",\"urlTemplate\":\"https:\/\/www.diario21.tv\/noticias\/?s={search_term_string}\"},\"query-input\":{\"@type\":\"PropertyValueSpecification\",\"valueRequired\":true,\"valueName\":\"search_term_string\"}}],\"inLanguage\":\"es-AR\"},{\"@type\":\"Person\",\"@id\":\"https:\/\/www.diario21.tv\/noticias\/#\/schema\/person\/dfb778f73814d8f09f302618446a526b\",\"name\":\"Juan P\u00e9rez\",\"image\":{\"@type\":\"ImageObject\",\"inLanguage\":\"es-AR\",\"@id\":\"https:\/\/www.diario21.tv\/noticias\/#\/schema\/person\/image\/\",\"url\":\"https:\/\/secure.gravatar.com\/avatar\/c478a405bd10621167f4c3167cc770f5?s=96&d=mm&r=g\",\"contentUrl\":\"https:\/\/secure.gravatar.com\/avatar\/c478a405bd10621167f4c3167cc770f5?s=96&d=mm&r=g\",\"caption\":\"Juan P\u00e9rez\"},\"description\":\"Juan P\u00e9rez es el redactor en jefe de Diario 21. Con m\u00e1s de 10 a\u00f1os de experiencia en el periodismo, se especializa en pol\u00edtica nacional y an\u00e1lisis socioecon\u00f3mico. Su enfoque cr\u00edtico y riguroso aporta una perspectiva \u00fanica a cada art\u00edculo.\",\"sameAs\":[\"https:\/\/www.diario21.tv\/noticias\/\"],\"url\":\"https:\/\/www.diario21.tv\/noticias\/author\/juan-perez\/\"}]}<\/script>\n<!-- \/ Yoast SEO plugin. -->","yoast_head_json":{"title":"\u00a1Fusi\u00f3n bomba! Disney y TVE unidos: mira sus programas en Disney+ desde hoy - Diario 21","robots":{"index":"index","follow":"follow","max-snippet":"max-snippet:-1","max-image-preview":"max-image-preview:large","max-video-preview":"max-video-preview:-1"},"canonical":"https:\/\/www.diario21.tv\/noticias\/fusion-bomba-disney-y-tve-unidos-mira-sus-programas-en-disney-desde-hoy\/","og_locale":"es_ES","og_type":"article","og_title":"\u00a1Fusi\u00f3n bomba! Disney y TVE unidos: mira sus programas en Disney+ desde hoy - Diario 21","og_description":"El Director Ejecutivo de Disney Revela Integraci\u00f3n: TVE Ahora Disponible en Disney+ En un anuncio sorprendente que est\u00e1 dando de qu\u00e9 hablar en la industria del ... Seguir leyendo &rarr;","og_url":"https:\/\/www.diario21.tv\/noticias\/fusion-bomba-disney-y-tve-unidos-mira-sus-programas-en-disney-desde-hoy\/","og_site_name":"Diario 21","article_published_time":"2026-04-04T03:39:04+00:00","article_modified_time":"2026-04-04T03:39:06+00:00","og_image":[{"width":1200,"height":840,"url":"https:\/\/www.diario21.tv\/noticias\/wp-content\/uploads\/2026\/04\/\u00a1Fusion-bomba-Disney-y-TVE-unidos-mira-sus-programas-en.jpg","type":"image\/jpeg"}],"author":"Juan P\u00e9rez","twitter_card":"summary_large_image","twitter_misc":{"Escrito por":"Juan P\u00e9rez","Tiempo de lectura":"3 minutos"},"schema":{"@context":"https:\/\/schema.org","@graph":[{"@type":"WebPage","@id":"https:\/\/www.diario21.tv\/noticias\/fusion-bomba-disney-y-tve-unidos-mira-sus-programas-en-disney-desde-hoy\/","url":"https:\/\/www.diario21.tv\/noticias\/fusion-bomba-disney-y-tve-unidos-mira-sus-programas-en-disney-desde-hoy\/","name":"\u00a1Fusi\u00f3n bomba! Disney y TVE unidos: mira sus programas en Disney+ desde hoy - Diario 21","isPartOf":{"@id":"https:\/\/www.diario21.tv\/noticias\/#website"},"primaryImageOfPage":{"@id":"https:\/\/www.diario21.tv\/noticias\/fusion-bomba-disney-y-tve-unidos-mira-sus-programas-en-disney-desde-hoy\/#primaryimage"},"image":{"@id":"https:\/\/www.diario21.tv\/noticias\/fusion-bomba-disney-y-tve-unidos-mira-sus-programas-en-disney-desde-hoy\/#primaryimage"},"thumbnailUrl":"https:\/\/www.diario21.tv\/noticias\/wp-content\/uploads\/2026\/04\/\u00a1Fusion-bomba-Disney-y-TVE-unidos-mira-sus-programas-en.jpg","datePublished":"2026-04-04T03:39:04+00:00","dateModified":"2026-04-04T03:39:06+00:00","author":{"@id":"https:\/\/www.diario21.tv\/noticias\/#\/schema\/person\/dfb778f73814d8f09f302618446a526b"},"breadcrumb":{"@id":"https:\/\/www.diario21.tv\/noticias\/fusion-bomba-disney-y-tve-unidos-mira-sus-programas-en-disney-desde-hoy\/#breadcrumb"},"inLanguage":"es-AR","potentialAction":[{"@type":"ReadAction","target":["https:\/\/www.diario21.tv\/noticias\/fusion-bomba-disney-y-tve-unidos-mira-sus-programas-en-disney-desde-hoy\/"]}]},{"@type":"ImageObject","inLanguage":"es-AR","@id":"https:\/\/www.diario21.tv\/noticias\/fusion-bomba-disney-y-tve-unidos-mira-sus-programas-en-disney-desde-hoy\/#primaryimage","url":"https:\/\/www.diario21.tv\/noticias\/wp-content\/uploads\/2026\/04\/\u00a1Fusion-bomba-Disney-y-TVE-unidos-mira-sus-programas-en.jpg","contentUrl":"https:\/\/www.diario21.tv\/noticias\/wp-content\/uploads\/2026\/04\/\u00a1Fusion-bomba-Disney-y-TVE-unidos-mira-sus-programas-en.jpg","width":1200,"height":840,"caption":"El CEO de Disney anuncia su fusi\u00f3n: a partir de hoy puedes ver programas de TVE en Disney+"},{"@type":"BreadcrumbList","@id":"https:\/\/www.diario21.tv\/noticias\/fusion-bomba-disney-y-tve-unidos-mira-sus-programas-en-disney-desde-hoy\/#breadcrumb","itemListElement":[{"@type":"ListItem","position":1,"name":"Accueil","item":"https:\/\/www.diario21.tv\/noticias\/"},{"@type":"ListItem","position":2,"name":"\u00a1Fusi\u00f3n bomba! Disney y TVE unidos: mira sus programas en Disney+ desde hoy"}]},{"@type":"WebSite","@id":"https:\/\/www.diario21.tv\/noticias\/#website","url":"https:\/\/www.diario21.tv\/noticias\/","name":"Diario 21","description":"","potentialAction":[{"@type":"SearchAction","target":{"@type":"EntryPoint","urlTemplate":"https:\/\/www.diario21.tv\/noticias\/?s={search_term_string}"},"query-input":{"@type":"PropertyValueSpecification","valueRequired":true,"valueName":"search_term_string"}}],"inLanguage":"es-AR"},{"@type":"Person","@id":"https:\/\/www.diario21.tv\/noticias\/#\/schema\/person\/dfb778f73814d8f09f302618446a526b","name":"Juan P\u00e9rez","image":{"@type":"ImageObject","inLanguage":"es-AR","@id":"https:\/\/www.diario21.tv\/noticias\/#\/schema\/person\/image\/","url":"https:\/\/secure.gravatar.com\/avatar\/c478a405bd10621167f4c3167cc770f5?s=96&d=mm&r=g","contentUrl":"https:\/\/secure.gravatar.com\/avatar\/c478a405bd10621167f4c3167cc770f5?s=96&d=mm&r=g","caption":"Juan P\u00e9rez"},"description":"Juan P\u00e9rez es el redactor en jefe de Diario 21. Con m\u00e1s de 10 a\u00f1os de experiencia en el periodismo, se especializa en pol\u00edtica nacional y an\u00e1lisis socioecon\u00f3mico. Su enfoque cr\u00edtico y riguroso aporta una perspectiva \u00fanica a cada art\u00edculo.","sameAs":["https:\/\/www.diario21.tv\/noticias\/"],"url":"https:\/\/www.diario21.tv\/noticias\/author\/juan-perez\/"}]}},"_links":{"self":[{"href":"https:\/\/www.diario21.tv\/noticias\/wp-json\/wp\/v2\/posts\/6765"}],"collection":[{"href":"https:\/\/www.diario21.tv\/noticias\/wp-json\/wp\/v2\/posts"}],"about":[{"href":"https:\/\/www.diario21.tv\/noticias\/wp-json\/wp\/v2\/types\/post"}],"author":[{"embeddable":true,"href":"https:\/\/www.diario21.tv\/noticias\/wp-json\/wp\/v2\/users\/20"}],"replies":[{"embeddable":true,"href":"https:\/\/www.diario21.tv\/noticias\/wp-json\/wp\/v2\/comments?post=6765"}],"version-history":[{"count":1,"href":"https:\/\/www.diario21.tv\/noticias\/wp-json\/wp\/v2\/posts\/6765\/revisions"}],"predecessor-version":[{"id":6767,"href":"https:\/\/www.diario21.tv\/noticias\/wp-json\/wp\/v2\/posts\/6765\/revisions\/6767"}],"wp:featuredmedia":[{"embeddable":true,"href":"https:\/\/www.diario21.tv\/noticias\/wp-json\/wp\/v2\/media\/6766"}],"wp:attachment":[{"href":"https:\/\/www.diario21.tv\/noticias\/wp-json\/wp\/v2\/media?parent=6765"}],"wp:term":[{"taxonomy":"category","embeddable":true,"href":"https:\/\/www.diario21.tv\/noticias\/wp-json\/wp\/v2\/categories?post=6765"},{"taxonomy":"post_tag","embeddable":true,"href":"https:\/\/www.diario21.tv\/noticias\/wp-json\/wp\/v2\/tags?post=6765"}],"curies":[{"name":"wp","href":"https:\/\/api.w.org\/{rel}","templated":true}]}}