{"id":6762,"date":"2026-04-03T21:37:15","date_gmt":"2026-04-03T21:37:15","guid":{"rendered":"https:\/\/www.diario21.tv\/noticias\/sanidad-y-la-eutanasia-de-noelia-castillo-por-que-eeuu-no-ha-comunicado-nada\/"},"modified":"2026-04-03T21:37:17","modified_gmt":"2026-04-03T21:37:17","slug":"sanidad-y-la-eutanasia-de-noelia-castillo-por-que-eeuu-no-ha-comunicado-nada","status":"publish","type":"post","link":"https:\/\/www.diario21.tv\/noticias\/sanidad-y-la-eutanasia-de-noelia-castillo-por-que-eeuu-no-ha-comunicado-nada\/","title":{"rendered":"Sanidad y la eutanasia de Noelia Castillo: \u00bfPor qu\u00e9 EEUU no ha comunicado nada?"},"content":{"rendered":"<h2>Sanidad niega haber sido contactada por EE.UU. respecto a la investigaci\u00f3n sobre la eutanasia de Noelia Castillo<\/h2>\n<p>El Ministerio de Sanidad ha declarado que no ha recibido ning\u00fan tipo de comunicaci\u00f3n oficial por parte de los Estados Unidos en relaci\u00f3n con la investigaci\u00f3n sobre el caso de eutanasia de Noelia Castillo. Esta afirmaci\u00f3n surge tras las especulaciones y reportes de medios que indicaban una posible intervenci\u00f3n estadounidense en este caso que ha captado la atenci\u00f3n p\u00fablica tanto nacional como internacionalmente.<\/p>\n<h3>Detalles del caso de Noelia Castillo<\/h3>\n<p>Noelia Castillo, una ciudadana que padec\u00eda una enfermedad terminal, opt\u00f3 por la eutanasia, un procedimiento legal en Espa\u00f1a, desencadenando as\u00ed una serie de debates sobre la \u00e9tica de la eutanasia y los derechos de los pacientes. Su caso particular ha sido objeto de extenso an\u00e1lisis debido a las circunstancias que rodearon su decisi\u00f3n y la legislaci\u00f3n aplicable.<\/p>\n<h3>Respuesta de las autoridades espa\u00f1olas<\/h3>\n<p>Fuentes oficiales han reiterado que el proceso seguido en el caso de Castillo se ajust\u00f3 completamente a las leyes espa\u00f1olas vigentes que regulan la eutanasia. Estas leyes permiten que los pacientes con enfermedades cr\u00f3nicas e incurables puedan optar por terminar su vida de manera digna, siempre que cumplan con una serie de requisitos estrictos y pasen por un proceso de evaluaci\u00f3n riguroso.<\/p>\n<h3>Implicaciones internacionales del caso<\/h3>\n<p>A pesar de los rumores de un inter\u00e9s por parte de las autoridades estadounidenses en el caso, el Ministerio de Sanidad ha confirmado que no ha habido contacto oficial con Estados Unidos sobre este asunto. La situaci\u00f3n ha puesto de relieve las diferencias en la percepci\u00f3n y regulaci\u00f3n de la eutanasia entre diferentes pa\u00edses, lo que podr\u00eda influir en futuras discusiones internacionales sobre los derechos de los pacientes y la \u00e9tica m\u00e9dica.<\/p>\n<p>En conclusi\u00f3n, el gobierno espa\u00f1ol contin\u00faa defendiendo la legalidad y la transparencia del procedimiento de eutanasia aplicado en el caso de Noelia Castillo, destacando el cumplimiento de todas las normativas nacionales pertinentes y negando la recepci\u00f3n de comunicaciones externas sobre el tema, particularmente de Estados Unidos. Este caso sigue siendo un punto de referencia en el debate sobre la eutanasia y probablemente influir\u00e1 en c\u00f3mo se aborda este tema delicado en diferentes contextos legales y culturales alrededor del mundo.<\/p>\n\n\n<div class=\"kk-star-ratings kksr-auto kksr-align-left kksr-valign-bottom\"\n    data-payload='{&quot;align&quot;:&quot;left&quot;,&quot;id&quot;:&quot;6762&quot;,&quot;slug&quot;:&quot;default&quot;,&quot;valign&quot;:&quot;bottom&quot;,&quot;ignore&quot;:&quot;&quot;,&quot;reference&quot;:&quot;auto&quot;,&quot;class&quot;:&quot;&quot;,&quot;count&quot;:&quot;0&quot;,&quot;legendonly&quot;:&quot;&quot;,&quot;readonly&quot;:&quot;&quot;,&quot;score&quot;:&quot;0&quot;,&quot;starsonly&quot;:&quot;&quot;,&quot;best&quot;:&quot;5&quot;,&quot;gap&quot;:&quot;5&quot;,&quot;greet&quot;:&quot;Valora este post&quot;,&quot;legend&quot;:&quot;0\\\/5 - (0 votes)&quot;,&quot;size&quot;:&quot;22&quot;,&quot;title&quot;:&quot;Sanidad y la eutanasia de Noelia Castillo: \u00bfPor qu\u00e9 EEUU no ha comunicado nada?&quot;,&quot;width&quot;:&quot;0&quot;,&quot;_legend&quot;:&quot;{score}\\\/{best} - ({count} {votes})&quot;,&quot;font_factor&quot;:&quot;1.25&quot;}'>\n            \n<div class=\"kksr-stars\">\n    \n<div class=\"kksr-stars-inactive\">\n            <div class=\"kksr-star\" data-star=\"1\" style=\"padding-right: 5px\">\n            \n\n<div class=\"kksr-icon\" style=\"width: 22px; height: 22px;\"><\/div>\n        <\/div>\n            <div class=\"kksr-star\" data-star=\"2\" style=\"padding-right: 5px\">\n            \n\n<div class=\"kksr-icon\" style=\"width: 22px; height: 22px;\"><\/div>\n        <\/div>\n            <div class=\"kksr-star\" data-star=\"3\" style=\"padding-right: 5px\">\n            \n\n<div class=\"kksr-icon\" style=\"width: 22px; height: 22px;\"><\/div>\n        <\/div>\n            <div class=\"kksr-star\" data-star=\"4\" style=\"padding-right: 5px\">\n            \n\n<div class=\"kksr-icon\" style=\"width: 22px; height: 22px;\"><\/div>\n        <\/div>\n            <div class=\"kksr-star\" data-star=\"5\" style=\"padding-right: 5px\">\n            \n\n<div class=\"kksr-icon\" style=\"width: 22px; height: 22px;\"><\/div>\n        <\/div>\n    <\/div>\n    \n<div class=\"kksr-stars-active\" style=\"width: 0px;\">\n            <div class=\"kksr-star\" style=\"padding-right: 5px\">\n            \n\n<div class=\"kksr-icon\" style=\"width: 22px; height: 22px;\"><\/div>\n        <\/div>\n            <div class=\"kksr-star\" style=\"padding-right: 5px\">\n            \n\n<div class=\"kksr-icon\" style=\"width: 22px; height: 22px;\"><\/div>\n        <\/div>\n            <div class=\"kksr-star\" style=\"padding-right: 5px\">\n            \n\n<div class=\"kksr-icon\" style=\"width: 22px; height: 22px;\"><\/div>\n        <\/div>\n            <div class=\"kksr-star\" style=\"padding-right: 5px\">\n            \n\n<div class=\"kksr-icon\" style=\"width: 22px; height: 22px;\"><\/div>\n        <\/div>\n            <div class=\"kksr-star\" style=\"padding-right: 5px\">\n            \n\n<div class=\"kksr-icon\" style=\"width: 22px; height: 22px;\"><\/div>\n        <\/div>\n    <\/div>\n<\/div>\n                \n\n<div class=\"kksr-legend\" style=\"font-size: 17.6px;\">\n            <span class=\"kksr-muted\">Valora este post<\/span>\n    <\/div>\n    <\/div>\n","protected":false},"excerpt":{"rendered":"<p>Sanidad niega haber sido contactada por EE.UU. respecto a la investigaci\u00f3n sobre la eutanasia de Noelia Castillo El Ministerio de Sanidad ha declarado que no ha &#8230; <a title=\"Sanidad y la eutanasia de Noelia Castillo: \u00bfPor qu\u00e9 EEUU no ha comunicado nada?\" class=\"read-more\" href=\"https:\/\/www.diario21.tv\/noticias\/sanidad-y-la-eutanasia-de-noelia-castillo-por-que-eeuu-no-ha-comunicado-nada\/\" aria-label=\"Leer m\u00e1s sobre Sanidad y la eutanasia de Noelia Castillo: \u00bfPor qu\u00e9 EEUU no ha comunicado nada?\">Seguir leyendo &rarr;<\/a><\/p>\n","protected":false},"author":20,"featured_media":6763,"comment_status":"open","ping_status":"open","sticky":false,"template":"","format":"standard","meta":{"footnotes":""},"categories":[13],"tags":[],"class_list":["post-6762","post","type-post","status-publish","format-standard","has-post-thumbnail","hentry","category-portada"],"yoast_head":"<!-- This site is optimized with the Yoast SEO plugin v25.6 - https:\/\/yoast.com\/wordpress\/plugins\/seo\/ -->\n<title>Sanidad y la eutanasia de Noelia Castillo: \u00bfPor qu\u00e9 EEUU no ha comunicado nada? - Diario 21<\/title>\n<meta name=\"robots\" content=\"index, follow, max-snippet:-1, max-image-preview:large, max-video-preview:-1\" \/>\n<link rel=\"canonical\" href=\"https:\/\/www.diario21.tv\/noticias\/sanidad-y-la-eutanasia-de-noelia-castillo-por-que-eeuu-no-ha-comunicado-nada\/\" \/>\n<meta property=\"og:locale\" content=\"es_ES\" \/>\n<meta property=\"og:type\" content=\"article\" \/>\n<meta property=\"og:title\" content=\"Sanidad y la eutanasia de Noelia Castillo: \u00bfPor qu\u00e9 EEUU no ha comunicado nada? - Diario 21\" \/>\n<meta property=\"og:description\" content=\"Sanidad niega haber sido contactada por EE.UU. respecto a la investigaci\u00f3n sobre la eutanasia de Noelia Castillo El Ministerio de Sanidad ha declarado que no ha ... Seguir leyendo &rarr;\" \/>\n<meta property=\"og:url\" content=\"https:\/\/www.diario21.tv\/noticias\/sanidad-y-la-eutanasia-de-noelia-castillo-por-que-eeuu-no-ha-comunicado-nada\/\" \/>\n<meta property=\"og:site_name\" content=\"Diario 21\" \/>\n<meta property=\"article:published_time\" content=\"2026-04-03T21:37:15+00:00\" \/>\n<meta property=\"article:modified_time\" content=\"2026-04-03T21:37:17+00:00\" \/>\n<meta property=\"og:image\" content=\"https:\/\/www.diario21.tv\/noticias\/wp-content\/uploads\/2026\/04\/Sanidad-y-la-eutanasia-de-Noelia-Castillo-\u00bfPor-que-EEUU.jpg\" \/>\n\t<meta property=\"og:image:width\" content=\"1920\" \/>\n\t<meta property=\"og:image:height\" content=\"1280\" \/>\n\t<meta property=\"og:image:type\" content=\"image\/jpeg\" \/>\n<meta name=\"author\" content=\"Juan P\u00e9rez\" \/>\n<meta name=\"twitter:card\" content=\"summary_large_image\" \/>\n<meta name=\"twitter:label1\" content=\"Escrito por\" \/>\n\t<meta name=\"twitter:data1\" content=\"Juan P\u00e9rez\" \/>\n\t<meta name=\"twitter:label2\" content=\"Tiempo de lectura\" \/>\n\t<meta name=\"twitter:data2\" content=\"2 minutos\" \/>\n<script type=\"application\/ld+json\" class=\"yoast-schema-graph\">{\"@context\":\"https:\/\/schema.org\",\"@graph\":[{\"@type\":\"WebPage\",\"@id\":\"https:\/\/www.diario21.tv\/noticias\/sanidad-y-la-eutanasia-de-noelia-castillo-por-que-eeuu-no-ha-comunicado-nada\/\",\"url\":\"https:\/\/www.diario21.tv\/noticias\/sanidad-y-la-eutanasia-de-noelia-castillo-por-que-eeuu-no-ha-comunicado-nada\/\",\"name\":\"Sanidad y la eutanasia de Noelia Castillo: \u00bfPor qu\u00e9 EEUU no ha comunicado nada? - Diario 21\",\"isPartOf\":{\"@id\":\"https:\/\/www.diario21.tv\/noticias\/#website\"},\"primaryImageOfPage\":{\"@id\":\"https:\/\/www.diario21.tv\/noticias\/sanidad-y-la-eutanasia-de-noelia-castillo-por-que-eeuu-no-ha-comunicado-nada\/#primaryimage\"},\"image\":{\"@id\":\"https:\/\/www.diario21.tv\/noticias\/sanidad-y-la-eutanasia-de-noelia-castillo-por-que-eeuu-no-ha-comunicado-nada\/#primaryimage\"},\"thumbnailUrl\":\"https:\/\/www.diario21.tv\/noticias\/wp-content\/uploads\/2026\/04\/Sanidad-y-la-eutanasia-de-Noelia-Castillo-\u00bfPor-que-EEUU.jpg\",\"datePublished\":\"2026-04-03T21:37:15+00:00\",\"dateModified\":\"2026-04-03T21:37:17+00:00\",\"author\":{\"@id\":\"https:\/\/www.diario21.tv\/noticias\/#\/schema\/person\/dfb778f73814d8f09f302618446a526b\"},\"breadcrumb\":{\"@id\":\"https:\/\/www.diario21.tv\/noticias\/sanidad-y-la-eutanasia-de-noelia-castillo-por-que-eeuu-no-ha-comunicado-nada\/#breadcrumb\"},\"inLanguage\":\"es-AR\",\"potentialAction\":[{\"@type\":\"ReadAction\",\"target\":[\"https:\/\/www.diario21.tv\/noticias\/sanidad-y-la-eutanasia-de-noelia-castillo-por-que-eeuu-no-ha-comunicado-nada\/\"]}]},{\"@type\":\"ImageObject\",\"inLanguage\":\"es-AR\",\"@id\":\"https:\/\/www.diario21.tv\/noticias\/sanidad-y-la-eutanasia-de-noelia-castillo-por-que-eeuu-no-ha-comunicado-nada\/#primaryimage\",\"url\":\"https:\/\/www.diario21.tv\/noticias\/wp-content\/uploads\/2026\/04\/Sanidad-y-la-eutanasia-de-Noelia-Castillo-\u00bfPor-que-EEUU.jpg\",\"contentUrl\":\"https:\/\/www.diario21.tv\/noticias\/wp-content\/uploads\/2026\/04\/Sanidad-y-la-eutanasia-de-Noelia-Castillo-\u00bfPor-que-EEUU.jpg\",\"width\":1920,\"height\":1280,\"caption\":\"Sanidad asegura no haber recibido ninguna comunicaci\u00f3n de EEUU para investigar la eutanasia de Noelia Castillo\"},{\"@type\":\"BreadcrumbList\",\"@id\":\"https:\/\/www.diario21.tv\/noticias\/sanidad-y-la-eutanasia-de-noelia-castillo-por-que-eeuu-no-ha-comunicado-nada\/#breadcrumb\",\"itemListElement\":[{\"@type\":\"ListItem\",\"position\":1,\"name\":\"Accueil\",\"item\":\"https:\/\/www.diario21.tv\/noticias\/\"},{\"@type\":\"ListItem\",\"position\":2,\"name\":\"Sanidad y la eutanasia de Noelia Castillo: \u00bfPor qu\u00e9 EEUU no ha comunicado nada?\"}]},{\"@type\":\"WebSite\",\"@id\":\"https:\/\/www.diario21.tv\/noticias\/#website\",\"url\":\"https:\/\/www.diario21.tv\/noticias\/\",\"name\":\"Diario 21\",\"description\":\"\",\"potentialAction\":[{\"@type\":\"SearchAction\",\"target\":{\"@type\":\"EntryPoint\",\"urlTemplate\":\"https:\/\/www.diario21.tv\/noticias\/?s={search_term_string}\"},\"query-input\":{\"@type\":\"PropertyValueSpecification\",\"valueRequired\":true,\"valueName\":\"search_term_string\"}}],\"inLanguage\":\"es-AR\"},{\"@type\":\"Person\",\"@id\":\"https:\/\/www.diario21.tv\/noticias\/#\/schema\/person\/dfb778f73814d8f09f302618446a526b\",\"name\":\"Juan P\u00e9rez\",\"image\":{\"@type\":\"ImageObject\",\"inLanguage\":\"es-AR\",\"@id\":\"https:\/\/www.diario21.tv\/noticias\/#\/schema\/person\/image\/\",\"url\":\"https:\/\/secure.gravatar.com\/avatar\/c478a405bd10621167f4c3167cc770f5?s=96&d=mm&r=g\",\"contentUrl\":\"https:\/\/secure.gravatar.com\/avatar\/c478a405bd10621167f4c3167cc770f5?s=96&d=mm&r=g\",\"caption\":\"Juan P\u00e9rez\"},\"description\":\"Juan P\u00e9rez es el redactor en jefe de Diario 21. Con m\u00e1s de 10 a\u00f1os de experiencia en el periodismo, se especializa en pol\u00edtica nacional y an\u00e1lisis socioecon\u00f3mico. Su enfoque cr\u00edtico y riguroso aporta una perspectiva \u00fanica a cada art\u00edculo.\",\"sameAs\":[\"https:\/\/www.diario21.tv\/noticias\/\"],\"url\":\"https:\/\/www.diario21.tv\/noticias\/author\/juan-perez\/\"}]}<\/script>\n<!-- \/ Yoast SEO plugin. -->","yoast_head_json":{"title":"Sanidad y la eutanasia de Noelia Castillo: \u00bfPor qu\u00e9 EEUU no ha comunicado nada? - Diario 21","robots":{"index":"index","follow":"follow","max-snippet":"max-snippet:-1","max-image-preview":"max-image-preview:large","max-video-preview":"max-video-preview:-1"},"canonical":"https:\/\/www.diario21.tv\/noticias\/sanidad-y-la-eutanasia-de-noelia-castillo-por-que-eeuu-no-ha-comunicado-nada\/","og_locale":"es_ES","og_type":"article","og_title":"Sanidad y la eutanasia de Noelia Castillo: \u00bfPor qu\u00e9 EEUU no ha comunicado nada? - Diario 21","og_description":"Sanidad niega haber sido contactada por EE.UU. respecto a la investigaci\u00f3n sobre la eutanasia de Noelia Castillo El Ministerio de Sanidad ha declarado que no ha ... Seguir leyendo &rarr;","og_url":"https:\/\/www.diario21.tv\/noticias\/sanidad-y-la-eutanasia-de-noelia-castillo-por-que-eeuu-no-ha-comunicado-nada\/","og_site_name":"Diario 21","article_published_time":"2026-04-03T21:37:15+00:00","article_modified_time":"2026-04-03T21:37:17+00:00","og_image":[{"width":1920,"height":1280,"url":"https:\/\/www.diario21.tv\/noticias\/wp-content\/uploads\/2026\/04\/Sanidad-y-la-eutanasia-de-Noelia-Castillo-\u00bfPor-que-EEUU.jpg","type":"image\/jpeg"}],"author":"Juan P\u00e9rez","twitter_card":"summary_large_image","twitter_misc":{"Escrito por":"Juan P\u00e9rez","Tiempo de lectura":"2 minutos"},"schema":{"@context":"https:\/\/schema.org","@graph":[{"@type":"WebPage","@id":"https:\/\/www.diario21.tv\/noticias\/sanidad-y-la-eutanasia-de-noelia-castillo-por-que-eeuu-no-ha-comunicado-nada\/","url":"https:\/\/www.diario21.tv\/noticias\/sanidad-y-la-eutanasia-de-noelia-castillo-por-que-eeuu-no-ha-comunicado-nada\/","name":"Sanidad y la eutanasia de Noelia Castillo: \u00bfPor qu\u00e9 EEUU no ha comunicado nada? - Diario 21","isPartOf":{"@id":"https:\/\/www.diario21.tv\/noticias\/#website"},"primaryImageOfPage":{"@id":"https:\/\/www.diario21.tv\/noticias\/sanidad-y-la-eutanasia-de-noelia-castillo-por-que-eeuu-no-ha-comunicado-nada\/#primaryimage"},"image":{"@id":"https:\/\/www.diario21.tv\/noticias\/sanidad-y-la-eutanasia-de-noelia-castillo-por-que-eeuu-no-ha-comunicado-nada\/#primaryimage"},"thumbnailUrl":"https:\/\/www.diario21.tv\/noticias\/wp-content\/uploads\/2026\/04\/Sanidad-y-la-eutanasia-de-Noelia-Castillo-\u00bfPor-que-EEUU.jpg","datePublished":"2026-04-03T21:37:15+00:00","dateModified":"2026-04-03T21:37:17+00:00","author":{"@id":"https:\/\/www.diario21.tv\/noticias\/#\/schema\/person\/dfb778f73814d8f09f302618446a526b"},"breadcrumb":{"@id":"https:\/\/www.diario21.tv\/noticias\/sanidad-y-la-eutanasia-de-noelia-castillo-por-que-eeuu-no-ha-comunicado-nada\/#breadcrumb"},"inLanguage":"es-AR","potentialAction":[{"@type":"ReadAction","target":["https:\/\/www.diario21.tv\/noticias\/sanidad-y-la-eutanasia-de-noelia-castillo-por-que-eeuu-no-ha-comunicado-nada\/"]}]},{"@type":"ImageObject","inLanguage":"es-AR","@id":"https:\/\/www.diario21.tv\/noticias\/sanidad-y-la-eutanasia-de-noelia-castillo-por-que-eeuu-no-ha-comunicado-nada\/#primaryimage","url":"https:\/\/www.diario21.tv\/noticias\/wp-content\/uploads\/2026\/04\/Sanidad-y-la-eutanasia-de-Noelia-Castillo-\u00bfPor-que-EEUU.jpg","contentUrl":"https:\/\/www.diario21.tv\/noticias\/wp-content\/uploads\/2026\/04\/Sanidad-y-la-eutanasia-de-Noelia-Castillo-\u00bfPor-que-EEUU.jpg","width":1920,"height":1280,"caption":"Sanidad asegura no haber recibido ninguna comunicaci\u00f3n de EEUU para investigar la eutanasia de Noelia Castillo"},{"@type":"BreadcrumbList","@id":"https:\/\/www.diario21.tv\/noticias\/sanidad-y-la-eutanasia-de-noelia-castillo-por-que-eeuu-no-ha-comunicado-nada\/#breadcrumb","itemListElement":[{"@type":"ListItem","position":1,"name":"Accueil","item":"https:\/\/www.diario21.tv\/noticias\/"},{"@type":"ListItem","position":2,"name":"Sanidad y la eutanasia de Noelia Castillo: \u00bfPor qu\u00e9 EEUU no ha comunicado nada?"}]},{"@type":"WebSite","@id":"https:\/\/www.diario21.tv\/noticias\/#website","url":"https:\/\/www.diario21.tv\/noticias\/","name":"Diario 21","description":"","potentialAction":[{"@type":"SearchAction","target":{"@type":"EntryPoint","urlTemplate":"https:\/\/www.diario21.tv\/noticias\/?s={search_term_string}"},"query-input":{"@type":"PropertyValueSpecification","valueRequired":true,"valueName":"search_term_string"}}],"inLanguage":"es-AR"},{"@type":"Person","@id":"https:\/\/www.diario21.tv\/noticias\/#\/schema\/person\/dfb778f73814d8f09f302618446a526b","name":"Juan P\u00e9rez","image":{"@type":"ImageObject","inLanguage":"es-AR","@id":"https:\/\/www.diario21.tv\/noticias\/#\/schema\/person\/image\/","url":"https:\/\/secure.gravatar.com\/avatar\/c478a405bd10621167f4c3167cc770f5?s=96&d=mm&r=g","contentUrl":"https:\/\/secure.gravatar.com\/avatar\/c478a405bd10621167f4c3167cc770f5?s=96&d=mm&r=g","caption":"Juan P\u00e9rez"},"description":"Juan P\u00e9rez es el redactor en jefe de Diario 21. Con m\u00e1s de 10 a\u00f1os de experiencia en el periodismo, se especializa en pol\u00edtica nacional y an\u00e1lisis socioecon\u00f3mico. Su enfoque cr\u00edtico y riguroso aporta una perspectiva \u00fanica a cada art\u00edculo.","sameAs":["https:\/\/www.diario21.tv\/noticias\/"],"url":"https:\/\/www.diario21.tv\/noticias\/author\/juan-perez\/"}]}},"_links":{"self":[{"href":"https:\/\/www.diario21.tv\/noticias\/wp-json\/wp\/v2\/posts\/6762"}],"collection":[{"href":"https:\/\/www.diario21.tv\/noticias\/wp-json\/wp\/v2\/posts"}],"about":[{"href":"https:\/\/www.diario21.tv\/noticias\/wp-json\/wp\/v2\/types\/post"}],"author":[{"embeddable":true,"href":"https:\/\/www.diario21.tv\/noticias\/wp-json\/wp\/v2\/users\/20"}],"replies":[{"embeddable":true,"href":"https:\/\/www.diario21.tv\/noticias\/wp-json\/wp\/v2\/comments?post=6762"}],"version-history":[{"count":1,"href":"https:\/\/www.diario21.tv\/noticias\/wp-json\/wp\/v2\/posts\/6762\/revisions"}],"predecessor-version":[{"id":6764,"href":"https:\/\/www.diario21.tv\/noticias\/wp-json\/wp\/v2\/posts\/6762\/revisions\/6764"}],"wp:featuredmedia":[{"embeddable":true,"href":"https:\/\/www.diario21.tv\/noticias\/wp-json\/wp\/v2\/media\/6763"}],"wp:attachment":[{"href":"https:\/\/www.diario21.tv\/noticias\/wp-json\/wp\/v2\/media?parent=6762"}],"wp:term":[{"taxonomy":"category","embeddable":true,"href":"https:\/\/www.diario21.tv\/noticias\/wp-json\/wp\/v2\/categories?post=6762"},{"taxonomy":"post_tag","embeddable":true,"href":"https:\/\/www.diario21.tv\/noticias\/wp-json\/wp\/v2\/tags?post=6762"}],"curies":[{"name":"wp","href":"https:\/\/api.w.org\/{rel}","templated":true}]}}