{"id":6756,"date":"2026-04-03T09:32:53","date_gmt":"2026-04-03T09:32:53","guid":{"rendered":"https:\/\/www.diario21.tv\/noticias\/alerta-carlos-sabate-revela-un-gesto-que-podria-sancionarte-en-la-declaracion-de-renta-2025-2026\/"},"modified":"2026-04-03T09:32:55","modified_gmt":"2026-04-03T09:32:55","slug":"alerta-carlos-sabate-revela-un-gesto-que-podria-sancionarte-en-la-declaracion-de-renta-2025-2026","status":"publish","type":"post","link":"https:\/\/www.diario21.tv\/noticias\/alerta-carlos-sabate-revela-un-gesto-que-podria-sancionarte-en-la-declaracion-de-renta-2025-2026\/","title":{"rendered":"\u00a1Alerta! Carlos Sabat\u00e9 revela un gesto que podr\u00eda sancionarte en la declaraci\u00f3n de renta 2025-2026"},"content":{"rendered":"<h2>Carlos Sabat\u00e9, instructor de SEPE, se\u00f1ala un error com\u00fan que podr\u00eda resultar en una penalizaci\u00f3n de Hacienda en la declaraci\u00f3n de impuestos de 2025-2026<\/h2>\n<p>Carlos Sabat\u00e9, quien trabaja como instructor en el Servicio P\u00fablico de Empleo Estatal (SEPE), ha emitido una advertencia sobre un error frecuente que los contribuyentes podr\u00edan cometer al realizar su declaraci\u00f3n de la renta correspondiente al per\u00edodo 2025-2026. Seg\u00fan Sabat\u00e9, este error no solo es com\u00fan, sino que tambi\u00e9n podr\u00eda traer consigo consecuencias significativas como sanciones por parte de la Agencia Tributaria.<\/p>\n<h3>El error crucial a evitar<\/h3>\n<p>Durante una sesi\u00f3n informativa reciente, Sabat\u00e9 destac\u00f3 que un paso en falso t\u00edpico que muchos contribuyentes tienden a hacer es la incorrecta deducci\u00f3n de gastos no permitidos o el reporte inexacto de ingresos. Este tipo de equivocaciones, ya sea por desconocimiento o por una mala interpretaci\u00f3n de las normativas fiscales, pueden alertar a Hacienda y desencadenar una revisi\u00f3n m\u00e1s detallada de la declaraci\u00f3n presentada.<\/p>\n<h3>Consejos para una declaraci\u00f3n sin contratiempos<\/h3>\n<p>Para evitar caer en este error, Sabat\u00e9 recomienda encarecidamente a los contribuyentes que se aseguren de entender bien las categor\u00edas de deducciones permitidas y que mantengan una documentaci\u00f3n adecuada de todos sus ingresos y gastos a lo largo del a\u00f1o. Seg\u00fan el experto, es crucial ser meticuloso y preciso al llenar la declaraci\u00f3n de la renta, asegur\u00e1ndose de que todos los datos sean correctos y est\u00e9n bien sustentados.<\/p>\n<h3>Las consecuencias de un error en la declaraci\u00f3n<\/h3>\n<p>Un error en la declaraci\u00f3n no solo puede resultar en una sanci\u00f3n econ\u00f3mica, sino que tambi\u00e9n puede llevar a procesos de revisi\u00f3n m\u00e1s extensos por parte de Hacienda, incrementando el riesgo de descubrir otras irregularidades que podr\u00edan haber pasado desapercibidas inicialmente. Sabat\u00e9 enfatiza la importancia de la transparencia y la exactitud en todas las declaraciones fiscales.<\/p>\n<h3>Recursos y apoyo disponible<\/h3>\n<p>Sabat\u00e9 tambi\u00e9n mencion\u00f3 que el SEPE y otros organismos ofrecen recursos y asesoramiento para ayudar a los ciudadanos a comprender mejor sus obligaciones fiscales. Recomienda utilizar estos recursos y, si es necesario, consultar con un profesional en materia tributaria para evitar errores que puedan llevar a sanciones.<\/p>\n<p>En conclusi\u00f3n, la advertencia de Carlos Sabat\u00e9 subraya la importancia de estar bien informado y ser cuidadoso al preparar la declaraci\u00f3n de la renta. Un enfoque atento y detallado no solo puede evitar problemas con Hacienda, sino tambi\u00e9n asegurar la paz mental para los contribuyentes al cumplir con sus responsabilidades fiscales de manera adecuada y efectiva.<\/p>\n\n\n<div class=\"kk-star-ratings kksr-auto kksr-align-left kksr-valign-bottom\"\n    data-payload='{&quot;align&quot;:&quot;left&quot;,&quot;id&quot;:&quot;6756&quot;,&quot;slug&quot;:&quot;default&quot;,&quot;valign&quot;:&quot;bottom&quot;,&quot;ignore&quot;:&quot;&quot;,&quot;reference&quot;:&quot;auto&quot;,&quot;class&quot;:&quot;&quot;,&quot;count&quot;:&quot;0&quot;,&quot;legendonly&quot;:&quot;&quot;,&quot;readonly&quot;:&quot;&quot;,&quot;score&quot;:&quot;0&quot;,&quot;starsonly&quot;:&quot;&quot;,&quot;best&quot;:&quot;5&quot;,&quot;gap&quot;:&quot;5&quot;,&quot;greet&quot;:&quot;Valora este post&quot;,&quot;legend&quot;:&quot;0\\\/5 - (0 votes)&quot;,&quot;size&quot;:&quot;22&quot;,&quot;title&quot;:&quot;\u00a1Alerta! Carlos Sabat\u00e9 revela un gesto que podr\u00eda sancionarte en la declaraci\u00f3n de renta 2025-2026&quot;,&quot;width&quot;:&quot;0&quot;,&quot;_legend&quot;:&quot;{score}\\\/{best} - ({count} {votes})&quot;,&quot;font_factor&quot;:&quot;1.25&quot;}'>\n            \n<div class=\"kksr-stars\">\n    \n<div class=\"kksr-stars-inactive\">\n            <div class=\"kksr-star\" data-star=\"1\" style=\"padding-right: 5px\">\n            \n\n<div class=\"kksr-icon\" style=\"width: 22px; height: 22px;\"><\/div>\n        <\/div>\n            <div class=\"kksr-star\" data-star=\"2\" style=\"padding-right: 5px\">\n            \n\n<div class=\"kksr-icon\" style=\"width: 22px; height: 22px;\"><\/div>\n        <\/div>\n            <div class=\"kksr-star\" data-star=\"3\" style=\"padding-right: 5px\">\n            \n\n<div class=\"kksr-icon\" style=\"width: 22px; height: 22px;\"><\/div>\n        <\/div>\n            <div class=\"kksr-star\" data-star=\"4\" style=\"padding-right: 5px\">\n            \n\n<div class=\"kksr-icon\" style=\"width: 22px; height: 22px;\"><\/div>\n        <\/div>\n            <div class=\"kksr-star\" data-star=\"5\" style=\"padding-right: 5px\">\n            \n\n<div class=\"kksr-icon\" style=\"width: 22px; height: 22px;\"><\/div>\n        <\/div>\n    <\/div>\n    \n<div class=\"kksr-stars-active\" style=\"width: 0px;\">\n            <div class=\"kksr-star\" style=\"padding-right: 5px\">\n            \n\n<div class=\"kksr-icon\" style=\"width: 22px; height: 22px;\"><\/div>\n        <\/div>\n            <div class=\"kksr-star\" style=\"padding-right: 5px\">\n            \n\n<div class=\"kksr-icon\" style=\"width: 22px; height: 22px;\"><\/div>\n        <\/div>\n            <div class=\"kksr-star\" style=\"padding-right: 5px\">\n            \n\n<div class=\"kksr-icon\" style=\"width: 22px; height: 22px;\"><\/div>\n        <\/div>\n            <div class=\"kksr-star\" style=\"padding-right: 5px\">\n            \n\n<div class=\"kksr-icon\" style=\"width: 22px; height: 22px;\"><\/div>\n        <\/div>\n            <div class=\"kksr-star\" style=\"padding-right: 5px\">\n            \n\n<div class=\"kksr-icon\" style=\"width: 22px; height: 22px;\"><\/div>\n        <\/div>\n    <\/div>\n<\/div>\n                \n\n<div class=\"kksr-legend\" style=\"font-size: 17.6px;\">\n            <span class=\"kksr-muted\">Valora este post<\/span>\n    <\/div>\n    <\/div>\n","protected":false},"excerpt":{"rendered":"<p>Carlos Sabat\u00e9, instructor de SEPE, se\u00f1ala un error com\u00fan que podr\u00eda resultar en una penalizaci\u00f3n de Hacienda en la declaraci\u00f3n de impuestos de 2025-2026 Carlos Sabat\u00e9, &#8230; <a title=\"\u00a1Alerta! Carlos Sabat\u00e9 revela un gesto que podr\u00eda sancionarte en la declaraci\u00f3n de renta 2025-2026\" class=\"read-more\" href=\"https:\/\/www.diario21.tv\/noticias\/alerta-carlos-sabate-revela-un-gesto-que-podria-sancionarte-en-la-declaracion-de-renta-2025-2026\/\" aria-label=\"Leer m\u00e1s sobre \u00a1Alerta! Carlos Sabat\u00e9 revela un gesto que podr\u00eda sancionarte en la declaraci\u00f3n de renta 2025-2026\">Seguir leyendo &rarr;<\/a><\/p>\n","protected":false},"author":20,"featured_media":6757,"comment_status":"open","ping_status":"open","sticky":false,"template":"","format":"standard","meta":{"footnotes":""},"categories":[13],"tags":[],"class_list":["post-6756","post","type-post","status-publish","format-standard","has-post-thumbnail","hentry","category-portada"],"yoast_head":"<!-- This site is optimized with the Yoast SEO plugin v25.6 - https:\/\/yoast.com\/wordpress\/plugins\/seo\/ -->\n<title>\u00a1Alerta! Carlos Sabat\u00e9 revela un gesto que podr\u00eda sancionarte en la declaraci\u00f3n de renta 2025-2026 - Diario 21<\/title>\n<meta name=\"robots\" content=\"index, follow, max-snippet:-1, max-image-preview:large, max-video-preview:-1\" \/>\n<link rel=\"canonical\" href=\"https:\/\/www.diario21.tv\/noticias\/alerta-carlos-sabate-revela-un-gesto-que-podria-sancionarte-en-la-declaracion-de-renta-2025-2026\/\" \/>\n<meta property=\"og:locale\" content=\"es_ES\" \/>\n<meta property=\"og:type\" content=\"article\" \/>\n<meta property=\"og:title\" content=\"\u00a1Alerta! Carlos Sabat\u00e9 revela un gesto que podr\u00eda sancionarte en la declaraci\u00f3n de renta 2025-2026 - Diario 21\" \/>\n<meta property=\"og:description\" content=\"Carlos Sabat\u00e9, instructor de SEPE, se\u00f1ala un error com\u00fan que podr\u00eda resultar en una penalizaci\u00f3n de Hacienda en la declaraci\u00f3n de impuestos de 2025-2026 Carlos Sabat\u00e9, ... Seguir leyendo &rarr;\" \/>\n<meta property=\"og:url\" content=\"https:\/\/www.diario21.tv\/noticias\/alerta-carlos-sabate-revela-un-gesto-que-podria-sancionarte-en-la-declaracion-de-renta-2025-2026\/\" \/>\n<meta property=\"og:site_name\" content=\"Diario 21\" \/>\n<meta property=\"article:published_time\" content=\"2026-04-03T09:32:53+00:00\" \/>\n<meta property=\"article:modified_time\" content=\"2026-04-03T09:32:55+00:00\" \/>\n<meta property=\"og:image\" content=\"https:\/\/www.diario21.tv\/noticias\/wp-content\/uploads\/2026\/04\/\u00a1Alerta-Carlos-Sabate-revela-un-gesto-que-podria-sancionarte-en.jpg\" \/>\n\t<meta property=\"og:image:width\" content=\"1200\" \/>\n\t<meta property=\"og:image:height\" content=\"840\" \/>\n\t<meta property=\"og:image:type\" content=\"image\/jpeg\" \/>\n<meta name=\"author\" content=\"Juan P\u00e9rez\" \/>\n<meta name=\"twitter:card\" content=\"summary_large_image\" \/>\n<meta name=\"twitter:label1\" content=\"Escrito por\" \/>\n\t<meta name=\"twitter:data1\" content=\"Juan P\u00e9rez\" \/>\n\t<meta name=\"twitter:label2\" content=\"Tiempo de lectura\" \/>\n\t<meta name=\"twitter:data2\" content=\"2 minutos\" \/>\n<script type=\"application\/ld+json\" class=\"yoast-schema-graph\">{\"@context\":\"https:\/\/schema.org\",\"@graph\":[{\"@type\":\"WebPage\",\"@id\":\"https:\/\/www.diario21.tv\/noticias\/alerta-carlos-sabate-revela-un-gesto-que-podria-sancionarte-en-la-declaracion-de-renta-2025-2026\/\",\"url\":\"https:\/\/www.diario21.tv\/noticias\/alerta-carlos-sabate-revela-un-gesto-que-podria-sancionarte-en-la-declaracion-de-renta-2025-2026\/\",\"name\":\"\u00a1Alerta! Carlos Sabat\u00e9 revela un gesto que podr\u00eda sancionarte en la declaraci\u00f3n de renta 2025-2026 - Diario 21\",\"isPartOf\":{\"@id\":\"https:\/\/www.diario21.tv\/noticias\/#website\"},\"primaryImageOfPage\":{\"@id\":\"https:\/\/www.diario21.tv\/noticias\/alerta-carlos-sabate-revela-un-gesto-que-podria-sancionarte-en-la-declaracion-de-renta-2025-2026\/#primaryimage\"},\"image\":{\"@id\":\"https:\/\/www.diario21.tv\/noticias\/alerta-carlos-sabate-revela-un-gesto-que-podria-sancionarte-en-la-declaracion-de-renta-2025-2026\/#primaryimage\"},\"thumbnailUrl\":\"https:\/\/www.diario21.tv\/noticias\/wp-content\/uploads\/2026\/04\/\u00a1Alerta-Carlos-Sabate-revela-un-gesto-que-podria-sancionarte-en.jpg\",\"datePublished\":\"2026-04-03T09:32:53+00:00\",\"dateModified\":\"2026-04-03T09:32:55+00:00\",\"author\":{\"@id\":\"https:\/\/www.diario21.tv\/noticias\/#\/schema\/person\/dfb778f73814d8f09f302618446a526b\"},\"breadcrumb\":{\"@id\":\"https:\/\/www.diario21.tv\/noticias\/alerta-carlos-sabate-revela-un-gesto-que-podria-sancionarte-en-la-declaracion-de-renta-2025-2026\/#breadcrumb\"},\"inLanguage\":\"es-AR\",\"potentialAction\":[{\"@type\":\"ReadAction\",\"target\":[\"https:\/\/www.diario21.tv\/noticias\/alerta-carlos-sabate-revela-un-gesto-que-podria-sancionarte-en-la-declaracion-de-renta-2025-2026\/\"]}]},{\"@type\":\"ImageObject\",\"inLanguage\":\"es-AR\",\"@id\":\"https:\/\/www.diario21.tv\/noticias\/alerta-carlos-sabate-revela-un-gesto-que-podria-sancionarte-en-la-declaracion-de-renta-2025-2026\/#primaryimage\",\"url\":\"https:\/\/www.diario21.tv\/noticias\/wp-content\/uploads\/2026\/04\/\u00a1Alerta-Carlos-Sabate-revela-un-gesto-que-podria-sancionarte-en.jpg\",\"contentUrl\":\"https:\/\/www.diario21.tv\/noticias\/wp-content\/uploads\/2026\/04\/\u00a1Alerta-Carlos-Sabate-revela-un-gesto-que-podria-sancionarte-en.jpg\",\"width\":1200,\"height\":840,\"caption\":\"Carlos Sabat\u00e9, formador del Sepe, advierte del gesto que te podr\u00eda acarrear una sanci\u00f3n de Hacienda en la declaraci\u00f3n de la renta 2025-2026\"},{\"@type\":\"BreadcrumbList\",\"@id\":\"https:\/\/www.diario21.tv\/noticias\/alerta-carlos-sabate-revela-un-gesto-que-podria-sancionarte-en-la-declaracion-de-renta-2025-2026\/#breadcrumb\",\"itemListElement\":[{\"@type\":\"ListItem\",\"position\":1,\"name\":\"Accueil\",\"item\":\"https:\/\/www.diario21.tv\/noticias\/\"},{\"@type\":\"ListItem\",\"position\":2,\"name\":\"\u00a1Alerta! Carlos Sabat\u00e9 revela un gesto que podr\u00eda sancionarte en la declaraci\u00f3n de renta 2025-2026\"}]},{\"@type\":\"WebSite\",\"@id\":\"https:\/\/www.diario21.tv\/noticias\/#website\",\"url\":\"https:\/\/www.diario21.tv\/noticias\/\",\"name\":\"Diario 21\",\"description\":\"\",\"potentialAction\":[{\"@type\":\"SearchAction\",\"target\":{\"@type\":\"EntryPoint\",\"urlTemplate\":\"https:\/\/www.diario21.tv\/noticias\/?s={search_term_string}\"},\"query-input\":{\"@type\":\"PropertyValueSpecification\",\"valueRequired\":true,\"valueName\":\"search_term_string\"}}],\"inLanguage\":\"es-AR\"},{\"@type\":\"Person\",\"@id\":\"https:\/\/www.diario21.tv\/noticias\/#\/schema\/person\/dfb778f73814d8f09f302618446a526b\",\"name\":\"Juan P\u00e9rez\",\"image\":{\"@type\":\"ImageObject\",\"inLanguage\":\"es-AR\",\"@id\":\"https:\/\/www.diario21.tv\/noticias\/#\/schema\/person\/image\/\",\"url\":\"https:\/\/secure.gravatar.com\/avatar\/c478a405bd10621167f4c3167cc770f5?s=96&d=mm&r=g\",\"contentUrl\":\"https:\/\/secure.gravatar.com\/avatar\/c478a405bd10621167f4c3167cc770f5?s=96&d=mm&r=g\",\"caption\":\"Juan P\u00e9rez\"},\"description\":\"Juan P\u00e9rez es el redactor en jefe de Diario 21. Con m\u00e1s de 10 a\u00f1os de experiencia en el periodismo, se especializa en pol\u00edtica nacional y an\u00e1lisis socioecon\u00f3mico. Su enfoque cr\u00edtico y riguroso aporta una perspectiva \u00fanica a cada art\u00edculo.\",\"sameAs\":[\"https:\/\/www.diario21.tv\/noticias\/\"],\"url\":\"https:\/\/www.diario21.tv\/noticias\/author\/juan-perez\/\"}]}<\/script>\n<!-- \/ Yoast SEO plugin. -->","yoast_head_json":{"title":"\u00a1Alerta! Carlos Sabat\u00e9 revela un gesto que podr\u00eda sancionarte en la declaraci\u00f3n de renta 2025-2026 - Diario 21","robots":{"index":"index","follow":"follow","max-snippet":"max-snippet:-1","max-image-preview":"max-image-preview:large","max-video-preview":"max-video-preview:-1"},"canonical":"https:\/\/www.diario21.tv\/noticias\/alerta-carlos-sabate-revela-un-gesto-que-podria-sancionarte-en-la-declaracion-de-renta-2025-2026\/","og_locale":"es_ES","og_type":"article","og_title":"\u00a1Alerta! Carlos Sabat\u00e9 revela un gesto que podr\u00eda sancionarte en la declaraci\u00f3n de renta 2025-2026 - Diario 21","og_description":"Carlos Sabat\u00e9, instructor de SEPE, se\u00f1ala un error com\u00fan que podr\u00eda resultar en una penalizaci\u00f3n de Hacienda en la declaraci\u00f3n de impuestos de 2025-2026 Carlos Sabat\u00e9, ... Seguir leyendo &rarr;","og_url":"https:\/\/www.diario21.tv\/noticias\/alerta-carlos-sabate-revela-un-gesto-que-podria-sancionarte-en-la-declaracion-de-renta-2025-2026\/","og_site_name":"Diario 21","article_published_time":"2026-04-03T09:32:53+00:00","article_modified_time":"2026-04-03T09:32:55+00:00","og_image":[{"width":1200,"height":840,"url":"https:\/\/www.diario21.tv\/noticias\/wp-content\/uploads\/2026\/04\/\u00a1Alerta-Carlos-Sabate-revela-un-gesto-que-podria-sancionarte-en.jpg","type":"image\/jpeg"}],"author":"Juan P\u00e9rez","twitter_card":"summary_large_image","twitter_misc":{"Escrito por":"Juan P\u00e9rez","Tiempo de lectura":"2 minutos"},"schema":{"@context":"https:\/\/schema.org","@graph":[{"@type":"WebPage","@id":"https:\/\/www.diario21.tv\/noticias\/alerta-carlos-sabate-revela-un-gesto-que-podria-sancionarte-en-la-declaracion-de-renta-2025-2026\/","url":"https:\/\/www.diario21.tv\/noticias\/alerta-carlos-sabate-revela-un-gesto-que-podria-sancionarte-en-la-declaracion-de-renta-2025-2026\/","name":"\u00a1Alerta! Carlos Sabat\u00e9 revela un gesto que podr\u00eda sancionarte en la declaraci\u00f3n de renta 2025-2026 - Diario 21","isPartOf":{"@id":"https:\/\/www.diario21.tv\/noticias\/#website"},"primaryImageOfPage":{"@id":"https:\/\/www.diario21.tv\/noticias\/alerta-carlos-sabate-revela-un-gesto-que-podria-sancionarte-en-la-declaracion-de-renta-2025-2026\/#primaryimage"},"image":{"@id":"https:\/\/www.diario21.tv\/noticias\/alerta-carlos-sabate-revela-un-gesto-que-podria-sancionarte-en-la-declaracion-de-renta-2025-2026\/#primaryimage"},"thumbnailUrl":"https:\/\/www.diario21.tv\/noticias\/wp-content\/uploads\/2026\/04\/\u00a1Alerta-Carlos-Sabate-revela-un-gesto-que-podria-sancionarte-en.jpg","datePublished":"2026-04-03T09:32:53+00:00","dateModified":"2026-04-03T09:32:55+00:00","author":{"@id":"https:\/\/www.diario21.tv\/noticias\/#\/schema\/person\/dfb778f73814d8f09f302618446a526b"},"breadcrumb":{"@id":"https:\/\/www.diario21.tv\/noticias\/alerta-carlos-sabate-revela-un-gesto-que-podria-sancionarte-en-la-declaracion-de-renta-2025-2026\/#breadcrumb"},"inLanguage":"es-AR","potentialAction":[{"@type":"ReadAction","target":["https:\/\/www.diario21.tv\/noticias\/alerta-carlos-sabate-revela-un-gesto-que-podria-sancionarte-en-la-declaracion-de-renta-2025-2026\/"]}]},{"@type":"ImageObject","inLanguage":"es-AR","@id":"https:\/\/www.diario21.tv\/noticias\/alerta-carlos-sabate-revela-un-gesto-que-podria-sancionarte-en-la-declaracion-de-renta-2025-2026\/#primaryimage","url":"https:\/\/www.diario21.tv\/noticias\/wp-content\/uploads\/2026\/04\/\u00a1Alerta-Carlos-Sabate-revela-un-gesto-que-podria-sancionarte-en.jpg","contentUrl":"https:\/\/www.diario21.tv\/noticias\/wp-content\/uploads\/2026\/04\/\u00a1Alerta-Carlos-Sabate-revela-un-gesto-que-podria-sancionarte-en.jpg","width":1200,"height":840,"caption":"Carlos Sabat\u00e9, formador del Sepe, advierte del gesto que te podr\u00eda acarrear una sanci\u00f3n de Hacienda en la declaraci\u00f3n de la renta 2025-2026"},{"@type":"BreadcrumbList","@id":"https:\/\/www.diario21.tv\/noticias\/alerta-carlos-sabate-revela-un-gesto-que-podria-sancionarte-en-la-declaracion-de-renta-2025-2026\/#breadcrumb","itemListElement":[{"@type":"ListItem","position":1,"name":"Accueil","item":"https:\/\/www.diario21.tv\/noticias\/"},{"@type":"ListItem","position":2,"name":"\u00a1Alerta! Carlos Sabat\u00e9 revela un gesto que podr\u00eda sancionarte en la declaraci\u00f3n de renta 2025-2026"}]},{"@type":"WebSite","@id":"https:\/\/www.diario21.tv\/noticias\/#website","url":"https:\/\/www.diario21.tv\/noticias\/","name":"Diario 21","description":"","potentialAction":[{"@type":"SearchAction","target":{"@type":"EntryPoint","urlTemplate":"https:\/\/www.diario21.tv\/noticias\/?s={search_term_string}"},"query-input":{"@type":"PropertyValueSpecification","valueRequired":true,"valueName":"search_term_string"}}],"inLanguage":"es-AR"},{"@type":"Person","@id":"https:\/\/www.diario21.tv\/noticias\/#\/schema\/person\/dfb778f73814d8f09f302618446a526b","name":"Juan P\u00e9rez","image":{"@type":"ImageObject","inLanguage":"es-AR","@id":"https:\/\/www.diario21.tv\/noticias\/#\/schema\/person\/image\/","url":"https:\/\/secure.gravatar.com\/avatar\/c478a405bd10621167f4c3167cc770f5?s=96&d=mm&r=g","contentUrl":"https:\/\/secure.gravatar.com\/avatar\/c478a405bd10621167f4c3167cc770f5?s=96&d=mm&r=g","caption":"Juan P\u00e9rez"},"description":"Juan P\u00e9rez es el redactor en jefe de Diario 21. Con m\u00e1s de 10 a\u00f1os de experiencia en el periodismo, se especializa en pol\u00edtica nacional y an\u00e1lisis socioecon\u00f3mico. Su enfoque cr\u00edtico y riguroso aporta una perspectiva \u00fanica a cada art\u00edculo.","sameAs":["https:\/\/www.diario21.tv\/noticias\/"],"url":"https:\/\/www.diario21.tv\/noticias\/author\/juan-perez\/"}]}},"_links":{"self":[{"href":"https:\/\/www.diario21.tv\/noticias\/wp-json\/wp\/v2\/posts\/6756"}],"collection":[{"href":"https:\/\/www.diario21.tv\/noticias\/wp-json\/wp\/v2\/posts"}],"about":[{"href":"https:\/\/www.diario21.tv\/noticias\/wp-json\/wp\/v2\/types\/post"}],"author":[{"embeddable":true,"href":"https:\/\/www.diario21.tv\/noticias\/wp-json\/wp\/v2\/users\/20"}],"replies":[{"embeddable":true,"href":"https:\/\/www.diario21.tv\/noticias\/wp-json\/wp\/v2\/comments?post=6756"}],"version-history":[{"count":1,"href":"https:\/\/www.diario21.tv\/noticias\/wp-json\/wp\/v2\/posts\/6756\/revisions"}],"predecessor-version":[{"id":6758,"href":"https:\/\/www.diario21.tv\/noticias\/wp-json\/wp\/v2\/posts\/6756\/revisions\/6758"}],"wp:featuredmedia":[{"embeddable":true,"href":"https:\/\/www.diario21.tv\/noticias\/wp-json\/wp\/v2\/media\/6757"}],"wp:attachment":[{"href":"https:\/\/www.diario21.tv\/noticias\/wp-json\/wp\/v2\/media?parent=6756"}],"wp:term":[{"taxonomy":"category","embeddable":true,"href":"https:\/\/www.diario21.tv\/noticias\/wp-json\/wp\/v2\/categories?post=6756"},{"taxonomy":"post_tag","embeddable":true,"href":"https:\/\/www.diario21.tv\/noticias\/wp-json\/wp\/v2\/tags?post=6756"}],"curies":[{"name":"wp","href":"https:\/\/api.w.org\/{rel}","templated":true}]}}