{"id":6675,"date":"2026-03-27T02:46:14","date_gmt":"2026-03-27T02:46:14","guid":{"rendered":"https:\/\/www.diario21.tv\/noticias\/escandalo-en-valencia-cofradia-excluye-otra-vez-a-mujeres-en-semana-santa\/"},"modified":"2026-03-27T02:46:15","modified_gmt":"2026-03-27T02:46:15","slug":"escandalo-en-valencia-cofradia-excluye-otra-vez-a-mujeres-en-semana-santa","status":"publish","type":"post","link":"https:\/\/www.diario21.tv\/noticias\/escandalo-en-valencia-cofradia-excluye-otra-vez-a-mujeres-en-semana-santa\/","title":{"rendered":"\u00a1Esc\u00e1ndalo en Valencia! Cofrad\u00eda excluye otra vez a mujeres en Semana Santa"},"content":{"rendered":"<h2>Una Hermandad Valenciana Rechaza Otra Vez la Inclusi\u00f3n Femenina en las Celebraciones de Semana Santa<\/h2>\n<p>Un reciente acontecimiento en Valencia ha vuelto a encender el debate sobre la igualdad de g\u00e9nero en las tradiciones religiosas. Una conocida hermandad de la ciudad ha decidido, una vez m\u00e1s, no permitir la participaci\u00f3n de mujeres en los roles principales de las procesiones de Semana Santa. Este hecho ha provocado una ola de reacciones entre los ciudadanos y grupos feministas que luchan por la inclusi\u00f3n y la igualdad en todos los \u00e1mbitos de la sociedad.<\/p>\n<h3>Detalles de la Decisi\u00f3n<\/h3>\n<p>La decisi\u00f3n fue tomada durante la asamblea anual de la hermandad, donde se vot\u00f3 sobre la posibilidad de permitir a las mujeres participar en igualdad de condiciones que los hombres en las procesiones. A pesar de las numerosas voces que abogaban por un cambio en esta tradici\u00f3n centenaria, la mayor\u00eda decidi\u00f3 mantener el status quo, argumentando la importancia de preservar la &#8220;tradici\u00f3n&#8221; y los &#8220;valores&#8221; que han caracterizado estas festividades a lo largo de los a\u00f1os.<\/p>\n<p>Los miembros de la hermandad que se opusieron a la inclusi\u00f3n femenina sostienen que las normas y estatutos de la entidad deben respetarse tal como han sido establecidos hist\u00f3ricamente. Sin embargo, este argumento no ha sido suficiente para aplacar el descontento generalizado ni las cr\u00edticas que han surgido desde varios sectores de la comunidad.<\/p>\n<h3>Reacciones y Consecuencias<\/h3>\n<p>La resoluci\u00f3n de la hermandad ha sido recibida con indignaci\u00f3n y desaprobaci\u00f3n por parte de varios grupos de derechos de las mujeres, quienes ven esta decisi\u00f3n como un retroceso en la lucha por la igualdad de g\u00e9nero. Las redes sociales se han inundado de mensajes de protesta y llamados a la reflexi\u00f3n sobre la importancia de actualizar las tradiciones para reflejar los valores de equidad y respeto por la diversidad.<\/p>\n<p>Por otro lado, algunos fieles y miembros de la comunidad religiosa defienden la decisi\u00f3n de la hermandad, argumentando que la participaci\u00f3n en estas procesiones se rige por normativas que tienen profundas ra\u00edces espirituales y culturales que no deben modificarse a la ligera.<\/p>\n<h3>Posibles V\u00edas de Soluci\u00f3n<\/h3>\n<p>Ante la polarizaci\u00f3n de opiniones, varios l\u00edderes comunales y religiosos han sugerido la creaci\u00f3n de espacios de di\u00e1logo y discusi\u00f3n para explorar posibles compromisos que permitan una mayor inclusi\u00f3n sin desvirtuar el esp\u00edritu de las celebraciones. La idea es encontrar un equilibrio que respete tanto la tradici\u00f3n como el derecho de las mujeres a participar plenamente en la vida cultural y religiosa de su comunidad.<\/p>\n<p>Algunos proponen la introducci\u00f3n gradual de mujeres en roles menos tradicionales dentro de las procesiones, como un primer paso hacia una inclusi\u00f3n m\u00e1s amplia en el futuro. Otros sugieren la revisi\u00f3n y actualizaci\u00f3n de los estatutos de la hermandad para reflejar una visi\u00f3n m\u00e1s inclusiva y representativa de la sociedad actual.<\/p>\n<h3>Conclusi\u00f3n<\/h3>\n<p>La decisi\u00f3n de mantener las puertas cerradas a la participaci\u00f3n femenina en las procesiones de Semana Santa en Valencia no solo ha generado controversia, sino que tambi\u00e9n ha puesto de relieve la tensi\u00f3n entre la preservaci\u00f3n de las tradiciones y la necesidad de adaptar las pr\u00e1cticas culturales a los principios de igualdad y justicia social. La comunidad valenciana, y en particular sus hermandades religiosas, se encuentran en un momento crucial para definir el camino a seguir en el reconocimiento y la inclusi\u00f3n de todos sus miembros, independientemente de su g\u00e9nero.<\/p>\n\n\n<div class=\"kk-star-ratings kksr-auto kksr-align-left kksr-valign-bottom\"\n    data-payload='{&quot;align&quot;:&quot;left&quot;,&quot;id&quot;:&quot;6675&quot;,&quot;slug&quot;:&quot;default&quot;,&quot;valign&quot;:&quot;bottom&quot;,&quot;ignore&quot;:&quot;&quot;,&quot;reference&quot;:&quot;auto&quot;,&quot;class&quot;:&quot;&quot;,&quot;count&quot;:&quot;0&quot;,&quot;legendonly&quot;:&quot;&quot;,&quot;readonly&quot;:&quot;&quot;,&quot;score&quot;:&quot;0&quot;,&quot;starsonly&quot;:&quot;&quot;,&quot;best&quot;:&quot;5&quot;,&quot;gap&quot;:&quot;5&quot;,&quot;greet&quot;:&quot;Valora este post&quot;,&quot;legend&quot;:&quot;0\\\/5 - (0 votes)&quot;,&quot;size&quot;:&quot;22&quot;,&quot;title&quot;:&quot;\u00a1Esc\u00e1ndalo en Valencia! Cofrad\u00eda excluye otra vez a mujeres en Semana Santa&quot;,&quot;width&quot;:&quot;0&quot;,&quot;_legend&quot;:&quot;{score}\\\/{best} - ({count} {votes})&quot;,&quot;font_factor&quot;:&quot;1.25&quot;}'>\n            \n<div class=\"kksr-stars\">\n    \n<div class=\"kksr-stars-inactive\">\n            <div class=\"kksr-star\" data-star=\"1\" style=\"padding-right: 5px\">\n            \n\n<div class=\"kksr-icon\" style=\"width: 22px; height: 22px;\"><\/div>\n        <\/div>\n            <div class=\"kksr-star\" data-star=\"2\" style=\"padding-right: 5px\">\n            \n\n<div class=\"kksr-icon\" style=\"width: 22px; height: 22px;\"><\/div>\n        <\/div>\n            <div class=\"kksr-star\" data-star=\"3\" style=\"padding-right: 5px\">\n            \n\n<div class=\"kksr-icon\" style=\"width: 22px; height: 22px;\"><\/div>\n        <\/div>\n            <div class=\"kksr-star\" data-star=\"4\" style=\"padding-right: 5px\">\n            \n\n<div class=\"kksr-icon\" style=\"width: 22px; height: 22px;\"><\/div>\n        <\/div>\n            <div class=\"kksr-star\" data-star=\"5\" style=\"padding-right: 5px\">\n            \n\n<div class=\"kksr-icon\" style=\"width: 22px; height: 22px;\"><\/div>\n        <\/div>\n    <\/div>\n    \n<div class=\"kksr-stars-active\" style=\"width: 0px;\">\n            <div class=\"kksr-star\" style=\"padding-right: 5px\">\n            \n\n<div class=\"kksr-icon\" style=\"width: 22px; height: 22px;\"><\/div>\n        <\/div>\n            <div class=\"kksr-star\" style=\"padding-right: 5px\">\n            \n\n<div class=\"kksr-icon\" style=\"width: 22px; height: 22px;\"><\/div>\n        <\/div>\n            <div class=\"kksr-star\" style=\"padding-right: 5px\">\n            \n\n<div class=\"kksr-icon\" style=\"width: 22px; height: 22px;\"><\/div>\n        <\/div>\n            <div class=\"kksr-star\" style=\"padding-right: 5px\">\n            \n\n<div class=\"kksr-icon\" style=\"width: 22px; height: 22px;\"><\/div>\n        <\/div>\n            <div class=\"kksr-star\" style=\"padding-right: 5px\">\n            \n\n<div class=\"kksr-icon\" style=\"width: 22px; height: 22px;\"><\/div>\n        <\/div>\n    <\/div>\n<\/div>\n                \n\n<div class=\"kksr-legend\" style=\"font-size: 17.6px;\">\n            <span class=\"kksr-muted\">Valora este post<\/span>\n    <\/div>\n    <\/div>\n","protected":false},"excerpt":{"rendered":"<p>Una Hermandad Valenciana Rechaza Otra Vez la Inclusi\u00f3n Femenina en las Celebraciones de Semana Santa Un reciente acontecimiento en Valencia ha vuelto a encender el debate &#8230; <a title=\"\u00a1Esc\u00e1ndalo en Valencia! Cofrad\u00eda excluye otra vez a mujeres en Semana Santa\" class=\"read-more\" href=\"https:\/\/www.diario21.tv\/noticias\/escandalo-en-valencia-cofradia-excluye-otra-vez-a-mujeres-en-semana-santa\/\" aria-label=\"Leer m\u00e1s sobre \u00a1Esc\u00e1ndalo en Valencia! Cofrad\u00eda excluye otra vez a mujeres en Semana Santa\">Seguir leyendo &rarr;<\/a><\/p>\n","protected":false},"author":20,"featured_media":6676,"comment_status":"open","ping_status":"open","sticky":false,"template":"","format":"standard","meta":{"footnotes":""},"categories":[13],"tags":[],"class_list":["post-6675","post","type-post","status-publish","format-standard","has-post-thumbnail","hentry","category-portada"],"yoast_head":"<!-- This site is optimized with the Yoast SEO plugin v25.6 - https:\/\/yoast.com\/wordpress\/plugins\/seo\/ -->\n<title>\u00a1Esc\u00e1ndalo en Valencia! Cofrad\u00eda excluye otra vez a mujeres en Semana Santa - Diario 21<\/title>\n<meta name=\"robots\" content=\"index, follow, max-snippet:-1, max-image-preview:large, max-video-preview:-1\" \/>\n<link rel=\"canonical\" href=\"https:\/\/www.diario21.tv\/noticias\/escandalo-en-valencia-cofradia-excluye-otra-vez-a-mujeres-en-semana-santa\/\" \/>\n<meta property=\"og:locale\" content=\"es_ES\" \/>\n<meta property=\"og:type\" content=\"article\" \/>\n<meta property=\"og:title\" content=\"\u00a1Esc\u00e1ndalo en Valencia! Cofrad\u00eda excluye otra vez a mujeres en Semana Santa - Diario 21\" \/>\n<meta property=\"og:description\" content=\"Una Hermandad Valenciana Rechaza Otra Vez la Inclusi\u00f3n Femenina en las Celebraciones de Semana Santa Un reciente acontecimiento en Valencia ha vuelto a encender el debate ... Seguir leyendo &rarr;\" \/>\n<meta property=\"og:url\" content=\"https:\/\/www.diario21.tv\/noticias\/escandalo-en-valencia-cofradia-excluye-otra-vez-a-mujeres-en-semana-santa\/\" \/>\n<meta property=\"og:site_name\" content=\"Diario 21\" \/>\n<meta property=\"article:published_time\" content=\"2026-03-27T02:46:14+00:00\" \/>\n<meta property=\"article:modified_time\" content=\"2026-03-27T02:46:15+00:00\" \/>\n<meta property=\"og:image\" content=\"https:\/\/www.diario21.tv\/noticias\/wp-content\/uploads\/2026\/03\/\u00a1Escandalo-en-Valencia-Cofradia-excluye-otra-vez-a-mujeres-en.jpg\" \/>\n\t<meta property=\"og:image:width\" content=\"1200\" \/>\n\t<meta property=\"og:image:height\" content=\"840\" \/>\n\t<meta property=\"og:image:type\" content=\"image\/jpeg\" \/>\n<meta name=\"author\" content=\"Juan P\u00e9rez\" \/>\n<meta name=\"twitter:card\" content=\"summary_large_image\" \/>\n<meta name=\"twitter:label1\" content=\"Escrito por\" \/>\n\t<meta name=\"twitter:data1\" content=\"Juan P\u00e9rez\" \/>\n\t<meta name=\"twitter:label2\" content=\"Tiempo de lectura\" \/>\n\t<meta name=\"twitter:data2\" content=\"3 minutos\" \/>\n<script type=\"application\/ld+json\" class=\"yoast-schema-graph\">{\"@context\":\"https:\/\/schema.org\",\"@graph\":[{\"@type\":\"WebPage\",\"@id\":\"https:\/\/www.diario21.tv\/noticias\/escandalo-en-valencia-cofradia-excluye-otra-vez-a-mujeres-en-semana-santa\/\",\"url\":\"https:\/\/www.diario21.tv\/noticias\/escandalo-en-valencia-cofradia-excluye-otra-vez-a-mujeres-en-semana-santa\/\",\"name\":\"\u00a1Esc\u00e1ndalo en Valencia! Cofrad\u00eda excluye otra vez a mujeres en Semana Santa - Diario 21\",\"isPartOf\":{\"@id\":\"https:\/\/www.diario21.tv\/noticias\/#website\"},\"primaryImageOfPage\":{\"@id\":\"https:\/\/www.diario21.tv\/noticias\/escandalo-en-valencia-cofradia-excluye-otra-vez-a-mujeres-en-semana-santa\/#primaryimage\"},\"image\":{\"@id\":\"https:\/\/www.diario21.tv\/noticias\/escandalo-en-valencia-cofradia-excluye-otra-vez-a-mujeres-en-semana-santa\/#primaryimage\"},\"thumbnailUrl\":\"https:\/\/www.diario21.tv\/noticias\/wp-content\/uploads\/2026\/03\/\u00a1Escandalo-en-Valencia-Cofradia-excluye-otra-vez-a-mujeres-en.jpg\",\"datePublished\":\"2026-03-27T02:46:14+00:00\",\"dateModified\":\"2026-03-27T02:46:15+00:00\",\"author\":{\"@id\":\"https:\/\/www.diario21.tv\/noticias\/#\/schema\/person\/dfb778f73814d8f09f302618446a526b\"},\"breadcrumb\":{\"@id\":\"https:\/\/www.diario21.tv\/noticias\/escandalo-en-valencia-cofradia-excluye-otra-vez-a-mujeres-en-semana-santa\/#breadcrumb\"},\"inLanguage\":\"es-AR\",\"potentialAction\":[{\"@type\":\"ReadAction\",\"target\":[\"https:\/\/www.diario21.tv\/noticias\/escandalo-en-valencia-cofradia-excluye-otra-vez-a-mujeres-en-semana-santa\/\"]}]},{\"@type\":\"ImageObject\",\"inLanguage\":\"es-AR\",\"@id\":\"https:\/\/www.diario21.tv\/noticias\/escandalo-en-valencia-cofradia-excluye-otra-vez-a-mujeres-en-semana-santa\/#primaryimage\",\"url\":\"https:\/\/www.diario21.tv\/noticias\/wp-content\/uploads\/2026\/03\/\u00a1Escandalo-en-Valencia-Cofradia-excluye-otra-vez-a-mujeres-en.jpg\",\"contentUrl\":\"https:\/\/www.diario21.tv\/noticias\/wp-content\/uploads\/2026\/03\/\u00a1Escandalo-en-Valencia-Cofradia-excluye-otra-vez-a-mujeres-en.jpg\",\"width\":1200,\"height\":840,\"caption\":\"Una cofrad\u00eda de Valencia cierra de nuevo la puerta a la participaci\u00f3n de mujeres en la Semana Santa\"},{\"@type\":\"BreadcrumbList\",\"@id\":\"https:\/\/www.diario21.tv\/noticias\/escandalo-en-valencia-cofradia-excluye-otra-vez-a-mujeres-en-semana-santa\/#breadcrumb\",\"itemListElement\":[{\"@type\":\"ListItem\",\"position\":1,\"name\":\"Accueil\",\"item\":\"https:\/\/www.diario21.tv\/noticias\/\"},{\"@type\":\"ListItem\",\"position\":2,\"name\":\"\u00a1Esc\u00e1ndalo en Valencia! Cofrad\u00eda excluye otra vez a mujeres en Semana Santa\"}]},{\"@type\":\"WebSite\",\"@id\":\"https:\/\/www.diario21.tv\/noticias\/#website\",\"url\":\"https:\/\/www.diario21.tv\/noticias\/\",\"name\":\"Diario 21\",\"description\":\"\",\"potentialAction\":[{\"@type\":\"SearchAction\",\"target\":{\"@type\":\"EntryPoint\",\"urlTemplate\":\"https:\/\/www.diario21.tv\/noticias\/?s={search_term_string}\"},\"query-input\":{\"@type\":\"PropertyValueSpecification\",\"valueRequired\":true,\"valueName\":\"search_term_string\"}}],\"inLanguage\":\"es-AR\"},{\"@type\":\"Person\",\"@id\":\"https:\/\/www.diario21.tv\/noticias\/#\/schema\/person\/dfb778f73814d8f09f302618446a526b\",\"name\":\"Juan P\u00e9rez\",\"image\":{\"@type\":\"ImageObject\",\"inLanguage\":\"es-AR\",\"@id\":\"https:\/\/www.diario21.tv\/noticias\/#\/schema\/person\/image\/\",\"url\":\"https:\/\/secure.gravatar.com\/avatar\/c478a405bd10621167f4c3167cc770f5?s=96&d=mm&r=g\",\"contentUrl\":\"https:\/\/secure.gravatar.com\/avatar\/c478a405bd10621167f4c3167cc770f5?s=96&d=mm&r=g\",\"caption\":\"Juan P\u00e9rez\"},\"description\":\"Juan P\u00e9rez es el redactor en jefe de Diario 21. Con m\u00e1s de 10 a\u00f1os de experiencia en el periodismo, se especializa en pol\u00edtica nacional y an\u00e1lisis socioecon\u00f3mico. Su enfoque cr\u00edtico y riguroso aporta una perspectiva \u00fanica a cada art\u00edculo.\",\"sameAs\":[\"https:\/\/www.diario21.tv\/noticias\/\"],\"url\":\"https:\/\/www.diario21.tv\/noticias\/author\/juan-perez\/\"}]}<\/script>\n<!-- \/ Yoast SEO plugin. -->","yoast_head_json":{"title":"\u00a1Esc\u00e1ndalo en Valencia! Cofrad\u00eda excluye otra vez a mujeres en Semana Santa - Diario 21","robots":{"index":"index","follow":"follow","max-snippet":"max-snippet:-1","max-image-preview":"max-image-preview:large","max-video-preview":"max-video-preview:-1"},"canonical":"https:\/\/www.diario21.tv\/noticias\/escandalo-en-valencia-cofradia-excluye-otra-vez-a-mujeres-en-semana-santa\/","og_locale":"es_ES","og_type":"article","og_title":"\u00a1Esc\u00e1ndalo en Valencia! Cofrad\u00eda excluye otra vez a mujeres en Semana Santa - Diario 21","og_description":"Una Hermandad Valenciana Rechaza Otra Vez la Inclusi\u00f3n Femenina en las Celebraciones de Semana Santa Un reciente acontecimiento en Valencia ha vuelto a encender el debate ... Seguir leyendo &rarr;","og_url":"https:\/\/www.diario21.tv\/noticias\/escandalo-en-valencia-cofradia-excluye-otra-vez-a-mujeres-en-semana-santa\/","og_site_name":"Diario 21","article_published_time":"2026-03-27T02:46:14+00:00","article_modified_time":"2026-03-27T02:46:15+00:00","og_image":[{"width":1200,"height":840,"url":"https:\/\/www.diario21.tv\/noticias\/wp-content\/uploads\/2026\/03\/\u00a1Escandalo-en-Valencia-Cofradia-excluye-otra-vez-a-mujeres-en.jpg","type":"image\/jpeg"}],"author":"Juan P\u00e9rez","twitter_card":"summary_large_image","twitter_misc":{"Escrito por":"Juan P\u00e9rez","Tiempo de lectura":"3 minutos"},"schema":{"@context":"https:\/\/schema.org","@graph":[{"@type":"WebPage","@id":"https:\/\/www.diario21.tv\/noticias\/escandalo-en-valencia-cofradia-excluye-otra-vez-a-mujeres-en-semana-santa\/","url":"https:\/\/www.diario21.tv\/noticias\/escandalo-en-valencia-cofradia-excluye-otra-vez-a-mujeres-en-semana-santa\/","name":"\u00a1Esc\u00e1ndalo en Valencia! Cofrad\u00eda excluye otra vez a mujeres en Semana Santa - Diario 21","isPartOf":{"@id":"https:\/\/www.diario21.tv\/noticias\/#website"},"primaryImageOfPage":{"@id":"https:\/\/www.diario21.tv\/noticias\/escandalo-en-valencia-cofradia-excluye-otra-vez-a-mujeres-en-semana-santa\/#primaryimage"},"image":{"@id":"https:\/\/www.diario21.tv\/noticias\/escandalo-en-valencia-cofradia-excluye-otra-vez-a-mujeres-en-semana-santa\/#primaryimage"},"thumbnailUrl":"https:\/\/www.diario21.tv\/noticias\/wp-content\/uploads\/2026\/03\/\u00a1Escandalo-en-Valencia-Cofradia-excluye-otra-vez-a-mujeres-en.jpg","datePublished":"2026-03-27T02:46:14+00:00","dateModified":"2026-03-27T02:46:15+00:00","author":{"@id":"https:\/\/www.diario21.tv\/noticias\/#\/schema\/person\/dfb778f73814d8f09f302618446a526b"},"breadcrumb":{"@id":"https:\/\/www.diario21.tv\/noticias\/escandalo-en-valencia-cofradia-excluye-otra-vez-a-mujeres-en-semana-santa\/#breadcrumb"},"inLanguage":"es-AR","potentialAction":[{"@type":"ReadAction","target":["https:\/\/www.diario21.tv\/noticias\/escandalo-en-valencia-cofradia-excluye-otra-vez-a-mujeres-en-semana-santa\/"]}]},{"@type":"ImageObject","inLanguage":"es-AR","@id":"https:\/\/www.diario21.tv\/noticias\/escandalo-en-valencia-cofradia-excluye-otra-vez-a-mujeres-en-semana-santa\/#primaryimage","url":"https:\/\/www.diario21.tv\/noticias\/wp-content\/uploads\/2026\/03\/\u00a1Escandalo-en-Valencia-Cofradia-excluye-otra-vez-a-mujeres-en.jpg","contentUrl":"https:\/\/www.diario21.tv\/noticias\/wp-content\/uploads\/2026\/03\/\u00a1Escandalo-en-Valencia-Cofradia-excluye-otra-vez-a-mujeres-en.jpg","width":1200,"height":840,"caption":"Una cofrad\u00eda de Valencia cierra de nuevo la puerta a la participaci\u00f3n de mujeres en la Semana Santa"},{"@type":"BreadcrumbList","@id":"https:\/\/www.diario21.tv\/noticias\/escandalo-en-valencia-cofradia-excluye-otra-vez-a-mujeres-en-semana-santa\/#breadcrumb","itemListElement":[{"@type":"ListItem","position":1,"name":"Accueil","item":"https:\/\/www.diario21.tv\/noticias\/"},{"@type":"ListItem","position":2,"name":"\u00a1Esc\u00e1ndalo en Valencia! Cofrad\u00eda excluye otra vez a mujeres en Semana Santa"}]},{"@type":"WebSite","@id":"https:\/\/www.diario21.tv\/noticias\/#website","url":"https:\/\/www.diario21.tv\/noticias\/","name":"Diario 21","description":"","potentialAction":[{"@type":"SearchAction","target":{"@type":"EntryPoint","urlTemplate":"https:\/\/www.diario21.tv\/noticias\/?s={search_term_string}"},"query-input":{"@type":"PropertyValueSpecification","valueRequired":true,"valueName":"search_term_string"}}],"inLanguage":"es-AR"},{"@type":"Person","@id":"https:\/\/www.diario21.tv\/noticias\/#\/schema\/person\/dfb778f73814d8f09f302618446a526b","name":"Juan P\u00e9rez","image":{"@type":"ImageObject","inLanguage":"es-AR","@id":"https:\/\/www.diario21.tv\/noticias\/#\/schema\/person\/image\/","url":"https:\/\/secure.gravatar.com\/avatar\/c478a405bd10621167f4c3167cc770f5?s=96&d=mm&r=g","contentUrl":"https:\/\/secure.gravatar.com\/avatar\/c478a405bd10621167f4c3167cc770f5?s=96&d=mm&r=g","caption":"Juan P\u00e9rez"},"description":"Juan P\u00e9rez es el redactor en jefe de Diario 21. Con m\u00e1s de 10 a\u00f1os de experiencia en el periodismo, se especializa en pol\u00edtica nacional y an\u00e1lisis socioecon\u00f3mico. Su enfoque cr\u00edtico y riguroso aporta una perspectiva \u00fanica a cada art\u00edculo.","sameAs":["https:\/\/www.diario21.tv\/noticias\/"],"url":"https:\/\/www.diario21.tv\/noticias\/author\/juan-perez\/"}]}},"_links":{"self":[{"href":"https:\/\/www.diario21.tv\/noticias\/wp-json\/wp\/v2\/posts\/6675"}],"collection":[{"href":"https:\/\/www.diario21.tv\/noticias\/wp-json\/wp\/v2\/posts"}],"about":[{"href":"https:\/\/www.diario21.tv\/noticias\/wp-json\/wp\/v2\/types\/post"}],"author":[{"embeddable":true,"href":"https:\/\/www.diario21.tv\/noticias\/wp-json\/wp\/v2\/users\/20"}],"replies":[{"embeddable":true,"href":"https:\/\/www.diario21.tv\/noticias\/wp-json\/wp\/v2\/comments?post=6675"}],"version-history":[{"count":1,"href":"https:\/\/www.diario21.tv\/noticias\/wp-json\/wp\/v2\/posts\/6675\/revisions"}],"predecessor-version":[{"id":6677,"href":"https:\/\/www.diario21.tv\/noticias\/wp-json\/wp\/v2\/posts\/6675\/revisions\/6677"}],"wp:featuredmedia":[{"embeddable":true,"href":"https:\/\/www.diario21.tv\/noticias\/wp-json\/wp\/v2\/media\/6676"}],"wp:attachment":[{"href":"https:\/\/www.diario21.tv\/noticias\/wp-json\/wp\/v2\/media?parent=6675"}],"wp:term":[{"taxonomy":"category","embeddable":true,"href":"https:\/\/www.diario21.tv\/noticias\/wp-json\/wp\/v2\/categories?post=6675"},{"taxonomy":"post_tag","embeddable":true,"href":"https:\/\/www.diario21.tv\/noticias\/wp-json\/wp\/v2\/tags?post=6675"}],"curies":[{"name":"wp","href":"https:\/\/api.w.org\/{rel}","templated":true}]}}