{"id":6672,"date":"2026-03-26T20:44:24","date_gmt":"2026-03-26T20:44:24","guid":{"rendered":"https:\/\/www.diario21.tv\/noticias\/alerta-previsible-geografos-testifican-sobre-los-sucesos-del-29-o-ante-la-jueza\/"},"modified":"2026-03-26T20:44:26","modified_gmt":"2026-03-26T20:44:26","slug":"alerta-previsible-geografos-testifican-sobre-los-sucesos-del-29-o-ante-la-jueza","status":"publish","type":"post","link":"https:\/\/www.diario21.tv\/noticias\/alerta-previsible-geografos-testifican-sobre-los-sucesos-del-29-o-ante-la-jueza\/","title":{"rendered":"\u00a1Alerta previsible! Ge\u00f3grafos testifican sobre los sucesos del 29-O ante la jueza"},"content":{"rendered":"<h2>Testimonio de Expertos Geogr\u00e1ficos en el Caso de la Dana del 29 de Octubre<\/h2>\n<p>En una reciente sesi\u00f3n en el tribunal, dos ge\u00f3grafos expertos presentaron su testimonio ante la magistrada encargada del caso de la Dana (depresi\u00f3n aislada en niveles altos) que tuvo lugar el 29 de octubre. Ambos profesionales coincidieron en su evaluaci\u00f3n del evento, se\u00f1alando que los efectos y la intensidad de la tormenta eran anticipables bas\u00e1ndose en los datos y an\u00e1lisis meteorol\u00f3gicos disponibles antes de que sucediera.<\/p>\n<h3>Declaraciones Detalladas sobre la Previsibilidad del Evento<\/h3>\n<p>Los especialistas, quienes han dedicado a\u00f1os al estudio de fen\u00f3menos meteorol\u00f3gicos extremos, explicaron detalladamente c\u00f3mo las condiciones atmosf\u00e9ricas que se estaban desarrollando d\u00edas antes del 29 de octubre ya indicaban una alta probabilidad de una Dana severa. Seg\u00fan los ge\u00f3grafos, las se\u00f1ales de alerta inclu\u00edan una combinaci\u00f3n de temperaturas inusualmente altas para la \u00e9poca del a\u00f1o y una acumulaci\u00f3n significativa de humedad en la atm\u00f3sfera.<\/p>\n<p>Adem\u00e1s, los expertos argumentaron que los modelos meteorol\u00f3gicos y las herramientas de predicci\u00f3n del clima ya hab\u00edan sugerido la posibilidad de un evento de gran magnitud. Este tipo de informaci\u00f3n, afirmaron, deber\u00eda haber sido suficiente para activar los protocolos de emergencia y preparaci\u00f3n m\u00e1s efectivos, con el fin de mitigar los da\u00f1os y proteger a las comunidades en riesgo.<\/p>\n<h3>Implicaciones de las Declaraciones para el Caso<\/h3>\n<p>El testimonio de los ge\u00f3grafos podr\u00eda jugar un papel crucial en la determinaci\u00f3n de las responsabilidades legales y administrativas en el manejo de la Dana del 29-O. La jueza, al evaluar estos argumentos, tendr\u00e1 que considerar si las medidas tomadas por las autoridades fueron adecuadas en relaci\u00f3n con la informaci\u00f3n que estaba disponible en ese momento.<\/p>\n<p>La defensa de las autoridades podr\u00eda centrarse en desafiar la precisi\u00f3n de las predicciones meteorol\u00f3gicas o en demostrar que se siguieron los procedimientos est\u00e1ndar para casos de emergencia clim\u00e1tica. Sin embargo, la afirmaci\u00f3n de que el desastre era previsible refuerza la posici\u00f3n de aquellos que sostienen que se podr\u00edan haber tomado acciones m\u00e1s decisivas para prevenir o al menos disminuir los efectos de la tormenta.<\/p>\n<h3>Conclusi\u00f3n<\/h3>\n<p>Las pr\u00f3ximas sesiones del juicio seguir\u00e1n desentra\u00f1ando los detalles t\u00e9cnicos y administrativos de c\u00f3mo se manej\u00f3 la situaci\u00f3n antes, durante y despu\u00e9s de la Dana del 29 de octubre. La comunidad afectada y las partes involucradas esperan con ansias las decisiones que se tomar\u00e1n, ya que estas no solo afectar\u00e1n el resultado del caso actual, sino que tambi\u00e9n podr\u00edan influir en c\u00f3mo se preparan y responden a futuros fen\u00f3menos meteorol\u00f3gicos extremos.<\/p>\n\n\n<div class=\"kk-star-ratings kksr-auto kksr-align-left kksr-valign-bottom\"\n    data-payload='{&quot;align&quot;:&quot;left&quot;,&quot;id&quot;:&quot;6672&quot;,&quot;slug&quot;:&quot;default&quot;,&quot;valign&quot;:&quot;bottom&quot;,&quot;ignore&quot;:&quot;&quot;,&quot;reference&quot;:&quot;auto&quot;,&quot;class&quot;:&quot;&quot;,&quot;count&quot;:&quot;0&quot;,&quot;legendonly&quot;:&quot;&quot;,&quot;readonly&quot;:&quot;&quot;,&quot;score&quot;:&quot;0&quot;,&quot;starsonly&quot;:&quot;&quot;,&quot;best&quot;:&quot;5&quot;,&quot;gap&quot;:&quot;5&quot;,&quot;greet&quot;:&quot;Valora este post&quot;,&quot;legend&quot;:&quot;0\\\/5 - (0 votes)&quot;,&quot;size&quot;:&quot;22&quot;,&quot;title&quot;:&quot;\u00a1Alerta previsible! Ge\u00f3grafos testifican sobre los sucesos del 29-O ante la jueza&quot;,&quot;width&quot;:&quot;0&quot;,&quot;_legend&quot;:&quot;{score}\\\/{best} - ({count} {votes})&quot;,&quot;font_factor&quot;:&quot;1.25&quot;}'>\n            \n<div class=\"kksr-stars\">\n    \n<div class=\"kksr-stars-inactive\">\n            <div class=\"kksr-star\" data-star=\"1\" style=\"padding-right: 5px\">\n            \n\n<div class=\"kksr-icon\" style=\"width: 22px; height: 22px;\"><\/div>\n        <\/div>\n            <div class=\"kksr-star\" data-star=\"2\" style=\"padding-right: 5px\">\n            \n\n<div class=\"kksr-icon\" style=\"width: 22px; height: 22px;\"><\/div>\n        <\/div>\n            <div class=\"kksr-star\" data-star=\"3\" style=\"padding-right: 5px\">\n            \n\n<div class=\"kksr-icon\" style=\"width: 22px; height: 22px;\"><\/div>\n        <\/div>\n            <div class=\"kksr-star\" data-star=\"4\" style=\"padding-right: 5px\">\n            \n\n<div class=\"kksr-icon\" style=\"width: 22px; height: 22px;\"><\/div>\n        <\/div>\n            <div class=\"kksr-star\" data-star=\"5\" style=\"padding-right: 5px\">\n            \n\n<div class=\"kksr-icon\" style=\"width: 22px; height: 22px;\"><\/div>\n        <\/div>\n    <\/div>\n    \n<div class=\"kksr-stars-active\" style=\"width: 0px;\">\n            <div class=\"kksr-star\" style=\"padding-right: 5px\">\n            \n\n<div class=\"kksr-icon\" style=\"width: 22px; height: 22px;\"><\/div>\n        <\/div>\n            <div class=\"kksr-star\" style=\"padding-right: 5px\">\n            \n\n<div class=\"kksr-icon\" style=\"width: 22px; height: 22px;\"><\/div>\n        <\/div>\n            <div class=\"kksr-star\" style=\"padding-right: 5px\">\n            \n\n<div class=\"kksr-icon\" style=\"width: 22px; height: 22px;\"><\/div>\n        <\/div>\n            <div class=\"kksr-star\" style=\"padding-right: 5px\">\n            \n\n<div class=\"kksr-icon\" style=\"width: 22px; height: 22px;\"><\/div>\n        <\/div>\n            <div class=\"kksr-star\" style=\"padding-right: 5px\">\n            \n\n<div class=\"kksr-icon\" style=\"width: 22px; height: 22px;\"><\/div>\n        <\/div>\n    <\/div>\n<\/div>\n                \n\n<div class=\"kksr-legend\" style=\"font-size: 17.6px;\">\n            <span class=\"kksr-muted\">Valora este post<\/span>\n    <\/div>\n    <\/div>\n","protected":false},"excerpt":{"rendered":"<p>Testimonio de Expertos Geogr\u00e1ficos en el Caso de la Dana del 29 de Octubre En una reciente sesi\u00f3n en el tribunal, dos ge\u00f3grafos expertos presentaron su &#8230; <a title=\"\u00a1Alerta previsible! Ge\u00f3grafos testifican sobre los sucesos del 29-O ante la jueza\" class=\"read-more\" href=\"https:\/\/www.diario21.tv\/noticias\/alerta-previsible-geografos-testifican-sobre-los-sucesos-del-29-o-ante-la-jueza\/\" aria-label=\"Leer m\u00e1s sobre \u00a1Alerta previsible! Ge\u00f3grafos testifican sobre los sucesos del 29-O ante la jueza\">Seguir leyendo &rarr;<\/a><\/p>\n","protected":false},"author":20,"featured_media":6673,"comment_status":"open","ping_status":"open","sticky":false,"template":"","format":"standard","meta":{"footnotes":""},"categories":[13],"tags":[],"class_list":["post-6672","post","type-post","status-publish","format-standard","has-post-thumbnail","hentry","category-portada"],"yoast_head":"<!-- This site is optimized with the Yoast SEO plugin v25.6 - https:\/\/yoast.com\/wordpress\/plugins\/seo\/ -->\n<title>\u00a1Alerta previsible! Ge\u00f3grafos testifican sobre los sucesos del 29-O ante la jueza - Diario 21<\/title>\n<meta name=\"robots\" content=\"index, follow, max-snippet:-1, max-image-preview:large, max-video-preview:-1\" \/>\n<link rel=\"canonical\" href=\"https:\/\/www.diario21.tv\/noticias\/alerta-previsible-geografos-testifican-sobre-los-sucesos-del-29-o-ante-la-jueza\/\" \/>\n<meta property=\"og:locale\" content=\"es_ES\" \/>\n<meta property=\"og:type\" content=\"article\" \/>\n<meta property=\"og:title\" content=\"\u00a1Alerta previsible! Ge\u00f3grafos testifican sobre los sucesos del 29-O ante la jueza - Diario 21\" \/>\n<meta property=\"og:description\" content=\"Testimonio de Expertos Geogr\u00e1ficos en el Caso de la Dana del 29 de Octubre En una reciente sesi\u00f3n en el tribunal, dos ge\u00f3grafos expertos presentaron su ... Seguir leyendo &rarr;\" \/>\n<meta property=\"og:url\" content=\"https:\/\/www.diario21.tv\/noticias\/alerta-previsible-geografos-testifican-sobre-los-sucesos-del-29-o-ante-la-jueza\/\" \/>\n<meta property=\"og:site_name\" content=\"Diario 21\" \/>\n<meta property=\"article:published_time\" content=\"2026-03-26T20:44:24+00:00\" \/>\n<meta property=\"article:modified_time\" content=\"2026-03-26T20:44:26+00:00\" \/>\n<meta property=\"og:image\" content=\"https:\/\/www.diario21.tv\/noticias\/wp-content\/uploads\/2026\/03\/\u00a1Alerta-previsible-Geografos-testifican-sobre-los-sucesos-del-29-O-ante.jpg\" \/>\n\t<meta property=\"og:image:width\" content=\"1200\" \/>\n\t<meta property=\"og:image:height\" content=\"840\" \/>\n\t<meta property=\"og:image:type\" content=\"image\/jpeg\" \/>\n<meta name=\"author\" content=\"Juan P\u00e9rez\" \/>\n<meta name=\"twitter:card\" content=\"summary_large_image\" \/>\n<meta name=\"twitter:label1\" content=\"Escrito por\" \/>\n\t<meta name=\"twitter:data1\" content=\"Juan P\u00e9rez\" \/>\n\t<meta name=\"twitter:label2\" content=\"Tiempo de lectura\" \/>\n\t<meta name=\"twitter:data2\" content=\"2 minutos\" \/>\n<script type=\"application\/ld+json\" class=\"yoast-schema-graph\">{\"@context\":\"https:\/\/schema.org\",\"@graph\":[{\"@type\":\"WebPage\",\"@id\":\"https:\/\/www.diario21.tv\/noticias\/alerta-previsible-geografos-testifican-sobre-los-sucesos-del-29-o-ante-la-jueza\/\",\"url\":\"https:\/\/www.diario21.tv\/noticias\/alerta-previsible-geografos-testifican-sobre-los-sucesos-del-29-o-ante-la-jueza\/\",\"name\":\"\u00a1Alerta previsible! Ge\u00f3grafos testifican sobre los sucesos del 29-O ante la jueza - Diario 21\",\"isPartOf\":{\"@id\":\"https:\/\/www.diario21.tv\/noticias\/#website\"},\"primaryImageOfPage\":{\"@id\":\"https:\/\/www.diario21.tv\/noticias\/alerta-previsible-geografos-testifican-sobre-los-sucesos-del-29-o-ante-la-jueza\/#primaryimage\"},\"image\":{\"@id\":\"https:\/\/www.diario21.tv\/noticias\/alerta-previsible-geografos-testifican-sobre-los-sucesos-del-29-o-ante-la-jueza\/#primaryimage\"},\"thumbnailUrl\":\"https:\/\/www.diario21.tv\/noticias\/wp-content\/uploads\/2026\/03\/\u00a1Alerta-previsible-Geografos-testifican-sobre-los-sucesos-del-29-O-ante.jpg\",\"datePublished\":\"2026-03-26T20:44:24+00:00\",\"dateModified\":\"2026-03-26T20:44:26+00:00\",\"author\":{\"@id\":\"https:\/\/www.diario21.tv\/noticias\/#\/schema\/person\/dfb778f73814d8f09f302618446a526b\"},\"breadcrumb\":{\"@id\":\"https:\/\/www.diario21.tv\/noticias\/alerta-previsible-geografos-testifican-sobre-los-sucesos-del-29-o-ante-la-jueza\/#breadcrumb\"},\"inLanguage\":\"es-AR\",\"potentialAction\":[{\"@type\":\"ReadAction\",\"target\":[\"https:\/\/www.diario21.tv\/noticias\/alerta-previsible-geografos-testifican-sobre-los-sucesos-del-29-o-ante-la-jueza\/\"]}]},{\"@type\":\"ImageObject\",\"inLanguage\":\"es-AR\",\"@id\":\"https:\/\/www.diario21.tv\/noticias\/alerta-previsible-geografos-testifican-sobre-los-sucesos-del-29-o-ante-la-jueza\/#primaryimage\",\"url\":\"https:\/\/www.diario21.tv\/noticias\/wp-content\/uploads\/2026\/03\/\u00a1Alerta-previsible-Geografos-testifican-sobre-los-sucesos-del-29-O-ante.jpg\",\"contentUrl\":\"https:\/\/www.diario21.tv\/noticias\/wp-content\/uploads\/2026\/03\/\u00a1Alerta-previsible-Geografos-testifican-sobre-los-sucesos-del-29-O-ante.jpg\",\"width\":1200,\"height\":840,\"caption\":\"Dos ge\u00f3grafos declaran ante la jueza de la dana que lo ocurrido el 29-O \u00abera previsible\u00bb\"},{\"@type\":\"BreadcrumbList\",\"@id\":\"https:\/\/www.diario21.tv\/noticias\/alerta-previsible-geografos-testifican-sobre-los-sucesos-del-29-o-ante-la-jueza\/#breadcrumb\",\"itemListElement\":[{\"@type\":\"ListItem\",\"position\":1,\"name\":\"Accueil\",\"item\":\"https:\/\/www.diario21.tv\/noticias\/\"},{\"@type\":\"ListItem\",\"position\":2,\"name\":\"\u00a1Alerta previsible! Ge\u00f3grafos testifican sobre los sucesos del 29-O ante la jueza\"}]},{\"@type\":\"WebSite\",\"@id\":\"https:\/\/www.diario21.tv\/noticias\/#website\",\"url\":\"https:\/\/www.diario21.tv\/noticias\/\",\"name\":\"Diario 21\",\"description\":\"\",\"potentialAction\":[{\"@type\":\"SearchAction\",\"target\":{\"@type\":\"EntryPoint\",\"urlTemplate\":\"https:\/\/www.diario21.tv\/noticias\/?s={search_term_string}\"},\"query-input\":{\"@type\":\"PropertyValueSpecification\",\"valueRequired\":true,\"valueName\":\"search_term_string\"}}],\"inLanguage\":\"es-AR\"},{\"@type\":\"Person\",\"@id\":\"https:\/\/www.diario21.tv\/noticias\/#\/schema\/person\/dfb778f73814d8f09f302618446a526b\",\"name\":\"Juan P\u00e9rez\",\"image\":{\"@type\":\"ImageObject\",\"inLanguage\":\"es-AR\",\"@id\":\"https:\/\/www.diario21.tv\/noticias\/#\/schema\/person\/image\/\",\"url\":\"https:\/\/secure.gravatar.com\/avatar\/c478a405bd10621167f4c3167cc770f5?s=96&d=mm&r=g\",\"contentUrl\":\"https:\/\/secure.gravatar.com\/avatar\/c478a405bd10621167f4c3167cc770f5?s=96&d=mm&r=g\",\"caption\":\"Juan P\u00e9rez\"},\"description\":\"Juan P\u00e9rez es el redactor en jefe de Diario 21. Con m\u00e1s de 10 a\u00f1os de experiencia en el periodismo, se especializa en pol\u00edtica nacional y an\u00e1lisis socioecon\u00f3mico. Su enfoque cr\u00edtico y riguroso aporta una perspectiva \u00fanica a cada art\u00edculo.\",\"sameAs\":[\"https:\/\/www.diario21.tv\/noticias\/\"],\"url\":\"https:\/\/www.diario21.tv\/noticias\/author\/juan-perez\/\"}]}<\/script>\n<!-- \/ Yoast SEO plugin. -->","yoast_head_json":{"title":"\u00a1Alerta previsible! Ge\u00f3grafos testifican sobre los sucesos del 29-O ante la jueza - Diario 21","robots":{"index":"index","follow":"follow","max-snippet":"max-snippet:-1","max-image-preview":"max-image-preview:large","max-video-preview":"max-video-preview:-1"},"canonical":"https:\/\/www.diario21.tv\/noticias\/alerta-previsible-geografos-testifican-sobre-los-sucesos-del-29-o-ante-la-jueza\/","og_locale":"es_ES","og_type":"article","og_title":"\u00a1Alerta previsible! Ge\u00f3grafos testifican sobre los sucesos del 29-O ante la jueza - Diario 21","og_description":"Testimonio de Expertos Geogr\u00e1ficos en el Caso de la Dana del 29 de Octubre En una reciente sesi\u00f3n en el tribunal, dos ge\u00f3grafos expertos presentaron su ... Seguir leyendo &rarr;","og_url":"https:\/\/www.diario21.tv\/noticias\/alerta-previsible-geografos-testifican-sobre-los-sucesos-del-29-o-ante-la-jueza\/","og_site_name":"Diario 21","article_published_time":"2026-03-26T20:44:24+00:00","article_modified_time":"2026-03-26T20:44:26+00:00","og_image":[{"width":1200,"height":840,"url":"https:\/\/www.diario21.tv\/noticias\/wp-content\/uploads\/2026\/03\/\u00a1Alerta-previsible-Geografos-testifican-sobre-los-sucesos-del-29-O-ante.jpg","type":"image\/jpeg"}],"author":"Juan P\u00e9rez","twitter_card":"summary_large_image","twitter_misc":{"Escrito por":"Juan P\u00e9rez","Tiempo de lectura":"2 minutos"},"schema":{"@context":"https:\/\/schema.org","@graph":[{"@type":"WebPage","@id":"https:\/\/www.diario21.tv\/noticias\/alerta-previsible-geografos-testifican-sobre-los-sucesos-del-29-o-ante-la-jueza\/","url":"https:\/\/www.diario21.tv\/noticias\/alerta-previsible-geografos-testifican-sobre-los-sucesos-del-29-o-ante-la-jueza\/","name":"\u00a1Alerta previsible! Ge\u00f3grafos testifican sobre los sucesos del 29-O ante la jueza - Diario 21","isPartOf":{"@id":"https:\/\/www.diario21.tv\/noticias\/#website"},"primaryImageOfPage":{"@id":"https:\/\/www.diario21.tv\/noticias\/alerta-previsible-geografos-testifican-sobre-los-sucesos-del-29-o-ante-la-jueza\/#primaryimage"},"image":{"@id":"https:\/\/www.diario21.tv\/noticias\/alerta-previsible-geografos-testifican-sobre-los-sucesos-del-29-o-ante-la-jueza\/#primaryimage"},"thumbnailUrl":"https:\/\/www.diario21.tv\/noticias\/wp-content\/uploads\/2026\/03\/\u00a1Alerta-previsible-Geografos-testifican-sobre-los-sucesos-del-29-O-ante.jpg","datePublished":"2026-03-26T20:44:24+00:00","dateModified":"2026-03-26T20:44:26+00:00","author":{"@id":"https:\/\/www.diario21.tv\/noticias\/#\/schema\/person\/dfb778f73814d8f09f302618446a526b"},"breadcrumb":{"@id":"https:\/\/www.diario21.tv\/noticias\/alerta-previsible-geografos-testifican-sobre-los-sucesos-del-29-o-ante-la-jueza\/#breadcrumb"},"inLanguage":"es-AR","potentialAction":[{"@type":"ReadAction","target":["https:\/\/www.diario21.tv\/noticias\/alerta-previsible-geografos-testifican-sobre-los-sucesos-del-29-o-ante-la-jueza\/"]}]},{"@type":"ImageObject","inLanguage":"es-AR","@id":"https:\/\/www.diario21.tv\/noticias\/alerta-previsible-geografos-testifican-sobre-los-sucesos-del-29-o-ante-la-jueza\/#primaryimage","url":"https:\/\/www.diario21.tv\/noticias\/wp-content\/uploads\/2026\/03\/\u00a1Alerta-previsible-Geografos-testifican-sobre-los-sucesos-del-29-O-ante.jpg","contentUrl":"https:\/\/www.diario21.tv\/noticias\/wp-content\/uploads\/2026\/03\/\u00a1Alerta-previsible-Geografos-testifican-sobre-los-sucesos-del-29-O-ante.jpg","width":1200,"height":840,"caption":"Dos ge\u00f3grafos declaran ante la jueza de la dana que lo ocurrido el 29-O \u00abera previsible\u00bb"},{"@type":"BreadcrumbList","@id":"https:\/\/www.diario21.tv\/noticias\/alerta-previsible-geografos-testifican-sobre-los-sucesos-del-29-o-ante-la-jueza\/#breadcrumb","itemListElement":[{"@type":"ListItem","position":1,"name":"Accueil","item":"https:\/\/www.diario21.tv\/noticias\/"},{"@type":"ListItem","position":2,"name":"\u00a1Alerta previsible! Ge\u00f3grafos testifican sobre los sucesos del 29-O ante la jueza"}]},{"@type":"WebSite","@id":"https:\/\/www.diario21.tv\/noticias\/#website","url":"https:\/\/www.diario21.tv\/noticias\/","name":"Diario 21","description":"","potentialAction":[{"@type":"SearchAction","target":{"@type":"EntryPoint","urlTemplate":"https:\/\/www.diario21.tv\/noticias\/?s={search_term_string}"},"query-input":{"@type":"PropertyValueSpecification","valueRequired":true,"valueName":"search_term_string"}}],"inLanguage":"es-AR"},{"@type":"Person","@id":"https:\/\/www.diario21.tv\/noticias\/#\/schema\/person\/dfb778f73814d8f09f302618446a526b","name":"Juan P\u00e9rez","image":{"@type":"ImageObject","inLanguage":"es-AR","@id":"https:\/\/www.diario21.tv\/noticias\/#\/schema\/person\/image\/","url":"https:\/\/secure.gravatar.com\/avatar\/c478a405bd10621167f4c3167cc770f5?s=96&d=mm&r=g","contentUrl":"https:\/\/secure.gravatar.com\/avatar\/c478a405bd10621167f4c3167cc770f5?s=96&d=mm&r=g","caption":"Juan P\u00e9rez"},"description":"Juan P\u00e9rez es el redactor en jefe de Diario 21. Con m\u00e1s de 10 a\u00f1os de experiencia en el periodismo, se especializa en pol\u00edtica nacional y an\u00e1lisis socioecon\u00f3mico. Su enfoque cr\u00edtico y riguroso aporta una perspectiva \u00fanica a cada art\u00edculo.","sameAs":["https:\/\/www.diario21.tv\/noticias\/"],"url":"https:\/\/www.diario21.tv\/noticias\/author\/juan-perez\/"}]}},"_links":{"self":[{"href":"https:\/\/www.diario21.tv\/noticias\/wp-json\/wp\/v2\/posts\/6672"}],"collection":[{"href":"https:\/\/www.diario21.tv\/noticias\/wp-json\/wp\/v2\/posts"}],"about":[{"href":"https:\/\/www.diario21.tv\/noticias\/wp-json\/wp\/v2\/types\/post"}],"author":[{"embeddable":true,"href":"https:\/\/www.diario21.tv\/noticias\/wp-json\/wp\/v2\/users\/20"}],"replies":[{"embeddable":true,"href":"https:\/\/www.diario21.tv\/noticias\/wp-json\/wp\/v2\/comments?post=6672"}],"version-history":[{"count":1,"href":"https:\/\/www.diario21.tv\/noticias\/wp-json\/wp\/v2\/posts\/6672\/revisions"}],"predecessor-version":[{"id":6674,"href":"https:\/\/www.diario21.tv\/noticias\/wp-json\/wp\/v2\/posts\/6672\/revisions\/6674"}],"wp:featuredmedia":[{"embeddable":true,"href":"https:\/\/www.diario21.tv\/noticias\/wp-json\/wp\/v2\/media\/6673"}],"wp:attachment":[{"href":"https:\/\/www.diario21.tv\/noticias\/wp-json\/wp\/v2\/media?parent=6672"}],"wp:term":[{"taxonomy":"category","embeddable":true,"href":"https:\/\/www.diario21.tv\/noticias\/wp-json\/wp\/v2\/categories?post=6672"},{"taxonomy":"post_tag","embeddable":true,"href":"https:\/\/www.diario21.tv\/noticias\/wp-json\/wp\/v2\/tags?post=6672"}],"curies":[{"name":"wp","href":"https:\/\/api.w.org\/{rel}","templated":true}]}}