{"id":6591,"date":"2026-03-19T07:54:55","date_gmt":"2026-03-19T07:54:55","guid":{"rendered":"https:\/\/www.diario21.tv\/noticias\/vocento-y-campeones-olimpicos-juntos-por-la-salud-mental-juvenil\/"},"modified":"2026-03-19T07:54:56","modified_gmt":"2026-03-19T07:54:56","slug":"vocento-y-campeones-olimpicos-juntos-por-la-salud-mental-juvenil","status":"publish","type":"post","link":"https:\/\/www.diario21.tv\/noticias\/vocento-y-campeones-olimpicos-juntos-por-la-salud-mental-juvenil\/","title":{"rendered":"Vocento y campeones ol\u00edmpicos juntos por la salud mental juvenil"},"content":{"rendered":"<h2>Vocento colabora con medallistas ol\u00edmpicos para apoyar la salud mental juvenil<\/h2>\n<p>En un esfuerzo por abordar y mejorar la salud mental de los adolescentes y j\u00f3venes, el grupo Vocento ha anunciado una iniciativa colaborativa con varios ganadores de medallas ol\u00edmpicas. Este proyecto tiene como objetivo utilizar la influencia y la experiencia de los atletas para promover un cambio positivo y conscientizaci\u00f3n sobre las cuestiones de salud mental entre los j\u00f3venes.<\/p>\n<h3>La importancia de la salud mental en la juventud<\/h3>\n<p>La salud mental de los j\u00f3venes se ha convertido en una preocupaci\u00f3n creciente, especialmente en el contexto de los desaf\u00edos modernos como el estr\u00e9s acad\u00e9mico, la presi\u00f3n social y el impacto de las redes sociales. Reconociendo la necesidad urgente de acci\u00f3n, Vocento ha decidido tomar medidas proactivas colaborando con figuras deportivas que han enfrentado y superado desaf\u00edos similares.<\/p>\n<h3>El papel de los campeones ol\u00edmpicos<\/h3>\n<p>Los atletas involucrados en este programa han sido escogidos no solo por sus logros deportivos, sino tambi\u00e9n por su compromiso con la promoci\u00f3n del bienestar mental. Estos campeones compartir\u00e1n sus experiencias personales, luchas y estrategias de superaci\u00f3n con los j\u00f3venes, proporcionando as\u00ed ejemplos reales y relatables que pueden inspirar y motivar.<\/p>\n<h3>Estrategias y actividades previstas<\/h3>\n<p>La colaboraci\u00f3n incluir\u00e1 una variedad de actividades, tales como talleres, conferencias y campa\u00f1as de sensibilizaci\u00f3n, todas dise\u00f1adas para educar a los j\u00f3venes sobre la importancia de la salud mental. Adem\u00e1s, se prev\u00e9 la creaci\u00f3n de recursos en l\u00ednea accesibles que puedan servir de apoyo a aquellos que no puedan participar en los eventos presenciales.<\/p>\n<h3>Esperanzas y expectativas para el futuro<\/h3>\n<p>Con este esfuerzo conjunto, Vocento espera no solo educar a la juventud sobre la salud mental sino tambi\u00e9n reducir el estigma asociado a ella. Al proporcionar acceso a la orientaci\u00f3n de figuras deportivas respetadas, el proyecto aspira a empoderar a los j\u00f3venes para que busquen ayuda cuando la necesiten y fomentar una comunidad m\u00e1s abierta y consciente sobre estos temas cruciales.<\/p>\n<p>En resumen, la asociaci\u00f3n entre Vocento y los campeones ol\u00edmpicos representa un paso significativo hacia la atenci\u00f3n y mejora de la salud mental juvenil. A trav\u00e9s de la influencia positiva y las experiencias compartidas de los atletas, se espera fomentar un ambiente en el que los j\u00f3venes se sientan seguros para discutir y manejar sus problemas de salud mental.<\/p>\n\n\n<div class=\"kk-star-ratings kksr-auto kksr-align-left kksr-valign-bottom\"\n    data-payload='{&quot;align&quot;:&quot;left&quot;,&quot;id&quot;:&quot;6591&quot;,&quot;slug&quot;:&quot;default&quot;,&quot;valign&quot;:&quot;bottom&quot;,&quot;ignore&quot;:&quot;&quot;,&quot;reference&quot;:&quot;auto&quot;,&quot;class&quot;:&quot;&quot;,&quot;count&quot;:&quot;0&quot;,&quot;legendonly&quot;:&quot;&quot;,&quot;readonly&quot;:&quot;&quot;,&quot;score&quot;:&quot;0&quot;,&quot;starsonly&quot;:&quot;&quot;,&quot;best&quot;:&quot;5&quot;,&quot;gap&quot;:&quot;5&quot;,&quot;greet&quot;:&quot;Valora este post&quot;,&quot;legend&quot;:&quot;0\\\/5 - (0 votes)&quot;,&quot;size&quot;:&quot;22&quot;,&quot;title&quot;:&quot;Vocento y campeones ol\u00edmpicos juntos por la salud mental juvenil&quot;,&quot;width&quot;:&quot;0&quot;,&quot;_legend&quot;:&quot;{score}\\\/{best} - ({count} {votes})&quot;,&quot;font_factor&quot;:&quot;1.25&quot;}'>\n            \n<div class=\"kksr-stars\">\n    \n<div class=\"kksr-stars-inactive\">\n            <div class=\"kksr-star\" data-star=\"1\" style=\"padding-right: 5px\">\n            \n\n<div class=\"kksr-icon\" style=\"width: 22px; height: 22px;\"><\/div>\n        <\/div>\n            <div class=\"kksr-star\" data-star=\"2\" style=\"padding-right: 5px\">\n            \n\n<div class=\"kksr-icon\" style=\"width: 22px; height: 22px;\"><\/div>\n        <\/div>\n            <div class=\"kksr-star\" data-star=\"3\" style=\"padding-right: 5px\">\n            \n\n<div class=\"kksr-icon\" style=\"width: 22px; height: 22px;\"><\/div>\n        <\/div>\n            <div class=\"kksr-star\" data-star=\"4\" style=\"padding-right: 5px\">\n            \n\n<div class=\"kksr-icon\" style=\"width: 22px; height: 22px;\"><\/div>\n        <\/div>\n            <div class=\"kksr-star\" data-star=\"5\" style=\"padding-right: 5px\">\n            \n\n<div class=\"kksr-icon\" style=\"width: 22px; height: 22px;\"><\/div>\n        <\/div>\n    <\/div>\n    \n<div class=\"kksr-stars-active\" style=\"width: 0px;\">\n            <div class=\"kksr-star\" style=\"padding-right: 5px\">\n            \n\n<div class=\"kksr-icon\" style=\"width: 22px; height: 22px;\"><\/div>\n        <\/div>\n            <div class=\"kksr-star\" style=\"padding-right: 5px\">\n            \n\n<div class=\"kksr-icon\" style=\"width: 22px; height: 22px;\"><\/div>\n        <\/div>\n            <div class=\"kksr-star\" style=\"padding-right: 5px\">\n            \n\n<div class=\"kksr-icon\" style=\"width: 22px; height: 22px;\"><\/div>\n        <\/div>\n            <div class=\"kksr-star\" style=\"padding-right: 5px\">\n            \n\n<div class=\"kksr-icon\" style=\"width: 22px; height: 22px;\"><\/div>\n        <\/div>\n            <div class=\"kksr-star\" style=\"padding-right: 5px\">\n            \n\n<div class=\"kksr-icon\" style=\"width: 22px; height: 22px;\"><\/div>\n        <\/div>\n    <\/div>\n<\/div>\n                \n\n<div class=\"kksr-legend\" style=\"font-size: 17.6px;\">\n            <span class=\"kksr-muted\">Valora este post<\/span>\n    <\/div>\n    <\/div>\n","protected":false},"excerpt":{"rendered":"<p>Vocento colabora con medallistas ol\u00edmpicos para apoyar la salud mental juvenil En un esfuerzo por abordar y mejorar la salud mental de los adolescentes y j\u00f3venes, &#8230; <a title=\"Vocento y campeones ol\u00edmpicos juntos por la salud mental juvenil\" class=\"read-more\" href=\"https:\/\/www.diario21.tv\/noticias\/vocento-y-campeones-olimpicos-juntos-por-la-salud-mental-juvenil\/\" aria-label=\"Leer m\u00e1s sobre Vocento y campeones ol\u00edmpicos juntos por la salud mental juvenil\">Seguir leyendo &rarr;<\/a><\/p>\n","protected":false},"author":20,"featured_media":6592,"comment_status":"open","ping_status":"open","sticky":false,"template":"","format":"standard","meta":{"footnotes":""},"categories":[13],"tags":[],"class_list":["post-6591","post","type-post","status-publish","format-standard","has-post-thumbnail","hentry","category-portada"],"yoast_head":"<!-- This site is optimized with the Yoast SEO plugin v25.6 - https:\/\/yoast.com\/wordpress\/plugins\/seo\/ -->\n<title>Vocento y campeones ol\u00edmpicos juntos por la salud mental juvenil - Diario 21<\/title>\n<meta name=\"robots\" content=\"index, follow, max-snippet:-1, max-image-preview:large, max-video-preview:-1\" \/>\n<link rel=\"canonical\" href=\"https:\/\/www.diario21.tv\/noticias\/vocento-y-campeones-olimpicos-juntos-por-la-salud-mental-juvenil\/\" \/>\n<meta property=\"og:locale\" content=\"es_ES\" \/>\n<meta property=\"og:type\" content=\"article\" \/>\n<meta property=\"og:title\" content=\"Vocento y campeones ol\u00edmpicos juntos por la salud mental juvenil - Diario 21\" \/>\n<meta property=\"og:description\" content=\"Vocento colabora con medallistas ol\u00edmpicos para apoyar la salud mental juvenil En un esfuerzo por abordar y mejorar la salud mental de los adolescentes y j\u00f3venes, ... Seguir leyendo &rarr;\" \/>\n<meta property=\"og:url\" content=\"https:\/\/www.diario21.tv\/noticias\/vocento-y-campeones-olimpicos-juntos-por-la-salud-mental-juvenil\/\" \/>\n<meta property=\"og:site_name\" content=\"Diario 21\" \/>\n<meta property=\"article:published_time\" content=\"2026-03-19T07:54:55+00:00\" \/>\n<meta property=\"article:modified_time\" content=\"2026-03-19T07:54:56+00:00\" \/>\n<meta property=\"og:image\" content=\"https:\/\/www.diario21.tv\/noticias\/wp-content\/uploads\/2026\/03\/Vocento-y-campeones-olimpicos-juntos-por-la-salud-mental-juvenil.jpg\" \/>\n\t<meta property=\"og:image:width\" content=\"1200\" \/>\n\t<meta property=\"og:image:height\" content=\"840\" \/>\n\t<meta property=\"og:image:type\" content=\"image\/jpeg\" \/>\n<meta name=\"author\" content=\"Juan P\u00e9rez\" \/>\n<meta name=\"twitter:card\" content=\"summary_large_image\" \/>\n<meta name=\"twitter:label1\" content=\"Escrito por\" \/>\n\t<meta name=\"twitter:data1\" content=\"Juan P\u00e9rez\" \/>\n\t<meta name=\"twitter:label2\" content=\"Tiempo de lectura\" \/>\n\t<meta name=\"twitter:data2\" content=\"2 minutos\" \/>\n<script type=\"application\/ld+json\" class=\"yoast-schema-graph\">{\"@context\":\"https:\/\/schema.org\",\"@graph\":[{\"@type\":\"WebPage\",\"@id\":\"https:\/\/www.diario21.tv\/noticias\/vocento-y-campeones-olimpicos-juntos-por-la-salud-mental-juvenil\/\",\"url\":\"https:\/\/www.diario21.tv\/noticias\/vocento-y-campeones-olimpicos-juntos-por-la-salud-mental-juvenil\/\",\"name\":\"Vocento y campeones ol\u00edmpicos juntos por la salud mental juvenil - Diario 21\",\"isPartOf\":{\"@id\":\"https:\/\/www.diario21.tv\/noticias\/#website\"},\"primaryImageOfPage\":{\"@id\":\"https:\/\/www.diario21.tv\/noticias\/vocento-y-campeones-olimpicos-juntos-por-la-salud-mental-juvenil\/#primaryimage\"},\"image\":{\"@id\":\"https:\/\/www.diario21.tv\/noticias\/vocento-y-campeones-olimpicos-juntos-por-la-salud-mental-juvenil\/#primaryimage\"},\"thumbnailUrl\":\"https:\/\/www.diario21.tv\/noticias\/wp-content\/uploads\/2026\/03\/Vocento-y-campeones-olimpicos-juntos-por-la-salud-mental-juvenil.jpg\",\"datePublished\":\"2026-03-19T07:54:55+00:00\",\"dateModified\":\"2026-03-19T07:54:56+00:00\",\"author\":{\"@id\":\"https:\/\/www.diario21.tv\/noticias\/#\/schema\/person\/dfb778f73814d8f09f302618446a526b\"},\"breadcrumb\":{\"@id\":\"https:\/\/www.diario21.tv\/noticias\/vocento-y-campeones-olimpicos-juntos-por-la-salud-mental-juvenil\/#breadcrumb\"},\"inLanguage\":\"es-AR\",\"potentialAction\":[{\"@type\":\"ReadAction\",\"target\":[\"https:\/\/www.diario21.tv\/noticias\/vocento-y-campeones-olimpicos-juntos-por-la-salud-mental-juvenil\/\"]}]},{\"@type\":\"ImageObject\",\"inLanguage\":\"es-AR\",\"@id\":\"https:\/\/www.diario21.tv\/noticias\/vocento-y-campeones-olimpicos-juntos-por-la-salud-mental-juvenil\/#primaryimage\",\"url\":\"https:\/\/www.diario21.tv\/noticias\/wp-content\/uploads\/2026\/03\/Vocento-y-campeones-olimpicos-juntos-por-la-salud-mental-juvenil.jpg\",\"contentUrl\":\"https:\/\/www.diario21.tv\/noticias\/wp-content\/uploads\/2026\/03\/Vocento-y-campeones-olimpicos-juntos-por-la-salud-mental-juvenil.jpg\",\"width\":1200,\"height\":840,\"caption\":\"Vocento une fuerzas con campeones ol\u00edmpicos para proteger la salud mental de los j\u00f3venes\"},{\"@type\":\"BreadcrumbList\",\"@id\":\"https:\/\/www.diario21.tv\/noticias\/vocento-y-campeones-olimpicos-juntos-por-la-salud-mental-juvenil\/#breadcrumb\",\"itemListElement\":[{\"@type\":\"ListItem\",\"position\":1,\"name\":\"Accueil\",\"item\":\"https:\/\/www.diario21.tv\/noticias\/\"},{\"@type\":\"ListItem\",\"position\":2,\"name\":\"Vocento y campeones ol\u00edmpicos juntos por la salud mental juvenil\"}]},{\"@type\":\"WebSite\",\"@id\":\"https:\/\/www.diario21.tv\/noticias\/#website\",\"url\":\"https:\/\/www.diario21.tv\/noticias\/\",\"name\":\"Diario 21\",\"description\":\"\",\"potentialAction\":[{\"@type\":\"SearchAction\",\"target\":{\"@type\":\"EntryPoint\",\"urlTemplate\":\"https:\/\/www.diario21.tv\/noticias\/?s={search_term_string}\"},\"query-input\":{\"@type\":\"PropertyValueSpecification\",\"valueRequired\":true,\"valueName\":\"search_term_string\"}}],\"inLanguage\":\"es-AR\"},{\"@type\":\"Person\",\"@id\":\"https:\/\/www.diario21.tv\/noticias\/#\/schema\/person\/dfb778f73814d8f09f302618446a526b\",\"name\":\"Juan P\u00e9rez\",\"image\":{\"@type\":\"ImageObject\",\"inLanguage\":\"es-AR\",\"@id\":\"https:\/\/www.diario21.tv\/noticias\/#\/schema\/person\/image\/\",\"url\":\"https:\/\/secure.gravatar.com\/avatar\/c478a405bd10621167f4c3167cc770f5?s=96&d=mm&r=g\",\"contentUrl\":\"https:\/\/secure.gravatar.com\/avatar\/c478a405bd10621167f4c3167cc770f5?s=96&d=mm&r=g\",\"caption\":\"Juan P\u00e9rez\"},\"description\":\"Juan P\u00e9rez es el redactor en jefe de Diario 21. Con m\u00e1s de 10 a\u00f1os de experiencia en el periodismo, se especializa en pol\u00edtica nacional y an\u00e1lisis socioecon\u00f3mico. Su enfoque cr\u00edtico y riguroso aporta una perspectiva \u00fanica a cada art\u00edculo.\",\"sameAs\":[\"https:\/\/www.diario21.tv\/noticias\/\"],\"url\":\"https:\/\/www.diario21.tv\/noticias\/author\/juan-perez\/\"}]}<\/script>\n<!-- \/ Yoast SEO plugin. -->","yoast_head_json":{"title":"Vocento y campeones ol\u00edmpicos juntos por la salud mental juvenil - Diario 21","robots":{"index":"index","follow":"follow","max-snippet":"max-snippet:-1","max-image-preview":"max-image-preview:large","max-video-preview":"max-video-preview:-1"},"canonical":"https:\/\/www.diario21.tv\/noticias\/vocento-y-campeones-olimpicos-juntos-por-la-salud-mental-juvenil\/","og_locale":"es_ES","og_type":"article","og_title":"Vocento y campeones ol\u00edmpicos juntos por la salud mental juvenil - Diario 21","og_description":"Vocento colabora con medallistas ol\u00edmpicos para apoyar la salud mental juvenil En un esfuerzo por abordar y mejorar la salud mental de los adolescentes y j\u00f3venes, ... Seguir leyendo &rarr;","og_url":"https:\/\/www.diario21.tv\/noticias\/vocento-y-campeones-olimpicos-juntos-por-la-salud-mental-juvenil\/","og_site_name":"Diario 21","article_published_time":"2026-03-19T07:54:55+00:00","article_modified_time":"2026-03-19T07:54:56+00:00","og_image":[{"width":1200,"height":840,"url":"https:\/\/www.diario21.tv\/noticias\/wp-content\/uploads\/2026\/03\/Vocento-y-campeones-olimpicos-juntos-por-la-salud-mental-juvenil.jpg","type":"image\/jpeg"}],"author":"Juan P\u00e9rez","twitter_card":"summary_large_image","twitter_misc":{"Escrito por":"Juan P\u00e9rez","Tiempo de lectura":"2 minutos"},"schema":{"@context":"https:\/\/schema.org","@graph":[{"@type":"WebPage","@id":"https:\/\/www.diario21.tv\/noticias\/vocento-y-campeones-olimpicos-juntos-por-la-salud-mental-juvenil\/","url":"https:\/\/www.diario21.tv\/noticias\/vocento-y-campeones-olimpicos-juntos-por-la-salud-mental-juvenil\/","name":"Vocento y campeones ol\u00edmpicos juntos por la salud mental juvenil - Diario 21","isPartOf":{"@id":"https:\/\/www.diario21.tv\/noticias\/#website"},"primaryImageOfPage":{"@id":"https:\/\/www.diario21.tv\/noticias\/vocento-y-campeones-olimpicos-juntos-por-la-salud-mental-juvenil\/#primaryimage"},"image":{"@id":"https:\/\/www.diario21.tv\/noticias\/vocento-y-campeones-olimpicos-juntos-por-la-salud-mental-juvenil\/#primaryimage"},"thumbnailUrl":"https:\/\/www.diario21.tv\/noticias\/wp-content\/uploads\/2026\/03\/Vocento-y-campeones-olimpicos-juntos-por-la-salud-mental-juvenil.jpg","datePublished":"2026-03-19T07:54:55+00:00","dateModified":"2026-03-19T07:54:56+00:00","author":{"@id":"https:\/\/www.diario21.tv\/noticias\/#\/schema\/person\/dfb778f73814d8f09f302618446a526b"},"breadcrumb":{"@id":"https:\/\/www.diario21.tv\/noticias\/vocento-y-campeones-olimpicos-juntos-por-la-salud-mental-juvenil\/#breadcrumb"},"inLanguage":"es-AR","potentialAction":[{"@type":"ReadAction","target":["https:\/\/www.diario21.tv\/noticias\/vocento-y-campeones-olimpicos-juntos-por-la-salud-mental-juvenil\/"]}]},{"@type":"ImageObject","inLanguage":"es-AR","@id":"https:\/\/www.diario21.tv\/noticias\/vocento-y-campeones-olimpicos-juntos-por-la-salud-mental-juvenil\/#primaryimage","url":"https:\/\/www.diario21.tv\/noticias\/wp-content\/uploads\/2026\/03\/Vocento-y-campeones-olimpicos-juntos-por-la-salud-mental-juvenil.jpg","contentUrl":"https:\/\/www.diario21.tv\/noticias\/wp-content\/uploads\/2026\/03\/Vocento-y-campeones-olimpicos-juntos-por-la-salud-mental-juvenil.jpg","width":1200,"height":840,"caption":"Vocento une fuerzas con campeones ol\u00edmpicos para proteger la salud mental de los j\u00f3venes"},{"@type":"BreadcrumbList","@id":"https:\/\/www.diario21.tv\/noticias\/vocento-y-campeones-olimpicos-juntos-por-la-salud-mental-juvenil\/#breadcrumb","itemListElement":[{"@type":"ListItem","position":1,"name":"Accueil","item":"https:\/\/www.diario21.tv\/noticias\/"},{"@type":"ListItem","position":2,"name":"Vocento y campeones ol\u00edmpicos juntos por la salud mental juvenil"}]},{"@type":"WebSite","@id":"https:\/\/www.diario21.tv\/noticias\/#website","url":"https:\/\/www.diario21.tv\/noticias\/","name":"Diario 21","description":"","potentialAction":[{"@type":"SearchAction","target":{"@type":"EntryPoint","urlTemplate":"https:\/\/www.diario21.tv\/noticias\/?s={search_term_string}"},"query-input":{"@type":"PropertyValueSpecification","valueRequired":true,"valueName":"search_term_string"}}],"inLanguage":"es-AR"},{"@type":"Person","@id":"https:\/\/www.diario21.tv\/noticias\/#\/schema\/person\/dfb778f73814d8f09f302618446a526b","name":"Juan P\u00e9rez","image":{"@type":"ImageObject","inLanguage":"es-AR","@id":"https:\/\/www.diario21.tv\/noticias\/#\/schema\/person\/image\/","url":"https:\/\/secure.gravatar.com\/avatar\/c478a405bd10621167f4c3167cc770f5?s=96&d=mm&r=g","contentUrl":"https:\/\/secure.gravatar.com\/avatar\/c478a405bd10621167f4c3167cc770f5?s=96&d=mm&r=g","caption":"Juan P\u00e9rez"},"description":"Juan P\u00e9rez es el redactor en jefe de Diario 21. Con m\u00e1s de 10 a\u00f1os de experiencia en el periodismo, se especializa en pol\u00edtica nacional y an\u00e1lisis socioecon\u00f3mico. Su enfoque cr\u00edtico y riguroso aporta una perspectiva \u00fanica a cada art\u00edculo.","sameAs":["https:\/\/www.diario21.tv\/noticias\/"],"url":"https:\/\/www.diario21.tv\/noticias\/author\/juan-perez\/"}]}},"_links":{"self":[{"href":"https:\/\/www.diario21.tv\/noticias\/wp-json\/wp\/v2\/posts\/6591"}],"collection":[{"href":"https:\/\/www.diario21.tv\/noticias\/wp-json\/wp\/v2\/posts"}],"about":[{"href":"https:\/\/www.diario21.tv\/noticias\/wp-json\/wp\/v2\/types\/post"}],"author":[{"embeddable":true,"href":"https:\/\/www.diario21.tv\/noticias\/wp-json\/wp\/v2\/users\/20"}],"replies":[{"embeddable":true,"href":"https:\/\/www.diario21.tv\/noticias\/wp-json\/wp\/v2\/comments?post=6591"}],"version-history":[{"count":1,"href":"https:\/\/www.diario21.tv\/noticias\/wp-json\/wp\/v2\/posts\/6591\/revisions"}],"predecessor-version":[{"id":6593,"href":"https:\/\/www.diario21.tv\/noticias\/wp-json\/wp\/v2\/posts\/6591\/revisions\/6593"}],"wp:featuredmedia":[{"embeddable":true,"href":"https:\/\/www.diario21.tv\/noticias\/wp-json\/wp\/v2\/media\/6592"}],"wp:attachment":[{"href":"https:\/\/www.diario21.tv\/noticias\/wp-json\/wp\/v2\/media?parent=6591"}],"wp:term":[{"taxonomy":"category","embeddable":true,"href":"https:\/\/www.diario21.tv\/noticias\/wp-json\/wp\/v2\/categories?post=6591"},{"taxonomy":"post_tag","embeddable":true,"href":"https:\/\/www.diario21.tv\/noticias\/wp-json\/wp\/v2\/tags?post=6591"}],"curies":[{"name":"wp","href":"https:\/\/api.w.org\/{rel}","templated":true}]}}