{"id":6567,"date":"2026-03-17T07:44:27","date_gmt":"2026-03-17T07:44:27","guid":{"rendered":"https:\/\/www.diario21.tv\/noticias\/detenido-sin-fianza-el-presunto-autor-de-un-crimen-machista-en-miranda-de-ebro\/"},"modified":"2026-03-17T07:44:29","modified_gmt":"2026-03-17T07:44:29","slug":"detenido-sin-fianza-el-presunto-autor-de-un-crimen-machista-en-miranda-de-ebro","status":"publish","type":"post","link":"https:\/\/www.diario21.tv\/noticias\/detenido-sin-fianza-el-presunto-autor-de-un-crimen-machista-en-miranda-de-ebro\/","title":{"rendered":"Detenido sin fianza el presunto autor de un crimen machista en Miranda de Ebro"},"content":{"rendered":"<h2>Dictan Prisi\u00f3n Provisional Comunicada Sin Fianza Para el Sospechoso del Asesinato Machista en Miranda de Ebro<\/h2>\n<p>En un reciente caso que ha conmocionado a la comunidad de Miranda de Ebro, el juez ha ordenado prisi\u00f3n provisional, comunicada y sin fianza para el hombre acusado de cometer un asesinato por razones de g\u00e9nero. Este grave incidente, que subraya la persistente problem\u00e1tica del machismo en la sociedad, ha llevado a las autoridades a tomar medidas severas contra el presunto culpable.<\/p>\n<h3>Detalles del Caso<\/h3>\n<p>El suceso ocurri\u00f3 recientemente en Miranda de Ebro, donde una mujer fue tr\u00e1gicamente asesinada, presuntamente por su pareja masculina. El caso ha sido tratado como un crimen machista debido a la naturaleza de la relaci\u00f3n entre el victimario y la v\u00edctima y las circunstancias que rodearon el lamentable evento.<\/p>\n<p>Tras ser detenido, el sospechoso fue presentado ante el juez, quien, despu\u00e9s de evaluar la evidencia preliminar presentada por la fiscal\u00eda, decidi\u00f3 imponer una medida de prisi\u00f3n provisional. Esta decisi\u00f3n significa que el acusado permanecer\u00e1 en detenci\u00f3n mientras contin\u00faa la investigaci\u00f3n y se prepara el juicio.<\/p>\n<h3>Implicaciones de la Decisi\u00f3n Judicial<\/h3>\n<p>La decisi\u00f3n de dictar prisi\u00f3n provisional comunicada y sin fianza se basa en varios factores clave. Primero, se considera que hay riesgos evidentes de que el acusado pueda intentar fugarse o repetir el comportamiento delictivo. Adem\u00e1s, esta medida busca proteger la integridad de las pruebas y garantizar que el acusado est\u00e9 disponible para las futuras etapas del proceso judicial.<\/p>\n<p>Esta resoluci\u00f3n judicial no solo refleja la gravedad del caso, sino que tambi\u00e9n env\u00eda un mensaje claro sobre la intolerancia de la sociedad hacia la violencia de g\u00e9nero. Es un paso hacia la afirmaci\u00f3n de que tales actos no tienen lugar en una comunidad que valora la seguridad y la justicia para todos sus miembros.<\/p>\n<h3>Reacciones y Consecuencias<\/h3>\n<p>La comunidad de Miranda de Ebro, as\u00ed como grupos activistas contra la violencia de g\u00e9nero, han reaccionado ante este suceso con profunda tristeza y firme condena. Este caso ha reavivado el debate sobre la necesidad de fortalecer las medidas de protecci\u00f3n para las v\u00edctimas de violencia machista y de asegurar que los perpetradores enfrenten consecuencias legales adecuadas.<\/p>\n<p>La prisi\u00f3n provisional para el presunto autor es vista por muchos como un paso necesario, pero tambi\u00e9n como un recordatorio de que a\u00fan queda mucho trabajo por hacer en la lucha contra la violencia de g\u00e9nero. La sociedad, las autoridades y las organizaciones pertinentes deben continuar trabajando juntas para crear un entorno m\u00e1s seguro y justo para todos, especialmente para las mujeres y ni\u00f1as que son desproporcionadamente afectadas por este tipo de violencia.<\/p>\n<p>En resumen, mientras el sospechoso enfrenta la justicia, la comunidad sigue lidiando con las repercusiones de un crimen que ha tocado profundamente las fibras del orden social y moral de Miranda de Ebro. La esperanza es que este caso sirva como un catalizador para cambios m\u00e1s significativos en la percepci\u00f3n y el tratamiento de la violencia machista en Espa\u00f1a y m\u00e1s all\u00e1.<\/p>\n\n\n<div class=\"kk-star-ratings kksr-auto kksr-align-left kksr-valign-bottom\"\n    data-payload='{&quot;align&quot;:&quot;left&quot;,&quot;id&quot;:&quot;6567&quot;,&quot;slug&quot;:&quot;default&quot;,&quot;valign&quot;:&quot;bottom&quot;,&quot;ignore&quot;:&quot;&quot;,&quot;reference&quot;:&quot;auto&quot;,&quot;class&quot;:&quot;&quot;,&quot;count&quot;:&quot;0&quot;,&quot;legendonly&quot;:&quot;&quot;,&quot;readonly&quot;:&quot;&quot;,&quot;score&quot;:&quot;0&quot;,&quot;starsonly&quot;:&quot;&quot;,&quot;best&quot;:&quot;5&quot;,&quot;gap&quot;:&quot;5&quot;,&quot;greet&quot;:&quot;Valora este post&quot;,&quot;legend&quot;:&quot;0\\\/5 - (0 votes)&quot;,&quot;size&quot;:&quot;22&quot;,&quot;title&quot;:&quot;Detenido sin fianza el presunto autor de un crimen machista en Miranda de Ebro&quot;,&quot;width&quot;:&quot;0&quot;,&quot;_legend&quot;:&quot;{score}\\\/{best} - ({count} {votes})&quot;,&quot;font_factor&quot;:&quot;1.25&quot;}'>\n            \n<div class=\"kksr-stars\">\n    \n<div class=\"kksr-stars-inactive\">\n            <div class=\"kksr-star\" data-star=\"1\" style=\"padding-right: 5px\">\n            \n\n<div class=\"kksr-icon\" style=\"width: 22px; height: 22px;\"><\/div>\n        <\/div>\n            <div class=\"kksr-star\" data-star=\"2\" style=\"padding-right: 5px\">\n            \n\n<div class=\"kksr-icon\" style=\"width: 22px; height: 22px;\"><\/div>\n        <\/div>\n            <div class=\"kksr-star\" data-star=\"3\" style=\"padding-right: 5px\">\n            \n\n<div class=\"kksr-icon\" style=\"width: 22px; height: 22px;\"><\/div>\n        <\/div>\n            <div class=\"kksr-star\" data-star=\"4\" style=\"padding-right: 5px\">\n            \n\n<div class=\"kksr-icon\" style=\"width: 22px; height: 22px;\"><\/div>\n        <\/div>\n            <div class=\"kksr-star\" data-star=\"5\" style=\"padding-right: 5px\">\n            \n\n<div class=\"kksr-icon\" style=\"width: 22px; height: 22px;\"><\/div>\n        <\/div>\n    <\/div>\n    \n<div class=\"kksr-stars-active\" style=\"width: 0px;\">\n            <div class=\"kksr-star\" style=\"padding-right: 5px\">\n            \n\n<div class=\"kksr-icon\" style=\"width: 22px; height: 22px;\"><\/div>\n        <\/div>\n            <div class=\"kksr-star\" style=\"padding-right: 5px\">\n            \n\n<div class=\"kksr-icon\" style=\"width: 22px; height: 22px;\"><\/div>\n        <\/div>\n            <div class=\"kksr-star\" style=\"padding-right: 5px\">\n            \n\n<div class=\"kksr-icon\" style=\"width: 22px; height: 22px;\"><\/div>\n        <\/div>\n            <div class=\"kksr-star\" style=\"padding-right: 5px\">\n            \n\n<div class=\"kksr-icon\" style=\"width: 22px; height: 22px;\"><\/div>\n        <\/div>\n            <div class=\"kksr-star\" style=\"padding-right: 5px\">\n            \n\n<div class=\"kksr-icon\" style=\"width: 22px; height: 22px;\"><\/div>\n        <\/div>\n    <\/div>\n<\/div>\n                \n\n<div class=\"kksr-legend\" style=\"font-size: 17.6px;\">\n            <span class=\"kksr-muted\">Valora este post<\/span>\n    <\/div>\n    <\/div>\n","protected":false},"excerpt":{"rendered":"<p>Dictan Prisi\u00f3n Provisional Comunicada Sin Fianza Para el Sospechoso del Asesinato Machista en Miranda de Ebro En un reciente caso que ha conmocionado a la comunidad &#8230; <a title=\"Detenido sin fianza el presunto autor de un crimen machista en Miranda de Ebro\" class=\"read-more\" href=\"https:\/\/www.diario21.tv\/noticias\/detenido-sin-fianza-el-presunto-autor-de-un-crimen-machista-en-miranda-de-ebro\/\" aria-label=\"Leer m\u00e1s sobre Detenido sin fianza el presunto autor de un crimen machista en Miranda de Ebro\">Seguir leyendo &rarr;<\/a><\/p>\n","protected":false},"author":20,"featured_media":6568,"comment_status":"open","ping_status":"open","sticky":false,"template":"","format":"standard","meta":{"footnotes":""},"categories":[13],"tags":[],"class_list":["post-6567","post","type-post","status-publish","format-standard","has-post-thumbnail","hentry","category-portada"],"yoast_head":"<!-- This site is optimized with the Yoast SEO plugin v25.6 - https:\/\/yoast.com\/wordpress\/plugins\/seo\/ -->\n<title>Detenido sin fianza el presunto autor de un crimen machista en Miranda de Ebro - Diario 21<\/title>\n<meta name=\"robots\" content=\"index, follow, max-snippet:-1, max-image-preview:large, max-video-preview:-1\" \/>\n<link rel=\"canonical\" href=\"https:\/\/www.diario21.tv\/noticias\/detenido-sin-fianza-el-presunto-autor-de-un-crimen-machista-en-miranda-de-ebro\/\" \/>\n<meta property=\"og:locale\" content=\"es_ES\" \/>\n<meta property=\"og:type\" content=\"article\" \/>\n<meta property=\"og:title\" content=\"Detenido sin fianza el presunto autor de un crimen machista en Miranda de Ebro - Diario 21\" \/>\n<meta property=\"og:description\" content=\"Dictan Prisi\u00f3n Provisional Comunicada Sin Fianza Para el Sospechoso del Asesinato Machista en Miranda de Ebro En un reciente caso que ha conmocionado a la comunidad ... Seguir leyendo &rarr;\" \/>\n<meta property=\"og:url\" content=\"https:\/\/www.diario21.tv\/noticias\/detenido-sin-fianza-el-presunto-autor-de-un-crimen-machista-en-miranda-de-ebro\/\" \/>\n<meta property=\"og:site_name\" content=\"Diario 21\" \/>\n<meta property=\"article:published_time\" content=\"2026-03-17T07:44:27+00:00\" \/>\n<meta property=\"article:modified_time\" content=\"2026-03-17T07:44:29+00:00\" \/>\n<meta property=\"og:image\" content=\"https:\/\/www.diario21.tv\/noticias\/wp-content\/uploads\/2026\/03\/Detenido-sin-fianza-el-presunto-autor-de-un-crimen-machista.jpg\" \/>\n\t<meta property=\"og:image:width\" content=\"1200\" \/>\n\t<meta property=\"og:image:height\" content=\"840\" \/>\n\t<meta property=\"og:image:type\" content=\"image\/jpeg\" \/>\n<meta name=\"author\" content=\"Juan P\u00e9rez\" \/>\n<meta name=\"twitter:card\" content=\"summary_large_image\" \/>\n<meta name=\"twitter:label1\" content=\"Escrito por\" \/>\n\t<meta name=\"twitter:data1\" content=\"Juan P\u00e9rez\" \/>\n\t<meta name=\"twitter:label2\" content=\"Tiempo de lectura\" \/>\n\t<meta name=\"twitter:data2\" content=\"3 minutos\" \/>\n<script type=\"application\/ld+json\" class=\"yoast-schema-graph\">{\"@context\":\"https:\/\/schema.org\",\"@graph\":[{\"@type\":\"WebPage\",\"@id\":\"https:\/\/www.diario21.tv\/noticias\/detenido-sin-fianza-el-presunto-autor-de-un-crimen-machista-en-miranda-de-ebro\/\",\"url\":\"https:\/\/www.diario21.tv\/noticias\/detenido-sin-fianza-el-presunto-autor-de-un-crimen-machista-en-miranda-de-ebro\/\",\"name\":\"Detenido sin fianza el presunto autor de un crimen machista en Miranda de Ebro - Diario 21\",\"isPartOf\":{\"@id\":\"https:\/\/www.diario21.tv\/noticias\/#website\"},\"primaryImageOfPage\":{\"@id\":\"https:\/\/www.diario21.tv\/noticias\/detenido-sin-fianza-el-presunto-autor-de-un-crimen-machista-en-miranda-de-ebro\/#primaryimage\"},\"image\":{\"@id\":\"https:\/\/www.diario21.tv\/noticias\/detenido-sin-fianza-el-presunto-autor-de-un-crimen-machista-en-miranda-de-ebro\/#primaryimage\"},\"thumbnailUrl\":\"https:\/\/www.diario21.tv\/noticias\/wp-content\/uploads\/2026\/03\/Detenido-sin-fianza-el-presunto-autor-de-un-crimen-machista.jpg\",\"datePublished\":\"2026-03-17T07:44:27+00:00\",\"dateModified\":\"2026-03-17T07:44:29+00:00\",\"author\":{\"@id\":\"https:\/\/www.diario21.tv\/noticias\/#\/schema\/person\/dfb778f73814d8f09f302618446a526b\"},\"breadcrumb\":{\"@id\":\"https:\/\/www.diario21.tv\/noticias\/detenido-sin-fianza-el-presunto-autor-de-un-crimen-machista-en-miranda-de-ebro\/#breadcrumb\"},\"inLanguage\":\"es-AR\",\"potentialAction\":[{\"@type\":\"ReadAction\",\"target\":[\"https:\/\/www.diario21.tv\/noticias\/detenido-sin-fianza-el-presunto-autor-de-un-crimen-machista-en-miranda-de-ebro\/\"]}]},{\"@type\":\"ImageObject\",\"inLanguage\":\"es-AR\",\"@id\":\"https:\/\/www.diario21.tv\/noticias\/detenido-sin-fianza-el-presunto-autor-de-un-crimen-machista-en-miranda-de-ebro\/#primaryimage\",\"url\":\"https:\/\/www.diario21.tv\/noticias\/wp-content\/uploads\/2026\/03\/Detenido-sin-fianza-el-presunto-autor-de-un-crimen-machista.jpg\",\"contentUrl\":\"https:\/\/www.diario21.tv\/noticias\/wp-content\/uploads\/2026\/03\/Detenido-sin-fianza-el-presunto-autor-de-un-crimen-machista.jpg\",\"width\":1200,\"height\":840,\"caption\":\"Prisi\u00f3n provisional, comunicada y sin fianza para el presunto autor del crimen machista de Miranda de Ebro\"},{\"@type\":\"BreadcrumbList\",\"@id\":\"https:\/\/www.diario21.tv\/noticias\/detenido-sin-fianza-el-presunto-autor-de-un-crimen-machista-en-miranda-de-ebro\/#breadcrumb\",\"itemListElement\":[{\"@type\":\"ListItem\",\"position\":1,\"name\":\"Accueil\",\"item\":\"https:\/\/www.diario21.tv\/noticias\/\"},{\"@type\":\"ListItem\",\"position\":2,\"name\":\"Detenido sin fianza el presunto autor de un crimen machista en Miranda de Ebro\"}]},{\"@type\":\"WebSite\",\"@id\":\"https:\/\/www.diario21.tv\/noticias\/#website\",\"url\":\"https:\/\/www.diario21.tv\/noticias\/\",\"name\":\"Diario 21\",\"description\":\"\",\"potentialAction\":[{\"@type\":\"SearchAction\",\"target\":{\"@type\":\"EntryPoint\",\"urlTemplate\":\"https:\/\/www.diario21.tv\/noticias\/?s={search_term_string}\"},\"query-input\":{\"@type\":\"PropertyValueSpecification\",\"valueRequired\":true,\"valueName\":\"search_term_string\"}}],\"inLanguage\":\"es-AR\"},{\"@type\":\"Person\",\"@id\":\"https:\/\/www.diario21.tv\/noticias\/#\/schema\/person\/dfb778f73814d8f09f302618446a526b\",\"name\":\"Juan P\u00e9rez\",\"image\":{\"@type\":\"ImageObject\",\"inLanguage\":\"es-AR\",\"@id\":\"https:\/\/www.diario21.tv\/noticias\/#\/schema\/person\/image\/\",\"url\":\"https:\/\/secure.gravatar.com\/avatar\/c478a405bd10621167f4c3167cc770f5?s=96&d=mm&r=g\",\"contentUrl\":\"https:\/\/secure.gravatar.com\/avatar\/c478a405bd10621167f4c3167cc770f5?s=96&d=mm&r=g\",\"caption\":\"Juan P\u00e9rez\"},\"description\":\"Juan P\u00e9rez es el redactor en jefe de Diario 21. Con m\u00e1s de 10 a\u00f1os de experiencia en el periodismo, se especializa en pol\u00edtica nacional y an\u00e1lisis socioecon\u00f3mico. Su enfoque cr\u00edtico y riguroso aporta una perspectiva \u00fanica a cada art\u00edculo.\",\"sameAs\":[\"https:\/\/www.diario21.tv\/noticias\/\"],\"url\":\"https:\/\/www.diario21.tv\/noticias\/author\/juan-perez\/\"}]}<\/script>\n<!-- \/ Yoast SEO plugin. -->","yoast_head_json":{"title":"Detenido sin fianza el presunto autor de un crimen machista en Miranda de Ebro - Diario 21","robots":{"index":"index","follow":"follow","max-snippet":"max-snippet:-1","max-image-preview":"max-image-preview:large","max-video-preview":"max-video-preview:-1"},"canonical":"https:\/\/www.diario21.tv\/noticias\/detenido-sin-fianza-el-presunto-autor-de-un-crimen-machista-en-miranda-de-ebro\/","og_locale":"es_ES","og_type":"article","og_title":"Detenido sin fianza el presunto autor de un crimen machista en Miranda de Ebro - Diario 21","og_description":"Dictan Prisi\u00f3n Provisional Comunicada Sin Fianza Para el Sospechoso del Asesinato Machista en Miranda de Ebro En un reciente caso que ha conmocionado a la comunidad ... Seguir leyendo &rarr;","og_url":"https:\/\/www.diario21.tv\/noticias\/detenido-sin-fianza-el-presunto-autor-de-un-crimen-machista-en-miranda-de-ebro\/","og_site_name":"Diario 21","article_published_time":"2026-03-17T07:44:27+00:00","article_modified_time":"2026-03-17T07:44:29+00:00","og_image":[{"width":1200,"height":840,"url":"https:\/\/www.diario21.tv\/noticias\/wp-content\/uploads\/2026\/03\/Detenido-sin-fianza-el-presunto-autor-de-un-crimen-machista.jpg","type":"image\/jpeg"}],"author":"Juan P\u00e9rez","twitter_card":"summary_large_image","twitter_misc":{"Escrito por":"Juan P\u00e9rez","Tiempo de lectura":"3 minutos"},"schema":{"@context":"https:\/\/schema.org","@graph":[{"@type":"WebPage","@id":"https:\/\/www.diario21.tv\/noticias\/detenido-sin-fianza-el-presunto-autor-de-un-crimen-machista-en-miranda-de-ebro\/","url":"https:\/\/www.diario21.tv\/noticias\/detenido-sin-fianza-el-presunto-autor-de-un-crimen-machista-en-miranda-de-ebro\/","name":"Detenido sin fianza el presunto autor de un crimen machista en Miranda de Ebro - Diario 21","isPartOf":{"@id":"https:\/\/www.diario21.tv\/noticias\/#website"},"primaryImageOfPage":{"@id":"https:\/\/www.diario21.tv\/noticias\/detenido-sin-fianza-el-presunto-autor-de-un-crimen-machista-en-miranda-de-ebro\/#primaryimage"},"image":{"@id":"https:\/\/www.diario21.tv\/noticias\/detenido-sin-fianza-el-presunto-autor-de-un-crimen-machista-en-miranda-de-ebro\/#primaryimage"},"thumbnailUrl":"https:\/\/www.diario21.tv\/noticias\/wp-content\/uploads\/2026\/03\/Detenido-sin-fianza-el-presunto-autor-de-un-crimen-machista.jpg","datePublished":"2026-03-17T07:44:27+00:00","dateModified":"2026-03-17T07:44:29+00:00","author":{"@id":"https:\/\/www.diario21.tv\/noticias\/#\/schema\/person\/dfb778f73814d8f09f302618446a526b"},"breadcrumb":{"@id":"https:\/\/www.diario21.tv\/noticias\/detenido-sin-fianza-el-presunto-autor-de-un-crimen-machista-en-miranda-de-ebro\/#breadcrumb"},"inLanguage":"es-AR","potentialAction":[{"@type":"ReadAction","target":["https:\/\/www.diario21.tv\/noticias\/detenido-sin-fianza-el-presunto-autor-de-un-crimen-machista-en-miranda-de-ebro\/"]}]},{"@type":"ImageObject","inLanguage":"es-AR","@id":"https:\/\/www.diario21.tv\/noticias\/detenido-sin-fianza-el-presunto-autor-de-un-crimen-machista-en-miranda-de-ebro\/#primaryimage","url":"https:\/\/www.diario21.tv\/noticias\/wp-content\/uploads\/2026\/03\/Detenido-sin-fianza-el-presunto-autor-de-un-crimen-machista.jpg","contentUrl":"https:\/\/www.diario21.tv\/noticias\/wp-content\/uploads\/2026\/03\/Detenido-sin-fianza-el-presunto-autor-de-un-crimen-machista.jpg","width":1200,"height":840,"caption":"Prisi\u00f3n provisional, comunicada y sin fianza para el presunto autor del crimen machista de Miranda de Ebro"},{"@type":"BreadcrumbList","@id":"https:\/\/www.diario21.tv\/noticias\/detenido-sin-fianza-el-presunto-autor-de-un-crimen-machista-en-miranda-de-ebro\/#breadcrumb","itemListElement":[{"@type":"ListItem","position":1,"name":"Accueil","item":"https:\/\/www.diario21.tv\/noticias\/"},{"@type":"ListItem","position":2,"name":"Detenido sin fianza el presunto autor de un crimen machista en Miranda de Ebro"}]},{"@type":"WebSite","@id":"https:\/\/www.diario21.tv\/noticias\/#website","url":"https:\/\/www.diario21.tv\/noticias\/","name":"Diario 21","description":"","potentialAction":[{"@type":"SearchAction","target":{"@type":"EntryPoint","urlTemplate":"https:\/\/www.diario21.tv\/noticias\/?s={search_term_string}"},"query-input":{"@type":"PropertyValueSpecification","valueRequired":true,"valueName":"search_term_string"}}],"inLanguage":"es-AR"},{"@type":"Person","@id":"https:\/\/www.diario21.tv\/noticias\/#\/schema\/person\/dfb778f73814d8f09f302618446a526b","name":"Juan P\u00e9rez","image":{"@type":"ImageObject","inLanguage":"es-AR","@id":"https:\/\/www.diario21.tv\/noticias\/#\/schema\/person\/image\/","url":"https:\/\/secure.gravatar.com\/avatar\/c478a405bd10621167f4c3167cc770f5?s=96&d=mm&r=g","contentUrl":"https:\/\/secure.gravatar.com\/avatar\/c478a405bd10621167f4c3167cc770f5?s=96&d=mm&r=g","caption":"Juan P\u00e9rez"},"description":"Juan P\u00e9rez es el redactor en jefe de Diario 21. Con m\u00e1s de 10 a\u00f1os de experiencia en el periodismo, se especializa en pol\u00edtica nacional y an\u00e1lisis socioecon\u00f3mico. Su enfoque cr\u00edtico y riguroso aporta una perspectiva \u00fanica a cada art\u00edculo.","sameAs":["https:\/\/www.diario21.tv\/noticias\/"],"url":"https:\/\/www.diario21.tv\/noticias\/author\/juan-perez\/"}]}},"_links":{"self":[{"href":"https:\/\/www.diario21.tv\/noticias\/wp-json\/wp\/v2\/posts\/6567"}],"collection":[{"href":"https:\/\/www.diario21.tv\/noticias\/wp-json\/wp\/v2\/posts"}],"about":[{"href":"https:\/\/www.diario21.tv\/noticias\/wp-json\/wp\/v2\/types\/post"}],"author":[{"embeddable":true,"href":"https:\/\/www.diario21.tv\/noticias\/wp-json\/wp\/v2\/users\/20"}],"replies":[{"embeddable":true,"href":"https:\/\/www.diario21.tv\/noticias\/wp-json\/wp\/v2\/comments?post=6567"}],"version-history":[{"count":1,"href":"https:\/\/www.diario21.tv\/noticias\/wp-json\/wp\/v2\/posts\/6567\/revisions"}],"predecessor-version":[{"id":6569,"href":"https:\/\/www.diario21.tv\/noticias\/wp-json\/wp\/v2\/posts\/6567\/revisions\/6569"}],"wp:featuredmedia":[{"embeddable":true,"href":"https:\/\/www.diario21.tv\/noticias\/wp-json\/wp\/v2\/media\/6568"}],"wp:attachment":[{"href":"https:\/\/www.diario21.tv\/noticias\/wp-json\/wp\/v2\/media?parent=6567"}],"wp:term":[{"taxonomy":"category","embeddable":true,"href":"https:\/\/www.diario21.tv\/noticias\/wp-json\/wp\/v2\/categories?post=6567"},{"taxonomy":"post_tag","embeddable":true,"href":"https:\/\/www.diario21.tv\/noticias\/wp-json\/wp\/v2\/tags?post=6567"}],"curies":[{"name":"wp","href":"https:\/\/api.w.org\/{rel}","templated":true}]}}