{"id":6522,"date":"2026-03-13T07:13:37","date_gmt":"2026-03-13T07:13:37","guid":{"rendered":"https:\/\/www.diario21.tv\/noticias\/impactante-hallazgo-hombre-encontrado-muerto-flotando-en-el-lago-de-la-casa-de-campo-madrid\/"},"modified":"2026-03-13T07:13:38","modified_gmt":"2026-03-13T07:13:38","slug":"impactante-hallazgo-hombre-encontrado-muerto-flotando-en-el-lago-de-la-casa-de-campo-madrid","status":"publish","type":"post","link":"https:\/\/www.diario21.tv\/noticias\/impactante-hallazgo-hombre-encontrado-muerto-flotando-en-el-lago-de-la-casa-de-campo-madrid\/","title":{"rendered":"\u00a1Impactante hallazgo! Hombre encontrado muerto flotando en el lago de la Casa de Campo, Madrid"},"content":{"rendered":"<h2>Descubrimiento de un Cuerpo en el Lago de la Casa de Campo<\/h2>\n<p>En un suceso que ha conmocionado a la comunidad local, el cuerpo sin vida de un hombre fue encontrado flotando en las aguas del lago situado en la Casa de Campo de Madrid. Este lamentable hallazgo tuvo lugar en la ma\u00f1ana del martes, cuando varios transe\u00fantes que paseaban por la zona notaron algo inusual en el lago y alertaron a las autoridades.<\/p>\n<h3>Alerta y Respuesta Inmediata<\/h3>\n<p>Los primeros en responder fueron agentes de la Polic\u00eda Nacional, quienes se desplazaron al lugar tras recibir las alertas de los ciudadanos. Al llegar, confirmaron la presencia de un cad\u00e1ver masculino en el lago. Inmediatamente, se procedi\u00f3 a acordonar el \u00e1rea para facilitar las labores de investigaci\u00f3n y recuperaci\u00f3n del cuerpo.<\/p>\n<h3>Investigaci\u00f3n en Curso<\/h3>\n<p>El cuerpo fue recuperado con la ayuda de los servicios de emergencia, que actuaron con rapidez y eficiencia. Una vez asegurado, se inici\u00f3 el proceso de identificaci\u00f3n y se llevaron a cabo las primeras inspecciones para tratar de determinar las causas de la muerte. La identidad del hombre a\u00fan no ha sido revelada, y las autoridades est\u00e1n en proceso de notificar a los familiares m\u00e1s cercanos.<\/p>\n<p>Los investigadores est\u00e1n tratando de establecer las circunstancias que rodearon el suceso. No se descarta ninguna hip\u00f3tesis, y la polic\u00eda mantiene todas las opciones abiertas, desde un posible accidente hasta un acto criminal. La autopsia, que ser\u00e1 realizada en los pr\u00f3ximos d\u00edas, ser\u00e1 crucial para esclarecer el motivo del fallecimiento.<\/p>\n<h3>Reacciones de la Comunidad<\/h3>\n<p>La noticia ha generado una profunda preocupaci\u00f3n entre los habitantes de Madrid, especialmente aquellos que frecuentan la Casa de Campo para actividades recreativas. Este parque, uno de los m\u00e1s grandes y visitados de la capital, es usualmente un lugar de esparcimiento y disfrute para las familias madrile\u00f1as.<\/p>\n<p>Las autoridades han hecho un llamado a la calma y han pedido a cualquier persona que pudiera tener informaci\u00f3n relevante sobre el caso que se acerque a colaborar con la polic\u00eda. Mientras tanto, se ha reforzado la seguridad en la zona para prevenir cualquier otro incidente y para proporcionar tranquilidad a los visitantes del parque.<\/p>\n<p>Este tr\u00e1gico evento ha recordado a todos la importancia de la seguridad en \u00e1reas p\u00fablicas y la necesidad de estar alerta en todo momento. La investigaci\u00f3n sigue en curso, y se espera que en los pr\u00f3ximos d\u00edas se pueda dar m\u00e1s informaci\u00f3n sobre las causas de esta lamentable muerte y la identidad del fallecido.<\/p>\n\n\n<div class=\"kk-star-ratings kksr-auto kksr-align-left kksr-valign-bottom\"\n    data-payload='{&quot;align&quot;:&quot;left&quot;,&quot;id&quot;:&quot;6522&quot;,&quot;slug&quot;:&quot;default&quot;,&quot;valign&quot;:&quot;bottom&quot;,&quot;ignore&quot;:&quot;&quot;,&quot;reference&quot;:&quot;auto&quot;,&quot;class&quot;:&quot;&quot;,&quot;count&quot;:&quot;0&quot;,&quot;legendonly&quot;:&quot;&quot;,&quot;readonly&quot;:&quot;&quot;,&quot;score&quot;:&quot;0&quot;,&quot;starsonly&quot;:&quot;&quot;,&quot;best&quot;:&quot;5&quot;,&quot;gap&quot;:&quot;5&quot;,&quot;greet&quot;:&quot;Valora este post&quot;,&quot;legend&quot;:&quot;0\\\/5 - (0 votes)&quot;,&quot;size&quot;:&quot;22&quot;,&quot;title&quot;:&quot;\u00a1Impactante hallazgo! Hombre encontrado muerto flotando en el lago de la Casa de Campo, Madrid&quot;,&quot;width&quot;:&quot;0&quot;,&quot;_legend&quot;:&quot;{score}\\\/{best} - ({count} {votes})&quot;,&quot;font_factor&quot;:&quot;1.25&quot;}'>\n            \n<div class=\"kksr-stars\">\n    \n<div class=\"kksr-stars-inactive\">\n            <div class=\"kksr-star\" data-star=\"1\" style=\"padding-right: 5px\">\n            \n\n<div class=\"kksr-icon\" style=\"width: 22px; height: 22px;\"><\/div>\n        <\/div>\n            <div class=\"kksr-star\" data-star=\"2\" style=\"padding-right: 5px\">\n            \n\n<div class=\"kksr-icon\" style=\"width: 22px; height: 22px;\"><\/div>\n        <\/div>\n            <div class=\"kksr-star\" data-star=\"3\" style=\"padding-right: 5px\">\n            \n\n<div class=\"kksr-icon\" style=\"width: 22px; height: 22px;\"><\/div>\n        <\/div>\n            <div class=\"kksr-star\" data-star=\"4\" style=\"padding-right: 5px\">\n            \n\n<div class=\"kksr-icon\" style=\"width: 22px; height: 22px;\"><\/div>\n        <\/div>\n            <div class=\"kksr-star\" data-star=\"5\" style=\"padding-right: 5px\">\n            \n\n<div class=\"kksr-icon\" style=\"width: 22px; height: 22px;\"><\/div>\n        <\/div>\n    <\/div>\n    \n<div class=\"kksr-stars-active\" style=\"width: 0px;\">\n            <div class=\"kksr-star\" style=\"padding-right: 5px\">\n            \n\n<div class=\"kksr-icon\" style=\"width: 22px; height: 22px;\"><\/div>\n        <\/div>\n            <div class=\"kksr-star\" style=\"padding-right: 5px\">\n            \n\n<div class=\"kksr-icon\" style=\"width: 22px; height: 22px;\"><\/div>\n        <\/div>\n            <div class=\"kksr-star\" style=\"padding-right: 5px\">\n            \n\n<div class=\"kksr-icon\" style=\"width: 22px; height: 22px;\"><\/div>\n        <\/div>\n            <div class=\"kksr-star\" style=\"padding-right: 5px\">\n            \n\n<div class=\"kksr-icon\" style=\"width: 22px; height: 22px;\"><\/div>\n        <\/div>\n            <div class=\"kksr-star\" style=\"padding-right: 5px\">\n            \n\n<div class=\"kksr-icon\" style=\"width: 22px; height: 22px;\"><\/div>\n        <\/div>\n    <\/div>\n<\/div>\n                \n\n<div class=\"kksr-legend\" style=\"font-size: 17.6px;\">\n            <span class=\"kksr-muted\">Valora este post<\/span>\n    <\/div>\n    <\/div>\n","protected":false},"excerpt":{"rendered":"<p>Descubrimiento de un Cuerpo en el Lago de la Casa de Campo En un suceso que ha conmocionado a la comunidad local, el cuerpo sin vida &#8230; <a title=\"\u00a1Impactante hallazgo! Hombre encontrado muerto flotando en el lago de la Casa de Campo, Madrid\" class=\"read-more\" href=\"https:\/\/www.diario21.tv\/noticias\/impactante-hallazgo-hombre-encontrado-muerto-flotando-en-el-lago-de-la-casa-de-campo-madrid\/\" aria-label=\"Leer m\u00e1s sobre \u00a1Impactante hallazgo! Hombre encontrado muerto flotando en el lago de la Casa de Campo, Madrid\">Seguir leyendo &rarr;<\/a><\/p>\n","protected":false},"author":20,"featured_media":6523,"comment_status":"open","ping_status":"open","sticky":false,"template":"","format":"standard","meta":{"footnotes":""},"categories":[13],"tags":[],"class_list":["post-6522","post","type-post","status-publish","format-standard","has-post-thumbnail","hentry","category-portada"],"yoast_head":"<!-- This site is optimized with the Yoast SEO plugin v25.6 - https:\/\/yoast.com\/wordpress\/plugins\/seo\/ -->\n<title>\u00a1Impactante hallazgo! Hombre encontrado muerto flotando en el lago de la Casa de Campo, Madrid - Diario 21<\/title>\n<meta name=\"robots\" content=\"index, follow, max-snippet:-1, max-image-preview:large, max-video-preview:-1\" \/>\n<link rel=\"canonical\" href=\"https:\/\/www.diario21.tv\/noticias\/impactante-hallazgo-hombre-encontrado-muerto-flotando-en-el-lago-de-la-casa-de-campo-madrid\/\" \/>\n<meta property=\"og:locale\" content=\"es_ES\" \/>\n<meta property=\"og:type\" content=\"article\" \/>\n<meta property=\"og:title\" content=\"\u00a1Impactante hallazgo! Hombre encontrado muerto flotando en el lago de la Casa de Campo, Madrid - Diario 21\" \/>\n<meta property=\"og:description\" content=\"Descubrimiento de un Cuerpo en el Lago de la Casa de Campo En un suceso que ha conmocionado a la comunidad local, el cuerpo sin vida ... Seguir leyendo &rarr;\" \/>\n<meta property=\"og:url\" content=\"https:\/\/www.diario21.tv\/noticias\/impactante-hallazgo-hombre-encontrado-muerto-flotando-en-el-lago-de-la-casa-de-campo-madrid\/\" \/>\n<meta property=\"og:site_name\" content=\"Diario 21\" \/>\n<meta property=\"article:published_time\" content=\"2026-03-13T07:13:37+00:00\" \/>\n<meta property=\"article:modified_time\" content=\"2026-03-13T07:13:38+00:00\" \/>\n<meta property=\"og:image\" content=\"https:\/\/www.diario21.tv\/noticias\/wp-content\/uploads\/2026\/03\/\u00a1Impactante-hallazgo-Hombre-encontrado-muerto-flotando-en-el-lago-de.jpg\" \/>\n\t<meta property=\"og:image:width\" content=\"1200\" \/>\n\t<meta property=\"og:image:height\" content=\"840\" \/>\n\t<meta property=\"og:image:type\" content=\"image\/jpeg\" \/>\n<meta name=\"author\" content=\"Juan P\u00e9rez\" \/>\n<meta name=\"twitter:card\" content=\"summary_large_image\" \/>\n<meta name=\"twitter:label1\" content=\"Escrito por\" \/>\n\t<meta name=\"twitter:data1\" content=\"Juan P\u00e9rez\" \/>\n\t<meta name=\"twitter:label2\" content=\"Tiempo de lectura\" \/>\n\t<meta name=\"twitter:data2\" content=\"2 minutos\" \/>\n<script type=\"application\/ld+json\" class=\"yoast-schema-graph\">{\"@context\":\"https:\/\/schema.org\",\"@graph\":[{\"@type\":\"WebPage\",\"@id\":\"https:\/\/www.diario21.tv\/noticias\/impactante-hallazgo-hombre-encontrado-muerto-flotando-en-el-lago-de-la-casa-de-campo-madrid\/\",\"url\":\"https:\/\/www.diario21.tv\/noticias\/impactante-hallazgo-hombre-encontrado-muerto-flotando-en-el-lago-de-la-casa-de-campo-madrid\/\",\"name\":\"\u00a1Impactante hallazgo! Hombre encontrado muerto flotando en el lago de la Casa de Campo, Madrid - Diario 21\",\"isPartOf\":{\"@id\":\"https:\/\/www.diario21.tv\/noticias\/#website\"},\"primaryImageOfPage\":{\"@id\":\"https:\/\/www.diario21.tv\/noticias\/impactante-hallazgo-hombre-encontrado-muerto-flotando-en-el-lago-de-la-casa-de-campo-madrid\/#primaryimage\"},\"image\":{\"@id\":\"https:\/\/www.diario21.tv\/noticias\/impactante-hallazgo-hombre-encontrado-muerto-flotando-en-el-lago-de-la-casa-de-campo-madrid\/#primaryimage\"},\"thumbnailUrl\":\"https:\/\/www.diario21.tv\/noticias\/wp-content\/uploads\/2026\/03\/\u00a1Impactante-hallazgo-Hombre-encontrado-muerto-flotando-en-el-lago-de.jpg\",\"datePublished\":\"2026-03-13T07:13:37+00:00\",\"dateModified\":\"2026-03-13T07:13:38+00:00\",\"author\":{\"@id\":\"https:\/\/www.diario21.tv\/noticias\/#\/schema\/person\/dfb778f73814d8f09f302618446a526b\"},\"breadcrumb\":{\"@id\":\"https:\/\/www.diario21.tv\/noticias\/impactante-hallazgo-hombre-encontrado-muerto-flotando-en-el-lago-de-la-casa-de-campo-madrid\/#breadcrumb\"},\"inLanguage\":\"es-AR\",\"potentialAction\":[{\"@type\":\"ReadAction\",\"target\":[\"https:\/\/www.diario21.tv\/noticias\/impactante-hallazgo-hombre-encontrado-muerto-flotando-en-el-lago-de-la-casa-de-campo-madrid\/\"]}]},{\"@type\":\"ImageObject\",\"inLanguage\":\"es-AR\",\"@id\":\"https:\/\/www.diario21.tv\/noticias\/impactante-hallazgo-hombre-encontrado-muerto-flotando-en-el-lago-de-la-casa-de-campo-madrid\/#primaryimage\",\"url\":\"https:\/\/www.diario21.tv\/noticias\/wp-content\/uploads\/2026\/03\/\u00a1Impactante-hallazgo-Hombre-encontrado-muerto-flotando-en-el-lago-de.jpg\",\"contentUrl\":\"https:\/\/www.diario21.tv\/noticias\/wp-content\/uploads\/2026\/03\/\u00a1Impactante-hallazgo-Hombre-encontrado-muerto-flotando-en-el-lago-de.jpg\",\"width\":1200,\"height\":840,\"caption\":\"Encuentran el cad\u00e1ver de un hombre flotando en el lago de la Casa de Campo en Madrid\"},{\"@type\":\"BreadcrumbList\",\"@id\":\"https:\/\/www.diario21.tv\/noticias\/impactante-hallazgo-hombre-encontrado-muerto-flotando-en-el-lago-de-la-casa-de-campo-madrid\/#breadcrumb\",\"itemListElement\":[{\"@type\":\"ListItem\",\"position\":1,\"name\":\"Accueil\",\"item\":\"https:\/\/www.diario21.tv\/noticias\/\"},{\"@type\":\"ListItem\",\"position\":2,\"name\":\"\u00a1Impactante hallazgo! Hombre encontrado muerto flotando en el lago de la Casa de Campo, Madrid\"}]},{\"@type\":\"WebSite\",\"@id\":\"https:\/\/www.diario21.tv\/noticias\/#website\",\"url\":\"https:\/\/www.diario21.tv\/noticias\/\",\"name\":\"Diario 21\",\"description\":\"\",\"potentialAction\":[{\"@type\":\"SearchAction\",\"target\":{\"@type\":\"EntryPoint\",\"urlTemplate\":\"https:\/\/www.diario21.tv\/noticias\/?s={search_term_string}\"},\"query-input\":{\"@type\":\"PropertyValueSpecification\",\"valueRequired\":true,\"valueName\":\"search_term_string\"}}],\"inLanguage\":\"es-AR\"},{\"@type\":\"Person\",\"@id\":\"https:\/\/www.diario21.tv\/noticias\/#\/schema\/person\/dfb778f73814d8f09f302618446a526b\",\"name\":\"Juan P\u00e9rez\",\"image\":{\"@type\":\"ImageObject\",\"inLanguage\":\"es-AR\",\"@id\":\"https:\/\/www.diario21.tv\/noticias\/#\/schema\/person\/image\/\",\"url\":\"https:\/\/secure.gravatar.com\/avatar\/c478a405bd10621167f4c3167cc770f5?s=96&d=mm&r=g\",\"contentUrl\":\"https:\/\/secure.gravatar.com\/avatar\/c478a405bd10621167f4c3167cc770f5?s=96&d=mm&r=g\",\"caption\":\"Juan P\u00e9rez\"},\"description\":\"Juan P\u00e9rez es el redactor en jefe de Diario 21. Con m\u00e1s de 10 a\u00f1os de experiencia en el periodismo, se especializa en pol\u00edtica nacional y an\u00e1lisis socioecon\u00f3mico. Su enfoque cr\u00edtico y riguroso aporta una perspectiva \u00fanica a cada art\u00edculo.\",\"sameAs\":[\"https:\/\/www.diario21.tv\/noticias\/\"],\"url\":\"https:\/\/www.diario21.tv\/noticias\/author\/juan-perez\/\"}]}<\/script>\n<!-- \/ Yoast SEO plugin. -->","yoast_head_json":{"title":"\u00a1Impactante hallazgo! Hombre encontrado muerto flotando en el lago de la Casa de Campo, Madrid - Diario 21","robots":{"index":"index","follow":"follow","max-snippet":"max-snippet:-1","max-image-preview":"max-image-preview:large","max-video-preview":"max-video-preview:-1"},"canonical":"https:\/\/www.diario21.tv\/noticias\/impactante-hallazgo-hombre-encontrado-muerto-flotando-en-el-lago-de-la-casa-de-campo-madrid\/","og_locale":"es_ES","og_type":"article","og_title":"\u00a1Impactante hallazgo! Hombre encontrado muerto flotando en el lago de la Casa de Campo, Madrid - Diario 21","og_description":"Descubrimiento de un Cuerpo en el Lago de la Casa de Campo En un suceso que ha conmocionado a la comunidad local, el cuerpo sin vida ... Seguir leyendo &rarr;","og_url":"https:\/\/www.diario21.tv\/noticias\/impactante-hallazgo-hombre-encontrado-muerto-flotando-en-el-lago-de-la-casa-de-campo-madrid\/","og_site_name":"Diario 21","article_published_time":"2026-03-13T07:13:37+00:00","article_modified_time":"2026-03-13T07:13:38+00:00","og_image":[{"width":1200,"height":840,"url":"https:\/\/www.diario21.tv\/noticias\/wp-content\/uploads\/2026\/03\/\u00a1Impactante-hallazgo-Hombre-encontrado-muerto-flotando-en-el-lago-de.jpg","type":"image\/jpeg"}],"author":"Juan P\u00e9rez","twitter_card":"summary_large_image","twitter_misc":{"Escrito por":"Juan P\u00e9rez","Tiempo de lectura":"2 minutos"},"schema":{"@context":"https:\/\/schema.org","@graph":[{"@type":"WebPage","@id":"https:\/\/www.diario21.tv\/noticias\/impactante-hallazgo-hombre-encontrado-muerto-flotando-en-el-lago-de-la-casa-de-campo-madrid\/","url":"https:\/\/www.diario21.tv\/noticias\/impactante-hallazgo-hombre-encontrado-muerto-flotando-en-el-lago-de-la-casa-de-campo-madrid\/","name":"\u00a1Impactante hallazgo! Hombre encontrado muerto flotando en el lago de la Casa de Campo, Madrid - Diario 21","isPartOf":{"@id":"https:\/\/www.diario21.tv\/noticias\/#website"},"primaryImageOfPage":{"@id":"https:\/\/www.diario21.tv\/noticias\/impactante-hallazgo-hombre-encontrado-muerto-flotando-en-el-lago-de-la-casa-de-campo-madrid\/#primaryimage"},"image":{"@id":"https:\/\/www.diario21.tv\/noticias\/impactante-hallazgo-hombre-encontrado-muerto-flotando-en-el-lago-de-la-casa-de-campo-madrid\/#primaryimage"},"thumbnailUrl":"https:\/\/www.diario21.tv\/noticias\/wp-content\/uploads\/2026\/03\/\u00a1Impactante-hallazgo-Hombre-encontrado-muerto-flotando-en-el-lago-de.jpg","datePublished":"2026-03-13T07:13:37+00:00","dateModified":"2026-03-13T07:13:38+00:00","author":{"@id":"https:\/\/www.diario21.tv\/noticias\/#\/schema\/person\/dfb778f73814d8f09f302618446a526b"},"breadcrumb":{"@id":"https:\/\/www.diario21.tv\/noticias\/impactante-hallazgo-hombre-encontrado-muerto-flotando-en-el-lago-de-la-casa-de-campo-madrid\/#breadcrumb"},"inLanguage":"es-AR","potentialAction":[{"@type":"ReadAction","target":["https:\/\/www.diario21.tv\/noticias\/impactante-hallazgo-hombre-encontrado-muerto-flotando-en-el-lago-de-la-casa-de-campo-madrid\/"]}]},{"@type":"ImageObject","inLanguage":"es-AR","@id":"https:\/\/www.diario21.tv\/noticias\/impactante-hallazgo-hombre-encontrado-muerto-flotando-en-el-lago-de-la-casa-de-campo-madrid\/#primaryimage","url":"https:\/\/www.diario21.tv\/noticias\/wp-content\/uploads\/2026\/03\/\u00a1Impactante-hallazgo-Hombre-encontrado-muerto-flotando-en-el-lago-de.jpg","contentUrl":"https:\/\/www.diario21.tv\/noticias\/wp-content\/uploads\/2026\/03\/\u00a1Impactante-hallazgo-Hombre-encontrado-muerto-flotando-en-el-lago-de.jpg","width":1200,"height":840,"caption":"Encuentran el cad\u00e1ver de un hombre flotando en el lago de la Casa de Campo en Madrid"},{"@type":"BreadcrumbList","@id":"https:\/\/www.diario21.tv\/noticias\/impactante-hallazgo-hombre-encontrado-muerto-flotando-en-el-lago-de-la-casa-de-campo-madrid\/#breadcrumb","itemListElement":[{"@type":"ListItem","position":1,"name":"Accueil","item":"https:\/\/www.diario21.tv\/noticias\/"},{"@type":"ListItem","position":2,"name":"\u00a1Impactante hallazgo! Hombre encontrado muerto flotando en el lago de la Casa de Campo, Madrid"}]},{"@type":"WebSite","@id":"https:\/\/www.diario21.tv\/noticias\/#website","url":"https:\/\/www.diario21.tv\/noticias\/","name":"Diario 21","description":"","potentialAction":[{"@type":"SearchAction","target":{"@type":"EntryPoint","urlTemplate":"https:\/\/www.diario21.tv\/noticias\/?s={search_term_string}"},"query-input":{"@type":"PropertyValueSpecification","valueRequired":true,"valueName":"search_term_string"}}],"inLanguage":"es-AR"},{"@type":"Person","@id":"https:\/\/www.diario21.tv\/noticias\/#\/schema\/person\/dfb778f73814d8f09f302618446a526b","name":"Juan P\u00e9rez","image":{"@type":"ImageObject","inLanguage":"es-AR","@id":"https:\/\/www.diario21.tv\/noticias\/#\/schema\/person\/image\/","url":"https:\/\/secure.gravatar.com\/avatar\/c478a405bd10621167f4c3167cc770f5?s=96&d=mm&r=g","contentUrl":"https:\/\/secure.gravatar.com\/avatar\/c478a405bd10621167f4c3167cc770f5?s=96&d=mm&r=g","caption":"Juan P\u00e9rez"},"description":"Juan P\u00e9rez es el redactor en jefe de Diario 21. Con m\u00e1s de 10 a\u00f1os de experiencia en el periodismo, se especializa en pol\u00edtica nacional y an\u00e1lisis socioecon\u00f3mico. Su enfoque cr\u00edtico y riguroso aporta una perspectiva \u00fanica a cada art\u00edculo.","sameAs":["https:\/\/www.diario21.tv\/noticias\/"],"url":"https:\/\/www.diario21.tv\/noticias\/author\/juan-perez\/"}]}},"_links":{"self":[{"href":"https:\/\/www.diario21.tv\/noticias\/wp-json\/wp\/v2\/posts\/6522"}],"collection":[{"href":"https:\/\/www.diario21.tv\/noticias\/wp-json\/wp\/v2\/posts"}],"about":[{"href":"https:\/\/www.diario21.tv\/noticias\/wp-json\/wp\/v2\/types\/post"}],"author":[{"embeddable":true,"href":"https:\/\/www.diario21.tv\/noticias\/wp-json\/wp\/v2\/users\/20"}],"replies":[{"embeddable":true,"href":"https:\/\/www.diario21.tv\/noticias\/wp-json\/wp\/v2\/comments?post=6522"}],"version-history":[{"count":1,"href":"https:\/\/www.diario21.tv\/noticias\/wp-json\/wp\/v2\/posts\/6522\/revisions"}],"predecessor-version":[{"id":6524,"href":"https:\/\/www.diario21.tv\/noticias\/wp-json\/wp\/v2\/posts\/6522\/revisions\/6524"}],"wp:featuredmedia":[{"embeddable":true,"href":"https:\/\/www.diario21.tv\/noticias\/wp-json\/wp\/v2\/media\/6523"}],"wp:attachment":[{"href":"https:\/\/www.diario21.tv\/noticias\/wp-json\/wp\/v2\/media?parent=6522"}],"wp:term":[{"taxonomy":"category","embeddable":true,"href":"https:\/\/www.diario21.tv\/noticias\/wp-json\/wp\/v2\/categories?post=6522"},{"taxonomy":"post_tag","embeddable":true,"href":"https:\/\/www.diario21.tv\/noticias\/wp-json\/wp\/v2\/tags?post=6522"}],"curies":[{"name":"wp","href":"https:\/\/api.w.org\/{rel}","templated":true}]}}