{"id":6519,"date":"2026-03-13T01:10:23","date_gmt":"2026-03-13T01:10:23","guid":{"rendered":"https:\/\/www.diario21.tv\/noticias\/tragedia-en-miranda-de-ebro-incendio-en-edificio-deja-tres-muertas-y-cuatro-heridos\/"},"modified":"2026-03-13T01:10:25","modified_gmt":"2026-03-13T01:10:25","slug":"tragedia-en-miranda-de-ebro-incendio-en-edificio-deja-tres-muertas-y-cuatro-heridos","status":"publish","type":"post","link":"https:\/\/www.diario21.tv\/noticias\/tragedia-en-miranda-de-ebro-incendio-en-edificio-deja-tres-muertas-y-cuatro-heridos\/","title":{"rendered":"\u00a1Tragedia en Miranda de Ebro! Incendio en edificio deja tres muertas y cuatro heridos"},"content":{"rendered":"<h2>Tragedia en Miranda de Ebro: Incendio en un Edificio Residencial Causa V\u00edctimas Fatales<\/h2>\n<p>En un lamentable suceso ocurrido en Miranda de Ebro, tres personas han perdido la vida y otras cuatro han resultado heridas debido a un incendio que se desat\u00f3 en un edificio de apartamentos. Este tr\u00e1gico evento ha conmocionado a la comunidad local y ha puesto en alerta a las autoridades sobre la seguridad en las estructuras residenciales.<\/p>\n<h3>Detalles del Incendio<\/h3>\n<p>El fuego, que empez\u00f3 en las primeras horas de la ma\u00f1ana, se propag\u00f3 r\u00e1pidamente a trav\u00e9s de varias plantas del edificio, complicando las labores de rescate y evacuaci\u00f3n. Los bomberos, que llegaron prontamente al lugar, trabajaron arduamente para controlar las llamas y evitar que el incendio se extendiera a edificaciones adyacentes. Sin embargo, a pesar de sus esfuerzos, tres residentes no lograron sobrevivir.<\/p>\n<p>Las v\u00edctimas, todas mujeres, fueron encontradas en diferentes \u00e1reas del edificio, lo que ha llevado a una investigaci\u00f3n detallada para determinar la causa exacta de sus decesos. Las autoridades a\u00fan est\u00e1n en proceso de identificar a las v\u00edctimas y notificar a sus familiares.<\/p>\n<h3>Los Heridos y la Respuesta de Emergencia<\/h3>\n<p>Cuatro personas adicionales sufrieron heridas debido al incendio. Fueron trasladadas r\u00e1pidamente a un hospital cercano, donde reciben tratamiento m\u00e9dico. Dos de ellas est\u00e1n en condici\u00f3n cr\u00edtica, mientras que las otras dos sufren de lesiones menos severas.<\/p>\n<p>La respuesta de emergencia fue inmediata, con equipos de bomberos, polic\u00eda y servicios m\u00e9dicos en el lugar para asistir a los afectados. El operativo incluy\u00f3 no solo la extinci\u00f3n del fuego, sino tambi\u00e9n la evacuaci\u00f3n de los residentes, algunos de los cuales estaban atrapados en los pisos superiores.<\/p>\n<h3>Investigaci\u00f3n en Curso<\/h3>\n<p>Actualmente, se est\u00e1 llevando a cabo una investigaci\u00f3n para determinar las causas del incendio. Los expertos est\u00e1n examinando la estructura del edificio y los informes preliminares sugieren que podr\u00eda haber sido un fallo el\u00e9ctrico lo que desencaden\u00f3 las llamas. Sin embargo, no se descartan otras posibles causas hasta que la investigaci\u00f3n est\u00e9 completa.<\/p>\n<p>El ayuntamiento de Miranda de Ebro ha anunciado que realizar\u00e1 una revisi\u00f3n exhaustiva de las normativas de seguridad contra incendios en edificios residenciales para prevenir futuras tragedias. Tambi\u00e9n se ha comprometido a apoyar a las familias de las v\u00edctimas y a los residentes afectados durante este dif\u00edcil momento.<\/p>\n<h3>Reacciones y Medidas a Futuro<\/h3>\n<p>La comunidad de Miranda de Ebro ha mostrado una profunda tristeza y solidaridad ante el tr\u00e1gico suceso. Vecinos y grupos locales han comenzado a organizar actos de apoyo y recolecta de fondos para ayudar a los afectados.<\/p>\n<p>Este tr\u00e1gico incidente ha recordado la importancia de mantener y revisar regularmente los sistemas de seguridad en los edificios para proteger a sus residentes. Las autoridades locales han prometido tomar medidas decisivas para mejorar la seguridad en la vivienda y asegurar que este tipo de desastre no se repita en el futuro.<\/p>\n\n\n<div class=\"kk-star-ratings kksr-auto kksr-align-left kksr-valign-bottom\"\n    data-payload='{&quot;align&quot;:&quot;left&quot;,&quot;id&quot;:&quot;6519&quot;,&quot;slug&quot;:&quot;default&quot;,&quot;valign&quot;:&quot;bottom&quot;,&quot;ignore&quot;:&quot;&quot;,&quot;reference&quot;:&quot;auto&quot;,&quot;class&quot;:&quot;&quot;,&quot;count&quot;:&quot;0&quot;,&quot;legendonly&quot;:&quot;&quot;,&quot;readonly&quot;:&quot;&quot;,&quot;score&quot;:&quot;0&quot;,&quot;starsonly&quot;:&quot;&quot;,&quot;best&quot;:&quot;5&quot;,&quot;gap&quot;:&quot;5&quot;,&quot;greet&quot;:&quot;Valora este post&quot;,&quot;legend&quot;:&quot;0\\\/5 - (0 votes)&quot;,&quot;size&quot;:&quot;22&quot;,&quot;title&quot;:&quot;\u00a1Tragedia en Miranda de Ebro! Incendio en edificio deja tres muertas y cuatro heridos&quot;,&quot;width&quot;:&quot;0&quot;,&quot;_legend&quot;:&quot;{score}\\\/{best} - ({count} {votes})&quot;,&quot;font_factor&quot;:&quot;1.25&quot;}'>\n            \n<div class=\"kksr-stars\">\n    \n<div class=\"kksr-stars-inactive\">\n            <div class=\"kksr-star\" data-star=\"1\" style=\"padding-right: 5px\">\n            \n\n<div class=\"kksr-icon\" style=\"width: 22px; height: 22px;\"><\/div>\n        <\/div>\n            <div class=\"kksr-star\" data-star=\"2\" style=\"padding-right: 5px\">\n            \n\n<div class=\"kksr-icon\" style=\"width: 22px; height: 22px;\"><\/div>\n        <\/div>\n            <div class=\"kksr-star\" data-star=\"3\" style=\"padding-right: 5px\">\n            \n\n<div class=\"kksr-icon\" style=\"width: 22px; height: 22px;\"><\/div>\n        <\/div>\n            <div class=\"kksr-star\" data-star=\"4\" style=\"padding-right: 5px\">\n            \n\n<div class=\"kksr-icon\" style=\"width: 22px; height: 22px;\"><\/div>\n        <\/div>\n            <div class=\"kksr-star\" data-star=\"5\" style=\"padding-right: 5px\">\n            \n\n<div class=\"kksr-icon\" style=\"width: 22px; height: 22px;\"><\/div>\n        <\/div>\n    <\/div>\n    \n<div class=\"kksr-stars-active\" style=\"width: 0px;\">\n            <div class=\"kksr-star\" style=\"padding-right: 5px\">\n            \n\n<div class=\"kksr-icon\" style=\"width: 22px; height: 22px;\"><\/div>\n        <\/div>\n            <div class=\"kksr-star\" style=\"padding-right: 5px\">\n            \n\n<div class=\"kksr-icon\" style=\"width: 22px; height: 22px;\"><\/div>\n        <\/div>\n            <div class=\"kksr-star\" style=\"padding-right: 5px\">\n            \n\n<div class=\"kksr-icon\" style=\"width: 22px; height: 22px;\"><\/div>\n        <\/div>\n            <div class=\"kksr-star\" style=\"padding-right: 5px\">\n            \n\n<div class=\"kksr-icon\" style=\"width: 22px; height: 22px;\"><\/div>\n        <\/div>\n            <div class=\"kksr-star\" style=\"padding-right: 5px\">\n            \n\n<div class=\"kksr-icon\" style=\"width: 22px; height: 22px;\"><\/div>\n        <\/div>\n    <\/div>\n<\/div>\n                \n\n<div class=\"kksr-legend\" style=\"font-size: 17.6px;\">\n            <span class=\"kksr-muted\">Valora este post<\/span>\n    <\/div>\n    <\/div>\n","protected":false},"excerpt":{"rendered":"<p>Tragedia en Miranda de Ebro: Incendio en un Edificio Residencial Causa V\u00edctimas Fatales En un lamentable suceso ocurrido en Miranda de Ebro, tres personas han perdido &#8230; <a title=\"\u00a1Tragedia en Miranda de Ebro! Incendio en edificio deja tres muertas y cuatro heridos\" class=\"read-more\" href=\"https:\/\/www.diario21.tv\/noticias\/tragedia-en-miranda-de-ebro-incendio-en-edificio-deja-tres-muertas-y-cuatro-heridos\/\" aria-label=\"Leer m\u00e1s sobre \u00a1Tragedia en Miranda de Ebro! Incendio en edificio deja tres muertas y cuatro heridos\">Seguir leyendo &rarr;<\/a><\/p>\n","protected":false},"author":20,"featured_media":6520,"comment_status":"open","ping_status":"open","sticky":false,"template":"","format":"standard","meta":{"footnotes":""},"categories":[13],"tags":[],"class_list":["post-6519","post","type-post","status-publish","format-standard","has-post-thumbnail","hentry","category-portada"],"yoast_head":"<!-- This site is optimized with the Yoast SEO plugin v25.6 - https:\/\/yoast.com\/wordpress\/plugins\/seo\/ -->\n<title>\u00a1Tragedia en Miranda de Ebro! Incendio en edificio deja tres muertas y cuatro heridos - Diario 21<\/title>\n<meta name=\"robots\" content=\"index, follow, max-snippet:-1, max-image-preview:large, max-video-preview:-1\" \/>\n<link rel=\"canonical\" href=\"https:\/\/www.diario21.tv\/noticias\/tragedia-en-miranda-de-ebro-incendio-en-edificio-deja-tres-muertas-y-cuatro-heridos\/\" \/>\n<meta property=\"og:locale\" content=\"es_ES\" \/>\n<meta property=\"og:type\" content=\"article\" \/>\n<meta property=\"og:title\" content=\"\u00a1Tragedia en Miranda de Ebro! Incendio en edificio deja tres muertas y cuatro heridos - Diario 21\" \/>\n<meta property=\"og:description\" content=\"Tragedia en Miranda de Ebro: Incendio en un Edificio Residencial Causa V\u00edctimas Fatales En un lamentable suceso ocurrido en Miranda de Ebro, tres personas han perdido ... Seguir leyendo &rarr;\" \/>\n<meta property=\"og:url\" content=\"https:\/\/www.diario21.tv\/noticias\/tragedia-en-miranda-de-ebro-incendio-en-edificio-deja-tres-muertas-y-cuatro-heridos\/\" \/>\n<meta property=\"og:site_name\" content=\"Diario 21\" \/>\n<meta property=\"article:published_time\" content=\"2026-03-13T01:10:23+00:00\" \/>\n<meta property=\"article:modified_time\" content=\"2026-03-13T01:10:25+00:00\" \/>\n<meta property=\"og:image\" content=\"https:\/\/www.diario21.tv\/noticias\/wp-content\/uploads\/2026\/03\/\u00a1Tragedia-en-Miranda-de-Ebro-Incendio-en-edificio-deja-tres.jpg\" \/>\n\t<meta property=\"og:image:width\" content=\"1200\" \/>\n\t<meta property=\"og:image:height\" content=\"840\" \/>\n\t<meta property=\"og:image:type\" content=\"image\/jpeg\" \/>\n<meta name=\"author\" content=\"Juan P\u00e9rez\" \/>\n<meta name=\"twitter:card\" content=\"summary_large_image\" \/>\n<meta name=\"twitter:label1\" content=\"Escrito por\" \/>\n\t<meta name=\"twitter:data1\" content=\"Juan P\u00e9rez\" \/>\n\t<meta name=\"twitter:label2\" content=\"Tiempo de lectura\" \/>\n\t<meta name=\"twitter:data2\" content=\"3 minutos\" \/>\n<script type=\"application\/ld+json\" class=\"yoast-schema-graph\">{\"@context\":\"https:\/\/schema.org\",\"@graph\":[{\"@type\":\"WebPage\",\"@id\":\"https:\/\/www.diario21.tv\/noticias\/tragedia-en-miranda-de-ebro-incendio-en-edificio-deja-tres-muertas-y-cuatro-heridos\/\",\"url\":\"https:\/\/www.diario21.tv\/noticias\/tragedia-en-miranda-de-ebro-incendio-en-edificio-deja-tres-muertas-y-cuatro-heridos\/\",\"name\":\"\u00a1Tragedia en Miranda de Ebro! Incendio en edificio deja tres muertas y cuatro heridos - Diario 21\",\"isPartOf\":{\"@id\":\"https:\/\/www.diario21.tv\/noticias\/#website\"},\"primaryImageOfPage\":{\"@id\":\"https:\/\/www.diario21.tv\/noticias\/tragedia-en-miranda-de-ebro-incendio-en-edificio-deja-tres-muertas-y-cuatro-heridos\/#primaryimage\"},\"image\":{\"@id\":\"https:\/\/www.diario21.tv\/noticias\/tragedia-en-miranda-de-ebro-incendio-en-edificio-deja-tres-muertas-y-cuatro-heridos\/#primaryimage\"},\"thumbnailUrl\":\"https:\/\/www.diario21.tv\/noticias\/wp-content\/uploads\/2026\/03\/\u00a1Tragedia-en-Miranda-de-Ebro-Incendio-en-edificio-deja-tres.jpg\",\"datePublished\":\"2026-03-13T01:10:23+00:00\",\"dateModified\":\"2026-03-13T01:10:25+00:00\",\"author\":{\"@id\":\"https:\/\/www.diario21.tv\/noticias\/#\/schema\/person\/dfb778f73814d8f09f302618446a526b\"},\"breadcrumb\":{\"@id\":\"https:\/\/www.diario21.tv\/noticias\/tragedia-en-miranda-de-ebro-incendio-en-edificio-deja-tres-muertas-y-cuatro-heridos\/#breadcrumb\"},\"inLanguage\":\"es-AR\",\"potentialAction\":[{\"@type\":\"ReadAction\",\"target\":[\"https:\/\/www.diario21.tv\/noticias\/tragedia-en-miranda-de-ebro-incendio-en-edificio-deja-tres-muertas-y-cuatro-heridos\/\"]}]},{\"@type\":\"ImageObject\",\"inLanguage\":\"es-AR\",\"@id\":\"https:\/\/www.diario21.tv\/noticias\/tragedia-en-miranda-de-ebro-incendio-en-edificio-deja-tres-muertas-y-cuatro-heridos\/#primaryimage\",\"url\":\"https:\/\/www.diario21.tv\/noticias\/wp-content\/uploads\/2026\/03\/\u00a1Tragedia-en-Miranda-de-Ebro-Incendio-en-edificio-deja-tres.jpg\",\"contentUrl\":\"https:\/\/www.diario21.tv\/noticias\/wp-content\/uploads\/2026\/03\/\u00a1Tragedia-en-Miranda-de-Ebro-Incendio-en-edificio-deja-tres.jpg\",\"width\":1200,\"height\":840,\"caption\":\"Tres muertas y cuatro heridos en el incendio de un edificio de viviendas en Miranda de Ebro\"},{\"@type\":\"BreadcrumbList\",\"@id\":\"https:\/\/www.diario21.tv\/noticias\/tragedia-en-miranda-de-ebro-incendio-en-edificio-deja-tres-muertas-y-cuatro-heridos\/#breadcrumb\",\"itemListElement\":[{\"@type\":\"ListItem\",\"position\":1,\"name\":\"Accueil\",\"item\":\"https:\/\/www.diario21.tv\/noticias\/\"},{\"@type\":\"ListItem\",\"position\":2,\"name\":\"\u00a1Tragedia en Miranda de Ebro! Incendio en edificio deja tres muertas y cuatro heridos\"}]},{\"@type\":\"WebSite\",\"@id\":\"https:\/\/www.diario21.tv\/noticias\/#website\",\"url\":\"https:\/\/www.diario21.tv\/noticias\/\",\"name\":\"Diario 21\",\"description\":\"\",\"potentialAction\":[{\"@type\":\"SearchAction\",\"target\":{\"@type\":\"EntryPoint\",\"urlTemplate\":\"https:\/\/www.diario21.tv\/noticias\/?s={search_term_string}\"},\"query-input\":{\"@type\":\"PropertyValueSpecification\",\"valueRequired\":true,\"valueName\":\"search_term_string\"}}],\"inLanguage\":\"es-AR\"},{\"@type\":\"Person\",\"@id\":\"https:\/\/www.diario21.tv\/noticias\/#\/schema\/person\/dfb778f73814d8f09f302618446a526b\",\"name\":\"Juan P\u00e9rez\",\"image\":{\"@type\":\"ImageObject\",\"inLanguage\":\"es-AR\",\"@id\":\"https:\/\/www.diario21.tv\/noticias\/#\/schema\/person\/image\/\",\"url\":\"https:\/\/secure.gravatar.com\/avatar\/c478a405bd10621167f4c3167cc770f5?s=96&d=mm&r=g\",\"contentUrl\":\"https:\/\/secure.gravatar.com\/avatar\/c478a405bd10621167f4c3167cc770f5?s=96&d=mm&r=g\",\"caption\":\"Juan P\u00e9rez\"},\"description\":\"Juan P\u00e9rez es el redactor en jefe de Diario 21. Con m\u00e1s de 10 a\u00f1os de experiencia en el periodismo, se especializa en pol\u00edtica nacional y an\u00e1lisis socioecon\u00f3mico. Su enfoque cr\u00edtico y riguroso aporta una perspectiva \u00fanica a cada art\u00edculo.\",\"sameAs\":[\"https:\/\/www.diario21.tv\/noticias\/\"],\"url\":\"https:\/\/www.diario21.tv\/noticias\/author\/juan-perez\/\"}]}<\/script>\n<!-- \/ Yoast SEO plugin. -->","yoast_head_json":{"title":"\u00a1Tragedia en Miranda de Ebro! Incendio en edificio deja tres muertas y cuatro heridos - Diario 21","robots":{"index":"index","follow":"follow","max-snippet":"max-snippet:-1","max-image-preview":"max-image-preview:large","max-video-preview":"max-video-preview:-1"},"canonical":"https:\/\/www.diario21.tv\/noticias\/tragedia-en-miranda-de-ebro-incendio-en-edificio-deja-tres-muertas-y-cuatro-heridos\/","og_locale":"es_ES","og_type":"article","og_title":"\u00a1Tragedia en Miranda de Ebro! Incendio en edificio deja tres muertas y cuatro heridos - Diario 21","og_description":"Tragedia en Miranda de Ebro: Incendio en un Edificio Residencial Causa V\u00edctimas Fatales En un lamentable suceso ocurrido en Miranda de Ebro, tres personas han perdido ... Seguir leyendo &rarr;","og_url":"https:\/\/www.diario21.tv\/noticias\/tragedia-en-miranda-de-ebro-incendio-en-edificio-deja-tres-muertas-y-cuatro-heridos\/","og_site_name":"Diario 21","article_published_time":"2026-03-13T01:10:23+00:00","article_modified_time":"2026-03-13T01:10:25+00:00","og_image":[{"width":1200,"height":840,"url":"https:\/\/www.diario21.tv\/noticias\/wp-content\/uploads\/2026\/03\/\u00a1Tragedia-en-Miranda-de-Ebro-Incendio-en-edificio-deja-tres.jpg","type":"image\/jpeg"}],"author":"Juan P\u00e9rez","twitter_card":"summary_large_image","twitter_misc":{"Escrito por":"Juan P\u00e9rez","Tiempo de lectura":"3 minutos"},"schema":{"@context":"https:\/\/schema.org","@graph":[{"@type":"WebPage","@id":"https:\/\/www.diario21.tv\/noticias\/tragedia-en-miranda-de-ebro-incendio-en-edificio-deja-tres-muertas-y-cuatro-heridos\/","url":"https:\/\/www.diario21.tv\/noticias\/tragedia-en-miranda-de-ebro-incendio-en-edificio-deja-tres-muertas-y-cuatro-heridos\/","name":"\u00a1Tragedia en Miranda de Ebro! Incendio en edificio deja tres muertas y cuatro heridos - Diario 21","isPartOf":{"@id":"https:\/\/www.diario21.tv\/noticias\/#website"},"primaryImageOfPage":{"@id":"https:\/\/www.diario21.tv\/noticias\/tragedia-en-miranda-de-ebro-incendio-en-edificio-deja-tres-muertas-y-cuatro-heridos\/#primaryimage"},"image":{"@id":"https:\/\/www.diario21.tv\/noticias\/tragedia-en-miranda-de-ebro-incendio-en-edificio-deja-tres-muertas-y-cuatro-heridos\/#primaryimage"},"thumbnailUrl":"https:\/\/www.diario21.tv\/noticias\/wp-content\/uploads\/2026\/03\/\u00a1Tragedia-en-Miranda-de-Ebro-Incendio-en-edificio-deja-tres.jpg","datePublished":"2026-03-13T01:10:23+00:00","dateModified":"2026-03-13T01:10:25+00:00","author":{"@id":"https:\/\/www.diario21.tv\/noticias\/#\/schema\/person\/dfb778f73814d8f09f302618446a526b"},"breadcrumb":{"@id":"https:\/\/www.diario21.tv\/noticias\/tragedia-en-miranda-de-ebro-incendio-en-edificio-deja-tres-muertas-y-cuatro-heridos\/#breadcrumb"},"inLanguage":"es-AR","potentialAction":[{"@type":"ReadAction","target":["https:\/\/www.diario21.tv\/noticias\/tragedia-en-miranda-de-ebro-incendio-en-edificio-deja-tres-muertas-y-cuatro-heridos\/"]}]},{"@type":"ImageObject","inLanguage":"es-AR","@id":"https:\/\/www.diario21.tv\/noticias\/tragedia-en-miranda-de-ebro-incendio-en-edificio-deja-tres-muertas-y-cuatro-heridos\/#primaryimage","url":"https:\/\/www.diario21.tv\/noticias\/wp-content\/uploads\/2026\/03\/\u00a1Tragedia-en-Miranda-de-Ebro-Incendio-en-edificio-deja-tres.jpg","contentUrl":"https:\/\/www.diario21.tv\/noticias\/wp-content\/uploads\/2026\/03\/\u00a1Tragedia-en-Miranda-de-Ebro-Incendio-en-edificio-deja-tres.jpg","width":1200,"height":840,"caption":"Tres muertas y cuatro heridos en el incendio de un edificio de viviendas en Miranda de Ebro"},{"@type":"BreadcrumbList","@id":"https:\/\/www.diario21.tv\/noticias\/tragedia-en-miranda-de-ebro-incendio-en-edificio-deja-tres-muertas-y-cuatro-heridos\/#breadcrumb","itemListElement":[{"@type":"ListItem","position":1,"name":"Accueil","item":"https:\/\/www.diario21.tv\/noticias\/"},{"@type":"ListItem","position":2,"name":"\u00a1Tragedia en Miranda de Ebro! Incendio en edificio deja tres muertas y cuatro heridos"}]},{"@type":"WebSite","@id":"https:\/\/www.diario21.tv\/noticias\/#website","url":"https:\/\/www.diario21.tv\/noticias\/","name":"Diario 21","description":"","potentialAction":[{"@type":"SearchAction","target":{"@type":"EntryPoint","urlTemplate":"https:\/\/www.diario21.tv\/noticias\/?s={search_term_string}"},"query-input":{"@type":"PropertyValueSpecification","valueRequired":true,"valueName":"search_term_string"}}],"inLanguage":"es-AR"},{"@type":"Person","@id":"https:\/\/www.diario21.tv\/noticias\/#\/schema\/person\/dfb778f73814d8f09f302618446a526b","name":"Juan P\u00e9rez","image":{"@type":"ImageObject","inLanguage":"es-AR","@id":"https:\/\/www.diario21.tv\/noticias\/#\/schema\/person\/image\/","url":"https:\/\/secure.gravatar.com\/avatar\/c478a405bd10621167f4c3167cc770f5?s=96&d=mm&r=g","contentUrl":"https:\/\/secure.gravatar.com\/avatar\/c478a405bd10621167f4c3167cc770f5?s=96&d=mm&r=g","caption":"Juan P\u00e9rez"},"description":"Juan P\u00e9rez es el redactor en jefe de Diario 21. Con m\u00e1s de 10 a\u00f1os de experiencia en el periodismo, se especializa en pol\u00edtica nacional y an\u00e1lisis socioecon\u00f3mico. Su enfoque cr\u00edtico y riguroso aporta una perspectiva \u00fanica a cada art\u00edculo.","sameAs":["https:\/\/www.diario21.tv\/noticias\/"],"url":"https:\/\/www.diario21.tv\/noticias\/author\/juan-perez\/"}]}},"_links":{"self":[{"href":"https:\/\/www.diario21.tv\/noticias\/wp-json\/wp\/v2\/posts\/6519"}],"collection":[{"href":"https:\/\/www.diario21.tv\/noticias\/wp-json\/wp\/v2\/posts"}],"about":[{"href":"https:\/\/www.diario21.tv\/noticias\/wp-json\/wp\/v2\/types\/post"}],"author":[{"embeddable":true,"href":"https:\/\/www.diario21.tv\/noticias\/wp-json\/wp\/v2\/users\/20"}],"replies":[{"embeddable":true,"href":"https:\/\/www.diario21.tv\/noticias\/wp-json\/wp\/v2\/comments?post=6519"}],"version-history":[{"count":1,"href":"https:\/\/www.diario21.tv\/noticias\/wp-json\/wp\/v2\/posts\/6519\/revisions"}],"predecessor-version":[{"id":6521,"href":"https:\/\/www.diario21.tv\/noticias\/wp-json\/wp\/v2\/posts\/6519\/revisions\/6521"}],"wp:featuredmedia":[{"embeddable":true,"href":"https:\/\/www.diario21.tv\/noticias\/wp-json\/wp\/v2\/media\/6520"}],"wp:attachment":[{"href":"https:\/\/www.diario21.tv\/noticias\/wp-json\/wp\/v2\/media?parent=6519"}],"wp:term":[{"taxonomy":"category","embeddable":true,"href":"https:\/\/www.diario21.tv\/noticias\/wp-json\/wp\/v2\/categories?post=6519"},{"taxonomy":"post_tag","embeddable":true,"href":"https:\/\/www.diario21.tv\/noticias\/wp-json\/wp\/v2\/tags?post=6519"}],"curies":[{"name":"wp","href":"https:\/\/api.w.org\/{rel}","templated":true}]}}