{"id":6516,"date":"2026-03-12T19:09:32","date_gmt":"2026-03-12T19:09:32","guid":{"rendered":"https:\/\/www.diario21.tv\/noticias\/sanchez-presenta-hodio-descubre-como-mide-el-odio-en-redes-sociales\/"},"modified":"2026-03-12T19:09:33","modified_gmt":"2026-03-12T19:09:33","slug":"sanchez-presenta-hodio-descubre-como-mide-el-odio-en-redes-sociales","status":"publish","type":"post","link":"https:\/\/www.diario21.tv\/noticias\/sanchez-presenta-hodio-descubre-como-mide-el-odio-en-redes-sociales\/","title":{"rendered":"S\u00e1nchez presenta &#8216;Hodio&#8217;: \u00a1Descubre c\u00f3mo mide el odio en redes sociales!"},"content":{"rendered":"<h2>S\u00e1nchez presenta &#8216;Hodio&#8217;, una nueva herramienta para evaluar la expansi\u00f3n del discurso de odio en las redes sociales<\/h2>\n<p>En un esfuerzo por combatir y monitorizar la propagaci\u00f3n de discursos de odio en las plataformas digitales, el l\u00edder pol\u00edtico S\u00e1nchez ha introducido una innovadora aplicaci\u00f3n denominada &#8216;Hodio&#8217;. Esta herramienta est\u00e1 dise\u00f1ada para analizar y medir la influencia y expansi\u00f3n de contenidos nocivos en las redes sociales, proporcionando un mecanismo m\u00e1s efectivo para identificar y abordar estas problem\u00e1ticas.<\/p>\n<h3>Funcionalidad y objetivos de &#8216;Hodio&#8217;<\/h3>\n<p>&#8216;Hodio&#8217; opera mediante el uso de avanzadas tecnolog\u00edas de procesamiento de lenguaje natural y algoritmos de aprendizaje autom\u00e1tico que le permiten detectar patrones y tendencias de lenguaje que califican como discurso de odio. La herramienta no solo identifica las instancias de este tipo de discurso, sino que tambi\u00e9n analiza su alcance y las interacciones que genera en las redes. De esta manera, &#8216;Hodio&#8217; busca ofrecer una perspectiva m\u00e1s clara del impacto real que el discurso de odio tiene en la sociedad.<\/p>\n<p>Uno de los principales objetivos de esta herramienta es proporcionar a los responsables de la formulaci\u00f3n de pol\u00edticas y a los investigadores datos concretos y cuantificables sobre los que puedan basar sus estrategias de intervenci\u00f3n. Asimismo, se espera que &#8216;Hodio&#8217; sirva como un recurso valioso para las organizaciones que trabajan en la defensa de los derechos humanos y la prevenci\u00f3n del odio en l\u00ednea.<\/p>\n<h3>Impacto esperado y desaf\u00edos potenciales<\/h3>\n<p>El lanzamiento de &#8216;Hodio&#8217; ha generado expectativas entre expertos en tecnolog\u00eda y activismo social, quienes ven en esta herramienta un potencial significativo para cambiar la manera en que se abordan los discursos de odio en internet. Sin embargo, tambi\u00e9n reconocen que existen desaf\u00edos significativos, como la precisi\u00f3n en la identificaci\u00f3n del discurso de odio, dado lo complejo que puede ser interpretar el contexto y la intenci\u00f3n detr\u00e1s de las palabras.<\/p>\n<p>Otro desaf\u00edo importante es la protecci\u00f3n de la privacidad y la seguridad de los datos. Al trabajar con grandes vol\u00famenes de informaci\u00f3n personal, es crucial que &#8216;Hodio&#8217; implemente medidas robustas para asegurar que los datos se manejen de manera \u00e9tica y segura, evitando abusos o filtraciones.<\/p>\n<h3>Conclusiones y pr\u00f3ximos pasos<\/h3>\n<p>Con la introducci\u00f3n de &#8216;Hodio&#8217;, S\u00e1nchez ha dado un paso importante hacia la comprensi\u00f3n y mitigaci\u00f3n del discurso de odio en las plataformas de redes sociales. Esta herramienta no solo ofrece la posibilidad de medir con precisi\u00f3n la prevalencia y el impacto del odio en l\u00ednea, sino que tambi\u00e9n proporciona una base para futuras acciones y pol\u00edticas dirigidas a combatir este grave problema.<\/p>\n<p>En los pr\u00f3ximos meses, se espera que &#8216;Hodio&#8217; sea puesta a prueba en diversos entornos y situaciones para evaluar su eficacia y realizar ajustes necesarios. La colaboraci\u00f3n entre tecn\u00f3logos, acad\u00e9micos, y activistas ser\u00e1 crucial para maximizar el potencial de la herramienta y asegurar que contribuya de manera significativa a la creaci\u00f3n de un entorno digital m\u00e1s seguro y respetuoso para todos.<\/p>\n\n\n<div class=\"kk-star-ratings kksr-auto kksr-align-left kksr-valign-bottom\"\n    data-payload='{&quot;align&quot;:&quot;left&quot;,&quot;id&quot;:&quot;6516&quot;,&quot;slug&quot;:&quot;default&quot;,&quot;valign&quot;:&quot;bottom&quot;,&quot;ignore&quot;:&quot;&quot;,&quot;reference&quot;:&quot;auto&quot;,&quot;class&quot;:&quot;&quot;,&quot;count&quot;:&quot;0&quot;,&quot;legendonly&quot;:&quot;&quot;,&quot;readonly&quot;:&quot;&quot;,&quot;score&quot;:&quot;0&quot;,&quot;starsonly&quot;:&quot;&quot;,&quot;best&quot;:&quot;5&quot;,&quot;gap&quot;:&quot;5&quot;,&quot;greet&quot;:&quot;Valora este post&quot;,&quot;legend&quot;:&quot;0\\\/5 - (0 votes)&quot;,&quot;size&quot;:&quot;22&quot;,&quot;title&quot;:&quot;S\u00e1nchez presenta \\u0026#039;Hodio\\u0026#039;: \u00a1Descubre c\u00f3mo mide el odio en redes sociales!&quot;,&quot;width&quot;:&quot;0&quot;,&quot;_legend&quot;:&quot;{score}\\\/{best} - ({count} {votes})&quot;,&quot;font_factor&quot;:&quot;1.25&quot;}'>\n            \n<div class=\"kksr-stars\">\n    \n<div class=\"kksr-stars-inactive\">\n            <div class=\"kksr-star\" data-star=\"1\" style=\"padding-right: 5px\">\n            \n\n<div class=\"kksr-icon\" style=\"width: 22px; height: 22px;\"><\/div>\n        <\/div>\n            <div class=\"kksr-star\" data-star=\"2\" style=\"padding-right: 5px\">\n            \n\n<div class=\"kksr-icon\" style=\"width: 22px; height: 22px;\"><\/div>\n        <\/div>\n            <div class=\"kksr-star\" data-star=\"3\" style=\"padding-right: 5px\">\n            \n\n<div class=\"kksr-icon\" style=\"width: 22px; height: 22px;\"><\/div>\n        <\/div>\n            <div class=\"kksr-star\" data-star=\"4\" style=\"padding-right: 5px\">\n            \n\n<div class=\"kksr-icon\" style=\"width: 22px; height: 22px;\"><\/div>\n        <\/div>\n            <div class=\"kksr-star\" data-star=\"5\" style=\"padding-right: 5px\">\n            \n\n<div class=\"kksr-icon\" style=\"width: 22px; height: 22px;\"><\/div>\n        <\/div>\n    <\/div>\n    \n<div class=\"kksr-stars-active\" style=\"width: 0px;\">\n            <div class=\"kksr-star\" style=\"padding-right: 5px\">\n            \n\n<div class=\"kksr-icon\" style=\"width: 22px; height: 22px;\"><\/div>\n        <\/div>\n            <div class=\"kksr-star\" style=\"padding-right: 5px\">\n            \n\n<div class=\"kksr-icon\" style=\"width: 22px; height: 22px;\"><\/div>\n        <\/div>\n            <div class=\"kksr-star\" style=\"padding-right: 5px\">\n            \n\n<div class=\"kksr-icon\" style=\"width: 22px; height: 22px;\"><\/div>\n        <\/div>\n            <div class=\"kksr-star\" style=\"padding-right: 5px\">\n            \n\n<div class=\"kksr-icon\" style=\"width: 22px; height: 22px;\"><\/div>\n        <\/div>\n            <div class=\"kksr-star\" style=\"padding-right: 5px\">\n            \n\n<div class=\"kksr-icon\" style=\"width: 22px; height: 22px;\"><\/div>\n        <\/div>\n    <\/div>\n<\/div>\n                \n\n<div class=\"kksr-legend\" style=\"font-size: 17.6px;\">\n            <span class=\"kksr-muted\">Valora este post<\/span>\n    <\/div>\n    <\/div>\n","protected":false},"excerpt":{"rendered":"<p>S\u00e1nchez presenta &#8216;Hodio&#8217;, una nueva herramienta para evaluar la expansi\u00f3n del discurso de odio en las redes sociales En un esfuerzo por combatir y monitorizar la &#8230; <a title=\"S\u00e1nchez presenta &#8216;Hodio&#8217;: \u00a1Descubre c\u00f3mo mide el odio en redes sociales!\" class=\"read-more\" href=\"https:\/\/www.diario21.tv\/noticias\/sanchez-presenta-hodio-descubre-como-mide-el-odio-en-redes-sociales\/\" aria-label=\"Leer m\u00e1s sobre S\u00e1nchez presenta &#8216;Hodio&#8217;: \u00a1Descubre c\u00f3mo mide el odio en redes sociales!\">Seguir leyendo &rarr;<\/a><\/p>\n","protected":false},"author":20,"featured_media":6517,"comment_status":"open","ping_status":"open","sticky":false,"template":"","format":"standard","meta":{"footnotes":""},"categories":[13],"tags":[],"class_list":["post-6516","post","type-post","status-publish","format-standard","has-post-thumbnail","hentry","category-portada"],"yoast_head":"<!-- This site is optimized with the Yoast SEO plugin v25.6 - https:\/\/yoast.com\/wordpress\/plugins\/seo\/ -->\n<title>S\u00e1nchez presenta &#039;Hodio&#039;: \u00a1Descubre c\u00f3mo mide el odio en redes sociales! - Diario 21<\/title>\n<meta name=\"robots\" content=\"index, follow, max-snippet:-1, max-image-preview:large, max-video-preview:-1\" \/>\n<link rel=\"canonical\" href=\"https:\/\/www.diario21.tv\/noticias\/sanchez-presenta-hodio-descubre-como-mide-el-odio-en-redes-sociales\/\" \/>\n<meta property=\"og:locale\" content=\"es_ES\" \/>\n<meta property=\"og:type\" content=\"article\" \/>\n<meta property=\"og:title\" content=\"S\u00e1nchez presenta &#039;Hodio&#039;: \u00a1Descubre c\u00f3mo mide el odio en redes sociales! - Diario 21\" \/>\n<meta property=\"og:description\" content=\"S\u00e1nchez presenta &#8216;Hodio&#8217;, una nueva herramienta para evaluar la expansi\u00f3n del discurso de odio en las redes sociales En un esfuerzo por combatir y monitorizar la ... Seguir leyendo &rarr;\" \/>\n<meta property=\"og:url\" content=\"https:\/\/www.diario21.tv\/noticias\/sanchez-presenta-hodio-descubre-como-mide-el-odio-en-redes-sociales\/\" \/>\n<meta property=\"og:site_name\" content=\"Diario 21\" \/>\n<meta property=\"article:published_time\" content=\"2026-03-12T19:09:32+00:00\" \/>\n<meta property=\"article:modified_time\" content=\"2026-03-12T19:09:33+00:00\" \/>\n<meta property=\"og:image\" content=\"https:\/\/www.diario21.tv\/noticias\/wp-content\/uploads\/2026\/03\/Sanchez-presenta-Hodio-\u00a1Descubre-como-mide-el-odio-en-redes.JPG\" \/>\n\t<meta property=\"og:image:width\" content=\"1200\" \/>\n\t<meta property=\"og:image:height\" content=\"840\" \/>\n\t<meta property=\"og:image:type\" content=\"image\/jpeg\" \/>\n<meta name=\"author\" content=\"Juan P\u00e9rez\" \/>\n<meta name=\"twitter:card\" content=\"summary_large_image\" \/>\n<meta name=\"twitter:label1\" content=\"Escrito por\" \/>\n\t<meta name=\"twitter:data1\" content=\"Juan P\u00e9rez\" \/>\n\t<meta name=\"twitter:label2\" content=\"Tiempo de lectura\" \/>\n\t<meta name=\"twitter:data2\" content=\"3 minutos\" \/>\n<script type=\"application\/ld+json\" class=\"yoast-schema-graph\">{\"@context\":\"https:\/\/schema.org\",\"@graph\":[{\"@type\":\"WebPage\",\"@id\":\"https:\/\/www.diario21.tv\/noticias\/sanchez-presenta-hodio-descubre-como-mide-el-odio-en-redes-sociales\/\",\"url\":\"https:\/\/www.diario21.tv\/noticias\/sanchez-presenta-hodio-descubre-como-mide-el-odio-en-redes-sociales\/\",\"name\":\"S\u00e1nchez presenta 'Hodio': \u00a1Descubre c\u00f3mo mide el odio en redes sociales! - Diario 21\",\"isPartOf\":{\"@id\":\"https:\/\/www.diario21.tv\/noticias\/#website\"},\"primaryImageOfPage\":{\"@id\":\"https:\/\/www.diario21.tv\/noticias\/sanchez-presenta-hodio-descubre-como-mide-el-odio-en-redes-sociales\/#primaryimage\"},\"image\":{\"@id\":\"https:\/\/www.diario21.tv\/noticias\/sanchez-presenta-hodio-descubre-como-mide-el-odio-en-redes-sociales\/#primaryimage\"},\"thumbnailUrl\":\"https:\/\/www.diario21.tv\/noticias\/wp-content\/uploads\/2026\/03\/Sanchez-presenta-Hodio-\u00a1Descubre-como-mide-el-odio-en-redes.JPG\",\"datePublished\":\"2026-03-12T19:09:32+00:00\",\"dateModified\":\"2026-03-12T19:09:33+00:00\",\"author\":{\"@id\":\"https:\/\/www.diario21.tv\/noticias\/#\/schema\/person\/dfb778f73814d8f09f302618446a526b\"},\"breadcrumb\":{\"@id\":\"https:\/\/www.diario21.tv\/noticias\/sanchez-presenta-hodio-descubre-como-mide-el-odio-en-redes-sociales\/#breadcrumb\"},\"inLanguage\":\"es-AR\",\"potentialAction\":[{\"@type\":\"ReadAction\",\"target\":[\"https:\/\/www.diario21.tv\/noticias\/sanchez-presenta-hodio-descubre-como-mide-el-odio-en-redes-sociales\/\"]}]},{\"@type\":\"ImageObject\",\"inLanguage\":\"es-AR\",\"@id\":\"https:\/\/www.diario21.tv\/noticias\/sanchez-presenta-hodio-descubre-como-mide-el-odio-en-redes-sociales\/#primaryimage\",\"url\":\"https:\/\/www.diario21.tv\/noticias\/wp-content\/uploads\/2026\/03\/Sanchez-presenta-Hodio-\u00a1Descubre-como-mide-el-odio-en-redes.JPG\",\"contentUrl\":\"https:\/\/www.diario21.tv\/noticias\/wp-content\/uploads\/2026\/03\/Sanchez-presenta-Hodio-\u00a1Descubre-como-mide-el-odio-en-redes.JPG\",\"width\":1200,\"height\":840,\"caption\":\"S\u00e1nchez lanza &#039;Hodio&#039;, una herramienta para medir el alcance de discursos de odio en redes sociales\"},{\"@type\":\"BreadcrumbList\",\"@id\":\"https:\/\/www.diario21.tv\/noticias\/sanchez-presenta-hodio-descubre-como-mide-el-odio-en-redes-sociales\/#breadcrumb\",\"itemListElement\":[{\"@type\":\"ListItem\",\"position\":1,\"name\":\"Accueil\",\"item\":\"https:\/\/www.diario21.tv\/noticias\/\"},{\"@type\":\"ListItem\",\"position\":2,\"name\":\"S\u00e1nchez presenta &#8216;Hodio&#8217;: \u00a1Descubre c\u00f3mo mide el odio en redes sociales!\"}]},{\"@type\":\"WebSite\",\"@id\":\"https:\/\/www.diario21.tv\/noticias\/#website\",\"url\":\"https:\/\/www.diario21.tv\/noticias\/\",\"name\":\"Diario 21\",\"description\":\"\",\"potentialAction\":[{\"@type\":\"SearchAction\",\"target\":{\"@type\":\"EntryPoint\",\"urlTemplate\":\"https:\/\/www.diario21.tv\/noticias\/?s={search_term_string}\"},\"query-input\":{\"@type\":\"PropertyValueSpecification\",\"valueRequired\":true,\"valueName\":\"search_term_string\"}}],\"inLanguage\":\"es-AR\"},{\"@type\":\"Person\",\"@id\":\"https:\/\/www.diario21.tv\/noticias\/#\/schema\/person\/dfb778f73814d8f09f302618446a526b\",\"name\":\"Juan P\u00e9rez\",\"image\":{\"@type\":\"ImageObject\",\"inLanguage\":\"es-AR\",\"@id\":\"https:\/\/www.diario21.tv\/noticias\/#\/schema\/person\/image\/\",\"url\":\"https:\/\/secure.gravatar.com\/avatar\/c478a405bd10621167f4c3167cc770f5?s=96&d=mm&r=g\",\"contentUrl\":\"https:\/\/secure.gravatar.com\/avatar\/c478a405bd10621167f4c3167cc770f5?s=96&d=mm&r=g\",\"caption\":\"Juan P\u00e9rez\"},\"description\":\"Juan P\u00e9rez es el redactor en jefe de Diario 21. Con m\u00e1s de 10 a\u00f1os de experiencia en el periodismo, se especializa en pol\u00edtica nacional y an\u00e1lisis socioecon\u00f3mico. Su enfoque cr\u00edtico y riguroso aporta una perspectiva \u00fanica a cada art\u00edculo.\",\"sameAs\":[\"https:\/\/www.diario21.tv\/noticias\/\"],\"url\":\"https:\/\/www.diario21.tv\/noticias\/author\/juan-perez\/\"}]}<\/script>\n<!-- \/ Yoast SEO plugin. -->","yoast_head_json":{"title":"S\u00e1nchez presenta 'Hodio': \u00a1Descubre c\u00f3mo mide el odio en redes sociales! - Diario 21","robots":{"index":"index","follow":"follow","max-snippet":"max-snippet:-1","max-image-preview":"max-image-preview:large","max-video-preview":"max-video-preview:-1"},"canonical":"https:\/\/www.diario21.tv\/noticias\/sanchez-presenta-hodio-descubre-como-mide-el-odio-en-redes-sociales\/","og_locale":"es_ES","og_type":"article","og_title":"S\u00e1nchez presenta 'Hodio': \u00a1Descubre c\u00f3mo mide el odio en redes sociales! - Diario 21","og_description":"S\u00e1nchez presenta &#8216;Hodio&#8217;, una nueva herramienta para evaluar la expansi\u00f3n del discurso de odio en las redes sociales En un esfuerzo por combatir y monitorizar la ... Seguir leyendo &rarr;","og_url":"https:\/\/www.diario21.tv\/noticias\/sanchez-presenta-hodio-descubre-como-mide-el-odio-en-redes-sociales\/","og_site_name":"Diario 21","article_published_time":"2026-03-12T19:09:32+00:00","article_modified_time":"2026-03-12T19:09:33+00:00","og_image":[{"width":1200,"height":840,"url":"https:\/\/www.diario21.tv\/noticias\/wp-content\/uploads\/2026\/03\/Sanchez-presenta-Hodio-\u00a1Descubre-como-mide-el-odio-en-redes.JPG","type":"image\/jpeg"}],"author":"Juan P\u00e9rez","twitter_card":"summary_large_image","twitter_misc":{"Escrito por":"Juan P\u00e9rez","Tiempo de lectura":"3 minutos"},"schema":{"@context":"https:\/\/schema.org","@graph":[{"@type":"WebPage","@id":"https:\/\/www.diario21.tv\/noticias\/sanchez-presenta-hodio-descubre-como-mide-el-odio-en-redes-sociales\/","url":"https:\/\/www.diario21.tv\/noticias\/sanchez-presenta-hodio-descubre-como-mide-el-odio-en-redes-sociales\/","name":"S\u00e1nchez presenta 'Hodio': \u00a1Descubre c\u00f3mo mide el odio en redes sociales! - Diario 21","isPartOf":{"@id":"https:\/\/www.diario21.tv\/noticias\/#website"},"primaryImageOfPage":{"@id":"https:\/\/www.diario21.tv\/noticias\/sanchez-presenta-hodio-descubre-como-mide-el-odio-en-redes-sociales\/#primaryimage"},"image":{"@id":"https:\/\/www.diario21.tv\/noticias\/sanchez-presenta-hodio-descubre-como-mide-el-odio-en-redes-sociales\/#primaryimage"},"thumbnailUrl":"https:\/\/www.diario21.tv\/noticias\/wp-content\/uploads\/2026\/03\/Sanchez-presenta-Hodio-\u00a1Descubre-como-mide-el-odio-en-redes.JPG","datePublished":"2026-03-12T19:09:32+00:00","dateModified":"2026-03-12T19:09:33+00:00","author":{"@id":"https:\/\/www.diario21.tv\/noticias\/#\/schema\/person\/dfb778f73814d8f09f302618446a526b"},"breadcrumb":{"@id":"https:\/\/www.diario21.tv\/noticias\/sanchez-presenta-hodio-descubre-como-mide-el-odio-en-redes-sociales\/#breadcrumb"},"inLanguage":"es-AR","potentialAction":[{"@type":"ReadAction","target":["https:\/\/www.diario21.tv\/noticias\/sanchez-presenta-hodio-descubre-como-mide-el-odio-en-redes-sociales\/"]}]},{"@type":"ImageObject","inLanguage":"es-AR","@id":"https:\/\/www.diario21.tv\/noticias\/sanchez-presenta-hodio-descubre-como-mide-el-odio-en-redes-sociales\/#primaryimage","url":"https:\/\/www.diario21.tv\/noticias\/wp-content\/uploads\/2026\/03\/Sanchez-presenta-Hodio-\u00a1Descubre-como-mide-el-odio-en-redes.JPG","contentUrl":"https:\/\/www.diario21.tv\/noticias\/wp-content\/uploads\/2026\/03\/Sanchez-presenta-Hodio-\u00a1Descubre-como-mide-el-odio-en-redes.JPG","width":1200,"height":840,"caption":"S\u00e1nchez lanza &#039;Hodio&#039;, una herramienta para medir el alcance de discursos de odio en redes sociales"},{"@type":"BreadcrumbList","@id":"https:\/\/www.diario21.tv\/noticias\/sanchez-presenta-hodio-descubre-como-mide-el-odio-en-redes-sociales\/#breadcrumb","itemListElement":[{"@type":"ListItem","position":1,"name":"Accueil","item":"https:\/\/www.diario21.tv\/noticias\/"},{"@type":"ListItem","position":2,"name":"S\u00e1nchez presenta &#8216;Hodio&#8217;: \u00a1Descubre c\u00f3mo mide el odio en redes sociales!"}]},{"@type":"WebSite","@id":"https:\/\/www.diario21.tv\/noticias\/#website","url":"https:\/\/www.diario21.tv\/noticias\/","name":"Diario 21","description":"","potentialAction":[{"@type":"SearchAction","target":{"@type":"EntryPoint","urlTemplate":"https:\/\/www.diario21.tv\/noticias\/?s={search_term_string}"},"query-input":{"@type":"PropertyValueSpecification","valueRequired":true,"valueName":"search_term_string"}}],"inLanguage":"es-AR"},{"@type":"Person","@id":"https:\/\/www.diario21.tv\/noticias\/#\/schema\/person\/dfb778f73814d8f09f302618446a526b","name":"Juan P\u00e9rez","image":{"@type":"ImageObject","inLanguage":"es-AR","@id":"https:\/\/www.diario21.tv\/noticias\/#\/schema\/person\/image\/","url":"https:\/\/secure.gravatar.com\/avatar\/c478a405bd10621167f4c3167cc770f5?s=96&d=mm&r=g","contentUrl":"https:\/\/secure.gravatar.com\/avatar\/c478a405bd10621167f4c3167cc770f5?s=96&d=mm&r=g","caption":"Juan P\u00e9rez"},"description":"Juan P\u00e9rez es el redactor en jefe de Diario 21. Con m\u00e1s de 10 a\u00f1os de experiencia en el periodismo, se especializa en pol\u00edtica nacional y an\u00e1lisis socioecon\u00f3mico. Su enfoque cr\u00edtico y riguroso aporta una perspectiva \u00fanica a cada art\u00edculo.","sameAs":["https:\/\/www.diario21.tv\/noticias\/"],"url":"https:\/\/www.diario21.tv\/noticias\/author\/juan-perez\/"}]}},"_links":{"self":[{"href":"https:\/\/www.diario21.tv\/noticias\/wp-json\/wp\/v2\/posts\/6516"}],"collection":[{"href":"https:\/\/www.diario21.tv\/noticias\/wp-json\/wp\/v2\/posts"}],"about":[{"href":"https:\/\/www.diario21.tv\/noticias\/wp-json\/wp\/v2\/types\/post"}],"author":[{"embeddable":true,"href":"https:\/\/www.diario21.tv\/noticias\/wp-json\/wp\/v2\/users\/20"}],"replies":[{"embeddable":true,"href":"https:\/\/www.diario21.tv\/noticias\/wp-json\/wp\/v2\/comments?post=6516"}],"version-history":[{"count":1,"href":"https:\/\/www.diario21.tv\/noticias\/wp-json\/wp\/v2\/posts\/6516\/revisions"}],"predecessor-version":[{"id":6518,"href":"https:\/\/www.diario21.tv\/noticias\/wp-json\/wp\/v2\/posts\/6516\/revisions\/6518"}],"wp:featuredmedia":[{"embeddable":true,"href":"https:\/\/www.diario21.tv\/noticias\/wp-json\/wp\/v2\/media\/6517"}],"wp:attachment":[{"href":"https:\/\/www.diario21.tv\/noticias\/wp-json\/wp\/v2\/media?parent=6516"}],"wp:term":[{"taxonomy":"category","embeddable":true,"href":"https:\/\/www.diario21.tv\/noticias\/wp-json\/wp\/v2\/categories?post=6516"},{"taxonomy":"post_tag","embeddable":true,"href":"https:\/\/www.diario21.tv\/noticias\/wp-json\/wp\/v2\/tags?post=6516"}],"curies":[{"name":"wp","href":"https:\/\/api.w.org\/{rel}","templated":true}]}}