{"id":6513,"date":"2026-03-12T13:07:33","date_gmt":"2026-03-12T13:07:33","guid":{"rendered":"https:\/\/www.diario21.tv\/noticias\/covid-persistente-pacientes-abandonados-clamor-por-ayuda-de-empresas-y-autoridades\/"},"modified":"2026-03-12T13:07:34","modified_gmt":"2026-03-12T13:07:34","slug":"covid-persistente-pacientes-abandonados-clamor-por-ayuda-de-empresas-y-autoridades","status":"publish","type":"post","link":"https:\/\/www.diario21.tv\/noticias\/covid-persistente-pacientes-abandonados-clamor-por-ayuda-de-empresas-y-autoridades\/","title":{"rendered":"Covid persistente: Pacientes abandonados clamor por ayuda de empresas y autoridades"},"content":{"rendered":"<h2>Pacientes con covid prolongado se sienten desamparados por instituciones y corporaciones<\/h2>\n<p>A medida que el mundo contin\u00faa lidiando con las repercusiones de la pandemia de COVID-19, un grupo particular de pacientes se encuentra en una encrucijada desalentadora. Se trata de aquellos que sufren de covid persistente, una condici\u00f3n que se caracteriza por la prolongaci\u00f3n de s\u00edntomas despu\u00e9s de la fase inicial de la infecci\u00f3n. A pesar de la creciente conciencia sobre esta condici\u00f3n, muchos de estos pacientes se sienten dejados de lado tanto por las autoridades de salud p\u00fablica como por las empresas para las que trabajan.<\/p>\n<h3>Un grito de ayuda ignorado<\/h3>\n<p>Los individuos afectados por el covid prolongado a menudo experimentan una variedad de s\u00edntomas que pueden incluir fatiga extrema, problemas respiratorios, dolores musculares y dificultades cognitivas, entre otros. Estos s\u00edntomas no solo afectan su calidad de vida, sino que tambi\u00e9n limitan su capacidad para trabajar y realizar actividades diarias. Sin embargo, muchos expresan que sus llamados de auxilio y b\u00fasqueda de soporte no encuentran eco en las esferas que podr\u00edan ofrecerles ayuda concreta.<\/p>\n<p>Las pol\u00edticas de salud p\u00fablica, que inicialmente se centraron en la contenci\u00f3n del virus y la vacunaci\u00f3n, han sido lentas en adaptarse a las necesidades de los pacientes con s\u00edntomas prolongados. De igual forma, las empresas no siempre han reconocido o facilitado las necesidades especiales que requieren estos empleados para continuar o reintegrarse a sus puestos de trabajo.<\/p>\n<h3>La lucha en el \u00e1mbito laboral<\/h3>\n<p>Dentro del \u00e1mbito laboral, los desaf\u00edos son significativos. Algunos pacientes de covid persistente se enfrentan a la incomprensi\u00f3n y la falta de apoyo por parte de sus empleadores. Esto incluye la dificultad de obtener ajustes razonables en sus lugares de trabajo, como horarios flexibles o la opci\u00f3n de trabajar desde casa. Adem\u00e1s, la incertidumbre sobre la naturaleza y la duraci\u00f3n de la enfermedad complica a\u00fan m\u00e1s su situaci\u00f3n, dejando a muchos en un limbo laboral y financiero.<\/p>\n<h3>La respuesta de las autoridades<\/h3>\n<p>A nivel gubernamental, ha habido algunos avances en el reconocimiento y tratamiento del covid prolongado, pero a\u00fan queda mucho por hacer. Las pol\u00edticas y programas espec\u00edficos dirigidos a apoyar a estos pacientes son todav\u00eda escasos y, en muchos casos, la informaci\u00f3n sobre c\u00f3mo navegar los sistemas de salud para obtener diagn\u00f3sticos y tratamientos adecuados es insuficiente. Esto se traduce en una odisea para muchos pacientes que buscan entender su condici\u00f3n y encontrar alivio a sus s\u00edntomas.<\/p>\n<h3>Un futuro incierto<\/h3>\n<p>Para los pacientes de covid persistente, el futuro se ve incierto. La falta de reconocimiento oficial de su condici\u00f3n y la escasez de recursos dedicados a su tratamiento y rehabilitaci\u00f3n contin\u00faan siendo obst\u00e1culos importantes. Estos pacientes requieren no solo atenci\u00f3n m\u00e9dica continua, sino tambi\u00e9n apoyo psicol\u00f3gico y ajustes en sus entornos de trabajo y vida diaria.<\/p>\n<p>En resumen, a pesar de los esfuerzos por superar la pandemia, un sector de la poblaci\u00f3n afectada por el virus se siente olvidado y desatendido. La necesidad de pol\u00edticas inclusivas y comprensivas que aborden las complejidades del covid persistente es urgente, para reintegrar plenamente a estos individuos a la sociedad y mejorar su calidad de vida.<\/p>\n\n\n<div class=\"kk-star-ratings kksr-auto kksr-align-left kksr-valign-bottom\"\n    data-payload='{&quot;align&quot;:&quot;left&quot;,&quot;id&quot;:&quot;6513&quot;,&quot;slug&quot;:&quot;default&quot;,&quot;valign&quot;:&quot;bottom&quot;,&quot;ignore&quot;:&quot;&quot;,&quot;reference&quot;:&quot;auto&quot;,&quot;class&quot;:&quot;&quot;,&quot;count&quot;:&quot;0&quot;,&quot;legendonly&quot;:&quot;&quot;,&quot;readonly&quot;:&quot;&quot;,&quot;score&quot;:&quot;0&quot;,&quot;starsonly&quot;:&quot;&quot;,&quot;best&quot;:&quot;5&quot;,&quot;gap&quot;:&quot;5&quot;,&quot;greet&quot;:&quot;Valora este post&quot;,&quot;legend&quot;:&quot;0\\\/5 - (0 votes)&quot;,&quot;size&quot;:&quot;22&quot;,&quot;title&quot;:&quot;Covid persistente: Pacientes abandonados clamor por ayuda de empresas y autoridades&quot;,&quot;width&quot;:&quot;0&quot;,&quot;_legend&quot;:&quot;{score}\\\/{best} - ({count} {votes})&quot;,&quot;font_factor&quot;:&quot;1.25&quot;}'>\n            \n<div class=\"kksr-stars\">\n    \n<div class=\"kksr-stars-inactive\">\n            <div class=\"kksr-star\" data-star=\"1\" style=\"padding-right: 5px\">\n            \n\n<div class=\"kksr-icon\" style=\"width: 22px; height: 22px;\"><\/div>\n        <\/div>\n            <div class=\"kksr-star\" data-star=\"2\" style=\"padding-right: 5px\">\n            \n\n<div class=\"kksr-icon\" style=\"width: 22px; height: 22px;\"><\/div>\n        <\/div>\n            <div class=\"kksr-star\" data-star=\"3\" style=\"padding-right: 5px\">\n            \n\n<div class=\"kksr-icon\" style=\"width: 22px; height: 22px;\"><\/div>\n        <\/div>\n            <div class=\"kksr-star\" data-star=\"4\" style=\"padding-right: 5px\">\n            \n\n<div class=\"kksr-icon\" style=\"width: 22px; height: 22px;\"><\/div>\n        <\/div>\n            <div class=\"kksr-star\" data-star=\"5\" style=\"padding-right: 5px\">\n            \n\n<div class=\"kksr-icon\" style=\"width: 22px; height: 22px;\"><\/div>\n        <\/div>\n    <\/div>\n    \n<div class=\"kksr-stars-active\" style=\"width: 0px;\">\n            <div class=\"kksr-star\" style=\"padding-right: 5px\">\n            \n\n<div class=\"kksr-icon\" style=\"width: 22px; height: 22px;\"><\/div>\n        <\/div>\n            <div class=\"kksr-star\" style=\"padding-right: 5px\">\n            \n\n<div class=\"kksr-icon\" style=\"width: 22px; height: 22px;\"><\/div>\n        <\/div>\n            <div class=\"kksr-star\" style=\"padding-right: 5px\">\n            \n\n<div class=\"kksr-icon\" style=\"width: 22px; height: 22px;\"><\/div>\n        <\/div>\n            <div class=\"kksr-star\" style=\"padding-right: 5px\">\n            \n\n<div class=\"kksr-icon\" style=\"width: 22px; height: 22px;\"><\/div>\n        <\/div>\n            <div class=\"kksr-star\" style=\"padding-right: 5px\">\n            \n\n<div class=\"kksr-icon\" style=\"width: 22px; height: 22px;\"><\/div>\n        <\/div>\n    <\/div>\n<\/div>\n                \n\n<div class=\"kksr-legend\" style=\"font-size: 17.6px;\">\n            <span class=\"kksr-muted\">Valora este post<\/span>\n    <\/div>\n    <\/div>\n","protected":false},"excerpt":{"rendered":"<p>Pacientes con covid prolongado se sienten desamparados por instituciones y corporaciones A medida que el mundo contin\u00faa lidiando con las repercusiones de la pandemia de COVID-19, &#8230; <a title=\"Covid persistente: Pacientes abandonados clamor por ayuda de empresas y autoridades\" class=\"read-more\" href=\"https:\/\/www.diario21.tv\/noticias\/covid-persistente-pacientes-abandonados-clamor-por-ayuda-de-empresas-y-autoridades\/\" aria-label=\"Leer m\u00e1s sobre Covid persistente: Pacientes abandonados clamor por ayuda de empresas y autoridades\">Seguir leyendo &rarr;<\/a><\/p>\n","protected":false},"author":20,"featured_media":6514,"comment_status":"open","ping_status":"open","sticky":false,"template":"","format":"standard","meta":{"footnotes":""},"categories":[13],"tags":[],"class_list":["post-6513","post","type-post","status-publish","format-standard","has-post-thumbnail","hentry","category-portada"],"yoast_head":"<!-- This site is optimized with the Yoast SEO plugin v25.6 - https:\/\/yoast.com\/wordpress\/plugins\/seo\/ -->\n<title>Covid persistente: Pacientes abandonados clamor por ayuda de empresas y autoridades - Diario 21<\/title>\n<meta name=\"robots\" content=\"index, follow, max-snippet:-1, max-image-preview:large, max-video-preview:-1\" \/>\n<link rel=\"canonical\" href=\"https:\/\/www.diario21.tv\/noticias\/covid-persistente-pacientes-abandonados-clamor-por-ayuda-de-empresas-y-autoridades\/\" \/>\n<meta property=\"og:locale\" content=\"es_ES\" \/>\n<meta property=\"og:type\" content=\"article\" \/>\n<meta property=\"og:title\" content=\"Covid persistente: Pacientes abandonados clamor por ayuda de empresas y autoridades - Diario 21\" \/>\n<meta property=\"og:description\" content=\"Pacientes con covid prolongado se sienten desamparados por instituciones y corporaciones A medida que el mundo contin\u00faa lidiando con las repercusiones de la pandemia de COVID-19, ... Seguir leyendo &rarr;\" \/>\n<meta property=\"og:url\" content=\"https:\/\/www.diario21.tv\/noticias\/covid-persistente-pacientes-abandonados-clamor-por-ayuda-de-empresas-y-autoridades\/\" \/>\n<meta property=\"og:site_name\" content=\"Diario 21\" \/>\n<meta property=\"article:published_time\" content=\"2026-03-12T13:07:33+00:00\" \/>\n<meta property=\"article:modified_time\" content=\"2026-03-12T13:07:34+00:00\" \/>\n<meta property=\"og:image\" content=\"https:\/\/www.diario21.tv\/noticias\/wp-content\/uploads\/2026\/03\/Covid-persistente-Pacientes-abandonados-clamor-por-ayuda-de-empresas-y.jpg\" \/>\n\t<meta property=\"og:image:width\" content=\"1200\" \/>\n\t<meta property=\"og:image:height\" content=\"840\" \/>\n\t<meta property=\"og:image:type\" content=\"image\/jpeg\" \/>\n<meta name=\"author\" content=\"Juan P\u00e9rez\" \/>\n<meta name=\"twitter:card\" content=\"summary_large_image\" \/>\n<meta name=\"twitter:label1\" content=\"Escrito por\" \/>\n\t<meta name=\"twitter:data1\" content=\"Juan P\u00e9rez\" \/>\n\t<meta name=\"twitter:label2\" content=\"Tiempo de lectura\" \/>\n\t<meta name=\"twitter:data2\" content=\"3 minutos\" \/>\n<script type=\"application\/ld+json\" class=\"yoast-schema-graph\">{\"@context\":\"https:\/\/schema.org\",\"@graph\":[{\"@type\":\"WebPage\",\"@id\":\"https:\/\/www.diario21.tv\/noticias\/covid-persistente-pacientes-abandonados-clamor-por-ayuda-de-empresas-y-autoridades\/\",\"url\":\"https:\/\/www.diario21.tv\/noticias\/covid-persistente-pacientes-abandonados-clamor-por-ayuda-de-empresas-y-autoridades\/\",\"name\":\"Covid persistente: Pacientes abandonados clamor por ayuda de empresas y autoridades - Diario 21\",\"isPartOf\":{\"@id\":\"https:\/\/www.diario21.tv\/noticias\/#website\"},\"primaryImageOfPage\":{\"@id\":\"https:\/\/www.diario21.tv\/noticias\/covid-persistente-pacientes-abandonados-clamor-por-ayuda-de-empresas-y-autoridades\/#primaryimage\"},\"image\":{\"@id\":\"https:\/\/www.diario21.tv\/noticias\/covid-persistente-pacientes-abandonados-clamor-por-ayuda-de-empresas-y-autoridades\/#primaryimage\"},\"thumbnailUrl\":\"https:\/\/www.diario21.tv\/noticias\/wp-content\/uploads\/2026\/03\/Covid-persistente-Pacientes-abandonados-clamor-por-ayuda-de-empresas-y.jpg\",\"datePublished\":\"2026-03-12T13:07:33+00:00\",\"dateModified\":\"2026-03-12T13:07:34+00:00\",\"author\":{\"@id\":\"https:\/\/www.diario21.tv\/noticias\/#\/schema\/person\/dfb778f73814d8f09f302618446a526b\"},\"breadcrumb\":{\"@id\":\"https:\/\/www.diario21.tv\/noticias\/covid-persistente-pacientes-abandonados-clamor-por-ayuda-de-empresas-y-autoridades\/#breadcrumb\"},\"inLanguage\":\"es-AR\",\"potentialAction\":[{\"@type\":\"ReadAction\",\"target\":[\"https:\/\/www.diario21.tv\/noticias\/covid-persistente-pacientes-abandonados-clamor-por-ayuda-de-empresas-y-autoridades\/\"]}]},{\"@type\":\"ImageObject\",\"inLanguage\":\"es-AR\",\"@id\":\"https:\/\/www.diario21.tv\/noticias\/covid-persistente-pacientes-abandonados-clamor-por-ayuda-de-empresas-y-autoridades\/#primaryimage\",\"url\":\"https:\/\/www.diario21.tv\/noticias\/wp-content\/uploads\/2026\/03\/Covid-persistente-Pacientes-abandonados-clamor-por-ayuda-de-empresas-y.jpg\",\"contentUrl\":\"https:\/\/www.diario21.tv\/noticias\/wp-content\/uploads\/2026\/03\/Covid-persistente-Pacientes-abandonados-clamor-por-ayuda-de-empresas-y.jpg\",\"width\":1200,\"height\":840,\"caption\":\"Enfermos de covid persistente se sienten abandonados por empresas y autoridades\"},{\"@type\":\"BreadcrumbList\",\"@id\":\"https:\/\/www.diario21.tv\/noticias\/covid-persistente-pacientes-abandonados-clamor-por-ayuda-de-empresas-y-autoridades\/#breadcrumb\",\"itemListElement\":[{\"@type\":\"ListItem\",\"position\":1,\"name\":\"Accueil\",\"item\":\"https:\/\/www.diario21.tv\/noticias\/\"},{\"@type\":\"ListItem\",\"position\":2,\"name\":\"Covid persistente: Pacientes abandonados clamor por ayuda de empresas y autoridades\"}]},{\"@type\":\"WebSite\",\"@id\":\"https:\/\/www.diario21.tv\/noticias\/#website\",\"url\":\"https:\/\/www.diario21.tv\/noticias\/\",\"name\":\"Diario 21\",\"description\":\"\",\"potentialAction\":[{\"@type\":\"SearchAction\",\"target\":{\"@type\":\"EntryPoint\",\"urlTemplate\":\"https:\/\/www.diario21.tv\/noticias\/?s={search_term_string}\"},\"query-input\":{\"@type\":\"PropertyValueSpecification\",\"valueRequired\":true,\"valueName\":\"search_term_string\"}}],\"inLanguage\":\"es-AR\"},{\"@type\":\"Person\",\"@id\":\"https:\/\/www.diario21.tv\/noticias\/#\/schema\/person\/dfb778f73814d8f09f302618446a526b\",\"name\":\"Juan P\u00e9rez\",\"image\":{\"@type\":\"ImageObject\",\"inLanguage\":\"es-AR\",\"@id\":\"https:\/\/www.diario21.tv\/noticias\/#\/schema\/person\/image\/\",\"url\":\"https:\/\/secure.gravatar.com\/avatar\/c478a405bd10621167f4c3167cc770f5?s=96&d=mm&r=g\",\"contentUrl\":\"https:\/\/secure.gravatar.com\/avatar\/c478a405bd10621167f4c3167cc770f5?s=96&d=mm&r=g\",\"caption\":\"Juan P\u00e9rez\"},\"description\":\"Juan P\u00e9rez es el redactor en jefe de Diario 21. Con m\u00e1s de 10 a\u00f1os de experiencia en el periodismo, se especializa en pol\u00edtica nacional y an\u00e1lisis socioecon\u00f3mico. Su enfoque cr\u00edtico y riguroso aporta una perspectiva \u00fanica a cada art\u00edculo.\",\"sameAs\":[\"https:\/\/www.diario21.tv\/noticias\/\"],\"url\":\"https:\/\/www.diario21.tv\/noticias\/author\/juan-perez\/\"}]}<\/script>\n<!-- \/ Yoast SEO plugin. -->","yoast_head_json":{"title":"Covid persistente: Pacientes abandonados clamor por ayuda de empresas y autoridades - Diario 21","robots":{"index":"index","follow":"follow","max-snippet":"max-snippet:-1","max-image-preview":"max-image-preview:large","max-video-preview":"max-video-preview:-1"},"canonical":"https:\/\/www.diario21.tv\/noticias\/covid-persistente-pacientes-abandonados-clamor-por-ayuda-de-empresas-y-autoridades\/","og_locale":"es_ES","og_type":"article","og_title":"Covid persistente: Pacientes abandonados clamor por ayuda de empresas y autoridades - Diario 21","og_description":"Pacientes con covid prolongado se sienten desamparados por instituciones y corporaciones A medida que el mundo contin\u00faa lidiando con las repercusiones de la pandemia de COVID-19, ... Seguir leyendo &rarr;","og_url":"https:\/\/www.diario21.tv\/noticias\/covid-persistente-pacientes-abandonados-clamor-por-ayuda-de-empresas-y-autoridades\/","og_site_name":"Diario 21","article_published_time":"2026-03-12T13:07:33+00:00","article_modified_time":"2026-03-12T13:07:34+00:00","og_image":[{"width":1200,"height":840,"url":"https:\/\/www.diario21.tv\/noticias\/wp-content\/uploads\/2026\/03\/Covid-persistente-Pacientes-abandonados-clamor-por-ayuda-de-empresas-y.jpg","type":"image\/jpeg"}],"author":"Juan P\u00e9rez","twitter_card":"summary_large_image","twitter_misc":{"Escrito por":"Juan P\u00e9rez","Tiempo de lectura":"3 minutos"},"schema":{"@context":"https:\/\/schema.org","@graph":[{"@type":"WebPage","@id":"https:\/\/www.diario21.tv\/noticias\/covid-persistente-pacientes-abandonados-clamor-por-ayuda-de-empresas-y-autoridades\/","url":"https:\/\/www.diario21.tv\/noticias\/covid-persistente-pacientes-abandonados-clamor-por-ayuda-de-empresas-y-autoridades\/","name":"Covid persistente: Pacientes abandonados clamor por ayuda de empresas y autoridades - Diario 21","isPartOf":{"@id":"https:\/\/www.diario21.tv\/noticias\/#website"},"primaryImageOfPage":{"@id":"https:\/\/www.diario21.tv\/noticias\/covid-persistente-pacientes-abandonados-clamor-por-ayuda-de-empresas-y-autoridades\/#primaryimage"},"image":{"@id":"https:\/\/www.diario21.tv\/noticias\/covid-persistente-pacientes-abandonados-clamor-por-ayuda-de-empresas-y-autoridades\/#primaryimage"},"thumbnailUrl":"https:\/\/www.diario21.tv\/noticias\/wp-content\/uploads\/2026\/03\/Covid-persistente-Pacientes-abandonados-clamor-por-ayuda-de-empresas-y.jpg","datePublished":"2026-03-12T13:07:33+00:00","dateModified":"2026-03-12T13:07:34+00:00","author":{"@id":"https:\/\/www.diario21.tv\/noticias\/#\/schema\/person\/dfb778f73814d8f09f302618446a526b"},"breadcrumb":{"@id":"https:\/\/www.diario21.tv\/noticias\/covid-persistente-pacientes-abandonados-clamor-por-ayuda-de-empresas-y-autoridades\/#breadcrumb"},"inLanguage":"es-AR","potentialAction":[{"@type":"ReadAction","target":["https:\/\/www.diario21.tv\/noticias\/covid-persistente-pacientes-abandonados-clamor-por-ayuda-de-empresas-y-autoridades\/"]}]},{"@type":"ImageObject","inLanguage":"es-AR","@id":"https:\/\/www.diario21.tv\/noticias\/covid-persistente-pacientes-abandonados-clamor-por-ayuda-de-empresas-y-autoridades\/#primaryimage","url":"https:\/\/www.diario21.tv\/noticias\/wp-content\/uploads\/2026\/03\/Covid-persistente-Pacientes-abandonados-clamor-por-ayuda-de-empresas-y.jpg","contentUrl":"https:\/\/www.diario21.tv\/noticias\/wp-content\/uploads\/2026\/03\/Covid-persistente-Pacientes-abandonados-clamor-por-ayuda-de-empresas-y.jpg","width":1200,"height":840,"caption":"Enfermos de covid persistente se sienten abandonados por empresas y autoridades"},{"@type":"BreadcrumbList","@id":"https:\/\/www.diario21.tv\/noticias\/covid-persistente-pacientes-abandonados-clamor-por-ayuda-de-empresas-y-autoridades\/#breadcrumb","itemListElement":[{"@type":"ListItem","position":1,"name":"Accueil","item":"https:\/\/www.diario21.tv\/noticias\/"},{"@type":"ListItem","position":2,"name":"Covid persistente: Pacientes abandonados clamor por ayuda de empresas y autoridades"}]},{"@type":"WebSite","@id":"https:\/\/www.diario21.tv\/noticias\/#website","url":"https:\/\/www.diario21.tv\/noticias\/","name":"Diario 21","description":"","potentialAction":[{"@type":"SearchAction","target":{"@type":"EntryPoint","urlTemplate":"https:\/\/www.diario21.tv\/noticias\/?s={search_term_string}"},"query-input":{"@type":"PropertyValueSpecification","valueRequired":true,"valueName":"search_term_string"}}],"inLanguage":"es-AR"},{"@type":"Person","@id":"https:\/\/www.diario21.tv\/noticias\/#\/schema\/person\/dfb778f73814d8f09f302618446a526b","name":"Juan P\u00e9rez","image":{"@type":"ImageObject","inLanguage":"es-AR","@id":"https:\/\/www.diario21.tv\/noticias\/#\/schema\/person\/image\/","url":"https:\/\/secure.gravatar.com\/avatar\/c478a405bd10621167f4c3167cc770f5?s=96&d=mm&r=g","contentUrl":"https:\/\/secure.gravatar.com\/avatar\/c478a405bd10621167f4c3167cc770f5?s=96&d=mm&r=g","caption":"Juan P\u00e9rez"},"description":"Juan P\u00e9rez es el redactor en jefe de Diario 21. Con m\u00e1s de 10 a\u00f1os de experiencia en el periodismo, se especializa en pol\u00edtica nacional y an\u00e1lisis socioecon\u00f3mico. Su enfoque cr\u00edtico y riguroso aporta una perspectiva \u00fanica a cada art\u00edculo.","sameAs":["https:\/\/www.diario21.tv\/noticias\/"],"url":"https:\/\/www.diario21.tv\/noticias\/author\/juan-perez\/"}]}},"_links":{"self":[{"href":"https:\/\/www.diario21.tv\/noticias\/wp-json\/wp\/v2\/posts\/6513"}],"collection":[{"href":"https:\/\/www.diario21.tv\/noticias\/wp-json\/wp\/v2\/posts"}],"about":[{"href":"https:\/\/www.diario21.tv\/noticias\/wp-json\/wp\/v2\/types\/post"}],"author":[{"embeddable":true,"href":"https:\/\/www.diario21.tv\/noticias\/wp-json\/wp\/v2\/users\/20"}],"replies":[{"embeddable":true,"href":"https:\/\/www.diario21.tv\/noticias\/wp-json\/wp\/v2\/comments?post=6513"}],"version-history":[{"count":1,"href":"https:\/\/www.diario21.tv\/noticias\/wp-json\/wp\/v2\/posts\/6513\/revisions"}],"predecessor-version":[{"id":6515,"href":"https:\/\/www.diario21.tv\/noticias\/wp-json\/wp\/v2\/posts\/6513\/revisions\/6515"}],"wp:featuredmedia":[{"embeddable":true,"href":"https:\/\/www.diario21.tv\/noticias\/wp-json\/wp\/v2\/media\/6514"}],"wp:attachment":[{"href":"https:\/\/www.diario21.tv\/noticias\/wp-json\/wp\/v2\/media?parent=6513"}],"wp:term":[{"taxonomy":"category","embeddable":true,"href":"https:\/\/www.diario21.tv\/noticias\/wp-json\/wp\/v2\/categories?post=6513"},{"taxonomy":"post_tag","embeddable":true,"href":"https:\/\/www.diario21.tv\/noticias\/wp-json\/wp\/v2\/tags?post=6513"}],"curies":[{"name":"wp","href":"https:\/\/api.w.org\/{rel}","templated":true}]}}