{"id":6510,"date":"2026-03-12T07:00:26","date_gmt":"2026-03-12T07:00:26","guid":{"rendered":"https:\/\/www.diario21.tv\/noticias\/increible-pero-cierto-padres-consternados-por-maltrato-a-bebes-en-guarderia-de-vizcaya\/"},"modified":"2026-03-12T07:00:27","modified_gmt":"2026-03-12T07:00:27","slug":"increible-pero-cierto-padres-consternados-por-maltrato-a-bebes-en-guarderia-de-vizcaya","status":"publish","type":"post","link":"https:\/\/www.diario21.tv\/noticias\/increible-pero-cierto-padres-consternados-por-maltrato-a-bebes-en-guarderia-de-vizcaya\/","title":{"rendered":"Incre\u00edble pero cierto: padres consternados por maltrato a beb\u00e9s en guarder\u00eda de Vizcaya"},"content":{"rendered":"<h2>\u00abEs incre\u00edble que nos haya ocurrido\u00bb, expresan consternados los padres del centro infantil de Vizcaya bajo investigaci\u00f3n por abuso infantil<\/h2>\n<p>En un giro inesperado y doloroso para muchas familias, una guarder\u00eda en Vizcaya se encuentra en el centro de una investigaci\u00f3n por presunto maltrato a infantes. Los padres de los ni\u00f1os matriculados en el establecimiento se encuentran abrumados por la noticia, enfrent\u00e1ndose a la realidad de que algo tan atroz podr\u00eda estar sucediendo tan cerca de sus seres queridos.<\/p>\n<p>&#8220;Realmente nunca piensas que algo as\u00ed podr\u00eda pasarte a ti&#8221;, coment\u00f3 uno de los padres afectados, reflejando un sentimiento generalizado de incredulidad y angustia entre las familias involucradas. Este sentimiento se ha esparcido r\u00e1pidamente, causando gran impacto en toda la comunidad.<\/p>\n<h3>Descubrimiento y reacci\u00f3n<\/h3>\n<p>La situaci\u00f3n sali\u00f3 a la luz despu\u00e9s de que se presentaran denuncias espec\u00edficas sobre el trato que recib\u00edan los beb\u00e9s en la guarder\u00eda. Estas acusaciones han llevado a las autoridades a tomar cartas en el asunto, iniciando una investigaci\u00f3n exhaustiva para determinar la veracidad y el alcance de los presuntos abusos.<\/p>\n<p>La comunidad educativa y los residentes locales est\u00e1n consternados, ya que nunca se hubieran imaginado que un lugar dedicado al cuidado y educaci\u00f3n de los m\u00e1s peque\u00f1os pudiera convertirse en un escenario de posibles maltratos. &#8220;Es un lugar en el que confiaste la seguridad y el bienestar de tu hijo&#8221;, mencion\u00f3 otro padre, visiblemente afectado por la situaci\u00f3n.<\/p>\n<h3>Medidas y consecuencias<\/h3>\n<p>Ante este escenario, las autoridades competentes han incrementado la vigilancia y el control en la guarder\u00eda en cuesti\u00f3n, as\u00ed como en otros centros similares en la regi\u00f3n, para asegurarse de que se cumplan todas las normativas vigentes relacionadas con el cuidado infantil. El objetivo es prevenir que situaciones similares se repitan en el futuro y garantizar la seguridad de todos los ni\u00f1os.<\/p>\n<p>Los padres, por su parte, est\u00e1n tomando medidas para proteger a sus hijos, incluyendo la retirada temporal de los mismos del centro hasta que se esclarezca la situaci\u00f3n. La confianza ha sido gravemente da\u00f1ada, y la reconstrucci\u00f3n de la misma requerir\u00e1 tiempo, transparencia y cambios significativos en la gesti\u00f3n y supervisi\u00f3n de los centros de cuidado infantil.<\/p>\n<h3>El camino a seguir<\/h3>\n<p>Mientras la investigaci\u00f3n contin\u00faa, la comunidad espera ansiosa por respuestas claras y justicia. Los padres est\u00e1n colaborando estrechamente con las autoridades, proporcionando toda la informaci\u00f3n necesaria que pueda ayudar a esclarecer los hechos y asegurar que los responsables enfrenten las consecuencias de sus actos.<\/p>\n<p>Este triste evento ha servido de llamado de atenci\u00f3n sobre la importancia de realizar investigaciones regulares y profundas en todas las instituciones encargadas del cuidado de menores. La seguridad y el bienestar de los ni\u00f1os deben ser siempre la prioridad, y es fundamental que todos los involucrados en su educaci\u00f3n y cuidado mantengan los m\u00e1s altos est\u00e1ndares de conducta profesional y personal.<\/p>\n<p>La esperanza es que, a trav\u00e9s de este dif\u00edcil proceso, se implementen mejoras sustanciales que protejan mejor a los ni\u00f1os y restauren la fe en las instituciones dise\u00f1adas para su cuidado y desarrollo.<\/p>\n\n\n<div class=\"kk-star-ratings kksr-auto kksr-align-left kksr-valign-bottom\"\n    data-payload='{&quot;align&quot;:&quot;left&quot;,&quot;id&quot;:&quot;6510&quot;,&quot;slug&quot;:&quot;default&quot;,&quot;valign&quot;:&quot;bottom&quot;,&quot;ignore&quot;:&quot;&quot;,&quot;reference&quot;:&quot;auto&quot;,&quot;class&quot;:&quot;&quot;,&quot;count&quot;:&quot;0&quot;,&quot;legendonly&quot;:&quot;&quot;,&quot;readonly&quot;:&quot;&quot;,&quot;score&quot;:&quot;0&quot;,&quot;starsonly&quot;:&quot;&quot;,&quot;best&quot;:&quot;5&quot;,&quot;gap&quot;:&quot;5&quot;,&quot;greet&quot;:&quot;Valora este post&quot;,&quot;legend&quot;:&quot;0\\\/5 - (0 votes)&quot;,&quot;size&quot;:&quot;22&quot;,&quot;title&quot;:&quot;Incre\u00edble pero cierto: padres consternados por maltrato a beb\u00e9s en guarder\u00eda de Vizcaya&quot;,&quot;width&quot;:&quot;0&quot;,&quot;_legend&quot;:&quot;{score}\\\/{best} - ({count} {votes})&quot;,&quot;font_factor&quot;:&quot;1.25&quot;}'>\n            \n<div class=\"kksr-stars\">\n    \n<div class=\"kksr-stars-inactive\">\n            <div class=\"kksr-star\" data-star=\"1\" style=\"padding-right: 5px\">\n            \n\n<div class=\"kksr-icon\" style=\"width: 22px; height: 22px;\"><\/div>\n        <\/div>\n            <div class=\"kksr-star\" data-star=\"2\" style=\"padding-right: 5px\">\n            \n\n<div class=\"kksr-icon\" style=\"width: 22px; height: 22px;\"><\/div>\n        <\/div>\n            <div class=\"kksr-star\" data-star=\"3\" style=\"padding-right: 5px\">\n            \n\n<div class=\"kksr-icon\" style=\"width: 22px; height: 22px;\"><\/div>\n        <\/div>\n            <div class=\"kksr-star\" data-star=\"4\" style=\"padding-right: 5px\">\n            \n\n<div class=\"kksr-icon\" style=\"width: 22px; height: 22px;\"><\/div>\n        <\/div>\n            <div class=\"kksr-star\" data-star=\"5\" style=\"padding-right: 5px\">\n            \n\n<div class=\"kksr-icon\" style=\"width: 22px; height: 22px;\"><\/div>\n        <\/div>\n    <\/div>\n    \n<div class=\"kksr-stars-active\" style=\"width: 0px;\">\n            <div class=\"kksr-star\" style=\"padding-right: 5px\">\n            \n\n<div class=\"kksr-icon\" style=\"width: 22px; height: 22px;\"><\/div>\n        <\/div>\n            <div class=\"kksr-star\" style=\"padding-right: 5px\">\n            \n\n<div class=\"kksr-icon\" style=\"width: 22px; height: 22px;\"><\/div>\n        <\/div>\n            <div class=\"kksr-star\" style=\"padding-right: 5px\">\n            \n\n<div class=\"kksr-icon\" style=\"width: 22px; height: 22px;\"><\/div>\n        <\/div>\n            <div class=\"kksr-star\" style=\"padding-right: 5px\">\n            \n\n<div class=\"kksr-icon\" style=\"width: 22px; height: 22px;\"><\/div>\n        <\/div>\n            <div class=\"kksr-star\" style=\"padding-right: 5px\">\n            \n\n<div class=\"kksr-icon\" style=\"width: 22px; height: 22px;\"><\/div>\n        <\/div>\n    <\/div>\n<\/div>\n                \n\n<div class=\"kksr-legend\" style=\"font-size: 17.6px;\">\n            <span class=\"kksr-muted\">Valora este post<\/span>\n    <\/div>\n    <\/div>\n","protected":false},"excerpt":{"rendered":"<p>\u00abEs incre\u00edble que nos haya ocurrido\u00bb, expresan consternados los padres del centro infantil de Vizcaya bajo investigaci\u00f3n por abuso infantil En un giro inesperado y doloroso &#8230; <a title=\"Incre\u00edble pero cierto: padres consternados por maltrato a beb\u00e9s en guarder\u00eda de Vizcaya\" class=\"read-more\" href=\"https:\/\/www.diario21.tv\/noticias\/increible-pero-cierto-padres-consternados-por-maltrato-a-bebes-en-guarderia-de-vizcaya\/\" aria-label=\"Leer m\u00e1s sobre Incre\u00edble pero cierto: padres consternados por maltrato a beb\u00e9s en guarder\u00eda de Vizcaya\">Seguir leyendo &rarr;<\/a><\/p>\n","protected":false},"author":20,"featured_media":6511,"comment_status":"open","ping_status":"open","sticky":false,"template":"","format":"standard","meta":{"footnotes":""},"categories":[13],"tags":[],"class_list":["post-6510","post","type-post","status-publish","format-standard","has-post-thumbnail","hentry","category-portada"],"yoast_head":"<!-- This site is optimized with the Yoast SEO plugin v25.6 - https:\/\/yoast.com\/wordpress\/plugins\/seo\/ -->\n<title>Incre\u00edble pero cierto: padres consternados por maltrato a beb\u00e9s en guarder\u00eda de Vizcaya - Diario 21<\/title>\n<meta name=\"robots\" content=\"index, follow, max-snippet:-1, max-image-preview:large, max-video-preview:-1\" \/>\n<link rel=\"canonical\" href=\"https:\/\/www.diario21.tv\/noticias\/increible-pero-cierto-padres-consternados-por-maltrato-a-bebes-en-guarderia-de-vizcaya\/\" \/>\n<meta property=\"og:locale\" content=\"es_ES\" \/>\n<meta property=\"og:type\" content=\"article\" \/>\n<meta property=\"og:title\" content=\"Incre\u00edble pero cierto: padres consternados por maltrato a beb\u00e9s en guarder\u00eda de Vizcaya - Diario 21\" \/>\n<meta property=\"og:description\" content=\"\u00abEs incre\u00edble que nos haya ocurrido\u00bb, expresan consternados los padres del centro infantil de Vizcaya bajo investigaci\u00f3n por abuso infantil En un giro inesperado y doloroso ... Seguir leyendo &rarr;\" \/>\n<meta property=\"og:url\" content=\"https:\/\/www.diario21.tv\/noticias\/increible-pero-cierto-padres-consternados-por-maltrato-a-bebes-en-guarderia-de-vizcaya\/\" \/>\n<meta property=\"og:site_name\" content=\"Diario 21\" \/>\n<meta property=\"article:published_time\" content=\"2026-03-12T07:00:26+00:00\" \/>\n<meta property=\"article:modified_time\" content=\"2026-03-12T07:00:27+00:00\" \/>\n<meta property=\"og:image\" content=\"https:\/\/www.diario21.tv\/noticias\/wp-content\/uploads\/2026\/03\/Increible-pero-cierto-padres-consternados-por-maltrato-a-bebes-en.jpg\" \/>\n\t<meta property=\"og:image:width\" content=\"758\" \/>\n\t<meta property=\"og:image:height\" content=\"531\" \/>\n\t<meta property=\"og:image:type\" content=\"image\/jpeg\" \/>\n<meta name=\"author\" content=\"Juan P\u00e9rez\" \/>\n<meta name=\"twitter:card\" content=\"summary_large_image\" \/>\n<meta name=\"twitter:label1\" content=\"Escrito por\" \/>\n\t<meta name=\"twitter:data1\" content=\"Juan P\u00e9rez\" \/>\n\t<meta name=\"twitter:label2\" content=\"Tiempo de lectura\" \/>\n\t<meta name=\"twitter:data2\" content=\"3 minutos\" \/>\n<script type=\"application\/ld+json\" class=\"yoast-schema-graph\">{\"@context\":\"https:\/\/schema.org\",\"@graph\":[{\"@type\":\"WebPage\",\"@id\":\"https:\/\/www.diario21.tv\/noticias\/increible-pero-cierto-padres-consternados-por-maltrato-a-bebes-en-guarderia-de-vizcaya\/\",\"url\":\"https:\/\/www.diario21.tv\/noticias\/increible-pero-cierto-padres-consternados-por-maltrato-a-bebes-en-guarderia-de-vizcaya\/\",\"name\":\"Incre\u00edble pero cierto: padres consternados por maltrato a beb\u00e9s en guarder\u00eda de Vizcaya - Diario 21\",\"isPartOf\":{\"@id\":\"https:\/\/www.diario21.tv\/noticias\/#website\"},\"primaryImageOfPage\":{\"@id\":\"https:\/\/www.diario21.tv\/noticias\/increible-pero-cierto-padres-consternados-por-maltrato-a-bebes-en-guarderia-de-vizcaya\/#primaryimage\"},\"image\":{\"@id\":\"https:\/\/www.diario21.tv\/noticias\/increible-pero-cierto-padres-consternados-por-maltrato-a-bebes-en-guarderia-de-vizcaya\/#primaryimage\"},\"thumbnailUrl\":\"https:\/\/www.diario21.tv\/noticias\/wp-content\/uploads\/2026\/03\/Increible-pero-cierto-padres-consternados-por-maltrato-a-bebes-en.jpg\",\"datePublished\":\"2026-03-12T07:00:26+00:00\",\"dateModified\":\"2026-03-12T07:00:27+00:00\",\"author\":{\"@id\":\"https:\/\/www.diario21.tv\/noticias\/#\/schema\/person\/dfb778f73814d8f09f302618446a526b\"},\"breadcrumb\":{\"@id\":\"https:\/\/www.diario21.tv\/noticias\/increible-pero-cierto-padres-consternados-por-maltrato-a-bebes-en-guarderia-de-vizcaya\/#breadcrumb\"},\"inLanguage\":\"es-AR\",\"potentialAction\":[{\"@type\":\"ReadAction\",\"target\":[\"https:\/\/www.diario21.tv\/noticias\/increible-pero-cierto-padres-consternados-por-maltrato-a-bebes-en-guarderia-de-vizcaya\/\"]}]},{\"@type\":\"ImageObject\",\"inLanguage\":\"es-AR\",\"@id\":\"https:\/\/www.diario21.tv\/noticias\/increible-pero-cierto-padres-consternados-por-maltrato-a-bebes-en-guarderia-de-vizcaya\/#primaryimage\",\"url\":\"https:\/\/www.diario21.tv\/noticias\/wp-content\/uploads\/2026\/03\/Increible-pero-cierto-padres-consternados-por-maltrato-a-bebes-en.jpg\",\"contentUrl\":\"https:\/\/www.diario21.tv\/noticias\/wp-content\/uploads\/2026\/03\/Increible-pero-cierto-padres-consternados-por-maltrato-a-bebes-en.jpg\",\"width\":758,\"height\":531,\"caption\":\"\u00abMenuda sorpresa, nunca crees que te pueda tocar a ti\u00bb, lamentan padres de la guarder\u00eda de Vizcaya investigada por maltrato a beb\u00e9s\"},{\"@type\":\"BreadcrumbList\",\"@id\":\"https:\/\/www.diario21.tv\/noticias\/increible-pero-cierto-padres-consternados-por-maltrato-a-bebes-en-guarderia-de-vizcaya\/#breadcrumb\",\"itemListElement\":[{\"@type\":\"ListItem\",\"position\":1,\"name\":\"Accueil\",\"item\":\"https:\/\/www.diario21.tv\/noticias\/\"},{\"@type\":\"ListItem\",\"position\":2,\"name\":\"Incre\u00edble pero cierto: padres consternados por maltrato a beb\u00e9s en guarder\u00eda de Vizcaya\"}]},{\"@type\":\"WebSite\",\"@id\":\"https:\/\/www.diario21.tv\/noticias\/#website\",\"url\":\"https:\/\/www.diario21.tv\/noticias\/\",\"name\":\"Diario 21\",\"description\":\"\",\"potentialAction\":[{\"@type\":\"SearchAction\",\"target\":{\"@type\":\"EntryPoint\",\"urlTemplate\":\"https:\/\/www.diario21.tv\/noticias\/?s={search_term_string}\"},\"query-input\":{\"@type\":\"PropertyValueSpecification\",\"valueRequired\":true,\"valueName\":\"search_term_string\"}}],\"inLanguage\":\"es-AR\"},{\"@type\":\"Person\",\"@id\":\"https:\/\/www.diario21.tv\/noticias\/#\/schema\/person\/dfb778f73814d8f09f302618446a526b\",\"name\":\"Juan P\u00e9rez\",\"image\":{\"@type\":\"ImageObject\",\"inLanguage\":\"es-AR\",\"@id\":\"https:\/\/www.diario21.tv\/noticias\/#\/schema\/person\/image\/\",\"url\":\"https:\/\/secure.gravatar.com\/avatar\/c478a405bd10621167f4c3167cc770f5?s=96&d=mm&r=g\",\"contentUrl\":\"https:\/\/secure.gravatar.com\/avatar\/c478a405bd10621167f4c3167cc770f5?s=96&d=mm&r=g\",\"caption\":\"Juan P\u00e9rez\"},\"description\":\"Juan P\u00e9rez es el redactor en jefe de Diario 21. Con m\u00e1s de 10 a\u00f1os de experiencia en el periodismo, se especializa en pol\u00edtica nacional y an\u00e1lisis socioecon\u00f3mico. Su enfoque cr\u00edtico y riguroso aporta una perspectiva \u00fanica a cada art\u00edculo.\",\"sameAs\":[\"https:\/\/www.diario21.tv\/noticias\/\"],\"url\":\"https:\/\/www.diario21.tv\/noticias\/author\/juan-perez\/\"}]}<\/script>\n<!-- \/ Yoast SEO plugin. -->","yoast_head_json":{"title":"Incre\u00edble pero cierto: padres consternados por maltrato a beb\u00e9s en guarder\u00eda de Vizcaya - Diario 21","robots":{"index":"index","follow":"follow","max-snippet":"max-snippet:-1","max-image-preview":"max-image-preview:large","max-video-preview":"max-video-preview:-1"},"canonical":"https:\/\/www.diario21.tv\/noticias\/increible-pero-cierto-padres-consternados-por-maltrato-a-bebes-en-guarderia-de-vizcaya\/","og_locale":"es_ES","og_type":"article","og_title":"Incre\u00edble pero cierto: padres consternados por maltrato a beb\u00e9s en guarder\u00eda de Vizcaya - Diario 21","og_description":"\u00abEs incre\u00edble que nos haya ocurrido\u00bb, expresan consternados los padres del centro infantil de Vizcaya bajo investigaci\u00f3n por abuso infantil En un giro inesperado y doloroso ... Seguir leyendo &rarr;","og_url":"https:\/\/www.diario21.tv\/noticias\/increible-pero-cierto-padres-consternados-por-maltrato-a-bebes-en-guarderia-de-vizcaya\/","og_site_name":"Diario 21","article_published_time":"2026-03-12T07:00:26+00:00","article_modified_time":"2026-03-12T07:00:27+00:00","og_image":[{"width":758,"height":531,"url":"https:\/\/www.diario21.tv\/noticias\/wp-content\/uploads\/2026\/03\/Increible-pero-cierto-padres-consternados-por-maltrato-a-bebes-en.jpg","type":"image\/jpeg"}],"author":"Juan P\u00e9rez","twitter_card":"summary_large_image","twitter_misc":{"Escrito por":"Juan P\u00e9rez","Tiempo de lectura":"3 minutos"},"schema":{"@context":"https:\/\/schema.org","@graph":[{"@type":"WebPage","@id":"https:\/\/www.diario21.tv\/noticias\/increible-pero-cierto-padres-consternados-por-maltrato-a-bebes-en-guarderia-de-vizcaya\/","url":"https:\/\/www.diario21.tv\/noticias\/increible-pero-cierto-padres-consternados-por-maltrato-a-bebes-en-guarderia-de-vizcaya\/","name":"Incre\u00edble pero cierto: padres consternados por maltrato a beb\u00e9s en guarder\u00eda de Vizcaya - Diario 21","isPartOf":{"@id":"https:\/\/www.diario21.tv\/noticias\/#website"},"primaryImageOfPage":{"@id":"https:\/\/www.diario21.tv\/noticias\/increible-pero-cierto-padres-consternados-por-maltrato-a-bebes-en-guarderia-de-vizcaya\/#primaryimage"},"image":{"@id":"https:\/\/www.diario21.tv\/noticias\/increible-pero-cierto-padres-consternados-por-maltrato-a-bebes-en-guarderia-de-vizcaya\/#primaryimage"},"thumbnailUrl":"https:\/\/www.diario21.tv\/noticias\/wp-content\/uploads\/2026\/03\/Increible-pero-cierto-padres-consternados-por-maltrato-a-bebes-en.jpg","datePublished":"2026-03-12T07:00:26+00:00","dateModified":"2026-03-12T07:00:27+00:00","author":{"@id":"https:\/\/www.diario21.tv\/noticias\/#\/schema\/person\/dfb778f73814d8f09f302618446a526b"},"breadcrumb":{"@id":"https:\/\/www.diario21.tv\/noticias\/increible-pero-cierto-padres-consternados-por-maltrato-a-bebes-en-guarderia-de-vizcaya\/#breadcrumb"},"inLanguage":"es-AR","potentialAction":[{"@type":"ReadAction","target":["https:\/\/www.diario21.tv\/noticias\/increible-pero-cierto-padres-consternados-por-maltrato-a-bebes-en-guarderia-de-vizcaya\/"]}]},{"@type":"ImageObject","inLanguage":"es-AR","@id":"https:\/\/www.diario21.tv\/noticias\/increible-pero-cierto-padres-consternados-por-maltrato-a-bebes-en-guarderia-de-vizcaya\/#primaryimage","url":"https:\/\/www.diario21.tv\/noticias\/wp-content\/uploads\/2026\/03\/Increible-pero-cierto-padres-consternados-por-maltrato-a-bebes-en.jpg","contentUrl":"https:\/\/www.diario21.tv\/noticias\/wp-content\/uploads\/2026\/03\/Increible-pero-cierto-padres-consternados-por-maltrato-a-bebes-en.jpg","width":758,"height":531,"caption":"\u00abMenuda sorpresa, nunca crees que te pueda tocar a ti\u00bb, lamentan padres de la guarder\u00eda de Vizcaya investigada por maltrato a beb\u00e9s"},{"@type":"BreadcrumbList","@id":"https:\/\/www.diario21.tv\/noticias\/increible-pero-cierto-padres-consternados-por-maltrato-a-bebes-en-guarderia-de-vizcaya\/#breadcrumb","itemListElement":[{"@type":"ListItem","position":1,"name":"Accueil","item":"https:\/\/www.diario21.tv\/noticias\/"},{"@type":"ListItem","position":2,"name":"Incre\u00edble pero cierto: padres consternados por maltrato a beb\u00e9s en guarder\u00eda de Vizcaya"}]},{"@type":"WebSite","@id":"https:\/\/www.diario21.tv\/noticias\/#website","url":"https:\/\/www.diario21.tv\/noticias\/","name":"Diario 21","description":"","potentialAction":[{"@type":"SearchAction","target":{"@type":"EntryPoint","urlTemplate":"https:\/\/www.diario21.tv\/noticias\/?s={search_term_string}"},"query-input":{"@type":"PropertyValueSpecification","valueRequired":true,"valueName":"search_term_string"}}],"inLanguage":"es-AR"},{"@type":"Person","@id":"https:\/\/www.diario21.tv\/noticias\/#\/schema\/person\/dfb778f73814d8f09f302618446a526b","name":"Juan P\u00e9rez","image":{"@type":"ImageObject","inLanguage":"es-AR","@id":"https:\/\/www.diario21.tv\/noticias\/#\/schema\/person\/image\/","url":"https:\/\/secure.gravatar.com\/avatar\/c478a405bd10621167f4c3167cc770f5?s=96&d=mm&r=g","contentUrl":"https:\/\/secure.gravatar.com\/avatar\/c478a405bd10621167f4c3167cc770f5?s=96&d=mm&r=g","caption":"Juan P\u00e9rez"},"description":"Juan P\u00e9rez es el redactor en jefe de Diario 21. Con m\u00e1s de 10 a\u00f1os de experiencia en el periodismo, se especializa en pol\u00edtica nacional y an\u00e1lisis socioecon\u00f3mico. Su enfoque cr\u00edtico y riguroso aporta una perspectiva \u00fanica a cada art\u00edculo.","sameAs":["https:\/\/www.diario21.tv\/noticias\/"],"url":"https:\/\/www.diario21.tv\/noticias\/author\/juan-perez\/"}]}},"_links":{"self":[{"href":"https:\/\/www.diario21.tv\/noticias\/wp-json\/wp\/v2\/posts\/6510"}],"collection":[{"href":"https:\/\/www.diario21.tv\/noticias\/wp-json\/wp\/v2\/posts"}],"about":[{"href":"https:\/\/www.diario21.tv\/noticias\/wp-json\/wp\/v2\/types\/post"}],"author":[{"embeddable":true,"href":"https:\/\/www.diario21.tv\/noticias\/wp-json\/wp\/v2\/users\/20"}],"replies":[{"embeddable":true,"href":"https:\/\/www.diario21.tv\/noticias\/wp-json\/wp\/v2\/comments?post=6510"}],"version-history":[{"count":1,"href":"https:\/\/www.diario21.tv\/noticias\/wp-json\/wp\/v2\/posts\/6510\/revisions"}],"predecessor-version":[{"id":6512,"href":"https:\/\/www.diario21.tv\/noticias\/wp-json\/wp\/v2\/posts\/6510\/revisions\/6512"}],"wp:featuredmedia":[{"embeddable":true,"href":"https:\/\/www.diario21.tv\/noticias\/wp-json\/wp\/v2\/media\/6511"}],"wp:attachment":[{"href":"https:\/\/www.diario21.tv\/noticias\/wp-json\/wp\/v2\/media?parent=6510"}],"wp:term":[{"taxonomy":"category","embeddable":true,"href":"https:\/\/www.diario21.tv\/noticias\/wp-json\/wp\/v2\/categories?post=6510"},{"taxonomy":"post_tag","embeddable":true,"href":"https:\/\/www.diario21.tv\/noticias\/wp-json\/wp\/v2\/tags?post=6510"}],"curies":[{"name":"wp","href":"https:\/\/api.w.org\/{rel}","templated":true}]}}