{"id":6504,"date":"2026-03-11T18:54:25","date_gmt":"2026-03-11T18:54:25","guid":{"rendered":"https:\/\/www.diario21.tv\/noticias\/impactante-cuchillo-en-el-craneo-de-un-hombre-en-malaga-provoca-infarto-a-su-madre-al-verlo\/"},"modified":"2026-03-11T18:54:26","modified_gmt":"2026-03-11T18:54:26","slug":"impactante-cuchillo-en-el-craneo-de-un-hombre-en-malaga-provoca-infarto-a-su-madre-al-verlo","status":"publish","type":"post","link":"https:\/\/www.diario21.tv\/noticias\/impactante-cuchillo-en-el-craneo-de-un-hombre-en-malaga-provoca-infarto-a-su-madre-al-verlo\/","title":{"rendered":"Impactante: Cuchillo en el cr\u00e1neo de un hombre en M\u00e1laga provoca infarto a su madre al verlo"},"content":{"rendered":"<h2>La Familia del Hombre con un Cuchillo en el Cr\u00e1neo en M\u00e1laga Relata el Impacto del Suceso<\/h2>\n<p>En un evento que ha sacudido a la comunidad de M\u00e1laga, un hombre fue encontrado con un cuchillo clavado en su cr\u00e1neo, un suceso que ha causado un profundo impacto en su familia y especialmente en su madre, quien sufri\u00f3 un infarto al ver a su hijo en esa condici\u00f3n.<\/p>\n<h3>Un Hallazgo Estremecedor<\/h3>\n<p>La v\u00edctima, un hombre cuya identidad no ha sido revelada por razones de privacidad, fue descubierto en una situaci\u00f3n espeluznante que parece extra\u00edda de una pel\u00edcula de terror. El cuchillo estaba profundamente incrustado en su cabeza, lo que inmediatamente provoc\u00f3 una urgente respuesta m\u00e9dica y policial.<\/p>\n<h3>Reacciones y Consecuencias Familiares<\/h3>\n<p>El impacto de la noticia fue devastador para la familia del afectado. Su madre, al enterarse y ver la gravedad de la situaci\u00f3n, sufri\u00f3 un infarto, un hecho que subraya la intensidad emocional del incidente. Este acontecimiento no solo pone de relieve el estado cr\u00edtico del hombre, sino tambi\u00e9n el efecto domin\u00f3 que tales sucesos pueden tener en los seres queridos.<\/p>\n<h3>Investigaci\u00f3n en Curso<\/h3>\n<p>Las autoridades han iniciado una investigaci\u00f3n exhaustiva para esclarecer las circunstancias que rodearon este violento acto. Aunque los detalles espec\u00edficos a\u00fan est\u00e1n bajo investigaci\u00f3n, este caso ha generado una gran cantidad de especulaciones y preocupaciones en la comunidad local, donde sucesos de esta naturaleza son excepcionales.<\/p>\n<h3>Apoyo y Solidaridad Comunitaria<\/h3>\n<p>En respuesta al tr\u00e1gico evento, la comunidad de M\u00e1laga ha mostrado un notable apoyo hacia la familia del hombre. Vecinos y amigos han expresado su solidaridad y est\u00e1n ofreciendo ayuda de diversas maneras, desde apoyo emocional hasta asistencia pr\u00e1ctica durante este dif\u00edcil momento.<\/p>\n<h3>Un Recordatorio de la Vulnerabilidad Humana<\/h3>\n<p>Este lamentable incidente sirve como un duro recordatorio de la vulnerabilidad humana y la importancia de la seguridad en la comunidad. Tambi\u00e9n destaca la necesidad de sistemas de apoyo robustos para aquellos que son afectados directamente por actos de violencia. La familia del hombre, mientras tanto, se enfoca en su recuperaci\u00f3n y en superar el trauma que este suceso ha dejado atr\u00e1s.<\/p>\n\n\n<div class=\"kk-star-ratings kksr-auto kksr-align-left kksr-valign-bottom\"\n    data-payload='{&quot;align&quot;:&quot;left&quot;,&quot;id&quot;:&quot;6504&quot;,&quot;slug&quot;:&quot;default&quot;,&quot;valign&quot;:&quot;bottom&quot;,&quot;ignore&quot;:&quot;&quot;,&quot;reference&quot;:&quot;auto&quot;,&quot;class&quot;:&quot;&quot;,&quot;count&quot;:&quot;0&quot;,&quot;legendonly&quot;:&quot;&quot;,&quot;readonly&quot;:&quot;&quot;,&quot;score&quot;:&quot;0&quot;,&quot;starsonly&quot;:&quot;&quot;,&quot;best&quot;:&quot;5&quot;,&quot;gap&quot;:&quot;5&quot;,&quot;greet&quot;:&quot;Valora este post&quot;,&quot;legend&quot;:&quot;0\\\/5 - (0 votes)&quot;,&quot;size&quot;:&quot;22&quot;,&quot;title&quot;:&quot;Impactante: Cuchillo en el cr\u00e1neo de un hombre en M\u00e1laga provoca infarto a su madre al verlo&quot;,&quot;width&quot;:&quot;0&quot;,&quot;_legend&quot;:&quot;{score}\\\/{best} - ({count} {votes})&quot;,&quot;font_factor&quot;:&quot;1.25&quot;}'>\n            \n<div class=\"kksr-stars\">\n    \n<div class=\"kksr-stars-inactive\">\n            <div class=\"kksr-star\" data-star=\"1\" style=\"padding-right: 5px\">\n            \n\n<div class=\"kksr-icon\" style=\"width: 22px; height: 22px;\"><\/div>\n        <\/div>\n            <div class=\"kksr-star\" data-star=\"2\" style=\"padding-right: 5px\">\n            \n\n<div class=\"kksr-icon\" style=\"width: 22px; height: 22px;\"><\/div>\n        <\/div>\n            <div class=\"kksr-star\" data-star=\"3\" style=\"padding-right: 5px\">\n            \n\n<div class=\"kksr-icon\" style=\"width: 22px; height: 22px;\"><\/div>\n        <\/div>\n            <div class=\"kksr-star\" data-star=\"4\" style=\"padding-right: 5px\">\n            \n\n<div class=\"kksr-icon\" style=\"width: 22px; height: 22px;\"><\/div>\n        <\/div>\n            <div class=\"kksr-star\" data-star=\"5\" style=\"padding-right: 5px\">\n            \n\n<div class=\"kksr-icon\" style=\"width: 22px; height: 22px;\"><\/div>\n        <\/div>\n    <\/div>\n    \n<div class=\"kksr-stars-active\" style=\"width: 0px;\">\n            <div class=\"kksr-star\" style=\"padding-right: 5px\">\n            \n\n<div class=\"kksr-icon\" style=\"width: 22px; height: 22px;\"><\/div>\n        <\/div>\n            <div class=\"kksr-star\" style=\"padding-right: 5px\">\n            \n\n<div class=\"kksr-icon\" style=\"width: 22px; height: 22px;\"><\/div>\n        <\/div>\n            <div class=\"kksr-star\" style=\"padding-right: 5px\">\n            \n\n<div class=\"kksr-icon\" style=\"width: 22px; height: 22px;\"><\/div>\n        <\/div>\n            <div class=\"kksr-star\" style=\"padding-right: 5px\">\n            \n\n<div class=\"kksr-icon\" style=\"width: 22px; height: 22px;\"><\/div>\n        <\/div>\n            <div class=\"kksr-star\" style=\"padding-right: 5px\">\n            \n\n<div class=\"kksr-icon\" style=\"width: 22px; height: 22px;\"><\/div>\n        <\/div>\n    <\/div>\n<\/div>\n                \n\n<div class=\"kksr-legend\" style=\"font-size: 17.6px;\">\n            <span class=\"kksr-muted\">Valora este post<\/span>\n    <\/div>\n    <\/div>\n","protected":false},"excerpt":{"rendered":"<p>La Familia del Hombre con un Cuchillo en el Cr\u00e1neo en M\u00e1laga Relata el Impacto del Suceso En un evento que ha sacudido a la comunidad &#8230; <a title=\"Impactante: Cuchillo en el cr\u00e1neo de un hombre en M\u00e1laga provoca infarto a su madre al verlo\" class=\"read-more\" href=\"https:\/\/www.diario21.tv\/noticias\/impactante-cuchillo-en-el-craneo-de-un-hombre-en-malaga-provoca-infarto-a-su-madre-al-verlo\/\" aria-label=\"Leer m\u00e1s sobre Impactante: Cuchillo en el cr\u00e1neo de un hombre en M\u00e1laga provoca infarto a su madre al verlo\">Seguir leyendo &rarr;<\/a><\/p>\n","protected":false},"author":20,"featured_media":6505,"comment_status":"open","ping_status":"open","sticky":false,"template":"","format":"standard","meta":{"footnotes":""},"categories":[13],"tags":[],"class_list":["post-6504","post","type-post","status-publish","format-standard","has-post-thumbnail","hentry","category-portada"],"yoast_head":"<!-- This site is optimized with the Yoast SEO plugin v25.6 - https:\/\/yoast.com\/wordpress\/plugins\/seo\/ -->\n<title>Impactante: Cuchillo en el cr\u00e1neo de un hombre en M\u00e1laga provoca infarto a su madre al verlo - Diario 21<\/title>\n<meta name=\"robots\" content=\"index, follow, max-snippet:-1, max-image-preview:large, max-video-preview:-1\" \/>\n<link rel=\"canonical\" href=\"https:\/\/www.diario21.tv\/noticias\/impactante-cuchillo-en-el-craneo-de-un-hombre-en-malaga-provoca-infarto-a-su-madre-al-verlo\/\" \/>\n<meta property=\"og:locale\" content=\"es_ES\" \/>\n<meta property=\"og:type\" content=\"article\" \/>\n<meta property=\"og:title\" content=\"Impactante: Cuchillo en el cr\u00e1neo de un hombre en M\u00e1laga provoca infarto a su madre al verlo - Diario 21\" \/>\n<meta property=\"og:description\" content=\"La Familia del Hombre con un Cuchillo en el Cr\u00e1neo en M\u00e1laga Relata el Impacto del Suceso En un evento que ha sacudido a la comunidad ... Seguir leyendo &rarr;\" \/>\n<meta property=\"og:url\" content=\"https:\/\/www.diario21.tv\/noticias\/impactante-cuchillo-en-el-craneo-de-un-hombre-en-malaga-provoca-infarto-a-su-madre-al-verlo\/\" \/>\n<meta property=\"og:site_name\" content=\"Diario 21\" \/>\n<meta property=\"article:published_time\" content=\"2026-03-11T18:54:25+00:00\" \/>\n<meta property=\"article:modified_time\" content=\"2026-03-11T18:54:26+00:00\" \/>\n<meta property=\"og:image\" content=\"https:\/\/www.diario21.tv\/noticias\/wp-content\/uploads\/2026\/03\/Impactante-Cuchillo-en-el-craneo-de-un-hombre-en-Malaga.jpg\" \/>\n\t<meta property=\"og:image:width\" content=\"1200\" \/>\n\t<meta property=\"og:image:height\" content=\"840\" \/>\n\t<meta property=\"og:image:type\" content=\"image\/jpeg\" \/>\n<meta name=\"author\" content=\"Juan P\u00e9rez\" \/>\n<meta name=\"twitter:card\" content=\"summary_large_image\" \/>\n<meta name=\"twitter:label1\" content=\"Escrito por\" \/>\n\t<meta name=\"twitter:data1\" content=\"Juan P\u00e9rez\" \/>\n\t<meta name=\"twitter:label2\" content=\"Tiempo de lectura\" \/>\n\t<meta name=\"twitter:data2\" content=\"2 minutos\" \/>\n<script type=\"application\/ld+json\" class=\"yoast-schema-graph\">{\"@context\":\"https:\/\/schema.org\",\"@graph\":[{\"@type\":\"WebPage\",\"@id\":\"https:\/\/www.diario21.tv\/noticias\/impactante-cuchillo-en-el-craneo-de-un-hombre-en-malaga-provoca-infarto-a-su-madre-al-verlo\/\",\"url\":\"https:\/\/www.diario21.tv\/noticias\/impactante-cuchillo-en-el-craneo-de-un-hombre-en-malaga-provoca-infarto-a-su-madre-al-verlo\/\",\"name\":\"Impactante: Cuchillo en el cr\u00e1neo de un hombre en M\u00e1laga provoca infarto a su madre al verlo - Diario 21\",\"isPartOf\":{\"@id\":\"https:\/\/www.diario21.tv\/noticias\/#website\"},\"primaryImageOfPage\":{\"@id\":\"https:\/\/www.diario21.tv\/noticias\/impactante-cuchillo-en-el-craneo-de-un-hombre-en-malaga-provoca-infarto-a-su-madre-al-verlo\/#primaryimage\"},\"image\":{\"@id\":\"https:\/\/www.diario21.tv\/noticias\/impactante-cuchillo-en-el-craneo-de-un-hombre-en-malaga-provoca-infarto-a-su-madre-al-verlo\/#primaryimage\"},\"thumbnailUrl\":\"https:\/\/www.diario21.tv\/noticias\/wp-content\/uploads\/2026\/03\/Impactante-Cuchillo-en-el-craneo-de-un-hombre-en-Malaga.jpg\",\"datePublished\":\"2026-03-11T18:54:25+00:00\",\"dateModified\":\"2026-03-11T18:54:26+00:00\",\"author\":{\"@id\":\"https:\/\/www.diario21.tv\/noticias\/#\/schema\/person\/dfb778f73814d8f09f302618446a526b\"},\"breadcrumb\":{\"@id\":\"https:\/\/www.diario21.tv\/noticias\/impactante-cuchillo-en-el-craneo-de-un-hombre-en-malaga-provoca-infarto-a-su-madre-al-verlo\/#breadcrumb\"},\"inLanguage\":\"es-AR\",\"potentialAction\":[{\"@type\":\"ReadAction\",\"target\":[\"https:\/\/www.diario21.tv\/noticias\/impactante-cuchillo-en-el-craneo-de-un-hombre-en-malaga-provoca-infarto-a-su-madre-al-verlo\/\"]}]},{\"@type\":\"ImageObject\",\"inLanguage\":\"es-AR\",\"@id\":\"https:\/\/www.diario21.tv\/noticias\/impactante-cuchillo-en-el-craneo-de-un-hombre-en-malaga-provoca-infarto-a-su-madre-al-verlo\/#primaryimage\",\"url\":\"https:\/\/www.diario21.tv\/noticias\/wp-content\/uploads\/2026\/03\/Impactante-Cuchillo-en-el-craneo-de-un-hombre-en-Malaga.jpg\",\"contentUrl\":\"https:\/\/www.diario21.tv\/noticias\/wp-content\/uploads\/2026\/03\/Impactante-Cuchillo-en-el-craneo-de-un-hombre-en-Malaga.jpg\",\"width\":1200,\"height\":840,\"caption\":\"La familia del hombre al que dejaron un cuchillo incrustado en el cr\u00e1neo en M\u00e1laga: \u00abA su madre le dio un infarto al verlo\u00bb\"},{\"@type\":\"BreadcrumbList\",\"@id\":\"https:\/\/www.diario21.tv\/noticias\/impactante-cuchillo-en-el-craneo-de-un-hombre-en-malaga-provoca-infarto-a-su-madre-al-verlo\/#breadcrumb\",\"itemListElement\":[{\"@type\":\"ListItem\",\"position\":1,\"name\":\"Accueil\",\"item\":\"https:\/\/www.diario21.tv\/noticias\/\"},{\"@type\":\"ListItem\",\"position\":2,\"name\":\"Impactante: Cuchillo en el cr\u00e1neo de un hombre en M\u00e1laga provoca infarto a su madre al verlo\"}]},{\"@type\":\"WebSite\",\"@id\":\"https:\/\/www.diario21.tv\/noticias\/#website\",\"url\":\"https:\/\/www.diario21.tv\/noticias\/\",\"name\":\"Diario 21\",\"description\":\"\",\"potentialAction\":[{\"@type\":\"SearchAction\",\"target\":{\"@type\":\"EntryPoint\",\"urlTemplate\":\"https:\/\/www.diario21.tv\/noticias\/?s={search_term_string}\"},\"query-input\":{\"@type\":\"PropertyValueSpecification\",\"valueRequired\":true,\"valueName\":\"search_term_string\"}}],\"inLanguage\":\"es-AR\"},{\"@type\":\"Person\",\"@id\":\"https:\/\/www.diario21.tv\/noticias\/#\/schema\/person\/dfb778f73814d8f09f302618446a526b\",\"name\":\"Juan P\u00e9rez\",\"image\":{\"@type\":\"ImageObject\",\"inLanguage\":\"es-AR\",\"@id\":\"https:\/\/www.diario21.tv\/noticias\/#\/schema\/person\/image\/\",\"url\":\"https:\/\/secure.gravatar.com\/avatar\/c478a405bd10621167f4c3167cc770f5?s=96&d=mm&r=g\",\"contentUrl\":\"https:\/\/secure.gravatar.com\/avatar\/c478a405bd10621167f4c3167cc770f5?s=96&d=mm&r=g\",\"caption\":\"Juan P\u00e9rez\"},\"description\":\"Juan P\u00e9rez es el redactor en jefe de Diario 21. Con m\u00e1s de 10 a\u00f1os de experiencia en el periodismo, se especializa en pol\u00edtica nacional y an\u00e1lisis socioecon\u00f3mico. Su enfoque cr\u00edtico y riguroso aporta una perspectiva \u00fanica a cada art\u00edculo.\",\"sameAs\":[\"https:\/\/www.diario21.tv\/noticias\/\"],\"url\":\"https:\/\/www.diario21.tv\/noticias\/author\/juan-perez\/\"}]}<\/script>\n<!-- \/ Yoast SEO plugin. -->","yoast_head_json":{"title":"Impactante: Cuchillo en el cr\u00e1neo de un hombre en M\u00e1laga provoca infarto a su madre al verlo - Diario 21","robots":{"index":"index","follow":"follow","max-snippet":"max-snippet:-1","max-image-preview":"max-image-preview:large","max-video-preview":"max-video-preview:-1"},"canonical":"https:\/\/www.diario21.tv\/noticias\/impactante-cuchillo-en-el-craneo-de-un-hombre-en-malaga-provoca-infarto-a-su-madre-al-verlo\/","og_locale":"es_ES","og_type":"article","og_title":"Impactante: Cuchillo en el cr\u00e1neo de un hombre en M\u00e1laga provoca infarto a su madre al verlo - Diario 21","og_description":"La Familia del Hombre con un Cuchillo en el Cr\u00e1neo en M\u00e1laga Relata el Impacto del Suceso En un evento que ha sacudido a la comunidad ... Seguir leyendo &rarr;","og_url":"https:\/\/www.diario21.tv\/noticias\/impactante-cuchillo-en-el-craneo-de-un-hombre-en-malaga-provoca-infarto-a-su-madre-al-verlo\/","og_site_name":"Diario 21","article_published_time":"2026-03-11T18:54:25+00:00","article_modified_time":"2026-03-11T18:54:26+00:00","og_image":[{"width":1200,"height":840,"url":"https:\/\/www.diario21.tv\/noticias\/wp-content\/uploads\/2026\/03\/Impactante-Cuchillo-en-el-craneo-de-un-hombre-en-Malaga.jpg","type":"image\/jpeg"}],"author":"Juan P\u00e9rez","twitter_card":"summary_large_image","twitter_misc":{"Escrito por":"Juan P\u00e9rez","Tiempo de lectura":"2 minutos"},"schema":{"@context":"https:\/\/schema.org","@graph":[{"@type":"WebPage","@id":"https:\/\/www.diario21.tv\/noticias\/impactante-cuchillo-en-el-craneo-de-un-hombre-en-malaga-provoca-infarto-a-su-madre-al-verlo\/","url":"https:\/\/www.diario21.tv\/noticias\/impactante-cuchillo-en-el-craneo-de-un-hombre-en-malaga-provoca-infarto-a-su-madre-al-verlo\/","name":"Impactante: Cuchillo en el cr\u00e1neo de un hombre en M\u00e1laga provoca infarto a su madre al verlo - Diario 21","isPartOf":{"@id":"https:\/\/www.diario21.tv\/noticias\/#website"},"primaryImageOfPage":{"@id":"https:\/\/www.diario21.tv\/noticias\/impactante-cuchillo-en-el-craneo-de-un-hombre-en-malaga-provoca-infarto-a-su-madre-al-verlo\/#primaryimage"},"image":{"@id":"https:\/\/www.diario21.tv\/noticias\/impactante-cuchillo-en-el-craneo-de-un-hombre-en-malaga-provoca-infarto-a-su-madre-al-verlo\/#primaryimage"},"thumbnailUrl":"https:\/\/www.diario21.tv\/noticias\/wp-content\/uploads\/2026\/03\/Impactante-Cuchillo-en-el-craneo-de-un-hombre-en-Malaga.jpg","datePublished":"2026-03-11T18:54:25+00:00","dateModified":"2026-03-11T18:54:26+00:00","author":{"@id":"https:\/\/www.diario21.tv\/noticias\/#\/schema\/person\/dfb778f73814d8f09f302618446a526b"},"breadcrumb":{"@id":"https:\/\/www.diario21.tv\/noticias\/impactante-cuchillo-en-el-craneo-de-un-hombre-en-malaga-provoca-infarto-a-su-madre-al-verlo\/#breadcrumb"},"inLanguage":"es-AR","potentialAction":[{"@type":"ReadAction","target":["https:\/\/www.diario21.tv\/noticias\/impactante-cuchillo-en-el-craneo-de-un-hombre-en-malaga-provoca-infarto-a-su-madre-al-verlo\/"]}]},{"@type":"ImageObject","inLanguage":"es-AR","@id":"https:\/\/www.diario21.tv\/noticias\/impactante-cuchillo-en-el-craneo-de-un-hombre-en-malaga-provoca-infarto-a-su-madre-al-verlo\/#primaryimage","url":"https:\/\/www.diario21.tv\/noticias\/wp-content\/uploads\/2026\/03\/Impactante-Cuchillo-en-el-craneo-de-un-hombre-en-Malaga.jpg","contentUrl":"https:\/\/www.diario21.tv\/noticias\/wp-content\/uploads\/2026\/03\/Impactante-Cuchillo-en-el-craneo-de-un-hombre-en-Malaga.jpg","width":1200,"height":840,"caption":"La familia del hombre al que dejaron un cuchillo incrustado en el cr\u00e1neo en M\u00e1laga: \u00abA su madre le dio un infarto al verlo\u00bb"},{"@type":"BreadcrumbList","@id":"https:\/\/www.diario21.tv\/noticias\/impactante-cuchillo-en-el-craneo-de-un-hombre-en-malaga-provoca-infarto-a-su-madre-al-verlo\/#breadcrumb","itemListElement":[{"@type":"ListItem","position":1,"name":"Accueil","item":"https:\/\/www.diario21.tv\/noticias\/"},{"@type":"ListItem","position":2,"name":"Impactante: Cuchillo en el cr\u00e1neo de un hombre en M\u00e1laga provoca infarto a su madre al verlo"}]},{"@type":"WebSite","@id":"https:\/\/www.diario21.tv\/noticias\/#website","url":"https:\/\/www.diario21.tv\/noticias\/","name":"Diario 21","description":"","potentialAction":[{"@type":"SearchAction","target":{"@type":"EntryPoint","urlTemplate":"https:\/\/www.diario21.tv\/noticias\/?s={search_term_string}"},"query-input":{"@type":"PropertyValueSpecification","valueRequired":true,"valueName":"search_term_string"}}],"inLanguage":"es-AR"},{"@type":"Person","@id":"https:\/\/www.diario21.tv\/noticias\/#\/schema\/person\/dfb778f73814d8f09f302618446a526b","name":"Juan P\u00e9rez","image":{"@type":"ImageObject","inLanguage":"es-AR","@id":"https:\/\/www.diario21.tv\/noticias\/#\/schema\/person\/image\/","url":"https:\/\/secure.gravatar.com\/avatar\/c478a405bd10621167f4c3167cc770f5?s=96&d=mm&r=g","contentUrl":"https:\/\/secure.gravatar.com\/avatar\/c478a405bd10621167f4c3167cc770f5?s=96&d=mm&r=g","caption":"Juan P\u00e9rez"},"description":"Juan P\u00e9rez es el redactor en jefe de Diario 21. Con m\u00e1s de 10 a\u00f1os de experiencia en el periodismo, se especializa en pol\u00edtica nacional y an\u00e1lisis socioecon\u00f3mico. Su enfoque cr\u00edtico y riguroso aporta una perspectiva \u00fanica a cada art\u00edculo.","sameAs":["https:\/\/www.diario21.tv\/noticias\/"],"url":"https:\/\/www.diario21.tv\/noticias\/author\/juan-perez\/"}]}},"_links":{"self":[{"href":"https:\/\/www.diario21.tv\/noticias\/wp-json\/wp\/v2\/posts\/6504"}],"collection":[{"href":"https:\/\/www.diario21.tv\/noticias\/wp-json\/wp\/v2\/posts"}],"about":[{"href":"https:\/\/www.diario21.tv\/noticias\/wp-json\/wp\/v2\/types\/post"}],"author":[{"embeddable":true,"href":"https:\/\/www.diario21.tv\/noticias\/wp-json\/wp\/v2\/users\/20"}],"replies":[{"embeddable":true,"href":"https:\/\/www.diario21.tv\/noticias\/wp-json\/wp\/v2\/comments?post=6504"}],"version-history":[{"count":1,"href":"https:\/\/www.diario21.tv\/noticias\/wp-json\/wp\/v2\/posts\/6504\/revisions"}],"predecessor-version":[{"id":6506,"href":"https:\/\/www.diario21.tv\/noticias\/wp-json\/wp\/v2\/posts\/6504\/revisions\/6506"}],"wp:featuredmedia":[{"embeddable":true,"href":"https:\/\/www.diario21.tv\/noticias\/wp-json\/wp\/v2\/media\/6505"}],"wp:attachment":[{"href":"https:\/\/www.diario21.tv\/noticias\/wp-json\/wp\/v2\/media?parent=6504"}],"wp:term":[{"taxonomy":"category","embeddable":true,"href":"https:\/\/www.diario21.tv\/noticias\/wp-json\/wp\/v2\/categories?post=6504"},{"taxonomy":"post_tag","embeddable":true,"href":"https:\/\/www.diario21.tv\/noticias\/wp-json\/wp\/v2\/tags?post=6504"}],"curies":[{"name":"wp","href":"https:\/\/api.w.org\/{rel}","templated":true}]}}