{"id":6468,"date":"2026-03-08T12:37:16","date_gmt":"2026-03-08T12:37:16","guid":{"rendered":"https:\/\/www.diario21.tv\/noticias\/pioneras-profesionales-aun-deben-demostrar-mas-valoran-cambios-en-sus-campos\/"},"modified":"2026-03-08T12:37:19","modified_gmt":"2026-03-08T12:37:19","slug":"pioneras-profesionales-aun-deben-demostrar-mas-valoran-cambios-en-sus-campos","status":"publish","type":"post","link":"https:\/\/www.diario21.tv\/noticias\/pioneras-profesionales-aun-deben-demostrar-mas-valoran-cambios-en-sus-campos\/","title":{"rendered":"Pioneras profesionales a\u00fan deben demostrar m\u00e1s, valoran cambios en sus campos"},"content":{"rendered":"<h2>Pioneras en sus campos profesionales reconocen avances, aunque todav\u00eda enfrentan grandes desaf\u00edos<\/h2>\n<p>En diversas profesiones tradicionalmente dominadas por hombres, las mujeres que han conseguido romper estas barreras y establecerse en sus campos han observado significativos cambios a lo largo de los a\u00f1os. Sin embargo, estas pioneras a\u00fan sienten que necesitan esforzarse m\u00e1s para probar su val\u00eda en comparaci\u00f3n con sus colegas masculinos.<\/p>\n<h3>La constante necesidad de probar su val\u00eda<\/h3>\n<p>A pesar de los avances en la igualdad de g\u00e9nero, muchas de estas profesionales destacan que la necesidad de demostrar constantemente sus capacidades sigue siendo un desaf\u00edo predominante. Esta presi\u00f3n adicional no solo abarca la demostraci\u00f3n de habilidades t\u00e9cnicas, sino tambi\u00e9n la necesidad de manejar con habilidad las din\u00e1micas sociales y profesionales que a menudo favorecen a los hombres.<\/p>\n<h3>Cambios positivos en el ambiente laboral<\/h3>\n<p>Por otro lado, estas mujeres tambi\u00e9n reconocen los cambios positivos que se han dado en sus entornos de trabajo. La creciente sensibilizaci\u00f3n sobre la diversidad y la inclusi\u00f3n ha llevado a muchas organizaciones a implementar pol\u00edticas m\u00e1s justas que promueven la igualdad de oportunidades. Adem\u00e1s, la presencia de m\u00e1s mujeres en roles de liderazgo ha servido de inspiraci\u00f3n y ha abierto caminos para las futuras generaciones.<\/p>\n<h3>La importancia del apoyo y la mentor\u00eda<\/h3>\n<p>Otro aspecto crucial que han resaltado estas pioneras es la importancia del apoyo y la mentor\u00eda. Tener modelos a seguir y mentores que entienden los desaf\u00edos espec\u00edficos que enfrentan las mujeres en estas profesiones puede marcar una diferencia significativa en su desarrollo profesional y personal. El apoyo de colegas y la formaci\u00f3n de redes de contacto s\u00f3lidas son fundamentales para avanzar y superar los obst\u00e1culos en estas carreras.<\/p>\n<h3>El camino a seguir<\/h3>\n<p>Aunque reconocen los avances, estas pioneras en sus respectivas profesiones est\u00e1n conscientes de que a\u00fan queda mucho camino por recorrer. La lucha por una verdadera igualdad de g\u00e9nero en el \u00e1mbito laboral contin\u00faa, y la necesidad de seguir abogando por cambios estructurales y culturales es evidente. La esperanza es que con el tiempo, la necesidad de &#8220;demostrar m\u00e1s&#8221; simplemente porque son mujeres se convierta en un vestigio del pasado.<\/p>\n<p>En resumen, aunque estas mujeres valoran los cambios positivos que han observado en sus profesiones, a\u00fan enfrentan el desaf\u00edo de tener que demostrar m\u00e1s para ser reconocidas y respetadas en igual medida que sus hom\u00f3logos masculinos. Su tenacidad y resiliencia contin\u00faan siendo una fuente de inspiraci\u00f3n, al tiempo que se\u00f1alan el camino hacia una mayor equidad en el mundo profesional.<\/p>\n\n\n<div class=\"kk-star-ratings kksr-auto kksr-align-left kksr-valign-bottom\"\n    data-payload='{&quot;align&quot;:&quot;left&quot;,&quot;id&quot;:&quot;6468&quot;,&quot;slug&quot;:&quot;default&quot;,&quot;valign&quot;:&quot;bottom&quot;,&quot;ignore&quot;:&quot;&quot;,&quot;reference&quot;:&quot;auto&quot;,&quot;class&quot;:&quot;&quot;,&quot;count&quot;:&quot;0&quot;,&quot;legendonly&quot;:&quot;&quot;,&quot;readonly&quot;:&quot;&quot;,&quot;score&quot;:&quot;0&quot;,&quot;starsonly&quot;:&quot;&quot;,&quot;best&quot;:&quot;5&quot;,&quot;gap&quot;:&quot;5&quot;,&quot;greet&quot;:&quot;Valora este post&quot;,&quot;legend&quot;:&quot;0\\\/5 - (0 votes)&quot;,&quot;size&quot;:&quot;22&quot;,&quot;title&quot;:&quot;Pioneras profesionales a\u00fan deben demostrar m\u00e1s, valoran cambios en sus campos&quot;,&quot;width&quot;:&quot;0&quot;,&quot;_legend&quot;:&quot;{score}\\\/{best} - ({count} {votes})&quot;,&quot;font_factor&quot;:&quot;1.25&quot;}'>\n            \n<div class=\"kksr-stars\">\n    \n<div class=\"kksr-stars-inactive\">\n            <div class=\"kksr-star\" data-star=\"1\" style=\"padding-right: 5px\">\n            \n\n<div class=\"kksr-icon\" style=\"width: 22px; height: 22px;\"><\/div>\n        <\/div>\n            <div class=\"kksr-star\" data-star=\"2\" style=\"padding-right: 5px\">\n            \n\n<div class=\"kksr-icon\" style=\"width: 22px; height: 22px;\"><\/div>\n        <\/div>\n            <div class=\"kksr-star\" data-star=\"3\" style=\"padding-right: 5px\">\n            \n\n<div class=\"kksr-icon\" style=\"width: 22px; height: 22px;\"><\/div>\n        <\/div>\n            <div class=\"kksr-star\" data-star=\"4\" style=\"padding-right: 5px\">\n            \n\n<div class=\"kksr-icon\" style=\"width: 22px; height: 22px;\"><\/div>\n        <\/div>\n            <div class=\"kksr-star\" data-star=\"5\" style=\"padding-right: 5px\">\n            \n\n<div class=\"kksr-icon\" style=\"width: 22px; height: 22px;\"><\/div>\n        <\/div>\n    <\/div>\n    \n<div class=\"kksr-stars-active\" style=\"width: 0px;\">\n            <div class=\"kksr-star\" style=\"padding-right: 5px\">\n            \n\n<div class=\"kksr-icon\" style=\"width: 22px; height: 22px;\"><\/div>\n        <\/div>\n            <div class=\"kksr-star\" style=\"padding-right: 5px\">\n            \n\n<div class=\"kksr-icon\" style=\"width: 22px; height: 22px;\"><\/div>\n        <\/div>\n            <div class=\"kksr-star\" style=\"padding-right: 5px\">\n            \n\n<div class=\"kksr-icon\" style=\"width: 22px; height: 22px;\"><\/div>\n        <\/div>\n            <div class=\"kksr-star\" style=\"padding-right: 5px\">\n            \n\n<div class=\"kksr-icon\" style=\"width: 22px; height: 22px;\"><\/div>\n        <\/div>\n            <div class=\"kksr-star\" style=\"padding-right: 5px\">\n            \n\n<div class=\"kksr-icon\" style=\"width: 22px; height: 22px;\"><\/div>\n        <\/div>\n    <\/div>\n<\/div>\n                \n\n<div class=\"kksr-legend\" style=\"font-size: 17.6px;\">\n            <span class=\"kksr-muted\">Valora este post<\/span>\n    <\/div>\n    <\/div>\n","protected":false},"excerpt":{"rendered":"<p>Pioneras en sus campos profesionales reconocen avances, aunque todav\u00eda enfrentan grandes desaf\u00edos En diversas profesiones tradicionalmente dominadas por hombres, las mujeres que han conseguido romper estas &#8230; <a title=\"Pioneras profesionales a\u00fan deben demostrar m\u00e1s, valoran cambios en sus campos\" class=\"read-more\" href=\"https:\/\/www.diario21.tv\/noticias\/pioneras-profesionales-aun-deben-demostrar-mas-valoran-cambios-en-sus-campos\/\" aria-label=\"Leer m\u00e1s sobre Pioneras profesionales a\u00fan deben demostrar m\u00e1s, valoran cambios en sus campos\">Seguir leyendo &rarr;<\/a><\/p>\n","protected":false},"author":20,"featured_media":6469,"comment_status":"open","ping_status":"open","sticky":false,"template":"","format":"standard","meta":{"footnotes":""},"categories":[13],"tags":[],"class_list":["post-6468","post","type-post","status-publish","format-standard","has-post-thumbnail","hentry","category-portada"],"yoast_head":"<!-- This site is optimized with the Yoast SEO plugin v25.6 - https:\/\/yoast.com\/wordpress\/plugins\/seo\/ -->\n<title>Pioneras profesionales a\u00fan deben demostrar m\u00e1s, valoran cambios en sus campos - Diario 21<\/title>\n<meta name=\"robots\" content=\"index, follow, max-snippet:-1, max-image-preview:large, max-video-preview:-1\" \/>\n<link rel=\"canonical\" href=\"https:\/\/www.diario21.tv\/noticias\/pioneras-profesionales-aun-deben-demostrar-mas-valoran-cambios-en-sus-campos\/\" \/>\n<meta property=\"og:locale\" content=\"es_ES\" \/>\n<meta property=\"og:type\" content=\"article\" \/>\n<meta property=\"og:title\" content=\"Pioneras profesionales a\u00fan deben demostrar m\u00e1s, valoran cambios en sus campos - Diario 21\" \/>\n<meta property=\"og:description\" content=\"Pioneras en sus campos profesionales reconocen avances, aunque todav\u00eda enfrentan grandes desaf\u00edos En diversas profesiones tradicionalmente dominadas por hombres, las mujeres que han conseguido romper estas ... Seguir leyendo &rarr;\" \/>\n<meta property=\"og:url\" content=\"https:\/\/www.diario21.tv\/noticias\/pioneras-profesionales-aun-deben-demostrar-mas-valoran-cambios-en-sus-campos\/\" \/>\n<meta property=\"og:site_name\" content=\"Diario 21\" \/>\n<meta property=\"article:published_time\" content=\"2026-03-08T12:37:16+00:00\" \/>\n<meta property=\"article:modified_time\" content=\"2026-03-08T12:37:19+00:00\" \/>\n<meta property=\"og:image\" content=\"https:\/\/www.diario21.tv\/noticias\/wp-content\/uploads\/2026\/03\/Pioneras-profesionales-aun-deben-demostrar-mas-valoran-cambios-en-sus.jpg\" \/>\n\t<meta property=\"og:image:width\" content=\"1920\" \/>\n\t<meta property=\"og:image:height\" content=\"1080\" \/>\n\t<meta property=\"og:image:type\" content=\"image\/jpeg\" \/>\n<meta name=\"author\" content=\"Juan P\u00e9rez\" \/>\n<meta name=\"twitter:card\" content=\"summary_large_image\" \/>\n<meta name=\"twitter:label1\" content=\"Escrito por\" \/>\n\t<meta name=\"twitter:data1\" content=\"Juan P\u00e9rez\" \/>\n\t<meta name=\"twitter:label2\" content=\"Tiempo de lectura\" \/>\n\t<meta name=\"twitter:data2\" content=\"2 minutos\" \/>\n<script type=\"application\/ld+json\" class=\"yoast-schema-graph\">{\"@context\":\"https:\/\/schema.org\",\"@graph\":[{\"@type\":\"WebPage\",\"@id\":\"https:\/\/www.diario21.tv\/noticias\/pioneras-profesionales-aun-deben-demostrar-mas-valoran-cambios-en-sus-campos\/\",\"url\":\"https:\/\/www.diario21.tv\/noticias\/pioneras-profesionales-aun-deben-demostrar-mas-valoran-cambios-en-sus-campos\/\",\"name\":\"Pioneras profesionales a\u00fan deben demostrar m\u00e1s, valoran cambios en sus campos - Diario 21\",\"isPartOf\":{\"@id\":\"https:\/\/www.diario21.tv\/noticias\/#website\"},\"primaryImageOfPage\":{\"@id\":\"https:\/\/www.diario21.tv\/noticias\/pioneras-profesionales-aun-deben-demostrar-mas-valoran-cambios-en-sus-campos\/#primaryimage\"},\"image\":{\"@id\":\"https:\/\/www.diario21.tv\/noticias\/pioneras-profesionales-aun-deben-demostrar-mas-valoran-cambios-en-sus-campos\/#primaryimage\"},\"thumbnailUrl\":\"https:\/\/www.diario21.tv\/noticias\/wp-content\/uploads\/2026\/03\/Pioneras-profesionales-aun-deben-demostrar-mas-valoran-cambios-en-sus.jpg\",\"datePublished\":\"2026-03-08T12:37:16+00:00\",\"dateModified\":\"2026-03-08T12:37:19+00:00\",\"author\":{\"@id\":\"https:\/\/www.diario21.tv\/noticias\/#\/schema\/person\/dfb778f73814d8f09f302618446a526b\"},\"breadcrumb\":{\"@id\":\"https:\/\/www.diario21.tv\/noticias\/pioneras-profesionales-aun-deben-demostrar-mas-valoran-cambios-en-sus-campos\/#breadcrumb\"},\"inLanguage\":\"es-AR\",\"potentialAction\":[{\"@type\":\"ReadAction\",\"target\":[\"https:\/\/www.diario21.tv\/noticias\/pioneras-profesionales-aun-deben-demostrar-mas-valoran-cambios-en-sus-campos\/\"]}]},{\"@type\":\"ImageObject\",\"inLanguage\":\"es-AR\",\"@id\":\"https:\/\/www.diario21.tv\/noticias\/pioneras-profesionales-aun-deben-demostrar-mas-valoran-cambios-en-sus-campos\/#primaryimage\",\"url\":\"https:\/\/www.diario21.tv\/noticias\/wp-content\/uploads\/2026\/03\/Pioneras-profesionales-aun-deben-demostrar-mas-valoran-cambios-en-sus.jpg\",\"contentUrl\":\"https:\/\/www.diario21.tv\/noticias\/wp-content\/uploads\/2026\/03\/Pioneras-profesionales-aun-deben-demostrar-mas-valoran-cambios-en-sus.jpg\",\"width\":1920,\"height\":1080,\"caption\":\"Pioneras en sus profesiones valoran los cambios, aunque ellas a\u00fan &quot;tienen que demostrar m\u00e1s&quot;\"},{\"@type\":\"BreadcrumbList\",\"@id\":\"https:\/\/www.diario21.tv\/noticias\/pioneras-profesionales-aun-deben-demostrar-mas-valoran-cambios-en-sus-campos\/#breadcrumb\",\"itemListElement\":[{\"@type\":\"ListItem\",\"position\":1,\"name\":\"Accueil\",\"item\":\"https:\/\/www.diario21.tv\/noticias\/\"},{\"@type\":\"ListItem\",\"position\":2,\"name\":\"Pioneras profesionales a\u00fan deben demostrar m\u00e1s, valoran cambios en sus campos\"}]},{\"@type\":\"WebSite\",\"@id\":\"https:\/\/www.diario21.tv\/noticias\/#website\",\"url\":\"https:\/\/www.diario21.tv\/noticias\/\",\"name\":\"Diario 21\",\"description\":\"\",\"potentialAction\":[{\"@type\":\"SearchAction\",\"target\":{\"@type\":\"EntryPoint\",\"urlTemplate\":\"https:\/\/www.diario21.tv\/noticias\/?s={search_term_string}\"},\"query-input\":{\"@type\":\"PropertyValueSpecification\",\"valueRequired\":true,\"valueName\":\"search_term_string\"}}],\"inLanguage\":\"es-AR\"},{\"@type\":\"Person\",\"@id\":\"https:\/\/www.diario21.tv\/noticias\/#\/schema\/person\/dfb778f73814d8f09f302618446a526b\",\"name\":\"Juan P\u00e9rez\",\"image\":{\"@type\":\"ImageObject\",\"inLanguage\":\"es-AR\",\"@id\":\"https:\/\/www.diario21.tv\/noticias\/#\/schema\/person\/image\/\",\"url\":\"https:\/\/secure.gravatar.com\/avatar\/c478a405bd10621167f4c3167cc770f5?s=96&d=mm&r=g\",\"contentUrl\":\"https:\/\/secure.gravatar.com\/avatar\/c478a405bd10621167f4c3167cc770f5?s=96&d=mm&r=g\",\"caption\":\"Juan P\u00e9rez\"},\"description\":\"Juan P\u00e9rez es el redactor en jefe de Diario 21. Con m\u00e1s de 10 a\u00f1os de experiencia en el periodismo, se especializa en pol\u00edtica nacional y an\u00e1lisis socioecon\u00f3mico. Su enfoque cr\u00edtico y riguroso aporta una perspectiva \u00fanica a cada art\u00edculo.\",\"sameAs\":[\"https:\/\/www.diario21.tv\/noticias\/\"],\"url\":\"https:\/\/www.diario21.tv\/noticias\/author\/juan-perez\/\"}]}<\/script>\n<!-- \/ Yoast SEO plugin. -->","yoast_head_json":{"title":"Pioneras profesionales a\u00fan deben demostrar m\u00e1s, valoran cambios en sus campos - Diario 21","robots":{"index":"index","follow":"follow","max-snippet":"max-snippet:-1","max-image-preview":"max-image-preview:large","max-video-preview":"max-video-preview:-1"},"canonical":"https:\/\/www.diario21.tv\/noticias\/pioneras-profesionales-aun-deben-demostrar-mas-valoran-cambios-en-sus-campos\/","og_locale":"es_ES","og_type":"article","og_title":"Pioneras profesionales a\u00fan deben demostrar m\u00e1s, valoran cambios en sus campos - Diario 21","og_description":"Pioneras en sus campos profesionales reconocen avances, aunque todav\u00eda enfrentan grandes desaf\u00edos En diversas profesiones tradicionalmente dominadas por hombres, las mujeres que han conseguido romper estas ... Seguir leyendo &rarr;","og_url":"https:\/\/www.diario21.tv\/noticias\/pioneras-profesionales-aun-deben-demostrar-mas-valoran-cambios-en-sus-campos\/","og_site_name":"Diario 21","article_published_time":"2026-03-08T12:37:16+00:00","article_modified_time":"2026-03-08T12:37:19+00:00","og_image":[{"width":1920,"height":1080,"url":"https:\/\/www.diario21.tv\/noticias\/wp-content\/uploads\/2026\/03\/Pioneras-profesionales-aun-deben-demostrar-mas-valoran-cambios-en-sus.jpg","type":"image\/jpeg"}],"author":"Juan P\u00e9rez","twitter_card":"summary_large_image","twitter_misc":{"Escrito por":"Juan P\u00e9rez","Tiempo de lectura":"2 minutos"},"schema":{"@context":"https:\/\/schema.org","@graph":[{"@type":"WebPage","@id":"https:\/\/www.diario21.tv\/noticias\/pioneras-profesionales-aun-deben-demostrar-mas-valoran-cambios-en-sus-campos\/","url":"https:\/\/www.diario21.tv\/noticias\/pioneras-profesionales-aun-deben-demostrar-mas-valoran-cambios-en-sus-campos\/","name":"Pioneras profesionales a\u00fan deben demostrar m\u00e1s, valoran cambios en sus campos - Diario 21","isPartOf":{"@id":"https:\/\/www.diario21.tv\/noticias\/#website"},"primaryImageOfPage":{"@id":"https:\/\/www.diario21.tv\/noticias\/pioneras-profesionales-aun-deben-demostrar-mas-valoran-cambios-en-sus-campos\/#primaryimage"},"image":{"@id":"https:\/\/www.diario21.tv\/noticias\/pioneras-profesionales-aun-deben-demostrar-mas-valoran-cambios-en-sus-campos\/#primaryimage"},"thumbnailUrl":"https:\/\/www.diario21.tv\/noticias\/wp-content\/uploads\/2026\/03\/Pioneras-profesionales-aun-deben-demostrar-mas-valoran-cambios-en-sus.jpg","datePublished":"2026-03-08T12:37:16+00:00","dateModified":"2026-03-08T12:37:19+00:00","author":{"@id":"https:\/\/www.diario21.tv\/noticias\/#\/schema\/person\/dfb778f73814d8f09f302618446a526b"},"breadcrumb":{"@id":"https:\/\/www.diario21.tv\/noticias\/pioneras-profesionales-aun-deben-demostrar-mas-valoran-cambios-en-sus-campos\/#breadcrumb"},"inLanguage":"es-AR","potentialAction":[{"@type":"ReadAction","target":["https:\/\/www.diario21.tv\/noticias\/pioneras-profesionales-aun-deben-demostrar-mas-valoran-cambios-en-sus-campos\/"]}]},{"@type":"ImageObject","inLanguage":"es-AR","@id":"https:\/\/www.diario21.tv\/noticias\/pioneras-profesionales-aun-deben-demostrar-mas-valoran-cambios-en-sus-campos\/#primaryimage","url":"https:\/\/www.diario21.tv\/noticias\/wp-content\/uploads\/2026\/03\/Pioneras-profesionales-aun-deben-demostrar-mas-valoran-cambios-en-sus.jpg","contentUrl":"https:\/\/www.diario21.tv\/noticias\/wp-content\/uploads\/2026\/03\/Pioneras-profesionales-aun-deben-demostrar-mas-valoran-cambios-en-sus.jpg","width":1920,"height":1080,"caption":"Pioneras en sus profesiones valoran los cambios, aunque ellas a\u00fan &quot;tienen que demostrar m\u00e1s&quot;"},{"@type":"BreadcrumbList","@id":"https:\/\/www.diario21.tv\/noticias\/pioneras-profesionales-aun-deben-demostrar-mas-valoran-cambios-en-sus-campos\/#breadcrumb","itemListElement":[{"@type":"ListItem","position":1,"name":"Accueil","item":"https:\/\/www.diario21.tv\/noticias\/"},{"@type":"ListItem","position":2,"name":"Pioneras profesionales a\u00fan deben demostrar m\u00e1s, valoran cambios en sus campos"}]},{"@type":"WebSite","@id":"https:\/\/www.diario21.tv\/noticias\/#website","url":"https:\/\/www.diario21.tv\/noticias\/","name":"Diario 21","description":"","potentialAction":[{"@type":"SearchAction","target":{"@type":"EntryPoint","urlTemplate":"https:\/\/www.diario21.tv\/noticias\/?s={search_term_string}"},"query-input":{"@type":"PropertyValueSpecification","valueRequired":true,"valueName":"search_term_string"}}],"inLanguage":"es-AR"},{"@type":"Person","@id":"https:\/\/www.diario21.tv\/noticias\/#\/schema\/person\/dfb778f73814d8f09f302618446a526b","name":"Juan P\u00e9rez","image":{"@type":"ImageObject","inLanguage":"es-AR","@id":"https:\/\/www.diario21.tv\/noticias\/#\/schema\/person\/image\/","url":"https:\/\/secure.gravatar.com\/avatar\/c478a405bd10621167f4c3167cc770f5?s=96&d=mm&r=g","contentUrl":"https:\/\/secure.gravatar.com\/avatar\/c478a405bd10621167f4c3167cc770f5?s=96&d=mm&r=g","caption":"Juan P\u00e9rez"},"description":"Juan P\u00e9rez es el redactor en jefe de Diario 21. Con m\u00e1s de 10 a\u00f1os de experiencia en el periodismo, se especializa en pol\u00edtica nacional y an\u00e1lisis socioecon\u00f3mico. Su enfoque cr\u00edtico y riguroso aporta una perspectiva \u00fanica a cada art\u00edculo.","sameAs":["https:\/\/www.diario21.tv\/noticias\/"],"url":"https:\/\/www.diario21.tv\/noticias\/author\/juan-perez\/"}]}},"_links":{"self":[{"href":"https:\/\/www.diario21.tv\/noticias\/wp-json\/wp\/v2\/posts\/6468"}],"collection":[{"href":"https:\/\/www.diario21.tv\/noticias\/wp-json\/wp\/v2\/posts"}],"about":[{"href":"https:\/\/www.diario21.tv\/noticias\/wp-json\/wp\/v2\/types\/post"}],"author":[{"embeddable":true,"href":"https:\/\/www.diario21.tv\/noticias\/wp-json\/wp\/v2\/users\/20"}],"replies":[{"embeddable":true,"href":"https:\/\/www.diario21.tv\/noticias\/wp-json\/wp\/v2\/comments?post=6468"}],"version-history":[{"count":1,"href":"https:\/\/www.diario21.tv\/noticias\/wp-json\/wp\/v2\/posts\/6468\/revisions"}],"predecessor-version":[{"id":6470,"href":"https:\/\/www.diario21.tv\/noticias\/wp-json\/wp\/v2\/posts\/6468\/revisions\/6470"}],"wp:featuredmedia":[{"embeddable":true,"href":"https:\/\/www.diario21.tv\/noticias\/wp-json\/wp\/v2\/media\/6469"}],"wp:attachment":[{"href":"https:\/\/www.diario21.tv\/noticias\/wp-json\/wp\/v2\/media?parent=6468"}],"wp:term":[{"taxonomy":"category","embeddable":true,"href":"https:\/\/www.diario21.tv\/noticias\/wp-json\/wp\/v2\/categories?post=6468"},{"taxonomy":"post_tag","embeddable":true,"href":"https:\/\/www.diario21.tv\/noticias\/wp-json\/wp\/v2\/tags?post=6468"}],"curies":[{"name":"wp","href":"https:\/\/api.w.org\/{rel}","templated":true}]}}