{"id":6465,"date":"2026-03-08T06:36:20","date_gmt":"2026-03-08T06:36:20","guid":{"rendered":"https:\/\/www.diario21.tv\/noticias\/impactante-mujer-discapacitada-revela-la-barrera-esta-en-nuestra-mente\/"},"modified":"2026-03-08T06:36:21","modified_gmt":"2026-03-08T06:36:21","slug":"impactante-mujer-discapacitada-revela-la-barrera-esta-en-nuestra-mente","status":"publish","type":"post","link":"https:\/\/www.diario21.tv\/noticias\/impactante-mujer-discapacitada-revela-la-barrera-esta-en-nuestra-mente\/","title":{"rendered":"\u00a1Impactante! Mujer discapacitada revela: &#8216;La barrera est\u00e1 en nuestra mente&#8217;"},"content":{"rendered":"<h2>El mayor obst\u00e1culo est\u00e1 en nuestra mente, asegura mujer con discapacidad<\/h2>\n<p>En una sociedad que frecuentemente pone barreras a las personas con discapacidades, una mujer valiente alza la voz para compartir su experiencia y perspectiva. Seg\u00fan ella, aunque el mundo exterior presenta numerosos desaf\u00edos, la barrera m\u00e1s significativa y dif\u00edcil de superar reside dentro de nosotros mismos: nuestra mente.<\/p>\n<h3>Un testimonio de resistencia y fortaleza<\/h3>\n<p>Desde su silla de ruedas, esta mujer ha enfrentado incontables obst\u00e1culos f\u00edsicos y sociales desde que una enfermedad la dej\u00f3 con movilidad reducida hace varios a\u00f1os. Sin embargo, su discapacidad no ha frenado su deseo de vivir plenamente. A trav\u00e9s de su experiencia, ha aprendido que muchas de las limitaciones que parece imponer la sociedad en realidad se alimentan de las limitaciones que uno acepta internamente.<\/p>\n<h3>Desafiando las percepciones comunes<\/h3>\n<p>Ella argumenta que, aunque es crucial abogar por una accesibilidad mejor y m\u00e1s inclusiva en todos los \u00e1mbitos de la sociedad, es igualmente importante trabajar en la auto-percepci\u00f3n y en la mentalidad de las personas con discapacidades. La transformaci\u00f3n interna puede ser un poderoso punto de partida para derribar las barreras externas.<\/p>\n<p>&#8220;La primera batalla se libra dentro de uno mismo&#8221;, afirma con convicci\u00f3n. Seg\u00fan su experiencia, cambiar la manera en que se ve a s\u00ed misma ha sido un factor clave para enfrentar y superar muchas de las dificultades pr\u00e1cticas de su d\u00eda a d\u00eda.<\/p>\n<h3>Educaci\u00f3n y sensibilizaci\u00f3n: Claves para el cambio<\/h3>\n<p>Parte de su misi\u00f3n personal es educar a otros sobre lo que realmente significa vivir con una discapacidad. Ella insiste en que la sensibilizaci\u00f3n y la educaci\u00f3n son esenciales para cambiar las actitudes y las infraestructuras. Al compartir su historia y sus luchas, busca inspirar tanto a otras personas en situaciones similares como a la sociedad en general para que reconsideren y transformen la manera en que interact\u00faan con las personas con discapacidades.<\/p>\n<h3>El poder del apoyo y la comunidad<\/h3>\n<p>Esta mujer tambi\u00e9n destaca la importancia del apoyo de la familia, amigos y comunidades que entienden y promueven la inclusi\u00f3n. Para ella, un entorno de apoyo no solo mejora la calidad de vida, sino que tambi\u00e9n empodera a las personas con discapacidades para que se enfrenten a sus desaf\u00edos con mayor confianza y optimismo.<\/p>\n<h3>Un futuro m\u00e1s inclusivo<\/h3>\n<p>Mirando hacia el futuro, ella tiene esperanzas de que la sociedad contin\u00fae avanzando hacia una inclusi\u00f3n m\u00e1s completa. Con cada persona que cambia su percepci\u00f3n sobre las discapacidades, con cada ajuste en la infraestructura y cada pol\u00edtica inclusiva implementada, el mundo se convierte en un lugar un poco m\u00e1s amable para todos.<\/p>\n<p>La historia de esta mujer es un recordatorio poderoso de que, aunque las barreras f\u00edsicas son innegables, las barreras mentales que nos imponemos son a menudo las m\u00e1s limitantes. Al cambiar nuestra forma de pensar, no solo mejoramos nuestras propias vidas, sino que tambi\u00e9n contribuimos a un mundo m\u00e1s inclusivo y comprensivo.<\/p>\n\n\n<div class=\"kk-star-ratings kksr-auto kksr-align-left kksr-valign-bottom\"\n    data-payload='{&quot;align&quot;:&quot;left&quot;,&quot;id&quot;:&quot;6465&quot;,&quot;slug&quot;:&quot;default&quot;,&quot;valign&quot;:&quot;bottom&quot;,&quot;ignore&quot;:&quot;&quot;,&quot;reference&quot;:&quot;auto&quot;,&quot;class&quot;:&quot;&quot;,&quot;count&quot;:&quot;0&quot;,&quot;legendonly&quot;:&quot;&quot;,&quot;readonly&quot;:&quot;&quot;,&quot;score&quot;:&quot;0&quot;,&quot;starsonly&quot;:&quot;&quot;,&quot;best&quot;:&quot;5&quot;,&quot;gap&quot;:&quot;5&quot;,&quot;greet&quot;:&quot;Valora este post&quot;,&quot;legend&quot;:&quot;0\\\/5 - (0 votes)&quot;,&quot;size&quot;:&quot;22&quot;,&quot;title&quot;:&quot;\u00a1Impactante! Mujer discapacitada revela: \\u0026#039;La barrera est\u00e1 en nuestra mente\\u0026#039;&quot;,&quot;width&quot;:&quot;0&quot;,&quot;_legend&quot;:&quot;{score}\\\/{best} - ({count} {votes})&quot;,&quot;font_factor&quot;:&quot;1.25&quot;}'>\n            \n<div class=\"kksr-stars\">\n    \n<div class=\"kksr-stars-inactive\">\n            <div class=\"kksr-star\" data-star=\"1\" style=\"padding-right: 5px\">\n            \n\n<div class=\"kksr-icon\" style=\"width: 22px; height: 22px;\"><\/div>\n        <\/div>\n            <div class=\"kksr-star\" data-star=\"2\" style=\"padding-right: 5px\">\n            \n\n<div class=\"kksr-icon\" style=\"width: 22px; height: 22px;\"><\/div>\n        <\/div>\n            <div class=\"kksr-star\" data-star=\"3\" style=\"padding-right: 5px\">\n            \n\n<div class=\"kksr-icon\" style=\"width: 22px; height: 22px;\"><\/div>\n        <\/div>\n            <div class=\"kksr-star\" data-star=\"4\" style=\"padding-right: 5px\">\n            \n\n<div class=\"kksr-icon\" style=\"width: 22px; height: 22px;\"><\/div>\n        <\/div>\n            <div class=\"kksr-star\" data-star=\"5\" style=\"padding-right: 5px\">\n            \n\n<div class=\"kksr-icon\" style=\"width: 22px; height: 22px;\"><\/div>\n        <\/div>\n    <\/div>\n    \n<div class=\"kksr-stars-active\" style=\"width: 0px;\">\n            <div class=\"kksr-star\" style=\"padding-right: 5px\">\n            \n\n<div class=\"kksr-icon\" style=\"width: 22px; height: 22px;\"><\/div>\n        <\/div>\n            <div class=\"kksr-star\" style=\"padding-right: 5px\">\n            \n\n<div class=\"kksr-icon\" style=\"width: 22px; height: 22px;\"><\/div>\n        <\/div>\n            <div class=\"kksr-star\" style=\"padding-right: 5px\">\n            \n\n<div class=\"kksr-icon\" style=\"width: 22px; height: 22px;\"><\/div>\n        <\/div>\n            <div class=\"kksr-star\" style=\"padding-right: 5px\">\n            \n\n<div class=\"kksr-icon\" style=\"width: 22px; height: 22px;\"><\/div>\n        <\/div>\n            <div class=\"kksr-star\" style=\"padding-right: 5px\">\n            \n\n<div class=\"kksr-icon\" style=\"width: 22px; height: 22px;\"><\/div>\n        <\/div>\n    <\/div>\n<\/div>\n                \n\n<div class=\"kksr-legend\" style=\"font-size: 17.6px;\">\n            <span class=\"kksr-muted\">Valora este post<\/span>\n    <\/div>\n    <\/div>\n","protected":false},"excerpt":{"rendered":"<p>El mayor obst\u00e1culo est\u00e1 en nuestra mente, asegura mujer con discapacidad En una sociedad que frecuentemente pone barreras a las personas con discapacidades, una mujer valiente &#8230; <a title=\"\u00a1Impactante! Mujer discapacitada revela: &#8216;La barrera est\u00e1 en nuestra mente&#8217;\" class=\"read-more\" href=\"https:\/\/www.diario21.tv\/noticias\/impactante-mujer-discapacitada-revela-la-barrera-esta-en-nuestra-mente\/\" aria-label=\"Leer m\u00e1s sobre \u00a1Impactante! Mujer discapacitada revela: &#8216;La barrera est\u00e1 en nuestra mente&#8217;\">Seguir leyendo &rarr;<\/a><\/p>\n","protected":false},"author":20,"featured_media":6466,"comment_status":"open","ping_status":"open","sticky":false,"template":"","format":"standard","meta":{"footnotes":""},"categories":[13],"tags":[],"class_list":["post-6465","post","type-post","status-publish","format-standard","has-post-thumbnail","hentry","category-portada"],"yoast_head":"<!-- This site is optimized with the Yoast SEO plugin v25.6 - https:\/\/yoast.com\/wordpress\/plugins\/seo\/ -->\n<title>\u00a1Impactante! Mujer discapacitada revela: &#039;La barrera est\u00e1 en nuestra mente&#039; - Diario 21<\/title>\n<meta name=\"robots\" content=\"index, follow, max-snippet:-1, max-image-preview:large, max-video-preview:-1\" \/>\n<link rel=\"canonical\" href=\"https:\/\/www.diario21.tv\/noticias\/impactante-mujer-discapacitada-revela-la-barrera-esta-en-nuestra-mente\/\" \/>\n<meta property=\"og:locale\" content=\"es_ES\" \/>\n<meta property=\"og:type\" content=\"article\" \/>\n<meta property=\"og:title\" content=\"\u00a1Impactante! Mujer discapacitada revela: &#039;La barrera est\u00e1 en nuestra mente&#039; - Diario 21\" \/>\n<meta property=\"og:description\" content=\"El mayor obst\u00e1culo est\u00e1 en nuestra mente, asegura mujer con discapacidad En una sociedad que frecuentemente pone barreras a las personas con discapacidades, una mujer valiente ... Seguir leyendo &rarr;\" \/>\n<meta property=\"og:url\" content=\"https:\/\/www.diario21.tv\/noticias\/impactante-mujer-discapacitada-revela-la-barrera-esta-en-nuestra-mente\/\" \/>\n<meta property=\"og:site_name\" content=\"Diario 21\" \/>\n<meta property=\"article:published_time\" content=\"2026-03-08T06:36:20+00:00\" \/>\n<meta property=\"article:modified_time\" content=\"2026-03-08T06:36:21+00:00\" \/>\n<meta property=\"og:image\" content=\"https:\/\/www.diario21.tv\/noticias\/wp-content\/uploads\/2026\/03\/\u00a1Impactante-Mujer-discapacitada-revela-La-barrera-esta-en-nuestra-mente.jpg\" \/>\n\t<meta property=\"og:image:width\" content=\"1920\" \/>\n\t<meta property=\"og:image:height\" content=\"1080\" \/>\n\t<meta property=\"og:image:type\" content=\"image\/jpeg\" \/>\n<meta name=\"author\" content=\"Juan P\u00e9rez\" \/>\n<meta name=\"twitter:card\" content=\"summary_large_image\" \/>\n<meta name=\"twitter:label1\" content=\"Escrito por\" \/>\n\t<meta name=\"twitter:data1\" content=\"Juan P\u00e9rez\" \/>\n\t<meta name=\"twitter:label2\" content=\"Tiempo de lectura\" \/>\n\t<meta name=\"twitter:data2\" content=\"3 minutos\" \/>\n<script type=\"application\/ld+json\" class=\"yoast-schema-graph\">{\"@context\":\"https:\/\/schema.org\",\"@graph\":[{\"@type\":\"WebPage\",\"@id\":\"https:\/\/www.diario21.tv\/noticias\/impactante-mujer-discapacitada-revela-la-barrera-esta-en-nuestra-mente\/\",\"url\":\"https:\/\/www.diario21.tv\/noticias\/impactante-mujer-discapacitada-revela-la-barrera-esta-en-nuestra-mente\/\",\"name\":\"\u00a1Impactante! Mujer discapacitada revela: 'La barrera est\u00e1 en nuestra mente' - Diario 21\",\"isPartOf\":{\"@id\":\"https:\/\/www.diario21.tv\/noticias\/#website\"},\"primaryImageOfPage\":{\"@id\":\"https:\/\/www.diario21.tv\/noticias\/impactante-mujer-discapacitada-revela-la-barrera-esta-en-nuestra-mente\/#primaryimage\"},\"image\":{\"@id\":\"https:\/\/www.diario21.tv\/noticias\/impactante-mujer-discapacitada-revela-la-barrera-esta-en-nuestra-mente\/#primaryimage\"},\"thumbnailUrl\":\"https:\/\/www.diario21.tv\/noticias\/wp-content\/uploads\/2026\/03\/\u00a1Impactante-Mujer-discapacitada-revela-La-barrera-esta-en-nuestra-mente.jpg\",\"datePublished\":\"2026-03-08T06:36:20+00:00\",\"dateModified\":\"2026-03-08T06:36:21+00:00\",\"author\":{\"@id\":\"https:\/\/www.diario21.tv\/noticias\/#\/schema\/person\/dfb778f73814d8f09f302618446a526b\"},\"breadcrumb\":{\"@id\":\"https:\/\/www.diario21.tv\/noticias\/impactante-mujer-discapacitada-revela-la-barrera-esta-en-nuestra-mente\/#breadcrumb\"},\"inLanguage\":\"es-AR\",\"potentialAction\":[{\"@type\":\"ReadAction\",\"target\":[\"https:\/\/www.diario21.tv\/noticias\/impactante-mujer-discapacitada-revela-la-barrera-esta-en-nuestra-mente\/\"]}]},{\"@type\":\"ImageObject\",\"inLanguage\":\"es-AR\",\"@id\":\"https:\/\/www.diario21.tv\/noticias\/impactante-mujer-discapacitada-revela-la-barrera-esta-en-nuestra-mente\/#primaryimage\",\"url\":\"https:\/\/www.diario21.tv\/noticias\/wp-content\/uploads\/2026\/03\/\u00a1Impactante-Mujer-discapacitada-revela-La-barrera-esta-en-nuestra-mente.jpg\",\"contentUrl\":\"https:\/\/www.diario21.tv\/noticias\/wp-content\/uploads\/2026\/03\/\u00a1Impactante-Mujer-discapacitada-revela-La-barrera-esta-en-nuestra-mente.jpg\",\"width\":1920,\"height\":1080,\"caption\":\"Mujer con discapacidad: &quot;La principal barrera es nuestra propia mente&quot;\"},{\"@type\":\"BreadcrumbList\",\"@id\":\"https:\/\/www.diario21.tv\/noticias\/impactante-mujer-discapacitada-revela-la-barrera-esta-en-nuestra-mente\/#breadcrumb\",\"itemListElement\":[{\"@type\":\"ListItem\",\"position\":1,\"name\":\"Accueil\",\"item\":\"https:\/\/www.diario21.tv\/noticias\/\"},{\"@type\":\"ListItem\",\"position\":2,\"name\":\"\u00a1Impactante! Mujer discapacitada revela: &#8216;La barrera est\u00e1 en nuestra mente&#8217;\"}]},{\"@type\":\"WebSite\",\"@id\":\"https:\/\/www.diario21.tv\/noticias\/#website\",\"url\":\"https:\/\/www.diario21.tv\/noticias\/\",\"name\":\"Diario 21\",\"description\":\"\",\"potentialAction\":[{\"@type\":\"SearchAction\",\"target\":{\"@type\":\"EntryPoint\",\"urlTemplate\":\"https:\/\/www.diario21.tv\/noticias\/?s={search_term_string}\"},\"query-input\":{\"@type\":\"PropertyValueSpecification\",\"valueRequired\":true,\"valueName\":\"search_term_string\"}}],\"inLanguage\":\"es-AR\"},{\"@type\":\"Person\",\"@id\":\"https:\/\/www.diario21.tv\/noticias\/#\/schema\/person\/dfb778f73814d8f09f302618446a526b\",\"name\":\"Juan P\u00e9rez\",\"image\":{\"@type\":\"ImageObject\",\"inLanguage\":\"es-AR\",\"@id\":\"https:\/\/www.diario21.tv\/noticias\/#\/schema\/person\/image\/\",\"url\":\"https:\/\/secure.gravatar.com\/avatar\/c478a405bd10621167f4c3167cc770f5?s=96&d=mm&r=g\",\"contentUrl\":\"https:\/\/secure.gravatar.com\/avatar\/c478a405bd10621167f4c3167cc770f5?s=96&d=mm&r=g\",\"caption\":\"Juan P\u00e9rez\"},\"description\":\"Juan P\u00e9rez es el redactor en jefe de Diario 21. Con m\u00e1s de 10 a\u00f1os de experiencia en el periodismo, se especializa en pol\u00edtica nacional y an\u00e1lisis socioecon\u00f3mico. Su enfoque cr\u00edtico y riguroso aporta una perspectiva \u00fanica a cada art\u00edculo.\",\"sameAs\":[\"https:\/\/www.diario21.tv\/noticias\/\"],\"url\":\"https:\/\/www.diario21.tv\/noticias\/author\/juan-perez\/\"}]}<\/script>\n<!-- \/ Yoast SEO plugin. -->","yoast_head_json":{"title":"\u00a1Impactante! Mujer discapacitada revela: 'La barrera est\u00e1 en nuestra mente' - Diario 21","robots":{"index":"index","follow":"follow","max-snippet":"max-snippet:-1","max-image-preview":"max-image-preview:large","max-video-preview":"max-video-preview:-1"},"canonical":"https:\/\/www.diario21.tv\/noticias\/impactante-mujer-discapacitada-revela-la-barrera-esta-en-nuestra-mente\/","og_locale":"es_ES","og_type":"article","og_title":"\u00a1Impactante! Mujer discapacitada revela: 'La barrera est\u00e1 en nuestra mente' - Diario 21","og_description":"El mayor obst\u00e1culo est\u00e1 en nuestra mente, asegura mujer con discapacidad En una sociedad que frecuentemente pone barreras a las personas con discapacidades, una mujer valiente ... Seguir leyendo &rarr;","og_url":"https:\/\/www.diario21.tv\/noticias\/impactante-mujer-discapacitada-revela-la-barrera-esta-en-nuestra-mente\/","og_site_name":"Diario 21","article_published_time":"2026-03-08T06:36:20+00:00","article_modified_time":"2026-03-08T06:36:21+00:00","og_image":[{"width":1920,"height":1080,"url":"https:\/\/www.diario21.tv\/noticias\/wp-content\/uploads\/2026\/03\/\u00a1Impactante-Mujer-discapacitada-revela-La-barrera-esta-en-nuestra-mente.jpg","type":"image\/jpeg"}],"author":"Juan P\u00e9rez","twitter_card":"summary_large_image","twitter_misc":{"Escrito por":"Juan P\u00e9rez","Tiempo de lectura":"3 minutos"},"schema":{"@context":"https:\/\/schema.org","@graph":[{"@type":"WebPage","@id":"https:\/\/www.diario21.tv\/noticias\/impactante-mujer-discapacitada-revela-la-barrera-esta-en-nuestra-mente\/","url":"https:\/\/www.diario21.tv\/noticias\/impactante-mujer-discapacitada-revela-la-barrera-esta-en-nuestra-mente\/","name":"\u00a1Impactante! Mujer discapacitada revela: 'La barrera est\u00e1 en nuestra mente' - Diario 21","isPartOf":{"@id":"https:\/\/www.diario21.tv\/noticias\/#website"},"primaryImageOfPage":{"@id":"https:\/\/www.diario21.tv\/noticias\/impactante-mujer-discapacitada-revela-la-barrera-esta-en-nuestra-mente\/#primaryimage"},"image":{"@id":"https:\/\/www.diario21.tv\/noticias\/impactante-mujer-discapacitada-revela-la-barrera-esta-en-nuestra-mente\/#primaryimage"},"thumbnailUrl":"https:\/\/www.diario21.tv\/noticias\/wp-content\/uploads\/2026\/03\/\u00a1Impactante-Mujer-discapacitada-revela-La-barrera-esta-en-nuestra-mente.jpg","datePublished":"2026-03-08T06:36:20+00:00","dateModified":"2026-03-08T06:36:21+00:00","author":{"@id":"https:\/\/www.diario21.tv\/noticias\/#\/schema\/person\/dfb778f73814d8f09f302618446a526b"},"breadcrumb":{"@id":"https:\/\/www.diario21.tv\/noticias\/impactante-mujer-discapacitada-revela-la-barrera-esta-en-nuestra-mente\/#breadcrumb"},"inLanguage":"es-AR","potentialAction":[{"@type":"ReadAction","target":["https:\/\/www.diario21.tv\/noticias\/impactante-mujer-discapacitada-revela-la-barrera-esta-en-nuestra-mente\/"]}]},{"@type":"ImageObject","inLanguage":"es-AR","@id":"https:\/\/www.diario21.tv\/noticias\/impactante-mujer-discapacitada-revela-la-barrera-esta-en-nuestra-mente\/#primaryimage","url":"https:\/\/www.diario21.tv\/noticias\/wp-content\/uploads\/2026\/03\/\u00a1Impactante-Mujer-discapacitada-revela-La-barrera-esta-en-nuestra-mente.jpg","contentUrl":"https:\/\/www.diario21.tv\/noticias\/wp-content\/uploads\/2026\/03\/\u00a1Impactante-Mujer-discapacitada-revela-La-barrera-esta-en-nuestra-mente.jpg","width":1920,"height":1080,"caption":"Mujer con discapacidad: &quot;La principal barrera es nuestra propia mente&quot;"},{"@type":"BreadcrumbList","@id":"https:\/\/www.diario21.tv\/noticias\/impactante-mujer-discapacitada-revela-la-barrera-esta-en-nuestra-mente\/#breadcrumb","itemListElement":[{"@type":"ListItem","position":1,"name":"Accueil","item":"https:\/\/www.diario21.tv\/noticias\/"},{"@type":"ListItem","position":2,"name":"\u00a1Impactante! Mujer discapacitada revela: &#8216;La barrera est\u00e1 en nuestra mente&#8217;"}]},{"@type":"WebSite","@id":"https:\/\/www.diario21.tv\/noticias\/#website","url":"https:\/\/www.diario21.tv\/noticias\/","name":"Diario 21","description":"","potentialAction":[{"@type":"SearchAction","target":{"@type":"EntryPoint","urlTemplate":"https:\/\/www.diario21.tv\/noticias\/?s={search_term_string}"},"query-input":{"@type":"PropertyValueSpecification","valueRequired":true,"valueName":"search_term_string"}}],"inLanguage":"es-AR"},{"@type":"Person","@id":"https:\/\/www.diario21.tv\/noticias\/#\/schema\/person\/dfb778f73814d8f09f302618446a526b","name":"Juan P\u00e9rez","image":{"@type":"ImageObject","inLanguage":"es-AR","@id":"https:\/\/www.diario21.tv\/noticias\/#\/schema\/person\/image\/","url":"https:\/\/secure.gravatar.com\/avatar\/c478a405bd10621167f4c3167cc770f5?s=96&d=mm&r=g","contentUrl":"https:\/\/secure.gravatar.com\/avatar\/c478a405bd10621167f4c3167cc770f5?s=96&d=mm&r=g","caption":"Juan P\u00e9rez"},"description":"Juan P\u00e9rez es el redactor en jefe de Diario 21. Con m\u00e1s de 10 a\u00f1os de experiencia en el periodismo, se especializa en pol\u00edtica nacional y an\u00e1lisis socioecon\u00f3mico. Su enfoque cr\u00edtico y riguroso aporta una perspectiva \u00fanica a cada art\u00edculo.","sameAs":["https:\/\/www.diario21.tv\/noticias\/"],"url":"https:\/\/www.diario21.tv\/noticias\/author\/juan-perez\/"}]}},"_links":{"self":[{"href":"https:\/\/www.diario21.tv\/noticias\/wp-json\/wp\/v2\/posts\/6465"}],"collection":[{"href":"https:\/\/www.diario21.tv\/noticias\/wp-json\/wp\/v2\/posts"}],"about":[{"href":"https:\/\/www.diario21.tv\/noticias\/wp-json\/wp\/v2\/types\/post"}],"author":[{"embeddable":true,"href":"https:\/\/www.diario21.tv\/noticias\/wp-json\/wp\/v2\/users\/20"}],"replies":[{"embeddable":true,"href":"https:\/\/www.diario21.tv\/noticias\/wp-json\/wp\/v2\/comments?post=6465"}],"version-history":[{"count":1,"href":"https:\/\/www.diario21.tv\/noticias\/wp-json\/wp\/v2\/posts\/6465\/revisions"}],"predecessor-version":[{"id":6467,"href":"https:\/\/www.diario21.tv\/noticias\/wp-json\/wp\/v2\/posts\/6465\/revisions\/6467"}],"wp:featuredmedia":[{"embeddable":true,"href":"https:\/\/www.diario21.tv\/noticias\/wp-json\/wp\/v2\/media\/6466"}],"wp:attachment":[{"href":"https:\/\/www.diario21.tv\/noticias\/wp-json\/wp\/v2\/media?parent=6465"}],"wp:term":[{"taxonomy":"category","embeddable":true,"href":"https:\/\/www.diario21.tv\/noticias\/wp-json\/wp\/v2\/categories?post=6465"},{"taxonomy":"post_tag","embeddable":true,"href":"https:\/\/www.diario21.tv\/noticias\/wp-json\/wp\/v2\/tags?post=6465"}],"curies":[{"name":"wp","href":"https:\/\/api.w.org\/{rel}","templated":true}]}}