{"id":6462,"date":"2026-03-08T00:36:01","date_gmt":"2026-03-08T00:36:01","guid":{"rendered":"https:\/\/www.diario21.tv\/noticias\/increible-mas-mujeres-dominan-el-arte-de-las-fallas-revela-artista-fallera\/"},"modified":"2026-03-08T00:36:02","modified_gmt":"2026-03-08T00:36:02","slug":"increible-mas-mujeres-dominan-el-arte-de-las-fallas-revela-artista-fallera","status":"publish","type":"post","link":"https:\/\/www.diario21.tv\/noticias\/increible-mas-mujeres-dominan-el-arte-de-las-fallas-revela-artista-fallera\/","title":{"rendered":"\u00a1Incre\u00edble! M\u00e1s mujeres dominan el arte de las fallas, revela artista fallera"},"content":{"rendered":"<h2>El creciente protagonismo femenino en la creaci\u00f3n de fallas<\/h2>\n<p>La tradici\u00f3n de las fallas en Valencia es conocida mundialmente, no solo por su espectacularidad y belleza, sino tambi\u00e9n por ser un reflejo vibrante de la cultura y el arte local. Sin embargo, este campo ha estado predominantemente dominado por hombres, una tendencia que est\u00e1 cambiando gradualmente a medida que m\u00e1s mujeres asumen roles prominentes en la creaci\u00f3n de estas impresionantes obras de arte. Una artista fallera, con a\u00f1os de experiencia en el sector, celebra y resalta el incremento de mujeres que ahora lideran y firman fallas en la comunidad.<\/p>\n<h3>Una evoluci\u00f3n notable en la industria fallera<\/h3>\n<p>Durante d\u00e9cadas, el dise\u00f1o y construcci\u00f3n de las fallas fue un \u00e1mbito reservado casi exclusivamente para los hombres. Sin embargo, los \u00faltimos a\u00f1os han visto un cambio significativo. &#8220;Es verdaderamente alentador ver c\u00f3mo cada vez m\u00e1s mujeres est\u00e1n no solo participando, sino tambi\u00e9n dejando su marca en las fallas que adornan la ciudad durante la festividad&#8221;, comenta la artista. Esta evoluci\u00f3n es un reflejo de un cambio m\u00e1s amplio hacia la inclusi\u00f3n y la igualdad de g\u00e9nero en muchas esferas de la sociedad espa\u00f1ola.<\/p>\n<p>Las mujeres no solo est\u00e1n participando en n\u00fameros mayores, sino que tambi\u00e9n est\u00e1n recibiendo reconocimiento por su talento y habilidades. &#8220;Antes era raro ver a una mujer al frente de un proyecto tan grande como una falla, pero ahora estamos empezando a ver un cambio real, con mujeres encabezando equipos y siendo reconocidas por su trabajo&#8221;, a\u00f1ade.<\/p>\n<h3>Desaf\u00edos y logros<\/h3>\n<p>A pesar del progreso, las desigualdades persisten, y las mujeres en el \u00e1mbito de las fallas a menudo enfrentan desaf\u00edos \u00fanicos. Desde la lucha por obtener reconocimiento hasta el manejo de la din\u00e1mica de g\u00e9nero en los talleres y lugares de trabajo, las barreras siguen siendo una realidad. No obstante, muchas se mantienen firmes en su pasi\u00f3n y contin\u00faan empujando los l\u00edmites de la creatividad y la innovaci\u00f3n.<\/p>\n<p>Uno de los logros m\u00e1s destacados en los \u00faltimos tiempos es la mayor visibilidad de las mujeres en roles de liderazgo dentro de este \u00e1mbito. La artista destacada en este art\u00edculo es un claro ejemplo de perseverancia y \u00e9xito, sirviendo como inspiraci\u00f3n para muchas otras mujeres en la industria.<\/p>\n<h3>El futuro de las fallas en manos femeninas<\/h3>\n<p>Mirando hacia el futuro, hay un aire de optimismo sobre el creciente papel de las mujeres en la festividad de las fallas. Con cada a\u00f1o que pasa, nuevas oportunidades se abren para las artistas emergentes que desean dejar su huella en esta tradici\u00f3n tan arraigada. La comunidad fallera, tradicionalmente conservadora, est\u00e1 comenzando a abrazar este cambio, reconociendo el valor y la perspectiva \u00fanica que las mujeres aportan al arte fallero.<\/p>\n<p>La artista concluye con un mensaje de esperanza y determinaci\u00f3n: &#8220;Las mujeres est\u00e1n aqu\u00ed para quedarse en el mundo de las fallas. Estamos demostrando que tenemos tanto el talento como la capacidad para dise\u00f1ar y crear fallas que cautiven tanto a locales como a visitantes. Este es solo el comienzo de una era m\u00e1s inclusiva y equitativa en la historia de nuestras amadas fallas.&#8221;<\/p>\n<p>Este cambio no solo enriquece la tradici\u00f3n de las fallas, sino que tambi\u00e9n fortalece la comunidad art\u00edstica al fomentar un ambiente m\u00e1s diverso e inclusivo. Con cada falla firmada por una mujer, se da un paso m\u00e1s hacia la igualdad en este bello arte que es un pilar de la cultura valenciana.<\/p>\n\n\n<div class=\"kk-star-ratings kksr-auto kksr-align-left kksr-valign-bottom\"\n    data-payload='{&quot;align&quot;:&quot;left&quot;,&quot;id&quot;:&quot;6462&quot;,&quot;slug&quot;:&quot;default&quot;,&quot;valign&quot;:&quot;bottom&quot;,&quot;ignore&quot;:&quot;&quot;,&quot;reference&quot;:&quot;auto&quot;,&quot;class&quot;:&quot;&quot;,&quot;count&quot;:&quot;0&quot;,&quot;legendonly&quot;:&quot;&quot;,&quot;readonly&quot;:&quot;&quot;,&quot;score&quot;:&quot;0&quot;,&quot;starsonly&quot;:&quot;&quot;,&quot;best&quot;:&quot;5&quot;,&quot;gap&quot;:&quot;5&quot;,&quot;greet&quot;:&quot;Valora este post&quot;,&quot;legend&quot;:&quot;0\\\/5 - (0 votes)&quot;,&quot;size&quot;:&quot;22&quot;,&quot;title&quot;:&quot;\u00a1Incre\u00edble! M\u00e1s mujeres dominan el arte de las fallas, revela artista fallera&quot;,&quot;width&quot;:&quot;0&quot;,&quot;_legend&quot;:&quot;{score}\\\/{best} - ({count} {votes})&quot;,&quot;font_factor&quot;:&quot;1.25&quot;}'>\n            \n<div class=\"kksr-stars\">\n    \n<div class=\"kksr-stars-inactive\">\n            <div class=\"kksr-star\" data-star=\"1\" style=\"padding-right: 5px\">\n            \n\n<div class=\"kksr-icon\" style=\"width: 22px; height: 22px;\"><\/div>\n        <\/div>\n            <div class=\"kksr-star\" data-star=\"2\" style=\"padding-right: 5px\">\n            \n\n<div class=\"kksr-icon\" style=\"width: 22px; height: 22px;\"><\/div>\n        <\/div>\n            <div class=\"kksr-star\" data-star=\"3\" style=\"padding-right: 5px\">\n            \n\n<div class=\"kksr-icon\" style=\"width: 22px; height: 22px;\"><\/div>\n        <\/div>\n            <div class=\"kksr-star\" data-star=\"4\" style=\"padding-right: 5px\">\n            \n\n<div class=\"kksr-icon\" style=\"width: 22px; height: 22px;\"><\/div>\n        <\/div>\n            <div class=\"kksr-star\" data-star=\"5\" style=\"padding-right: 5px\">\n            \n\n<div class=\"kksr-icon\" style=\"width: 22px; height: 22px;\"><\/div>\n        <\/div>\n    <\/div>\n    \n<div class=\"kksr-stars-active\" style=\"width: 0px;\">\n            <div class=\"kksr-star\" style=\"padding-right: 5px\">\n            \n\n<div class=\"kksr-icon\" style=\"width: 22px; height: 22px;\"><\/div>\n        <\/div>\n            <div class=\"kksr-star\" style=\"padding-right: 5px\">\n            \n\n<div class=\"kksr-icon\" style=\"width: 22px; height: 22px;\"><\/div>\n        <\/div>\n            <div class=\"kksr-star\" style=\"padding-right: 5px\">\n            \n\n<div class=\"kksr-icon\" style=\"width: 22px; height: 22px;\"><\/div>\n        <\/div>\n            <div class=\"kksr-star\" style=\"padding-right: 5px\">\n            \n\n<div class=\"kksr-icon\" style=\"width: 22px; height: 22px;\"><\/div>\n        <\/div>\n            <div class=\"kksr-star\" style=\"padding-right: 5px\">\n            \n\n<div class=\"kksr-icon\" style=\"width: 22px; height: 22px;\"><\/div>\n        <\/div>\n    <\/div>\n<\/div>\n                \n\n<div class=\"kksr-legend\" style=\"font-size: 17.6px;\">\n            <span class=\"kksr-muted\">Valora este post<\/span>\n    <\/div>\n    <\/div>\n","protected":false},"excerpt":{"rendered":"<p>El creciente protagonismo femenino en la creaci\u00f3n de fallas La tradici\u00f3n de las fallas en Valencia es conocida mundialmente, no solo por su espectacularidad y belleza, &#8230; <a title=\"\u00a1Incre\u00edble! M\u00e1s mujeres dominan el arte de las fallas, revela artista fallera\" class=\"read-more\" href=\"https:\/\/www.diario21.tv\/noticias\/increible-mas-mujeres-dominan-el-arte-de-las-fallas-revela-artista-fallera\/\" aria-label=\"Leer m\u00e1s sobre \u00a1Incre\u00edble! M\u00e1s mujeres dominan el arte de las fallas, revela artista fallera\">Seguir leyendo &rarr;<\/a><\/p>\n","protected":false},"author":20,"featured_media":6463,"comment_status":"open","ping_status":"open","sticky":false,"template":"","format":"standard","meta":{"footnotes":""},"categories":[13],"tags":[],"class_list":["post-6462","post","type-post","status-publish","format-standard","has-post-thumbnail","hentry","category-portada"],"yoast_head":"<!-- This site is optimized with the Yoast SEO plugin v25.6 - https:\/\/yoast.com\/wordpress\/plugins\/seo\/ -->\n<title>\u00a1Incre\u00edble! M\u00e1s mujeres dominan el arte de las fallas, revela artista fallera - Diario 21<\/title>\n<meta name=\"robots\" content=\"index, follow, max-snippet:-1, max-image-preview:large, max-video-preview:-1\" \/>\n<link rel=\"canonical\" href=\"https:\/\/www.diario21.tv\/noticias\/increible-mas-mujeres-dominan-el-arte-de-las-fallas-revela-artista-fallera\/\" \/>\n<meta property=\"og:locale\" content=\"es_ES\" \/>\n<meta property=\"og:type\" content=\"article\" \/>\n<meta property=\"og:title\" content=\"\u00a1Incre\u00edble! M\u00e1s mujeres dominan el arte de las fallas, revela artista fallera - Diario 21\" \/>\n<meta property=\"og:description\" content=\"El creciente protagonismo femenino en la creaci\u00f3n de fallas La tradici\u00f3n de las fallas en Valencia es conocida mundialmente, no solo por su espectacularidad y belleza, ... Seguir leyendo &rarr;\" \/>\n<meta property=\"og:url\" content=\"https:\/\/www.diario21.tv\/noticias\/increible-mas-mujeres-dominan-el-arte-de-las-fallas-revela-artista-fallera\/\" \/>\n<meta property=\"og:site_name\" content=\"Diario 21\" \/>\n<meta property=\"article:published_time\" content=\"2026-03-08T00:36:01+00:00\" \/>\n<meta property=\"article:modified_time\" content=\"2026-03-08T00:36:02+00:00\" \/>\n<meta property=\"og:image\" content=\"https:\/\/www.diario21.tv\/noticias\/wp-content\/uploads\/2026\/03\/\u00a1Increible-Mas-mujeres-dominan-el-arte-de-las-fallas-revela.jpg\" \/>\n\t<meta property=\"og:image:width\" content=\"1920\" \/>\n\t<meta property=\"og:image:height\" content=\"1080\" \/>\n\t<meta property=\"og:image:type\" content=\"image\/jpeg\" \/>\n<meta name=\"author\" content=\"Juan P\u00e9rez\" \/>\n<meta name=\"twitter:card\" content=\"summary_large_image\" \/>\n<meta name=\"twitter:label1\" content=\"Escrito por\" \/>\n\t<meta name=\"twitter:data1\" content=\"Juan P\u00e9rez\" \/>\n\t<meta name=\"twitter:label2\" content=\"Tiempo de lectura\" \/>\n\t<meta name=\"twitter:data2\" content=\"3 minutos\" \/>\n<script type=\"application\/ld+json\" class=\"yoast-schema-graph\">{\"@context\":\"https:\/\/schema.org\",\"@graph\":[{\"@type\":\"WebPage\",\"@id\":\"https:\/\/www.diario21.tv\/noticias\/increible-mas-mujeres-dominan-el-arte-de-las-fallas-revela-artista-fallera\/\",\"url\":\"https:\/\/www.diario21.tv\/noticias\/increible-mas-mujeres-dominan-el-arte-de-las-fallas-revela-artista-fallera\/\",\"name\":\"\u00a1Incre\u00edble! M\u00e1s mujeres dominan el arte de las fallas, revela artista fallera - Diario 21\",\"isPartOf\":{\"@id\":\"https:\/\/www.diario21.tv\/noticias\/#website\"},\"primaryImageOfPage\":{\"@id\":\"https:\/\/www.diario21.tv\/noticias\/increible-mas-mujeres-dominan-el-arte-de-las-fallas-revela-artista-fallera\/#primaryimage\"},\"image\":{\"@id\":\"https:\/\/www.diario21.tv\/noticias\/increible-mas-mujeres-dominan-el-arte-de-las-fallas-revela-artista-fallera\/#primaryimage\"},\"thumbnailUrl\":\"https:\/\/www.diario21.tv\/noticias\/wp-content\/uploads\/2026\/03\/\u00a1Increible-Mas-mujeres-dominan-el-arte-de-las-fallas-revela.jpg\",\"datePublished\":\"2026-03-08T00:36:01+00:00\",\"dateModified\":\"2026-03-08T00:36:02+00:00\",\"author\":{\"@id\":\"https:\/\/www.diario21.tv\/noticias\/#\/schema\/person\/dfb778f73814d8f09f302618446a526b\"},\"breadcrumb\":{\"@id\":\"https:\/\/www.diario21.tv\/noticias\/increible-mas-mujeres-dominan-el-arte-de-las-fallas-revela-artista-fallera\/#breadcrumb\"},\"inLanguage\":\"es-AR\",\"potentialAction\":[{\"@type\":\"ReadAction\",\"target\":[\"https:\/\/www.diario21.tv\/noticias\/increible-mas-mujeres-dominan-el-arte-de-las-fallas-revela-artista-fallera\/\"]}]},{\"@type\":\"ImageObject\",\"inLanguage\":\"es-AR\",\"@id\":\"https:\/\/www.diario21.tv\/noticias\/increible-mas-mujeres-dominan-el-arte-de-las-fallas-revela-artista-fallera\/#primaryimage\",\"url\":\"https:\/\/www.diario21.tv\/noticias\/wp-content\/uploads\/2026\/03\/\u00a1Increible-Mas-mujeres-dominan-el-arte-de-las-fallas-revela.jpg\",\"contentUrl\":\"https:\/\/www.diario21.tv\/noticias\/wp-content\/uploads\/2026\/03\/\u00a1Increible-Mas-mujeres-dominan-el-arte-de-las-fallas-revela.jpg\",\"width\":1920,\"height\":1080,\"caption\":\"Artista fallera se enorgullece de que cada vez haya \u201cm\u00e1s mujeres\u201d firmando las fallas\"},{\"@type\":\"BreadcrumbList\",\"@id\":\"https:\/\/www.diario21.tv\/noticias\/increible-mas-mujeres-dominan-el-arte-de-las-fallas-revela-artista-fallera\/#breadcrumb\",\"itemListElement\":[{\"@type\":\"ListItem\",\"position\":1,\"name\":\"Accueil\",\"item\":\"https:\/\/www.diario21.tv\/noticias\/\"},{\"@type\":\"ListItem\",\"position\":2,\"name\":\"\u00a1Incre\u00edble! M\u00e1s mujeres dominan el arte de las fallas, revela artista fallera\"}]},{\"@type\":\"WebSite\",\"@id\":\"https:\/\/www.diario21.tv\/noticias\/#website\",\"url\":\"https:\/\/www.diario21.tv\/noticias\/\",\"name\":\"Diario 21\",\"description\":\"\",\"potentialAction\":[{\"@type\":\"SearchAction\",\"target\":{\"@type\":\"EntryPoint\",\"urlTemplate\":\"https:\/\/www.diario21.tv\/noticias\/?s={search_term_string}\"},\"query-input\":{\"@type\":\"PropertyValueSpecification\",\"valueRequired\":true,\"valueName\":\"search_term_string\"}}],\"inLanguage\":\"es-AR\"},{\"@type\":\"Person\",\"@id\":\"https:\/\/www.diario21.tv\/noticias\/#\/schema\/person\/dfb778f73814d8f09f302618446a526b\",\"name\":\"Juan P\u00e9rez\",\"image\":{\"@type\":\"ImageObject\",\"inLanguage\":\"es-AR\",\"@id\":\"https:\/\/www.diario21.tv\/noticias\/#\/schema\/person\/image\/\",\"url\":\"https:\/\/secure.gravatar.com\/avatar\/c478a405bd10621167f4c3167cc770f5?s=96&d=mm&r=g\",\"contentUrl\":\"https:\/\/secure.gravatar.com\/avatar\/c478a405bd10621167f4c3167cc770f5?s=96&d=mm&r=g\",\"caption\":\"Juan P\u00e9rez\"},\"description\":\"Juan P\u00e9rez es el redactor en jefe de Diario 21. Con m\u00e1s de 10 a\u00f1os de experiencia en el periodismo, se especializa en pol\u00edtica nacional y an\u00e1lisis socioecon\u00f3mico. Su enfoque cr\u00edtico y riguroso aporta una perspectiva \u00fanica a cada art\u00edculo.\",\"sameAs\":[\"https:\/\/www.diario21.tv\/noticias\/\"],\"url\":\"https:\/\/www.diario21.tv\/noticias\/author\/juan-perez\/\"}]}<\/script>\n<!-- \/ Yoast SEO plugin. -->","yoast_head_json":{"title":"\u00a1Incre\u00edble! M\u00e1s mujeres dominan el arte de las fallas, revela artista fallera - Diario 21","robots":{"index":"index","follow":"follow","max-snippet":"max-snippet:-1","max-image-preview":"max-image-preview:large","max-video-preview":"max-video-preview:-1"},"canonical":"https:\/\/www.diario21.tv\/noticias\/increible-mas-mujeres-dominan-el-arte-de-las-fallas-revela-artista-fallera\/","og_locale":"es_ES","og_type":"article","og_title":"\u00a1Incre\u00edble! M\u00e1s mujeres dominan el arte de las fallas, revela artista fallera - Diario 21","og_description":"El creciente protagonismo femenino en la creaci\u00f3n de fallas La tradici\u00f3n de las fallas en Valencia es conocida mundialmente, no solo por su espectacularidad y belleza, ... Seguir leyendo &rarr;","og_url":"https:\/\/www.diario21.tv\/noticias\/increible-mas-mujeres-dominan-el-arte-de-las-fallas-revela-artista-fallera\/","og_site_name":"Diario 21","article_published_time":"2026-03-08T00:36:01+00:00","article_modified_time":"2026-03-08T00:36:02+00:00","og_image":[{"width":1920,"height":1080,"url":"https:\/\/www.diario21.tv\/noticias\/wp-content\/uploads\/2026\/03\/\u00a1Increible-Mas-mujeres-dominan-el-arte-de-las-fallas-revela.jpg","type":"image\/jpeg"}],"author":"Juan P\u00e9rez","twitter_card":"summary_large_image","twitter_misc":{"Escrito por":"Juan P\u00e9rez","Tiempo de lectura":"3 minutos"},"schema":{"@context":"https:\/\/schema.org","@graph":[{"@type":"WebPage","@id":"https:\/\/www.diario21.tv\/noticias\/increible-mas-mujeres-dominan-el-arte-de-las-fallas-revela-artista-fallera\/","url":"https:\/\/www.diario21.tv\/noticias\/increible-mas-mujeres-dominan-el-arte-de-las-fallas-revela-artista-fallera\/","name":"\u00a1Incre\u00edble! M\u00e1s mujeres dominan el arte de las fallas, revela artista fallera - Diario 21","isPartOf":{"@id":"https:\/\/www.diario21.tv\/noticias\/#website"},"primaryImageOfPage":{"@id":"https:\/\/www.diario21.tv\/noticias\/increible-mas-mujeres-dominan-el-arte-de-las-fallas-revela-artista-fallera\/#primaryimage"},"image":{"@id":"https:\/\/www.diario21.tv\/noticias\/increible-mas-mujeres-dominan-el-arte-de-las-fallas-revela-artista-fallera\/#primaryimage"},"thumbnailUrl":"https:\/\/www.diario21.tv\/noticias\/wp-content\/uploads\/2026\/03\/\u00a1Increible-Mas-mujeres-dominan-el-arte-de-las-fallas-revela.jpg","datePublished":"2026-03-08T00:36:01+00:00","dateModified":"2026-03-08T00:36:02+00:00","author":{"@id":"https:\/\/www.diario21.tv\/noticias\/#\/schema\/person\/dfb778f73814d8f09f302618446a526b"},"breadcrumb":{"@id":"https:\/\/www.diario21.tv\/noticias\/increible-mas-mujeres-dominan-el-arte-de-las-fallas-revela-artista-fallera\/#breadcrumb"},"inLanguage":"es-AR","potentialAction":[{"@type":"ReadAction","target":["https:\/\/www.diario21.tv\/noticias\/increible-mas-mujeres-dominan-el-arte-de-las-fallas-revela-artista-fallera\/"]}]},{"@type":"ImageObject","inLanguage":"es-AR","@id":"https:\/\/www.diario21.tv\/noticias\/increible-mas-mujeres-dominan-el-arte-de-las-fallas-revela-artista-fallera\/#primaryimage","url":"https:\/\/www.diario21.tv\/noticias\/wp-content\/uploads\/2026\/03\/\u00a1Increible-Mas-mujeres-dominan-el-arte-de-las-fallas-revela.jpg","contentUrl":"https:\/\/www.diario21.tv\/noticias\/wp-content\/uploads\/2026\/03\/\u00a1Increible-Mas-mujeres-dominan-el-arte-de-las-fallas-revela.jpg","width":1920,"height":1080,"caption":"Artista fallera se enorgullece de que cada vez haya \u201cm\u00e1s mujeres\u201d firmando las fallas"},{"@type":"BreadcrumbList","@id":"https:\/\/www.diario21.tv\/noticias\/increible-mas-mujeres-dominan-el-arte-de-las-fallas-revela-artista-fallera\/#breadcrumb","itemListElement":[{"@type":"ListItem","position":1,"name":"Accueil","item":"https:\/\/www.diario21.tv\/noticias\/"},{"@type":"ListItem","position":2,"name":"\u00a1Incre\u00edble! M\u00e1s mujeres dominan el arte de las fallas, revela artista fallera"}]},{"@type":"WebSite","@id":"https:\/\/www.diario21.tv\/noticias\/#website","url":"https:\/\/www.diario21.tv\/noticias\/","name":"Diario 21","description":"","potentialAction":[{"@type":"SearchAction","target":{"@type":"EntryPoint","urlTemplate":"https:\/\/www.diario21.tv\/noticias\/?s={search_term_string}"},"query-input":{"@type":"PropertyValueSpecification","valueRequired":true,"valueName":"search_term_string"}}],"inLanguage":"es-AR"},{"@type":"Person","@id":"https:\/\/www.diario21.tv\/noticias\/#\/schema\/person\/dfb778f73814d8f09f302618446a526b","name":"Juan P\u00e9rez","image":{"@type":"ImageObject","inLanguage":"es-AR","@id":"https:\/\/www.diario21.tv\/noticias\/#\/schema\/person\/image\/","url":"https:\/\/secure.gravatar.com\/avatar\/c478a405bd10621167f4c3167cc770f5?s=96&d=mm&r=g","contentUrl":"https:\/\/secure.gravatar.com\/avatar\/c478a405bd10621167f4c3167cc770f5?s=96&d=mm&r=g","caption":"Juan P\u00e9rez"},"description":"Juan P\u00e9rez es el redactor en jefe de Diario 21. Con m\u00e1s de 10 a\u00f1os de experiencia en el periodismo, se especializa en pol\u00edtica nacional y an\u00e1lisis socioecon\u00f3mico. Su enfoque cr\u00edtico y riguroso aporta una perspectiva \u00fanica a cada art\u00edculo.","sameAs":["https:\/\/www.diario21.tv\/noticias\/"],"url":"https:\/\/www.diario21.tv\/noticias\/author\/juan-perez\/"}]}},"_links":{"self":[{"href":"https:\/\/www.diario21.tv\/noticias\/wp-json\/wp\/v2\/posts\/6462"}],"collection":[{"href":"https:\/\/www.diario21.tv\/noticias\/wp-json\/wp\/v2\/posts"}],"about":[{"href":"https:\/\/www.diario21.tv\/noticias\/wp-json\/wp\/v2\/types\/post"}],"author":[{"embeddable":true,"href":"https:\/\/www.diario21.tv\/noticias\/wp-json\/wp\/v2\/users\/20"}],"replies":[{"embeddable":true,"href":"https:\/\/www.diario21.tv\/noticias\/wp-json\/wp\/v2\/comments?post=6462"}],"version-history":[{"count":1,"href":"https:\/\/www.diario21.tv\/noticias\/wp-json\/wp\/v2\/posts\/6462\/revisions"}],"predecessor-version":[{"id":6464,"href":"https:\/\/www.diario21.tv\/noticias\/wp-json\/wp\/v2\/posts\/6462\/revisions\/6464"}],"wp:featuredmedia":[{"embeddable":true,"href":"https:\/\/www.diario21.tv\/noticias\/wp-json\/wp\/v2\/media\/6463"}],"wp:attachment":[{"href":"https:\/\/www.diario21.tv\/noticias\/wp-json\/wp\/v2\/media?parent=6462"}],"wp:term":[{"taxonomy":"category","embeddable":true,"href":"https:\/\/www.diario21.tv\/noticias\/wp-json\/wp\/v2\/categories?post=6462"},{"taxonomy":"post_tag","embeddable":true,"href":"https:\/\/www.diario21.tv\/noticias\/wp-json\/wp\/v2\/tags?post=6462"}],"curies":[{"name":"wp","href":"https:\/\/api.w.org\/{rel}","templated":true}]}}