{"id":6456,"date":"2026-03-07T12:33:50","date_gmt":"2026-03-07T12:33:50","guid":{"rendered":"https:\/\/www.diario21.tv\/noticias\/descubre-como-las-mujeres-rurales-en-euskadi-y-navarra-transforman-el-sector-primario\/"},"modified":"2026-03-07T12:33:52","modified_gmt":"2026-03-07T12:33:52","slug":"descubre-como-las-mujeres-rurales-en-euskadi-y-navarra-transforman-el-sector-primario","status":"publish","type":"post","link":"https:\/\/www.diario21.tv\/noticias\/descubre-como-las-mujeres-rurales-en-euskadi-y-navarra-transforman-el-sector-primario\/","title":{"rendered":"\u00a1Descubre c\u00f3mo las mujeres rurales en Euskadi y Navarra transforman el sector primario!"},"content":{"rendered":"<h2>El Rol Fundamental de las Mujeres Rurales en el Pa\u00eds Vasco y Navarra<\/h2>\n<p>En las regiones del Pa\u00eds Vasco y Navarra, las mujeres que trabajan en el sector primario est\u00e1n haciendo un llamado enf\u00e1tico sobre la importancia de su rol en este \u00e1mbito tradicionalmente dominado por hombres. A trav\u00e9s de diversas iniciativas y movimientos, estas mujeres buscan no solo reconocimiento, sino tambi\u00e9n un apoyo m\u00e1s robusto que refleje su contribuci\u00f3n esencial al desarrollo rural y agr\u00edcola.<\/p>\n<h3>Una Lucha por la Visibilidad y el Reconocimiento<\/h3>\n<p>A pesar de su participaci\u00f3n activa y cr\u00edtica, durante a\u00f1os, las contribuciones de las mujeres en el campo han sido subestimadas o ignoradas. Esto ha llevado a una falta de reconocimiento que afecta no solo su estatus dentro de la comunidad agr\u00edcola, sino tambi\u00e9n su acceso a recursos y oportunidades para el desarrollo profesional y personal. Hoy en d\u00eda, estas mujeres est\u00e1n elevando su voz para cambiar esta narrativa, destacando su trabajo y su impacto en el sector.<\/p>\n<p>Las estad\u00edsticas muestran que aunque las mujeres constituyen una parte significativa de la fuerza laboral en el campo, su representaci\u00f3n en roles de decisi\u00f3n y liderazgo sigue siendo desproporcionadamente baja. Este desbalance ha motivado a muchas de ellas a formar asociaciones y cooperativas que buscan empoderar a las mujeres dentro del sector primario y mejorar sus condiciones laborales y de vida.<\/p>\n<h3>Desaf\u00edos y Propuestas para el Cambio<\/h3>\n<p>Uno de los principales desaf\u00edos que enfrentan estas mujeres es la falta de propiedad o control sobre las tierras y otros recursos esenciales. Hist\u00f3ricamente, las leyes y costumbres locales han favorecido a los hombres en la sucesi\u00f3n y propiedad de tierras, lo que ha limitado severamente las oportunidades econ\u00f3micas de las mujeres en el campo. En respuesta, ellas est\u00e1n instando a una reforma que incluya medidas de equidad de g\u00e9nero en la distribuci\u00f3n de recursos y en la toma de decisiones.<\/p>\n<p>Adem\u00e1s, existe una necesidad cr\u00edtica de mejorar el acceso a la educaci\u00f3n y la capacitaci\u00f3n en t\u00e9cnicas agr\u00edcolas avanzadas, gesti\u00f3n empresarial y desarrollo sostenible. Las mujeres del campo en Euskadi y Navarra est\u00e1n pidiendo programas espec\u00edficos que les permitan mejorar sus habilidades y competencias, adapt\u00e1ndose a las nuevas tecnolog\u00edas y pr\u00e1cticas que est\u00e1n transformando el sector primario.<\/p>\n<h3>Impacto en la Comunidad y M\u00e1s All\u00e1<\/h3>\n<p>El impacto de empoderar a las mujeres en el sector agr\u00edcola va m\u00e1s all\u00e1 del \u00e1mbito personal y profesional. Promueve el crecimiento econ\u00f3mico y la sostenibilidad, mejora la seguridad alimentaria y fortalece las comunidades rurales. Al asegurar que las mujeres tengan un papel m\u00e1s activo y reconocido, se fomenta una mayor diversidad en el sector, lo que puede llevar a innovaciones y mejoras en las pr\u00e1cticas agr\u00edcolas.<\/p>\n<p>En resumen, las mujeres del campo en el Pa\u00eds Vasco y Navarra est\u00e1n haciendo un llamado para que se reconozca su papel vital en el sector primario. Est\u00e1n buscando cambios significativos que no solo mejoren sus condiciones de trabajo y vida, sino que tambi\u00e9n aseguren un futuro m\u00e1s igualitario y sostenible para el sector agr\u00edcola. Con el apoyo adecuado y las reformas necesarias, estas mujeres est\u00e1n listas para liderar el camino hacia un desarrollo rural m\u00e1s inclusivo y pr\u00f3spero.<\/p>\n\n\n<div class=\"kk-star-ratings kksr-auto kksr-align-left kksr-valign-bottom\"\n    data-payload='{&quot;align&quot;:&quot;left&quot;,&quot;id&quot;:&quot;6456&quot;,&quot;slug&quot;:&quot;default&quot;,&quot;valign&quot;:&quot;bottom&quot;,&quot;ignore&quot;:&quot;&quot;,&quot;reference&quot;:&quot;auto&quot;,&quot;class&quot;:&quot;&quot;,&quot;count&quot;:&quot;0&quot;,&quot;legendonly&quot;:&quot;&quot;,&quot;readonly&quot;:&quot;&quot;,&quot;score&quot;:&quot;0&quot;,&quot;starsonly&quot;:&quot;&quot;,&quot;best&quot;:&quot;5&quot;,&quot;gap&quot;:&quot;5&quot;,&quot;greet&quot;:&quot;Valora este post&quot;,&quot;legend&quot;:&quot;0\\\/5 - (0 votes)&quot;,&quot;size&quot;:&quot;22&quot;,&quot;title&quot;:&quot;\u00a1Descubre c\u00f3mo las mujeres rurales en Euskadi y Navarra transforman el sector primario!&quot;,&quot;width&quot;:&quot;0&quot;,&quot;_legend&quot;:&quot;{score}\\\/{best} - ({count} {votes})&quot;,&quot;font_factor&quot;:&quot;1.25&quot;}'>\n            \n<div class=\"kksr-stars\">\n    \n<div class=\"kksr-stars-inactive\">\n            <div class=\"kksr-star\" data-star=\"1\" style=\"padding-right: 5px\">\n            \n\n<div class=\"kksr-icon\" style=\"width: 22px; height: 22px;\"><\/div>\n        <\/div>\n            <div class=\"kksr-star\" data-star=\"2\" style=\"padding-right: 5px\">\n            \n\n<div class=\"kksr-icon\" style=\"width: 22px; height: 22px;\"><\/div>\n        <\/div>\n            <div class=\"kksr-star\" data-star=\"3\" style=\"padding-right: 5px\">\n            \n\n<div class=\"kksr-icon\" style=\"width: 22px; height: 22px;\"><\/div>\n        <\/div>\n            <div class=\"kksr-star\" data-star=\"4\" style=\"padding-right: 5px\">\n            \n\n<div class=\"kksr-icon\" style=\"width: 22px; height: 22px;\"><\/div>\n        <\/div>\n            <div class=\"kksr-star\" data-star=\"5\" style=\"padding-right: 5px\">\n            \n\n<div class=\"kksr-icon\" style=\"width: 22px; height: 22px;\"><\/div>\n        <\/div>\n    <\/div>\n    \n<div class=\"kksr-stars-active\" style=\"width: 0px;\">\n            <div class=\"kksr-star\" style=\"padding-right: 5px\">\n            \n\n<div class=\"kksr-icon\" style=\"width: 22px; height: 22px;\"><\/div>\n        <\/div>\n            <div class=\"kksr-star\" style=\"padding-right: 5px\">\n            \n\n<div class=\"kksr-icon\" style=\"width: 22px; height: 22px;\"><\/div>\n        <\/div>\n            <div class=\"kksr-star\" style=\"padding-right: 5px\">\n            \n\n<div class=\"kksr-icon\" style=\"width: 22px; height: 22px;\"><\/div>\n        <\/div>\n            <div class=\"kksr-star\" style=\"padding-right: 5px\">\n            \n\n<div class=\"kksr-icon\" style=\"width: 22px; height: 22px;\"><\/div>\n        <\/div>\n            <div class=\"kksr-star\" style=\"padding-right: 5px\">\n            \n\n<div class=\"kksr-icon\" style=\"width: 22px; height: 22px;\"><\/div>\n        <\/div>\n    <\/div>\n<\/div>\n                \n\n<div class=\"kksr-legend\" style=\"font-size: 17.6px;\">\n            <span class=\"kksr-muted\">Valora este post<\/span>\n    <\/div>\n    <\/div>\n","protected":false},"excerpt":{"rendered":"<p>El Rol Fundamental de las Mujeres Rurales en el Pa\u00eds Vasco y Navarra En las regiones del Pa\u00eds Vasco y Navarra, las mujeres que trabajan en &#8230; <a title=\"\u00a1Descubre c\u00f3mo las mujeres rurales en Euskadi y Navarra transforman el sector primario!\" class=\"read-more\" href=\"https:\/\/www.diario21.tv\/noticias\/descubre-como-las-mujeres-rurales-en-euskadi-y-navarra-transforman-el-sector-primario\/\" aria-label=\"Leer m\u00e1s sobre \u00a1Descubre c\u00f3mo las mujeres rurales en Euskadi y Navarra transforman el sector primario!\">Seguir leyendo &rarr;<\/a><\/p>\n","protected":false},"author":20,"featured_media":6457,"comment_status":"open","ping_status":"open","sticky":false,"template":"","format":"standard","meta":{"footnotes":""},"categories":[13],"tags":[],"class_list":["post-6456","post","type-post","status-publish","format-standard","has-post-thumbnail","hentry","category-portada"],"yoast_head":"<!-- This site is optimized with the Yoast SEO plugin v25.6 - https:\/\/yoast.com\/wordpress\/plugins\/seo\/ -->\n<title>\u00a1Descubre c\u00f3mo las mujeres rurales en Euskadi y Navarra transforman el sector primario! - Diario 21<\/title>\n<meta name=\"robots\" content=\"index, follow, max-snippet:-1, max-image-preview:large, max-video-preview:-1\" \/>\n<link rel=\"canonical\" href=\"https:\/\/www.diario21.tv\/noticias\/descubre-como-las-mujeres-rurales-en-euskadi-y-navarra-transforman-el-sector-primario\/\" \/>\n<meta property=\"og:locale\" content=\"es_ES\" \/>\n<meta property=\"og:type\" content=\"article\" \/>\n<meta property=\"og:title\" content=\"\u00a1Descubre c\u00f3mo las mujeres rurales en Euskadi y Navarra transforman el sector primario! - Diario 21\" \/>\n<meta property=\"og:description\" content=\"El Rol Fundamental de las Mujeres Rurales en el Pa\u00eds Vasco y Navarra En las regiones del Pa\u00eds Vasco y Navarra, las mujeres que trabajan en ... Seguir leyendo &rarr;\" \/>\n<meta property=\"og:url\" content=\"https:\/\/www.diario21.tv\/noticias\/descubre-como-las-mujeres-rurales-en-euskadi-y-navarra-transforman-el-sector-primario\/\" \/>\n<meta property=\"og:site_name\" content=\"Diario 21\" \/>\n<meta property=\"article:published_time\" content=\"2026-03-07T12:33:50+00:00\" \/>\n<meta property=\"article:modified_time\" content=\"2026-03-07T12:33:52+00:00\" \/>\n<meta property=\"og:image\" content=\"https:\/\/www.diario21.tv\/noticias\/wp-content\/uploads\/2026\/03\/\u00a1Descubre-como-las-mujeres-rurales-en-Euskadi-y-Navarra-transforman.jpg\" \/>\n\t<meta property=\"og:image:width\" content=\"1920\" \/>\n\t<meta property=\"og:image:height\" content=\"1080\" \/>\n\t<meta property=\"og:image:type\" content=\"image\/jpeg\" \/>\n<meta name=\"author\" content=\"Juan P\u00e9rez\" \/>\n<meta name=\"twitter:card\" content=\"summary_large_image\" \/>\n<meta name=\"twitter:label1\" content=\"Escrito por\" \/>\n\t<meta name=\"twitter:data1\" content=\"Juan P\u00e9rez\" \/>\n\t<meta name=\"twitter:label2\" content=\"Tiempo de lectura\" \/>\n\t<meta name=\"twitter:data2\" content=\"3 minutos\" \/>\n<script type=\"application\/ld+json\" class=\"yoast-schema-graph\">{\"@context\":\"https:\/\/schema.org\",\"@graph\":[{\"@type\":\"WebPage\",\"@id\":\"https:\/\/www.diario21.tv\/noticias\/descubre-como-las-mujeres-rurales-en-euskadi-y-navarra-transforman-el-sector-primario\/\",\"url\":\"https:\/\/www.diario21.tv\/noticias\/descubre-como-las-mujeres-rurales-en-euskadi-y-navarra-transforman-el-sector-primario\/\",\"name\":\"\u00a1Descubre c\u00f3mo las mujeres rurales en Euskadi y Navarra transforman el sector primario! - Diario 21\",\"isPartOf\":{\"@id\":\"https:\/\/www.diario21.tv\/noticias\/#website\"},\"primaryImageOfPage\":{\"@id\":\"https:\/\/www.diario21.tv\/noticias\/descubre-como-las-mujeres-rurales-en-euskadi-y-navarra-transforman-el-sector-primario\/#primaryimage\"},\"image\":{\"@id\":\"https:\/\/www.diario21.tv\/noticias\/descubre-como-las-mujeres-rurales-en-euskadi-y-navarra-transforman-el-sector-primario\/#primaryimage\"},\"thumbnailUrl\":\"https:\/\/www.diario21.tv\/noticias\/wp-content\/uploads\/2026\/03\/\u00a1Descubre-como-las-mujeres-rurales-en-Euskadi-y-Navarra-transforman.jpg\",\"datePublished\":\"2026-03-07T12:33:50+00:00\",\"dateModified\":\"2026-03-07T12:33:52+00:00\",\"author\":{\"@id\":\"https:\/\/www.diario21.tv\/noticias\/#\/schema\/person\/dfb778f73814d8f09f302618446a526b\"},\"breadcrumb\":{\"@id\":\"https:\/\/www.diario21.tv\/noticias\/descubre-como-las-mujeres-rurales-en-euskadi-y-navarra-transforman-el-sector-primario\/#breadcrumb\"},\"inLanguage\":\"es-AR\",\"potentialAction\":[{\"@type\":\"ReadAction\",\"target\":[\"https:\/\/www.diario21.tv\/noticias\/descubre-como-las-mujeres-rurales-en-euskadi-y-navarra-transforman-el-sector-primario\/\"]}]},{\"@type\":\"ImageObject\",\"inLanguage\":\"es-AR\",\"@id\":\"https:\/\/www.diario21.tv\/noticias\/descubre-como-las-mujeres-rurales-en-euskadi-y-navarra-transforman-el-sector-primario\/#primaryimage\",\"url\":\"https:\/\/www.diario21.tv\/noticias\/wp-content\/uploads\/2026\/03\/\u00a1Descubre-como-las-mujeres-rurales-en-Euskadi-y-Navarra-transforman.jpg\",\"contentUrl\":\"https:\/\/www.diario21.tv\/noticias\/wp-content\/uploads\/2026\/03\/\u00a1Descubre-como-las-mujeres-rurales-en-Euskadi-y-Navarra-transforman.jpg\",\"width\":1920,\"height\":1080,\"caption\":\"Las mujeres del campo en Euskadi y Navarra reivindican su papel clave en el sector primario\"},{\"@type\":\"BreadcrumbList\",\"@id\":\"https:\/\/www.diario21.tv\/noticias\/descubre-como-las-mujeres-rurales-en-euskadi-y-navarra-transforman-el-sector-primario\/#breadcrumb\",\"itemListElement\":[{\"@type\":\"ListItem\",\"position\":1,\"name\":\"Accueil\",\"item\":\"https:\/\/www.diario21.tv\/noticias\/\"},{\"@type\":\"ListItem\",\"position\":2,\"name\":\"\u00a1Descubre c\u00f3mo las mujeres rurales en Euskadi y Navarra transforman el sector primario!\"}]},{\"@type\":\"WebSite\",\"@id\":\"https:\/\/www.diario21.tv\/noticias\/#website\",\"url\":\"https:\/\/www.diario21.tv\/noticias\/\",\"name\":\"Diario 21\",\"description\":\"\",\"potentialAction\":[{\"@type\":\"SearchAction\",\"target\":{\"@type\":\"EntryPoint\",\"urlTemplate\":\"https:\/\/www.diario21.tv\/noticias\/?s={search_term_string}\"},\"query-input\":{\"@type\":\"PropertyValueSpecification\",\"valueRequired\":true,\"valueName\":\"search_term_string\"}}],\"inLanguage\":\"es-AR\"},{\"@type\":\"Person\",\"@id\":\"https:\/\/www.diario21.tv\/noticias\/#\/schema\/person\/dfb778f73814d8f09f302618446a526b\",\"name\":\"Juan P\u00e9rez\",\"image\":{\"@type\":\"ImageObject\",\"inLanguage\":\"es-AR\",\"@id\":\"https:\/\/www.diario21.tv\/noticias\/#\/schema\/person\/image\/\",\"url\":\"https:\/\/secure.gravatar.com\/avatar\/c478a405bd10621167f4c3167cc770f5?s=96&d=mm&r=g\",\"contentUrl\":\"https:\/\/secure.gravatar.com\/avatar\/c478a405bd10621167f4c3167cc770f5?s=96&d=mm&r=g\",\"caption\":\"Juan P\u00e9rez\"},\"description\":\"Juan P\u00e9rez es el redactor en jefe de Diario 21. Con m\u00e1s de 10 a\u00f1os de experiencia en el periodismo, se especializa en pol\u00edtica nacional y an\u00e1lisis socioecon\u00f3mico. Su enfoque cr\u00edtico y riguroso aporta una perspectiva \u00fanica a cada art\u00edculo.\",\"sameAs\":[\"https:\/\/www.diario21.tv\/noticias\/\"],\"url\":\"https:\/\/www.diario21.tv\/noticias\/author\/juan-perez\/\"}]}<\/script>\n<!-- \/ Yoast SEO plugin. -->","yoast_head_json":{"title":"\u00a1Descubre c\u00f3mo las mujeres rurales en Euskadi y Navarra transforman el sector primario! - Diario 21","robots":{"index":"index","follow":"follow","max-snippet":"max-snippet:-1","max-image-preview":"max-image-preview:large","max-video-preview":"max-video-preview:-1"},"canonical":"https:\/\/www.diario21.tv\/noticias\/descubre-como-las-mujeres-rurales-en-euskadi-y-navarra-transforman-el-sector-primario\/","og_locale":"es_ES","og_type":"article","og_title":"\u00a1Descubre c\u00f3mo las mujeres rurales en Euskadi y Navarra transforman el sector primario! - Diario 21","og_description":"El Rol Fundamental de las Mujeres Rurales en el Pa\u00eds Vasco y Navarra En las regiones del Pa\u00eds Vasco y Navarra, las mujeres que trabajan en ... Seguir leyendo &rarr;","og_url":"https:\/\/www.diario21.tv\/noticias\/descubre-como-las-mujeres-rurales-en-euskadi-y-navarra-transforman-el-sector-primario\/","og_site_name":"Diario 21","article_published_time":"2026-03-07T12:33:50+00:00","article_modified_time":"2026-03-07T12:33:52+00:00","og_image":[{"width":1920,"height":1080,"url":"https:\/\/www.diario21.tv\/noticias\/wp-content\/uploads\/2026\/03\/\u00a1Descubre-como-las-mujeres-rurales-en-Euskadi-y-Navarra-transforman.jpg","type":"image\/jpeg"}],"author":"Juan P\u00e9rez","twitter_card":"summary_large_image","twitter_misc":{"Escrito por":"Juan P\u00e9rez","Tiempo de lectura":"3 minutos"},"schema":{"@context":"https:\/\/schema.org","@graph":[{"@type":"WebPage","@id":"https:\/\/www.diario21.tv\/noticias\/descubre-como-las-mujeres-rurales-en-euskadi-y-navarra-transforman-el-sector-primario\/","url":"https:\/\/www.diario21.tv\/noticias\/descubre-como-las-mujeres-rurales-en-euskadi-y-navarra-transforman-el-sector-primario\/","name":"\u00a1Descubre c\u00f3mo las mujeres rurales en Euskadi y Navarra transforman el sector primario! - Diario 21","isPartOf":{"@id":"https:\/\/www.diario21.tv\/noticias\/#website"},"primaryImageOfPage":{"@id":"https:\/\/www.diario21.tv\/noticias\/descubre-como-las-mujeres-rurales-en-euskadi-y-navarra-transforman-el-sector-primario\/#primaryimage"},"image":{"@id":"https:\/\/www.diario21.tv\/noticias\/descubre-como-las-mujeres-rurales-en-euskadi-y-navarra-transforman-el-sector-primario\/#primaryimage"},"thumbnailUrl":"https:\/\/www.diario21.tv\/noticias\/wp-content\/uploads\/2026\/03\/\u00a1Descubre-como-las-mujeres-rurales-en-Euskadi-y-Navarra-transforman.jpg","datePublished":"2026-03-07T12:33:50+00:00","dateModified":"2026-03-07T12:33:52+00:00","author":{"@id":"https:\/\/www.diario21.tv\/noticias\/#\/schema\/person\/dfb778f73814d8f09f302618446a526b"},"breadcrumb":{"@id":"https:\/\/www.diario21.tv\/noticias\/descubre-como-las-mujeres-rurales-en-euskadi-y-navarra-transforman-el-sector-primario\/#breadcrumb"},"inLanguage":"es-AR","potentialAction":[{"@type":"ReadAction","target":["https:\/\/www.diario21.tv\/noticias\/descubre-como-las-mujeres-rurales-en-euskadi-y-navarra-transforman-el-sector-primario\/"]}]},{"@type":"ImageObject","inLanguage":"es-AR","@id":"https:\/\/www.diario21.tv\/noticias\/descubre-como-las-mujeres-rurales-en-euskadi-y-navarra-transforman-el-sector-primario\/#primaryimage","url":"https:\/\/www.diario21.tv\/noticias\/wp-content\/uploads\/2026\/03\/\u00a1Descubre-como-las-mujeres-rurales-en-Euskadi-y-Navarra-transforman.jpg","contentUrl":"https:\/\/www.diario21.tv\/noticias\/wp-content\/uploads\/2026\/03\/\u00a1Descubre-como-las-mujeres-rurales-en-Euskadi-y-Navarra-transforman.jpg","width":1920,"height":1080,"caption":"Las mujeres del campo en Euskadi y Navarra reivindican su papel clave en el sector primario"},{"@type":"BreadcrumbList","@id":"https:\/\/www.diario21.tv\/noticias\/descubre-como-las-mujeres-rurales-en-euskadi-y-navarra-transforman-el-sector-primario\/#breadcrumb","itemListElement":[{"@type":"ListItem","position":1,"name":"Accueil","item":"https:\/\/www.diario21.tv\/noticias\/"},{"@type":"ListItem","position":2,"name":"\u00a1Descubre c\u00f3mo las mujeres rurales en Euskadi y Navarra transforman el sector primario!"}]},{"@type":"WebSite","@id":"https:\/\/www.diario21.tv\/noticias\/#website","url":"https:\/\/www.diario21.tv\/noticias\/","name":"Diario 21","description":"","potentialAction":[{"@type":"SearchAction","target":{"@type":"EntryPoint","urlTemplate":"https:\/\/www.diario21.tv\/noticias\/?s={search_term_string}"},"query-input":{"@type":"PropertyValueSpecification","valueRequired":true,"valueName":"search_term_string"}}],"inLanguage":"es-AR"},{"@type":"Person","@id":"https:\/\/www.diario21.tv\/noticias\/#\/schema\/person\/dfb778f73814d8f09f302618446a526b","name":"Juan P\u00e9rez","image":{"@type":"ImageObject","inLanguage":"es-AR","@id":"https:\/\/www.diario21.tv\/noticias\/#\/schema\/person\/image\/","url":"https:\/\/secure.gravatar.com\/avatar\/c478a405bd10621167f4c3167cc770f5?s=96&d=mm&r=g","contentUrl":"https:\/\/secure.gravatar.com\/avatar\/c478a405bd10621167f4c3167cc770f5?s=96&d=mm&r=g","caption":"Juan P\u00e9rez"},"description":"Juan P\u00e9rez es el redactor en jefe de Diario 21. Con m\u00e1s de 10 a\u00f1os de experiencia en el periodismo, se especializa en pol\u00edtica nacional y an\u00e1lisis socioecon\u00f3mico. Su enfoque cr\u00edtico y riguroso aporta una perspectiva \u00fanica a cada art\u00edculo.","sameAs":["https:\/\/www.diario21.tv\/noticias\/"],"url":"https:\/\/www.diario21.tv\/noticias\/author\/juan-perez\/"}]}},"_links":{"self":[{"href":"https:\/\/www.diario21.tv\/noticias\/wp-json\/wp\/v2\/posts\/6456"}],"collection":[{"href":"https:\/\/www.diario21.tv\/noticias\/wp-json\/wp\/v2\/posts"}],"about":[{"href":"https:\/\/www.diario21.tv\/noticias\/wp-json\/wp\/v2\/types\/post"}],"author":[{"embeddable":true,"href":"https:\/\/www.diario21.tv\/noticias\/wp-json\/wp\/v2\/users\/20"}],"replies":[{"embeddable":true,"href":"https:\/\/www.diario21.tv\/noticias\/wp-json\/wp\/v2\/comments?post=6456"}],"version-history":[{"count":1,"href":"https:\/\/www.diario21.tv\/noticias\/wp-json\/wp\/v2\/posts\/6456\/revisions"}],"predecessor-version":[{"id":6458,"href":"https:\/\/www.diario21.tv\/noticias\/wp-json\/wp\/v2\/posts\/6456\/revisions\/6458"}],"wp:featuredmedia":[{"embeddable":true,"href":"https:\/\/www.diario21.tv\/noticias\/wp-json\/wp\/v2\/media\/6457"}],"wp:attachment":[{"href":"https:\/\/www.diario21.tv\/noticias\/wp-json\/wp\/v2\/media?parent=6456"}],"wp:term":[{"taxonomy":"category","embeddable":true,"href":"https:\/\/www.diario21.tv\/noticias\/wp-json\/wp\/v2\/categories?post=6456"},{"taxonomy":"post_tag","embeddable":true,"href":"https:\/\/www.diario21.tv\/noticias\/wp-json\/wp\/v2\/tags?post=6456"}],"curies":[{"name":"wp","href":"https:\/\/api.w.org\/{rel}","templated":true}]}}