{"id":6444,"date":"2026-03-06T06:27:04","date_gmt":"2026-03-06T06:27:04","guid":{"rendered":"https:\/\/www.diario21.tv\/noticias\/mujer-hallada-muerta-en-malaga-investigan-signos-de-violencia-en-su-hogar\/"},"modified":"2026-03-06T06:27:05","modified_gmt":"2026-03-06T06:27:05","slug":"mujer-hallada-muerta-en-malaga-investigan-signos-de-violencia-en-su-hogar","status":"publish","type":"post","link":"https:\/\/www.diario21.tv\/noticias\/mujer-hallada-muerta-en-malaga-investigan-signos-de-violencia-en-su-hogar\/","title":{"rendered":"Mujer hallada muerta en M\u00e1laga: Investigan signos de violencia en su hogar"},"content":{"rendered":"<h2>Investigaci\u00f3n en Curso por el Fallecimiento de una Mujer en M\u00e1laga<\/h2>\n<p>Las autoridades est\u00e1n llevando a cabo una investigaci\u00f3n exhaustiva tras el descubrimiento del cuerpo sin vida de una mujer en su residencia en M\u00e1laga, el cual mostraba evidentes signos de violencia. Este suceso alarmante ha conmocionado a la comunidad local y ha desencadenado una serie de procedimientos policiales en busca de respuestas y justicia.<\/p>\n<h3>Hallazgo del Cuerpo<\/h3>\n<p>El cuerpo de la mujer fue encontrado en su hogar, ubicado en una tranquila zona residencial de M\u00e1laga, tras recibir la polic\u00eda una llamada alertando sobre el incidente. Al llegar al lugar, los agentes se encontraron con una escena perturbadora: la mujer yac\u00eda sin vida con claras se\u00f1ales de haber sido agredida f\u00edsicamente.<\/p>\n<h3>Investigaci\u00f3n Policial<\/h3>\n<p>Inmediatamente despu\u00e9s del hallazgo, la polic\u00eda inici\u00f3 una investigaci\u00f3n para esclarecer las circunstancias que rodearon la muerte de la mujer. Se ha procedido a realizar una inspecci\u00f3n detallada de la vivienda, buscando evidencias que puedan aportar informaci\u00f3n sobre el o los responsables del acto violento.<\/p>\n<h3>Autopsia y Evidencia Forense<\/h3>\n<p>El cuerpo de la mujer ha sido trasladado al Instituto de Medicina Legal donde se le realizar\u00e1 una autopsia que se espera arroje luz sobre la causa exacta de la muerte y el posible escenario de los eventos que llevaron a este tr\u00e1gico final. Los expertos forenses est\u00e1n trabajando meticulosamente para recopilar y analizar cualquier tipo de evidencia f\u00edsica encontrada en el lugar de los hechos.<\/p>\n<h3>Reacciones de la Comunidad<\/h3>\n<p>La noticia de la muerte de la mujer ha generado una oleada de preocupaci\u00f3n y tristeza entre los vecinos y la comunidad m\u00e1s amplia de M\u00e1laga. Muchos expresan su consternaci\u00f3n y exigen que se haga justicia r\u00e1pidamente. Las autoridades han hecho un llamado a la calma y han asegurado que est\u00e1n haciendo todo lo posible para resolver el caso con la urgencia y seriedad que requiere.<\/p>\n<h3>Medidas de Seguridad Incrementadas<\/h3>\n<p>Como respuesta a este incidente y en un esfuerzo por tranquilizar a la poblaci\u00f3n, la polic\u00eda ha incrementado las medidas de seguridad en la zona. Patrullas adicionales y puntos de control temporales se han establecido para garantizar la seguridad de los ciudadanos mientras contin\u00faa la investigaci\u00f3n.<\/p>\n<h3>Llamado a Colaborar<\/h3>\n<p>La polic\u00eda ha hecho un llamado a cualquier persona que pueda tener informaci\u00f3n relevante sobre el caso a que se presente y colabore con las autoridades. Se ha subrayado la importancia de la colaboraci\u00f3n comunitaria en la resoluci\u00f3n de cr\u00edmenes y en la prevenci\u00f3n de futuros incidentes.<\/p>\n<p>Esta tragedia ha dejado un profundo impacto en la comunidad de M\u00e1laga y ha puesto de manifiesto la necesidad de abordar y prevenir la violencia. Las autoridades contin\u00faan trabajando sin descanso, esperando dar con los responsables y esclarecer plenamente los hechos que llevaron a la muerte de la mujer.<\/p>\n\n\n<div class=\"kk-star-ratings kksr-auto kksr-align-left kksr-valign-bottom\"\n    data-payload='{&quot;align&quot;:&quot;left&quot;,&quot;id&quot;:&quot;6444&quot;,&quot;slug&quot;:&quot;default&quot;,&quot;valign&quot;:&quot;bottom&quot;,&quot;ignore&quot;:&quot;&quot;,&quot;reference&quot;:&quot;auto&quot;,&quot;class&quot;:&quot;&quot;,&quot;count&quot;:&quot;0&quot;,&quot;legendonly&quot;:&quot;&quot;,&quot;readonly&quot;:&quot;&quot;,&quot;score&quot;:&quot;0&quot;,&quot;starsonly&quot;:&quot;&quot;,&quot;best&quot;:&quot;5&quot;,&quot;gap&quot;:&quot;5&quot;,&quot;greet&quot;:&quot;Valora este post&quot;,&quot;legend&quot;:&quot;0\\\/5 - (0 votes)&quot;,&quot;size&quot;:&quot;22&quot;,&quot;title&quot;:&quot;Mujer hallada muerta en M\u00e1laga: Investigan signos de violencia en su hogar&quot;,&quot;width&quot;:&quot;0&quot;,&quot;_legend&quot;:&quot;{score}\\\/{best} - ({count} {votes})&quot;,&quot;font_factor&quot;:&quot;1.25&quot;}'>\n            \n<div class=\"kksr-stars\">\n    \n<div class=\"kksr-stars-inactive\">\n            <div class=\"kksr-star\" data-star=\"1\" style=\"padding-right: 5px\">\n            \n\n<div class=\"kksr-icon\" style=\"width: 22px; height: 22px;\"><\/div>\n        <\/div>\n            <div class=\"kksr-star\" data-star=\"2\" style=\"padding-right: 5px\">\n            \n\n<div class=\"kksr-icon\" style=\"width: 22px; height: 22px;\"><\/div>\n        <\/div>\n            <div class=\"kksr-star\" data-star=\"3\" style=\"padding-right: 5px\">\n            \n\n<div class=\"kksr-icon\" style=\"width: 22px; height: 22px;\"><\/div>\n        <\/div>\n            <div class=\"kksr-star\" data-star=\"4\" style=\"padding-right: 5px\">\n            \n\n<div class=\"kksr-icon\" style=\"width: 22px; height: 22px;\"><\/div>\n        <\/div>\n            <div class=\"kksr-star\" data-star=\"5\" style=\"padding-right: 5px\">\n            \n\n<div class=\"kksr-icon\" style=\"width: 22px; height: 22px;\"><\/div>\n        <\/div>\n    <\/div>\n    \n<div class=\"kksr-stars-active\" style=\"width: 0px;\">\n            <div class=\"kksr-star\" style=\"padding-right: 5px\">\n            \n\n<div class=\"kksr-icon\" style=\"width: 22px; height: 22px;\"><\/div>\n        <\/div>\n            <div class=\"kksr-star\" style=\"padding-right: 5px\">\n            \n\n<div class=\"kksr-icon\" style=\"width: 22px; height: 22px;\"><\/div>\n        <\/div>\n            <div class=\"kksr-star\" style=\"padding-right: 5px\">\n            \n\n<div class=\"kksr-icon\" style=\"width: 22px; height: 22px;\"><\/div>\n        <\/div>\n            <div class=\"kksr-star\" style=\"padding-right: 5px\">\n            \n\n<div class=\"kksr-icon\" style=\"width: 22px; height: 22px;\"><\/div>\n        <\/div>\n            <div class=\"kksr-star\" style=\"padding-right: 5px\">\n            \n\n<div class=\"kksr-icon\" style=\"width: 22px; height: 22px;\"><\/div>\n        <\/div>\n    <\/div>\n<\/div>\n                \n\n<div class=\"kksr-legend\" style=\"font-size: 17.6px;\">\n            <span class=\"kksr-muted\">Valora este post<\/span>\n    <\/div>\n    <\/div>\n","protected":false},"excerpt":{"rendered":"<p>Investigaci\u00f3n en Curso por el Fallecimiento de una Mujer en M\u00e1laga Las autoridades est\u00e1n llevando a cabo una investigaci\u00f3n exhaustiva tras el descubrimiento del cuerpo sin &#8230; <a title=\"Mujer hallada muerta en M\u00e1laga: Investigan signos de violencia en su hogar\" class=\"read-more\" href=\"https:\/\/www.diario21.tv\/noticias\/mujer-hallada-muerta-en-malaga-investigan-signos-de-violencia-en-su-hogar\/\" aria-label=\"Leer m\u00e1s sobre Mujer hallada muerta en M\u00e1laga: Investigan signos de violencia en su hogar\">Seguir leyendo &rarr;<\/a><\/p>\n","protected":false},"author":20,"featured_media":6445,"comment_status":"open","ping_status":"open","sticky":false,"template":"","format":"standard","meta":{"footnotes":""},"categories":[13],"tags":[],"class_list":["post-6444","post","type-post","status-publish","format-standard","has-post-thumbnail","hentry","category-portada"],"yoast_head":"<!-- This site is optimized with the Yoast SEO plugin v25.6 - https:\/\/yoast.com\/wordpress\/plugins\/seo\/ -->\n<title>Mujer hallada muerta en M\u00e1laga: Investigan signos de violencia en su hogar - Diario 21<\/title>\n<meta name=\"robots\" content=\"index, follow, max-snippet:-1, max-image-preview:large, max-video-preview:-1\" \/>\n<link rel=\"canonical\" href=\"https:\/\/www.diario21.tv\/noticias\/mujer-hallada-muerta-en-malaga-investigan-signos-de-violencia-en-su-hogar\/\" \/>\n<meta property=\"og:locale\" content=\"es_ES\" \/>\n<meta property=\"og:type\" content=\"article\" \/>\n<meta property=\"og:title\" content=\"Mujer hallada muerta en M\u00e1laga: Investigan signos de violencia en su hogar - Diario 21\" \/>\n<meta property=\"og:description\" content=\"Investigaci\u00f3n en Curso por el Fallecimiento de una Mujer en M\u00e1laga Las autoridades est\u00e1n llevando a cabo una investigaci\u00f3n exhaustiva tras el descubrimiento del cuerpo sin ... Seguir leyendo &rarr;\" \/>\n<meta property=\"og:url\" content=\"https:\/\/www.diario21.tv\/noticias\/mujer-hallada-muerta-en-malaga-investigan-signos-de-violencia-en-su-hogar\/\" \/>\n<meta property=\"og:site_name\" content=\"Diario 21\" \/>\n<meta property=\"article:published_time\" content=\"2026-03-06T06:27:04+00:00\" \/>\n<meta property=\"article:modified_time\" content=\"2026-03-06T06:27:05+00:00\" \/>\n<meta property=\"og:image\" content=\"https:\/\/www.diario21.tv\/noticias\/wp-content\/uploads\/2026\/03\/Mujer-hallada-muerta-en-Malaga-Investigan-signos-de-violencia-en.jpg\" \/>\n\t<meta property=\"og:image:width\" content=\"1200\" \/>\n\t<meta property=\"og:image:height\" content=\"840\" \/>\n\t<meta property=\"og:image:type\" content=\"image\/jpeg\" \/>\n<meta name=\"author\" content=\"Juan P\u00e9rez\" \/>\n<meta name=\"twitter:card\" content=\"summary_large_image\" \/>\n<meta name=\"twitter:label1\" content=\"Escrito por\" \/>\n\t<meta name=\"twitter:data1\" content=\"Juan P\u00e9rez\" \/>\n\t<meta name=\"twitter:label2\" content=\"Tiempo de lectura\" \/>\n\t<meta name=\"twitter:data2\" content=\"2 minutos\" \/>\n<script type=\"application\/ld+json\" class=\"yoast-schema-graph\">{\"@context\":\"https:\/\/schema.org\",\"@graph\":[{\"@type\":\"WebPage\",\"@id\":\"https:\/\/www.diario21.tv\/noticias\/mujer-hallada-muerta-en-malaga-investigan-signos-de-violencia-en-su-hogar\/\",\"url\":\"https:\/\/www.diario21.tv\/noticias\/mujer-hallada-muerta-en-malaga-investigan-signos-de-violencia-en-su-hogar\/\",\"name\":\"Mujer hallada muerta en M\u00e1laga: Investigan signos de violencia en su hogar - Diario 21\",\"isPartOf\":{\"@id\":\"https:\/\/www.diario21.tv\/noticias\/#website\"},\"primaryImageOfPage\":{\"@id\":\"https:\/\/www.diario21.tv\/noticias\/mujer-hallada-muerta-en-malaga-investigan-signos-de-violencia-en-su-hogar\/#primaryimage\"},\"image\":{\"@id\":\"https:\/\/www.diario21.tv\/noticias\/mujer-hallada-muerta-en-malaga-investigan-signos-de-violencia-en-su-hogar\/#primaryimage\"},\"thumbnailUrl\":\"https:\/\/www.diario21.tv\/noticias\/wp-content\/uploads\/2026\/03\/Mujer-hallada-muerta-en-Malaga-Investigan-signos-de-violencia-en.jpg\",\"datePublished\":\"2026-03-06T06:27:04+00:00\",\"dateModified\":\"2026-03-06T06:27:05+00:00\",\"author\":{\"@id\":\"https:\/\/www.diario21.tv\/noticias\/#\/schema\/person\/dfb778f73814d8f09f302618446a526b\"},\"breadcrumb\":{\"@id\":\"https:\/\/www.diario21.tv\/noticias\/mujer-hallada-muerta-en-malaga-investigan-signos-de-violencia-en-su-hogar\/#breadcrumb\"},\"inLanguage\":\"es-AR\",\"potentialAction\":[{\"@type\":\"ReadAction\",\"target\":[\"https:\/\/www.diario21.tv\/noticias\/mujer-hallada-muerta-en-malaga-investigan-signos-de-violencia-en-su-hogar\/\"]}]},{\"@type\":\"ImageObject\",\"inLanguage\":\"es-AR\",\"@id\":\"https:\/\/www.diario21.tv\/noticias\/mujer-hallada-muerta-en-malaga-investigan-signos-de-violencia-en-su-hogar\/#primaryimage\",\"url\":\"https:\/\/www.diario21.tv\/noticias\/wp-content\/uploads\/2026\/03\/Mujer-hallada-muerta-en-Malaga-Investigan-signos-de-violencia-en.jpg\",\"contentUrl\":\"https:\/\/www.diario21.tv\/noticias\/wp-content\/uploads\/2026\/03\/Mujer-hallada-muerta-en-Malaga-Investigan-signos-de-violencia-en.jpg\",\"width\":1200,\"height\":840,\"caption\":\"Investigan la muerte de una mujer con signos de violencia en su domicilio en M\u00e1laga\"},{\"@type\":\"BreadcrumbList\",\"@id\":\"https:\/\/www.diario21.tv\/noticias\/mujer-hallada-muerta-en-malaga-investigan-signos-de-violencia-en-su-hogar\/#breadcrumb\",\"itemListElement\":[{\"@type\":\"ListItem\",\"position\":1,\"name\":\"Accueil\",\"item\":\"https:\/\/www.diario21.tv\/noticias\/\"},{\"@type\":\"ListItem\",\"position\":2,\"name\":\"Mujer hallada muerta en M\u00e1laga: Investigan signos de violencia en su hogar\"}]},{\"@type\":\"WebSite\",\"@id\":\"https:\/\/www.diario21.tv\/noticias\/#website\",\"url\":\"https:\/\/www.diario21.tv\/noticias\/\",\"name\":\"Diario 21\",\"description\":\"\",\"potentialAction\":[{\"@type\":\"SearchAction\",\"target\":{\"@type\":\"EntryPoint\",\"urlTemplate\":\"https:\/\/www.diario21.tv\/noticias\/?s={search_term_string}\"},\"query-input\":{\"@type\":\"PropertyValueSpecification\",\"valueRequired\":true,\"valueName\":\"search_term_string\"}}],\"inLanguage\":\"es-AR\"},{\"@type\":\"Person\",\"@id\":\"https:\/\/www.diario21.tv\/noticias\/#\/schema\/person\/dfb778f73814d8f09f302618446a526b\",\"name\":\"Juan P\u00e9rez\",\"image\":{\"@type\":\"ImageObject\",\"inLanguage\":\"es-AR\",\"@id\":\"https:\/\/www.diario21.tv\/noticias\/#\/schema\/person\/image\/\",\"url\":\"https:\/\/secure.gravatar.com\/avatar\/c478a405bd10621167f4c3167cc770f5?s=96&d=mm&r=g\",\"contentUrl\":\"https:\/\/secure.gravatar.com\/avatar\/c478a405bd10621167f4c3167cc770f5?s=96&d=mm&r=g\",\"caption\":\"Juan P\u00e9rez\"},\"description\":\"Juan P\u00e9rez es el redactor en jefe de Diario 21. Con m\u00e1s de 10 a\u00f1os de experiencia en el periodismo, se especializa en pol\u00edtica nacional y an\u00e1lisis socioecon\u00f3mico. Su enfoque cr\u00edtico y riguroso aporta una perspectiva \u00fanica a cada art\u00edculo.\",\"sameAs\":[\"https:\/\/www.diario21.tv\/noticias\/\"],\"url\":\"https:\/\/www.diario21.tv\/noticias\/author\/juan-perez\/\"}]}<\/script>\n<!-- \/ Yoast SEO plugin. -->","yoast_head_json":{"title":"Mujer hallada muerta en M\u00e1laga: Investigan signos de violencia en su hogar - Diario 21","robots":{"index":"index","follow":"follow","max-snippet":"max-snippet:-1","max-image-preview":"max-image-preview:large","max-video-preview":"max-video-preview:-1"},"canonical":"https:\/\/www.diario21.tv\/noticias\/mujer-hallada-muerta-en-malaga-investigan-signos-de-violencia-en-su-hogar\/","og_locale":"es_ES","og_type":"article","og_title":"Mujer hallada muerta en M\u00e1laga: Investigan signos de violencia en su hogar - Diario 21","og_description":"Investigaci\u00f3n en Curso por el Fallecimiento de una Mujer en M\u00e1laga Las autoridades est\u00e1n llevando a cabo una investigaci\u00f3n exhaustiva tras el descubrimiento del cuerpo sin ... Seguir leyendo &rarr;","og_url":"https:\/\/www.diario21.tv\/noticias\/mujer-hallada-muerta-en-malaga-investigan-signos-de-violencia-en-su-hogar\/","og_site_name":"Diario 21","article_published_time":"2026-03-06T06:27:04+00:00","article_modified_time":"2026-03-06T06:27:05+00:00","og_image":[{"width":1200,"height":840,"url":"https:\/\/www.diario21.tv\/noticias\/wp-content\/uploads\/2026\/03\/Mujer-hallada-muerta-en-Malaga-Investigan-signos-de-violencia-en.jpg","type":"image\/jpeg"}],"author":"Juan P\u00e9rez","twitter_card":"summary_large_image","twitter_misc":{"Escrito por":"Juan P\u00e9rez","Tiempo de lectura":"2 minutos"},"schema":{"@context":"https:\/\/schema.org","@graph":[{"@type":"WebPage","@id":"https:\/\/www.diario21.tv\/noticias\/mujer-hallada-muerta-en-malaga-investigan-signos-de-violencia-en-su-hogar\/","url":"https:\/\/www.diario21.tv\/noticias\/mujer-hallada-muerta-en-malaga-investigan-signos-de-violencia-en-su-hogar\/","name":"Mujer hallada muerta en M\u00e1laga: Investigan signos de violencia en su hogar - Diario 21","isPartOf":{"@id":"https:\/\/www.diario21.tv\/noticias\/#website"},"primaryImageOfPage":{"@id":"https:\/\/www.diario21.tv\/noticias\/mujer-hallada-muerta-en-malaga-investigan-signos-de-violencia-en-su-hogar\/#primaryimage"},"image":{"@id":"https:\/\/www.diario21.tv\/noticias\/mujer-hallada-muerta-en-malaga-investigan-signos-de-violencia-en-su-hogar\/#primaryimage"},"thumbnailUrl":"https:\/\/www.diario21.tv\/noticias\/wp-content\/uploads\/2026\/03\/Mujer-hallada-muerta-en-Malaga-Investigan-signos-de-violencia-en.jpg","datePublished":"2026-03-06T06:27:04+00:00","dateModified":"2026-03-06T06:27:05+00:00","author":{"@id":"https:\/\/www.diario21.tv\/noticias\/#\/schema\/person\/dfb778f73814d8f09f302618446a526b"},"breadcrumb":{"@id":"https:\/\/www.diario21.tv\/noticias\/mujer-hallada-muerta-en-malaga-investigan-signos-de-violencia-en-su-hogar\/#breadcrumb"},"inLanguage":"es-AR","potentialAction":[{"@type":"ReadAction","target":["https:\/\/www.diario21.tv\/noticias\/mujer-hallada-muerta-en-malaga-investigan-signos-de-violencia-en-su-hogar\/"]}]},{"@type":"ImageObject","inLanguage":"es-AR","@id":"https:\/\/www.diario21.tv\/noticias\/mujer-hallada-muerta-en-malaga-investigan-signos-de-violencia-en-su-hogar\/#primaryimage","url":"https:\/\/www.diario21.tv\/noticias\/wp-content\/uploads\/2026\/03\/Mujer-hallada-muerta-en-Malaga-Investigan-signos-de-violencia-en.jpg","contentUrl":"https:\/\/www.diario21.tv\/noticias\/wp-content\/uploads\/2026\/03\/Mujer-hallada-muerta-en-Malaga-Investigan-signos-de-violencia-en.jpg","width":1200,"height":840,"caption":"Investigan la muerte de una mujer con signos de violencia en su domicilio en M\u00e1laga"},{"@type":"BreadcrumbList","@id":"https:\/\/www.diario21.tv\/noticias\/mujer-hallada-muerta-en-malaga-investigan-signos-de-violencia-en-su-hogar\/#breadcrumb","itemListElement":[{"@type":"ListItem","position":1,"name":"Accueil","item":"https:\/\/www.diario21.tv\/noticias\/"},{"@type":"ListItem","position":2,"name":"Mujer hallada muerta en M\u00e1laga: Investigan signos de violencia en su hogar"}]},{"@type":"WebSite","@id":"https:\/\/www.diario21.tv\/noticias\/#website","url":"https:\/\/www.diario21.tv\/noticias\/","name":"Diario 21","description":"","potentialAction":[{"@type":"SearchAction","target":{"@type":"EntryPoint","urlTemplate":"https:\/\/www.diario21.tv\/noticias\/?s={search_term_string}"},"query-input":{"@type":"PropertyValueSpecification","valueRequired":true,"valueName":"search_term_string"}}],"inLanguage":"es-AR"},{"@type":"Person","@id":"https:\/\/www.diario21.tv\/noticias\/#\/schema\/person\/dfb778f73814d8f09f302618446a526b","name":"Juan P\u00e9rez","image":{"@type":"ImageObject","inLanguage":"es-AR","@id":"https:\/\/www.diario21.tv\/noticias\/#\/schema\/person\/image\/","url":"https:\/\/secure.gravatar.com\/avatar\/c478a405bd10621167f4c3167cc770f5?s=96&d=mm&r=g","contentUrl":"https:\/\/secure.gravatar.com\/avatar\/c478a405bd10621167f4c3167cc770f5?s=96&d=mm&r=g","caption":"Juan P\u00e9rez"},"description":"Juan P\u00e9rez es el redactor en jefe de Diario 21. Con m\u00e1s de 10 a\u00f1os de experiencia en el periodismo, se especializa en pol\u00edtica nacional y an\u00e1lisis socioecon\u00f3mico. Su enfoque cr\u00edtico y riguroso aporta una perspectiva \u00fanica a cada art\u00edculo.","sameAs":["https:\/\/www.diario21.tv\/noticias\/"],"url":"https:\/\/www.diario21.tv\/noticias\/author\/juan-perez\/"}]}},"_links":{"self":[{"href":"https:\/\/www.diario21.tv\/noticias\/wp-json\/wp\/v2\/posts\/6444"}],"collection":[{"href":"https:\/\/www.diario21.tv\/noticias\/wp-json\/wp\/v2\/posts"}],"about":[{"href":"https:\/\/www.diario21.tv\/noticias\/wp-json\/wp\/v2\/types\/post"}],"author":[{"embeddable":true,"href":"https:\/\/www.diario21.tv\/noticias\/wp-json\/wp\/v2\/users\/20"}],"replies":[{"embeddable":true,"href":"https:\/\/www.diario21.tv\/noticias\/wp-json\/wp\/v2\/comments?post=6444"}],"version-history":[{"count":1,"href":"https:\/\/www.diario21.tv\/noticias\/wp-json\/wp\/v2\/posts\/6444\/revisions"}],"predecessor-version":[{"id":6446,"href":"https:\/\/www.diario21.tv\/noticias\/wp-json\/wp\/v2\/posts\/6444\/revisions\/6446"}],"wp:featuredmedia":[{"embeddable":true,"href":"https:\/\/www.diario21.tv\/noticias\/wp-json\/wp\/v2\/media\/6445"}],"wp:attachment":[{"href":"https:\/\/www.diario21.tv\/noticias\/wp-json\/wp\/v2\/media?parent=6444"}],"wp:term":[{"taxonomy":"category","embeddable":true,"href":"https:\/\/www.diario21.tv\/noticias\/wp-json\/wp\/v2\/categories?post=6444"},{"taxonomy":"post_tag","embeddable":true,"href":"https:\/\/www.diario21.tv\/noticias\/wp-json\/wp\/v2\/tags?post=6444"}],"curies":[{"name":"wp","href":"https:\/\/api.w.org\/{rel}","templated":true}]}}