{"id":6438,"date":"2026-03-05T18:25:08","date_gmt":"2026-03-05T18:25:08","guid":{"rendered":"https:\/\/www.diario21.tv\/noticias\/angela-molina-lidera-campana-de-igualdad-contra-la-romantizacion-de-roles-de-genero\/"},"modified":"2026-03-05T18:25:09","modified_gmt":"2026-03-05T18:25:09","slug":"angela-molina-lidera-campana-de-igualdad-contra-la-romantizacion-de-roles-de-genero","status":"publish","type":"post","link":"https:\/\/www.diario21.tv\/noticias\/angela-molina-lidera-campana-de-igualdad-contra-la-romantizacion-de-roles-de-genero\/","title":{"rendered":"\u00c1ngela Molina lidera campa\u00f1a de Igualdad contra la &#8220;romantizaci\u00f3n&#8221; de roles de g\u00e9nero"},"content":{"rendered":"<h2>\u00c1ngela Molina Encabeza la Iniciativa de Igualdad para Combatir la Idealizaci\u00f3n de los Roles de G\u00e9nero<\/h2>\n<p>\u00c1ngela Molina, reconocida actriz espa\u00f1ola, se ha convertido en el rostro de una nueva campa\u00f1a promovida por el Ministerio de Igualdad, cuyo objetivo es desafiar la idealizaci\u00f3n de los roles tradicionales de g\u00e9nero en la sociedad. Esta iniciativa busca educar y sensibilizar al p\u00fablico sobre c\u00f3mo las percepciones distorsionadas de los roles masculinos y femeninos contribuyen a la desigualdad de g\u00e9nero.<\/p>\n<h3>Desmitificando los Estereotipos<\/h3>\n<p>La campa\u00f1a, que se lanz\u00f3 recientemente, presenta una serie de mensajes y materiales visuales que destacan la importancia de una representaci\u00f3n m\u00e1s aut\u00e9ntica y equitativa de ambos g\u00e9neros en todos los \u00e1mbitos de la vida. \u00c1ngela Molina, con su larga trayectoria y compromiso con temas de igualdad, fue elegida para liderar este esfuerzo, dada su capacidad para influir y conectar con una amplia audiencia.<\/p>\n<h3>Objetivos de la Campa\u00f1a<\/h3>\n<p>El principal objetivo de esta campa\u00f1a es provocar un cambio en la percepci\u00f3n p\u00fablica sobre los roles de g\u00e9nero. Pretende eliminar la idea de que ciertas cualidades o profesiones son exclusivas de un g\u00e9nero espec\u00edfico y promover un modelo de sociedad donde hombres y mujeres sean valorados igualmente por sus capacidades y contribuciones.<\/p>\n<h3>Impacto Esperado<\/h3>\n<p>Con \u00c1ngela Molina al frente, la campa\u00f1a aspira a alcanzar un amplio rango de personas, desde j\u00f3venes en etapa escolar hasta adultos en sus lugares de trabajo. Se espera que, a trav\u00e9s de la difusi\u00f3n de estos mensajes, m\u00e1s personas comiencen a cuestionar y rechazar los estereotipos de g\u00e9nero arraigados en la cultura popular y las tradiciones.<\/p>\n<p>Esta iniciativa no solo busca reformar la percepci\u00f3n p\u00fablica, sino tambi\u00e9n influir en las pol\u00edticas y pr\u00e1cticas de empresas e instituciones, incentivando un enfoque m\u00e1s inclusivo y equitativo que beneficie a toda la sociedad.<\/p>\n<h3>Una Larga Lucha por la Igualdad<\/h3>\n<p>\u00c1ngela Molina ha sido una defensora de la igualdad de g\u00e9nero durante mucho tiempo, utilizando su plataforma y su voz para apoyar diversas causas sociales. Su participaci\u00f3n en esta campa\u00f1a es un paso m\u00e1s en su compromiso continuo con la lucha por una sociedad m\u00e1s justa y equitativa.<\/p>\n<p>La campa\u00f1a subraya la necesidad de un cambio sist\u00e9mico que aborde las ra\u00edces de la desigualdad de g\u00e9nero y fomente un entorno donde todos, independientemente de su g\u00e9nero, puedan prosperar sin ser limitados por expectativas y roles tradicionales. Con el apoyo de figuras influyentes como \u00c1ngela Molina, el Ministerio de Igualdad espera inspirar un movimiento positivo hacia la igualdad de g\u00e9nero en Espa\u00f1a y m\u00e1s all\u00e1.<\/p>\n\n\n<div class=\"kk-star-ratings kksr-auto kksr-align-left kksr-valign-bottom\"\n    data-payload='{&quot;align&quot;:&quot;left&quot;,&quot;id&quot;:&quot;6438&quot;,&quot;slug&quot;:&quot;default&quot;,&quot;valign&quot;:&quot;bottom&quot;,&quot;ignore&quot;:&quot;&quot;,&quot;reference&quot;:&quot;auto&quot;,&quot;class&quot;:&quot;&quot;,&quot;count&quot;:&quot;0&quot;,&quot;legendonly&quot;:&quot;&quot;,&quot;readonly&quot;:&quot;&quot;,&quot;score&quot;:&quot;0&quot;,&quot;starsonly&quot;:&quot;&quot;,&quot;best&quot;:&quot;5&quot;,&quot;gap&quot;:&quot;5&quot;,&quot;greet&quot;:&quot;Valora este post&quot;,&quot;legend&quot;:&quot;0\\\/5 - (0 votes)&quot;,&quot;size&quot;:&quot;22&quot;,&quot;title&quot;:&quot;\u00c1ngela Molina lidera campa\u00f1a de Igualdad contra la \\u0026quot;romantizaci\u00f3n\\u0026quot; de roles de g\u00e9nero&quot;,&quot;width&quot;:&quot;0&quot;,&quot;_legend&quot;:&quot;{score}\\\/{best} - ({count} {votes})&quot;,&quot;font_factor&quot;:&quot;1.25&quot;}'>\n            \n<div class=\"kksr-stars\">\n    \n<div class=\"kksr-stars-inactive\">\n            <div class=\"kksr-star\" data-star=\"1\" style=\"padding-right: 5px\">\n            \n\n<div class=\"kksr-icon\" style=\"width: 22px; height: 22px;\"><\/div>\n        <\/div>\n            <div class=\"kksr-star\" data-star=\"2\" style=\"padding-right: 5px\">\n            \n\n<div class=\"kksr-icon\" style=\"width: 22px; height: 22px;\"><\/div>\n        <\/div>\n            <div class=\"kksr-star\" data-star=\"3\" style=\"padding-right: 5px\">\n            \n\n<div class=\"kksr-icon\" style=\"width: 22px; height: 22px;\"><\/div>\n        <\/div>\n            <div class=\"kksr-star\" data-star=\"4\" style=\"padding-right: 5px\">\n            \n\n<div class=\"kksr-icon\" style=\"width: 22px; height: 22px;\"><\/div>\n        <\/div>\n            <div class=\"kksr-star\" data-star=\"5\" style=\"padding-right: 5px\">\n            \n\n<div class=\"kksr-icon\" style=\"width: 22px; height: 22px;\"><\/div>\n        <\/div>\n    <\/div>\n    \n<div class=\"kksr-stars-active\" style=\"width: 0px;\">\n            <div class=\"kksr-star\" style=\"padding-right: 5px\">\n            \n\n<div class=\"kksr-icon\" style=\"width: 22px; height: 22px;\"><\/div>\n        <\/div>\n            <div class=\"kksr-star\" style=\"padding-right: 5px\">\n            \n\n<div class=\"kksr-icon\" style=\"width: 22px; height: 22px;\"><\/div>\n        <\/div>\n            <div class=\"kksr-star\" style=\"padding-right: 5px\">\n            \n\n<div class=\"kksr-icon\" style=\"width: 22px; height: 22px;\"><\/div>\n        <\/div>\n            <div class=\"kksr-star\" style=\"padding-right: 5px\">\n            \n\n<div class=\"kksr-icon\" style=\"width: 22px; height: 22px;\"><\/div>\n        <\/div>\n            <div class=\"kksr-star\" style=\"padding-right: 5px\">\n            \n\n<div class=\"kksr-icon\" style=\"width: 22px; height: 22px;\"><\/div>\n        <\/div>\n    <\/div>\n<\/div>\n                \n\n<div class=\"kksr-legend\" style=\"font-size: 17.6px;\">\n            <span class=\"kksr-muted\">Valora este post<\/span>\n    <\/div>\n    <\/div>\n","protected":false},"excerpt":{"rendered":"<p>\u00c1ngela Molina Encabeza la Iniciativa de Igualdad para Combatir la Idealizaci\u00f3n de los Roles de G\u00e9nero \u00c1ngela Molina, reconocida actriz espa\u00f1ola, se ha convertido en el &#8230; <a title=\"\u00c1ngela Molina lidera campa\u00f1a de Igualdad contra la &#8220;romantizaci\u00f3n&#8221; de roles de g\u00e9nero\" class=\"read-more\" href=\"https:\/\/www.diario21.tv\/noticias\/angela-molina-lidera-campana-de-igualdad-contra-la-romantizacion-de-roles-de-genero\/\" aria-label=\"Leer m\u00e1s sobre \u00c1ngela Molina lidera campa\u00f1a de Igualdad contra la &#8220;romantizaci\u00f3n&#8221; de roles de g\u00e9nero\">Seguir leyendo &rarr;<\/a><\/p>\n","protected":false},"author":20,"featured_media":6439,"comment_status":"open","ping_status":"open","sticky":false,"template":"","format":"standard","meta":{"footnotes":""},"categories":[13],"tags":[],"class_list":["post-6438","post","type-post","status-publish","format-standard","has-post-thumbnail","hentry","category-portada"],"yoast_head":"<!-- This site is optimized with the Yoast SEO plugin v25.6 - https:\/\/yoast.com\/wordpress\/plugins\/seo\/ -->\n<title>\u00c1ngela Molina lidera campa\u00f1a de Igualdad contra la &quot;romantizaci\u00f3n&quot; de roles de g\u00e9nero - Diario 21<\/title>\n<meta name=\"robots\" content=\"index, follow, max-snippet:-1, max-image-preview:large, max-video-preview:-1\" \/>\n<link rel=\"canonical\" href=\"https:\/\/www.diario21.tv\/noticias\/angela-molina-lidera-campana-de-igualdad-contra-la-romantizacion-de-roles-de-genero\/\" \/>\n<meta property=\"og:locale\" content=\"es_ES\" \/>\n<meta property=\"og:type\" content=\"article\" \/>\n<meta property=\"og:title\" content=\"\u00c1ngela Molina lidera campa\u00f1a de Igualdad contra la &quot;romantizaci\u00f3n&quot; de roles de g\u00e9nero - Diario 21\" \/>\n<meta property=\"og:description\" content=\"\u00c1ngela Molina Encabeza la Iniciativa de Igualdad para Combatir la Idealizaci\u00f3n de los Roles de G\u00e9nero \u00c1ngela Molina, reconocida actriz espa\u00f1ola, se ha convertido en el ... Seguir leyendo &rarr;\" \/>\n<meta property=\"og:url\" content=\"https:\/\/www.diario21.tv\/noticias\/angela-molina-lidera-campana-de-igualdad-contra-la-romantizacion-de-roles-de-genero\/\" \/>\n<meta property=\"og:site_name\" content=\"Diario 21\" \/>\n<meta property=\"article:published_time\" content=\"2026-03-05T18:25:08+00:00\" \/>\n<meta property=\"article:modified_time\" content=\"2026-03-05T18:25:09+00:00\" \/>\n<meta property=\"og:image\" content=\"https:\/\/www.diario21.tv\/noticias\/wp-content\/uploads\/2026\/03\/Angela-Molina-lidera-campana-de-Igualdad-contra-la-romantizacion-de.jpg\" \/>\n\t<meta property=\"og:image:width\" content=\"1200\" \/>\n\t<meta property=\"og:image:height\" content=\"840\" \/>\n\t<meta property=\"og:image:type\" content=\"image\/jpeg\" \/>\n<meta name=\"author\" content=\"Juan P\u00e9rez\" \/>\n<meta name=\"twitter:card\" content=\"summary_large_image\" \/>\n<meta name=\"twitter:label1\" content=\"Escrito por\" \/>\n\t<meta name=\"twitter:data1\" content=\"Juan P\u00e9rez\" \/>\n\t<meta name=\"twitter:label2\" content=\"Tiempo de lectura\" \/>\n\t<meta name=\"twitter:data2\" content=\"2 minutos\" \/>\n<script type=\"application\/ld+json\" class=\"yoast-schema-graph\">{\"@context\":\"https:\/\/schema.org\",\"@graph\":[{\"@type\":\"WebPage\",\"@id\":\"https:\/\/www.diario21.tv\/noticias\/angela-molina-lidera-campana-de-igualdad-contra-la-romantizacion-de-roles-de-genero\/\",\"url\":\"https:\/\/www.diario21.tv\/noticias\/angela-molina-lidera-campana-de-igualdad-contra-la-romantizacion-de-roles-de-genero\/\",\"name\":\"\u00c1ngela Molina lidera campa\u00f1a de Igualdad contra la \\\"romantizaci\u00f3n\\\" de roles de g\u00e9nero - Diario 21\",\"isPartOf\":{\"@id\":\"https:\/\/www.diario21.tv\/noticias\/#website\"},\"primaryImageOfPage\":{\"@id\":\"https:\/\/www.diario21.tv\/noticias\/angela-molina-lidera-campana-de-igualdad-contra-la-romantizacion-de-roles-de-genero\/#primaryimage\"},\"image\":{\"@id\":\"https:\/\/www.diario21.tv\/noticias\/angela-molina-lidera-campana-de-igualdad-contra-la-romantizacion-de-roles-de-genero\/#primaryimage\"},\"thumbnailUrl\":\"https:\/\/www.diario21.tv\/noticias\/wp-content\/uploads\/2026\/03\/Angela-Molina-lidera-campana-de-Igualdad-contra-la-romantizacion-de.jpg\",\"datePublished\":\"2026-03-05T18:25:08+00:00\",\"dateModified\":\"2026-03-05T18:25:09+00:00\",\"author\":{\"@id\":\"https:\/\/www.diario21.tv\/noticias\/#\/schema\/person\/dfb778f73814d8f09f302618446a526b\"},\"breadcrumb\":{\"@id\":\"https:\/\/www.diario21.tv\/noticias\/angela-molina-lidera-campana-de-igualdad-contra-la-romantizacion-de-roles-de-genero\/#breadcrumb\"},\"inLanguage\":\"es-AR\",\"potentialAction\":[{\"@type\":\"ReadAction\",\"target\":[\"https:\/\/www.diario21.tv\/noticias\/angela-molina-lidera-campana-de-igualdad-contra-la-romantizacion-de-roles-de-genero\/\"]}]},{\"@type\":\"ImageObject\",\"inLanguage\":\"es-AR\",\"@id\":\"https:\/\/www.diario21.tv\/noticias\/angela-molina-lidera-campana-de-igualdad-contra-la-romantizacion-de-roles-de-genero\/#primaryimage\",\"url\":\"https:\/\/www.diario21.tv\/noticias\/wp-content\/uploads\/2026\/03\/Angela-Molina-lidera-campana-de-Igualdad-contra-la-romantizacion-de.jpg\",\"contentUrl\":\"https:\/\/www.diario21.tv\/noticias\/wp-content\/uploads\/2026\/03\/Angela-Molina-lidera-campana-de-Igualdad-contra-la-romantizacion-de.jpg\",\"width\":1200,\"height\":840,\"caption\":\"\u00c1ngela Molina protagoniza la campa\u00f1a de Igualdad contra la \u00abromantizaci\u00f3n\u00bb de los roles de g\u00e9nero\"},{\"@type\":\"BreadcrumbList\",\"@id\":\"https:\/\/www.diario21.tv\/noticias\/angela-molina-lidera-campana-de-igualdad-contra-la-romantizacion-de-roles-de-genero\/#breadcrumb\",\"itemListElement\":[{\"@type\":\"ListItem\",\"position\":1,\"name\":\"Accueil\",\"item\":\"https:\/\/www.diario21.tv\/noticias\/\"},{\"@type\":\"ListItem\",\"position\":2,\"name\":\"\u00c1ngela Molina lidera campa\u00f1a de Igualdad contra la &#8220;romantizaci\u00f3n&#8221; de roles de g\u00e9nero\"}]},{\"@type\":\"WebSite\",\"@id\":\"https:\/\/www.diario21.tv\/noticias\/#website\",\"url\":\"https:\/\/www.diario21.tv\/noticias\/\",\"name\":\"Diario 21\",\"description\":\"\",\"potentialAction\":[{\"@type\":\"SearchAction\",\"target\":{\"@type\":\"EntryPoint\",\"urlTemplate\":\"https:\/\/www.diario21.tv\/noticias\/?s={search_term_string}\"},\"query-input\":{\"@type\":\"PropertyValueSpecification\",\"valueRequired\":true,\"valueName\":\"search_term_string\"}}],\"inLanguage\":\"es-AR\"},{\"@type\":\"Person\",\"@id\":\"https:\/\/www.diario21.tv\/noticias\/#\/schema\/person\/dfb778f73814d8f09f302618446a526b\",\"name\":\"Juan P\u00e9rez\",\"image\":{\"@type\":\"ImageObject\",\"inLanguage\":\"es-AR\",\"@id\":\"https:\/\/www.diario21.tv\/noticias\/#\/schema\/person\/image\/\",\"url\":\"https:\/\/secure.gravatar.com\/avatar\/c478a405bd10621167f4c3167cc770f5?s=96&d=mm&r=g\",\"contentUrl\":\"https:\/\/secure.gravatar.com\/avatar\/c478a405bd10621167f4c3167cc770f5?s=96&d=mm&r=g\",\"caption\":\"Juan P\u00e9rez\"},\"description\":\"Juan P\u00e9rez es el redactor en jefe de Diario 21. Con m\u00e1s de 10 a\u00f1os de experiencia en el periodismo, se especializa en pol\u00edtica nacional y an\u00e1lisis socioecon\u00f3mico. Su enfoque cr\u00edtico y riguroso aporta una perspectiva \u00fanica a cada art\u00edculo.\",\"sameAs\":[\"https:\/\/www.diario21.tv\/noticias\/\"],\"url\":\"https:\/\/www.diario21.tv\/noticias\/author\/juan-perez\/\"}]}<\/script>\n<!-- \/ Yoast SEO plugin. -->","yoast_head_json":{"title":"\u00c1ngela Molina lidera campa\u00f1a de Igualdad contra la \"romantizaci\u00f3n\" de roles de g\u00e9nero - Diario 21","robots":{"index":"index","follow":"follow","max-snippet":"max-snippet:-1","max-image-preview":"max-image-preview:large","max-video-preview":"max-video-preview:-1"},"canonical":"https:\/\/www.diario21.tv\/noticias\/angela-molina-lidera-campana-de-igualdad-contra-la-romantizacion-de-roles-de-genero\/","og_locale":"es_ES","og_type":"article","og_title":"\u00c1ngela Molina lidera campa\u00f1a de Igualdad contra la \"romantizaci\u00f3n\" de roles de g\u00e9nero - Diario 21","og_description":"\u00c1ngela Molina Encabeza la Iniciativa de Igualdad para Combatir la Idealizaci\u00f3n de los Roles de G\u00e9nero \u00c1ngela Molina, reconocida actriz espa\u00f1ola, se ha convertido en el ... Seguir leyendo &rarr;","og_url":"https:\/\/www.diario21.tv\/noticias\/angela-molina-lidera-campana-de-igualdad-contra-la-romantizacion-de-roles-de-genero\/","og_site_name":"Diario 21","article_published_time":"2026-03-05T18:25:08+00:00","article_modified_time":"2026-03-05T18:25:09+00:00","og_image":[{"width":1200,"height":840,"url":"https:\/\/www.diario21.tv\/noticias\/wp-content\/uploads\/2026\/03\/Angela-Molina-lidera-campana-de-Igualdad-contra-la-romantizacion-de.jpg","type":"image\/jpeg"}],"author":"Juan P\u00e9rez","twitter_card":"summary_large_image","twitter_misc":{"Escrito por":"Juan P\u00e9rez","Tiempo de lectura":"2 minutos"},"schema":{"@context":"https:\/\/schema.org","@graph":[{"@type":"WebPage","@id":"https:\/\/www.diario21.tv\/noticias\/angela-molina-lidera-campana-de-igualdad-contra-la-romantizacion-de-roles-de-genero\/","url":"https:\/\/www.diario21.tv\/noticias\/angela-molina-lidera-campana-de-igualdad-contra-la-romantizacion-de-roles-de-genero\/","name":"\u00c1ngela Molina lidera campa\u00f1a de Igualdad contra la \"romantizaci\u00f3n\" de roles de g\u00e9nero - Diario 21","isPartOf":{"@id":"https:\/\/www.diario21.tv\/noticias\/#website"},"primaryImageOfPage":{"@id":"https:\/\/www.diario21.tv\/noticias\/angela-molina-lidera-campana-de-igualdad-contra-la-romantizacion-de-roles-de-genero\/#primaryimage"},"image":{"@id":"https:\/\/www.diario21.tv\/noticias\/angela-molina-lidera-campana-de-igualdad-contra-la-romantizacion-de-roles-de-genero\/#primaryimage"},"thumbnailUrl":"https:\/\/www.diario21.tv\/noticias\/wp-content\/uploads\/2026\/03\/Angela-Molina-lidera-campana-de-Igualdad-contra-la-romantizacion-de.jpg","datePublished":"2026-03-05T18:25:08+00:00","dateModified":"2026-03-05T18:25:09+00:00","author":{"@id":"https:\/\/www.diario21.tv\/noticias\/#\/schema\/person\/dfb778f73814d8f09f302618446a526b"},"breadcrumb":{"@id":"https:\/\/www.diario21.tv\/noticias\/angela-molina-lidera-campana-de-igualdad-contra-la-romantizacion-de-roles-de-genero\/#breadcrumb"},"inLanguage":"es-AR","potentialAction":[{"@type":"ReadAction","target":["https:\/\/www.diario21.tv\/noticias\/angela-molina-lidera-campana-de-igualdad-contra-la-romantizacion-de-roles-de-genero\/"]}]},{"@type":"ImageObject","inLanguage":"es-AR","@id":"https:\/\/www.diario21.tv\/noticias\/angela-molina-lidera-campana-de-igualdad-contra-la-romantizacion-de-roles-de-genero\/#primaryimage","url":"https:\/\/www.diario21.tv\/noticias\/wp-content\/uploads\/2026\/03\/Angela-Molina-lidera-campana-de-Igualdad-contra-la-romantizacion-de.jpg","contentUrl":"https:\/\/www.diario21.tv\/noticias\/wp-content\/uploads\/2026\/03\/Angela-Molina-lidera-campana-de-Igualdad-contra-la-romantizacion-de.jpg","width":1200,"height":840,"caption":"\u00c1ngela Molina protagoniza la campa\u00f1a de Igualdad contra la \u00abromantizaci\u00f3n\u00bb de los roles de g\u00e9nero"},{"@type":"BreadcrumbList","@id":"https:\/\/www.diario21.tv\/noticias\/angela-molina-lidera-campana-de-igualdad-contra-la-romantizacion-de-roles-de-genero\/#breadcrumb","itemListElement":[{"@type":"ListItem","position":1,"name":"Accueil","item":"https:\/\/www.diario21.tv\/noticias\/"},{"@type":"ListItem","position":2,"name":"\u00c1ngela Molina lidera campa\u00f1a de Igualdad contra la &#8220;romantizaci\u00f3n&#8221; de roles de g\u00e9nero"}]},{"@type":"WebSite","@id":"https:\/\/www.diario21.tv\/noticias\/#website","url":"https:\/\/www.diario21.tv\/noticias\/","name":"Diario 21","description":"","potentialAction":[{"@type":"SearchAction","target":{"@type":"EntryPoint","urlTemplate":"https:\/\/www.diario21.tv\/noticias\/?s={search_term_string}"},"query-input":{"@type":"PropertyValueSpecification","valueRequired":true,"valueName":"search_term_string"}}],"inLanguage":"es-AR"},{"@type":"Person","@id":"https:\/\/www.diario21.tv\/noticias\/#\/schema\/person\/dfb778f73814d8f09f302618446a526b","name":"Juan P\u00e9rez","image":{"@type":"ImageObject","inLanguage":"es-AR","@id":"https:\/\/www.diario21.tv\/noticias\/#\/schema\/person\/image\/","url":"https:\/\/secure.gravatar.com\/avatar\/c478a405bd10621167f4c3167cc770f5?s=96&d=mm&r=g","contentUrl":"https:\/\/secure.gravatar.com\/avatar\/c478a405bd10621167f4c3167cc770f5?s=96&d=mm&r=g","caption":"Juan P\u00e9rez"},"description":"Juan P\u00e9rez es el redactor en jefe de Diario 21. Con m\u00e1s de 10 a\u00f1os de experiencia en el periodismo, se especializa en pol\u00edtica nacional y an\u00e1lisis socioecon\u00f3mico. Su enfoque cr\u00edtico y riguroso aporta una perspectiva \u00fanica a cada art\u00edculo.","sameAs":["https:\/\/www.diario21.tv\/noticias\/"],"url":"https:\/\/www.diario21.tv\/noticias\/author\/juan-perez\/"}]}},"_links":{"self":[{"href":"https:\/\/www.diario21.tv\/noticias\/wp-json\/wp\/v2\/posts\/6438"}],"collection":[{"href":"https:\/\/www.diario21.tv\/noticias\/wp-json\/wp\/v2\/posts"}],"about":[{"href":"https:\/\/www.diario21.tv\/noticias\/wp-json\/wp\/v2\/types\/post"}],"author":[{"embeddable":true,"href":"https:\/\/www.diario21.tv\/noticias\/wp-json\/wp\/v2\/users\/20"}],"replies":[{"embeddable":true,"href":"https:\/\/www.diario21.tv\/noticias\/wp-json\/wp\/v2\/comments?post=6438"}],"version-history":[{"count":1,"href":"https:\/\/www.diario21.tv\/noticias\/wp-json\/wp\/v2\/posts\/6438\/revisions"}],"predecessor-version":[{"id":6440,"href":"https:\/\/www.diario21.tv\/noticias\/wp-json\/wp\/v2\/posts\/6438\/revisions\/6440"}],"wp:featuredmedia":[{"embeddable":true,"href":"https:\/\/www.diario21.tv\/noticias\/wp-json\/wp\/v2\/media\/6439"}],"wp:attachment":[{"href":"https:\/\/www.diario21.tv\/noticias\/wp-json\/wp\/v2\/media?parent=6438"}],"wp:term":[{"taxonomy":"category","embeddable":true,"href":"https:\/\/www.diario21.tv\/noticias\/wp-json\/wp\/v2\/categories?post=6438"},{"taxonomy":"post_tag","embeddable":true,"href":"https:\/\/www.diario21.tv\/noticias\/wp-json\/wp\/v2\/tags?post=6438"}],"curies":[{"name":"wp","href":"https:\/\/api.w.org\/{rel}","templated":true}]}}