{"id":6435,"date":"2026-03-05T12:24:23","date_gmt":"2026-03-05T12:24:23","guid":{"rendered":"https:\/\/www.diario21.tv\/noticias\/condena-historica-28-anos-de-carcel-para-el-acusado-del-asesinato-del-canonigo-en-valencia\/"},"modified":"2026-03-05T12:24:24","modified_gmt":"2026-03-05T12:24:24","slug":"condena-historica-28-anos-de-carcel-para-el-acusado-del-asesinato-del-canonigo-en-valencia","status":"publish","type":"post","link":"https:\/\/www.diario21.tv\/noticias\/condena-historica-28-anos-de-carcel-para-el-acusado-del-asesinato-del-canonigo-en-valencia\/","title":{"rendered":"\u00a1Condena hist\u00f3rica! 28 a\u00f1os de c\u00e1rcel para el acusado del asesinato del can\u00f3nigo en Valencia."},"content":{"rendered":"<p><strong>Condena de 28 A\u00f1os para el Acusado por el Asesinato del Can\u00f3nigo de la Catedral de Valencia<\/strong><\/p>\n<p>En un juicio reciente, el tribunal ha dictado una sentencia de 28 a\u00f1os de c\u00e1rcel al \u00fanico responsable identificado en el asesinato del can\u00f3nigo de la catedral de Valencia. Este caso, que ha conmocionado a la comunidad valenciana, finalmente llega a su conclusi\u00f3n despu\u00e9s de un extenso proceso judicial.<\/p>\n<p><strong>Detalles del Crimen y la Investigaci\u00f3n<\/strong><\/p>\n<p>El lamentable suceso ocurri\u00f3 dentro de las venerables paredes de la catedral de Valencia, un lugar conocido por su tranquilidad y espiritualidad. El can\u00f3nigo, una figura muy respetada en la comunidad religiosa, fue encontrado sin vida debido a m\u00faltiples heridas. La brutalidad del acto dej\u00f3 una marca indeleble en la congregaci\u00f3n y sus seguidores.<\/p>\n<p>Tras el hallazgo del cuerpo, la polic\u00eda inici\u00f3 una investigaci\u00f3n exhaustiva que incluy\u00f3 el an\u00e1lisis de c\u00e1maras de seguridad, testimonios y pruebas forenses. Este meticuloso proceso llev\u00f3 finalmente a la identificaci\u00f3n y arresto del acusado, quien ten\u00eda conexiones cercanas con la catedral, lo que a\u00f1adi\u00f3 una capa adicional de traici\u00f3n y horror al crimen.<\/p>\n<p><strong>Juicio y Sentencia<\/strong><\/p>\n<p>El juicio del acusado fue un evento muy seguido, tanto por los medios de comunicaci\u00f3n como por la ciudadan\u00eda, que buscaba justicia por el cruel asesinato. Durante el proceso, que dur\u00f3 varias semanas, se presentaron numerosas pruebas que vinculaban al acusado con el crimen, incluyendo evidencia f\u00edsica y digital.<\/p>\n<p>Finalmente, el juez encargado del caso dict\u00f3 una sentencia de 28 a\u00f1os de prisi\u00f3n, reflejando la gravedad del delito y la necesidad de impartir una justicia firme. Esta decisi\u00f3n fue recibida con alivio y aprobaci\u00f3n por parte de aquellos que segu\u00edan el caso, aunque el dolor por la p\u00e9rdida del can\u00f3nigo a\u00fan perdura.<\/p>\n<p><strong>Reacciones y Consecuencias<\/strong><\/p>\n<p>La sentencia ha sido un momento crucial para la comunidad, que ha visto c\u00f3mo se hac\u00eda justicia en un caso tan doloroso y chocante. Sin embargo, el veredicto tambi\u00e9n ha abierto debates sobre la seguridad en lugares de culto y la manera en que se manejan las relaciones dentro de las instituciones religiosas.<\/p>\n<p>La catedral de Valencia, por su parte, ha incrementado las medidas de seguridad y est\u00e1 revisando sus protocolos internos para asegurar que tal tragedia no se repita. La condena tambi\u00e9n ha servido para recordar la importancia de la vigilancia y la responsabilidad en todas las esferas de la sociedad.<\/p>\n<p>Este caso ser\u00e1 recordado no solo por su brutalidad y la figura de la v\u00edctima, sino tambi\u00e9n por el impacto que ha tenido en la legislaci\u00f3n y en las pr\u00e1cticas de seguridad en espacios religiosos en toda Espa\u00f1a.<\/p>\n\n\n<div class=\"kk-star-ratings kksr-auto kksr-align-left kksr-valign-bottom\"\n    data-payload='{&quot;align&quot;:&quot;left&quot;,&quot;id&quot;:&quot;6435&quot;,&quot;slug&quot;:&quot;default&quot;,&quot;valign&quot;:&quot;bottom&quot;,&quot;ignore&quot;:&quot;&quot;,&quot;reference&quot;:&quot;auto&quot;,&quot;class&quot;:&quot;&quot;,&quot;count&quot;:&quot;0&quot;,&quot;legendonly&quot;:&quot;&quot;,&quot;readonly&quot;:&quot;&quot;,&quot;score&quot;:&quot;0&quot;,&quot;starsonly&quot;:&quot;&quot;,&quot;best&quot;:&quot;5&quot;,&quot;gap&quot;:&quot;5&quot;,&quot;greet&quot;:&quot;Valora este post&quot;,&quot;legend&quot;:&quot;0\\\/5 - (0 votes)&quot;,&quot;size&quot;:&quot;22&quot;,&quot;title&quot;:&quot;\u00a1Condena hist\u00f3rica! 28 a\u00f1os de c\u00e1rcel para el acusado del asesinato del can\u00f3nigo en Valencia.&quot;,&quot;width&quot;:&quot;0&quot;,&quot;_legend&quot;:&quot;{score}\\\/{best} - ({count} {votes})&quot;,&quot;font_factor&quot;:&quot;1.25&quot;}'>\n            \n<div class=\"kksr-stars\">\n    \n<div class=\"kksr-stars-inactive\">\n            <div class=\"kksr-star\" data-star=\"1\" style=\"padding-right: 5px\">\n            \n\n<div class=\"kksr-icon\" style=\"width: 22px; height: 22px;\"><\/div>\n        <\/div>\n            <div class=\"kksr-star\" data-star=\"2\" style=\"padding-right: 5px\">\n            \n\n<div class=\"kksr-icon\" style=\"width: 22px; height: 22px;\"><\/div>\n        <\/div>\n            <div class=\"kksr-star\" data-star=\"3\" style=\"padding-right: 5px\">\n            \n\n<div class=\"kksr-icon\" style=\"width: 22px; height: 22px;\"><\/div>\n        <\/div>\n            <div class=\"kksr-star\" data-star=\"4\" style=\"padding-right: 5px\">\n            \n\n<div class=\"kksr-icon\" style=\"width: 22px; height: 22px;\"><\/div>\n        <\/div>\n            <div class=\"kksr-star\" data-star=\"5\" style=\"padding-right: 5px\">\n            \n\n<div class=\"kksr-icon\" style=\"width: 22px; height: 22px;\"><\/div>\n        <\/div>\n    <\/div>\n    \n<div class=\"kksr-stars-active\" style=\"width: 0px;\">\n            <div class=\"kksr-star\" style=\"padding-right: 5px\">\n            \n\n<div class=\"kksr-icon\" style=\"width: 22px; height: 22px;\"><\/div>\n        <\/div>\n            <div class=\"kksr-star\" style=\"padding-right: 5px\">\n            \n\n<div class=\"kksr-icon\" style=\"width: 22px; height: 22px;\"><\/div>\n        <\/div>\n            <div class=\"kksr-star\" style=\"padding-right: 5px\">\n            \n\n<div class=\"kksr-icon\" style=\"width: 22px; height: 22px;\"><\/div>\n        <\/div>\n            <div class=\"kksr-star\" style=\"padding-right: 5px\">\n            \n\n<div class=\"kksr-icon\" style=\"width: 22px; height: 22px;\"><\/div>\n        <\/div>\n            <div class=\"kksr-star\" style=\"padding-right: 5px\">\n            \n\n<div class=\"kksr-icon\" style=\"width: 22px; height: 22px;\"><\/div>\n        <\/div>\n    <\/div>\n<\/div>\n                \n\n<div class=\"kksr-legend\" style=\"font-size: 17.6px;\">\n            <span class=\"kksr-muted\">Valora este post<\/span>\n    <\/div>\n    <\/div>\n","protected":false},"excerpt":{"rendered":"<p>Condena de 28 A\u00f1os para el Acusado por el Asesinato del Can\u00f3nigo de la Catedral de Valencia En un juicio reciente, el tribunal ha dictado una &#8230; <a title=\"\u00a1Condena hist\u00f3rica! 28 a\u00f1os de c\u00e1rcel para el acusado del asesinato del can\u00f3nigo en Valencia.\" class=\"read-more\" href=\"https:\/\/www.diario21.tv\/noticias\/condena-historica-28-anos-de-carcel-para-el-acusado-del-asesinato-del-canonigo-en-valencia\/\" aria-label=\"Leer m\u00e1s sobre \u00a1Condena hist\u00f3rica! 28 a\u00f1os de c\u00e1rcel para el acusado del asesinato del can\u00f3nigo en Valencia.\">Seguir leyendo &rarr;<\/a><\/p>\n","protected":false},"author":20,"featured_media":6436,"comment_status":"open","ping_status":"open","sticky":false,"template":"","format":"standard","meta":{"footnotes":""},"categories":[13],"tags":[],"class_list":["post-6435","post","type-post","status-publish","format-standard","has-post-thumbnail","hentry","category-portada"],"yoast_head":"<!-- This site is optimized with the Yoast SEO plugin v25.6 - https:\/\/yoast.com\/wordpress\/plugins\/seo\/ -->\n<title>\u00a1Condena hist\u00f3rica! 28 a\u00f1os de c\u00e1rcel para el acusado del asesinato del can\u00f3nigo en Valencia. - Diario 21<\/title>\n<meta name=\"robots\" content=\"index, follow, max-snippet:-1, max-image-preview:large, max-video-preview:-1\" \/>\n<link rel=\"canonical\" href=\"https:\/\/www.diario21.tv\/noticias\/condena-historica-28-anos-de-carcel-para-el-acusado-del-asesinato-del-canonigo-en-valencia\/\" \/>\n<meta property=\"og:locale\" content=\"es_ES\" \/>\n<meta property=\"og:type\" content=\"article\" \/>\n<meta property=\"og:title\" content=\"\u00a1Condena hist\u00f3rica! 28 a\u00f1os de c\u00e1rcel para el acusado del asesinato del can\u00f3nigo en Valencia. - Diario 21\" \/>\n<meta property=\"og:description\" content=\"Condena de 28 A\u00f1os para el Acusado por el Asesinato del Can\u00f3nigo de la Catedral de Valencia En un juicio reciente, el tribunal ha dictado una ... Seguir leyendo &rarr;\" \/>\n<meta property=\"og:url\" content=\"https:\/\/www.diario21.tv\/noticias\/condena-historica-28-anos-de-carcel-para-el-acusado-del-asesinato-del-canonigo-en-valencia\/\" \/>\n<meta property=\"og:site_name\" content=\"Diario 21\" \/>\n<meta property=\"article:published_time\" content=\"2026-03-05T12:24:23+00:00\" \/>\n<meta property=\"article:modified_time\" content=\"2026-03-05T12:24:24+00:00\" \/>\n<meta property=\"og:image\" content=\"https:\/\/www.diario21.tv\/noticias\/wp-content\/uploads\/2026\/03\/\u00a1Condena-historica-28-anos-de-carcel-para-el-acusado-del.jpg\" \/>\n\t<meta property=\"og:image:width\" content=\"1200\" \/>\n\t<meta property=\"og:image:height\" content=\"840\" \/>\n\t<meta property=\"og:image:type\" content=\"image\/jpeg\" \/>\n<meta name=\"author\" content=\"Juan P\u00e9rez\" \/>\n<meta name=\"twitter:card\" content=\"summary_large_image\" \/>\n<meta name=\"twitter:label1\" content=\"Escrito por\" \/>\n\t<meta name=\"twitter:data1\" content=\"Juan P\u00e9rez\" \/>\n\t<meta name=\"twitter:label2\" content=\"Tiempo de lectura\" \/>\n\t<meta name=\"twitter:data2\" content=\"2 minutos\" \/>\n<script type=\"application\/ld+json\" class=\"yoast-schema-graph\">{\"@context\":\"https:\/\/schema.org\",\"@graph\":[{\"@type\":\"WebPage\",\"@id\":\"https:\/\/www.diario21.tv\/noticias\/condena-historica-28-anos-de-carcel-para-el-acusado-del-asesinato-del-canonigo-en-valencia\/\",\"url\":\"https:\/\/www.diario21.tv\/noticias\/condena-historica-28-anos-de-carcel-para-el-acusado-del-asesinato-del-canonigo-en-valencia\/\",\"name\":\"\u00a1Condena hist\u00f3rica! 28 a\u00f1os de c\u00e1rcel para el acusado del asesinato del can\u00f3nigo en Valencia. - Diario 21\",\"isPartOf\":{\"@id\":\"https:\/\/www.diario21.tv\/noticias\/#website\"},\"primaryImageOfPage\":{\"@id\":\"https:\/\/www.diario21.tv\/noticias\/condena-historica-28-anos-de-carcel-para-el-acusado-del-asesinato-del-canonigo-en-valencia\/#primaryimage\"},\"image\":{\"@id\":\"https:\/\/www.diario21.tv\/noticias\/condena-historica-28-anos-de-carcel-para-el-acusado-del-asesinato-del-canonigo-en-valencia\/#primaryimage\"},\"thumbnailUrl\":\"https:\/\/www.diario21.tv\/noticias\/wp-content\/uploads\/2026\/03\/\u00a1Condena-historica-28-anos-de-carcel-para-el-acusado-del.jpg\",\"datePublished\":\"2026-03-05T12:24:23+00:00\",\"dateModified\":\"2026-03-05T12:24:24+00:00\",\"author\":{\"@id\":\"https:\/\/www.diario21.tv\/noticias\/#\/schema\/person\/dfb778f73814d8f09f302618446a526b\"},\"breadcrumb\":{\"@id\":\"https:\/\/www.diario21.tv\/noticias\/condena-historica-28-anos-de-carcel-para-el-acusado-del-asesinato-del-canonigo-en-valencia\/#breadcrumb\"},\"inLanguage\":\"es-AR\",\"potentialAction\":[{\"@type\":\"ReadAction\",\"target\":[\"https:\/\/www.diario21.tv\/noticias\/condena-historica-28-anos-de-carcel-para-el-acusado-del-asesinato-del-canonigo-en-valencia\/\"]}]},{\"@type\":\"ImageObject\",\"inLanguage\":\"es-AR\",\"@id\":\"https:\/\/www.diario21.tv\/noticias\/condena-historica-28-anos-de-carcel-para-el-acusado-del-asesinato-del-canonigo-en-valencia\/#primaryimage\",\"url\":\"https:\/\/www.diario21.tv\/noticias\/wp-content\/uploads\/2026\/03\/\u00a1Condena-historica-28-anos-de-carcel-para-el-acusado-del.jpg\",\"contentUrl\":\"https:\/\/www.diario21.tv\/noticias\/wp-content\/uploads\/2026\/03\/\u00a1Condena-historica-28-anos-de-carcel-para-el-acusado-del.jpg\",\"width\":1200,\"height\":840,\"caption\":\"Condenado a 28 a\u00f1os de prisi\u00f3n el \u00fanico acusado por el crimen del can\u00f3nigo de la catedral de Valencia\"},{\"@type\":\"BreadcrumbList\",\"@id\":\"https:\/\/www.diario21.tv\/noticias\/condena-historica-28-anos-de-carcel-para-el-acusado-del-asesinato-del-canonigo-en-valencia\/#breadcrumb\",\"itemListElement\":[{\"@type\":\"ListItem\",\"position\":1,\"name\":\"Accueil\",\"item\":\"https:\/\/www.diario21.tv\/noticias\/\"},{\"@type\":\"ListItem\",\"position\":2,\"name\":\"\u00a1Condena hist\u00f3rica! 28 a\u00f1os de c\u00e1rcel para el acusado del asesinato del can\u00f3nigo en Valencia.\"}]},{\"@type\":\"WebSite\",\"@id\":\"https:\/\/www.diario21.tv\/noticias\/#website\",\"url\":\"https:\/\/www.diario21.tv\/noticias\/\",\"name\":\"Diario 21\",\"description\":\"\",\"potentialAction\":[{\"@type\":\"SearchAction\",\"target\":{\"@type\":\"EntryPoint\",\"urlTemplate\":\"https:\/\/www.diario21.tv\/noticias\/?s={search_term_string}\"},\"query-input\":{\"@type\":\"PropertyValueSpecification\",\"valueRequired\":true,\"valueName\":\"search_term_string\"}}],\"inLanguage\":\"es-AR\"},{\"@type\":\"Person\",\"@id\":\"https:\/\/www.diario21.tv\/noticias\/#\/schema\/person\/dfb778f73814d8f09f302618446a526b\",\"name\":\"Juan P\u00e9rez\",\"image\":{\"@type\":\"ImageObject\",\"inLanguage\":\"es-AR\",\"@id\":\"https:\/\/www.diario21.tv\/noticias\/#\/schema\/person\/image\/\",\"url\":\"https:\/\/secure.gravatar.com\/avatar\/c478a405bd10621167f4c3167cc770f5?s=96&d=mm&r=g\",\"contentUrl\":\"https:\/\/secure.gravatar.com\/avatar\/c478a405bd10621167f4c3167cc770f5?s=96&d=mm&r=g\",\"caption\":\"Juan P\u00e9rez\"},\"description\":\"Juan P\u00e9rez es el redactor en jefe de Diario 21. Con m\u00e1s de 10 a\u00f1os de experiencia en el periodismo, se especializa en pol\u00edtica nacional y an\u00e1lisis socioecon\u00f3mico. Su enfoque cr\u00edtico y riguroso aporta una perspectiva \u00fanica a cada art\u00edculo.\",\"sameAs\":[\"https:\/\/www.diario21.tv\/noticias\/\"],\"url\":\"https:\/\/www.diario21.tv\/noticias\/author\/juan-perez\/\"}]}<\/script>\n<!-- \/ Yoast SEO plugin. -->","yoast_head_json":{"title":"\u00a1Condena hist\u00f3rica! 28 a\u00f1os de c\u00e1rcel para el acusado del asesinato del can\u00f3nigo en Valencia. - Diario 21","robots":{"index":"index","follow":"follow","max-snippet":"max-snippet:-1","max-image-preview":"max-image-preview:large","max-video-preview":"max-video-preview:-1"},"canonical":"https:\/\/www.diario21.tv\/noticias\/condena-historica-28-anos-de-carcel-para-el-acusado-del-asesinato-del-canonigo-en-valencia\/","og_locale":"es_ES","og_type":"article","og_title":"\u00a1Condena hist\u00f3rica! 28 a\u00f1os de c\u00e1rcel para el acusado del asesinato del can\u00f3nigo en Valencia. - Diario 21","og_description":"Condena de 28 A\u00f1os para el Acusado por el Asesinato del Can\u00f3nigo de la Catedral de Valencia En un juicio reciente, el tribunal ha dictado una ... Seguir leyendo &rarr;","og_url":"https:\/\/www.diario21.tv\/noticias\/condena-historica-28-anos-de-carcel-para-el-acusado-del-asesinato-del-canonigo-en-valencia\/","og_site_name":"Diario 21","article_published_time":"2026-03-05T12:24:23+00:00","article_modified_time":"2026-03-05T12:24:24+00:00","og_image":[{"width":1200,"height":840,"url":"https:\/\/www.diario21.tv\/noticias\/wp-content\/uploads\/2026\/03\/\u00a1Condena-historica-28-anos-de-carcel-para-el-acusado-del.jpg","type":"image\/jpeg"}],"author":"Juan P\u00e9rez","twitter_card":"summary_large_image","twitter_misc":{"Escrito por":"Juan P\u00e9rez","Tiempo de lectura":"2 minutos"},"schema":{"@context":"https:\/\/schema.org","@graph":[{"@type":"WebPage","@id":"https:\/\/www.diario21.tv\/noticias\/condena-historica-28-anos-de-carcel-para-el-acusado-del-asesinato-del-canonigo-en-valencia\/","url":"https:\/\/www.diario21.tv\/noticias\/condena-historica-28-anos-de-carcel-para-el-acusado-del-asesinato-del-canonigo-en-valencia\/","name":"\u00a1Condena hist\u00f3rica! 28 a\u00f1os de c\u00e1rcel para el acusado del asesinato del can\u00f3nigo en Valencia. - Diario 21","isPartOf":{"@id":"https:\/\/www.diario21.tv\/noticias\/#website"},"primaryImageOfPage":{"@id":"https:\/\/www.diario21.tv\/noticias\/condena-historica-28-anos-de-carcel-para-el-acusado-del-asesinato-del-canonigo-en-valencia\/#primaryimage"},"image":{"@id":"https:\/\/www.diario21.tv\/noticias\/condena-historica-28-anos-de-carcel-para-el-acusado-del-asesinato-del-canonigo-en-valencia\/#primaryimage"},"thumbnailUrl":"https:\/\/www.diario21.tv\/noticias\/wp-content\/uploads\/2026\/03\/\u00a1Condena-historica-28-anos-de-carcel-para-el-acusado-del.jpg","datePublished":"2026-03-05T12:24:23+00:00","dateModified":"2026-03-05T12:24:24+00:00","author":{"@id":"https:\/\/www.diario21.tv\/noticias\/#\/schema\/person\/dfb778f73814d8f09f302618446a526b"},"breadcrumb":{"@id":"https:\/\/www.diario21.tv\/noticias\/condena-historica-28-anos-de-carcel-para-el-acusado-del-asesinato-del-canonigo-en-valencia\/#breadcrumb"},"inLanguage":"es-AR","potentialAction":[{"@type":"ReadAction","target":["https:\/\/www.diario21.tv\/noticias\/condena-historica-28-anos-de-carcel-para-el-acusado-del-asesinato-del-canonigo-en-valencia\/"]}]},{"@type":"ImageObject","inLanguage":"es-AR","@id":"https:\/\/www.diario21.tv\/noticias\/condena-historica-28-anos-de-carcel-para-el-acusado-del-asesinato-del-canonigo-en-valencia\/#primaryimage","url":"https:\/\/www.diario21.tv\/noticias\/wp-content\/uploads\/2026\/03\/\u00a1Condena-historica-28-anos-de-carcel-para-el-acusado-del.jpg","contentUrl":"https:\/\/www.diario21.tv\/noticias\/wp-content\/uploads\/2026\/03\/\u00a1Condena-historica-28-anos-de-carcel-para-el-acusado-del.jpg","width":1200,"height":840,"caption":"Condenado a 28 a\u00f1os de prisi\u00f3n el \u00fanico acusado por el crimen del can\u00f3nigo de la catedral de Valencia"},{"@type":"BreadcrumbList","@id":"https:\/\/www.diario21.tv\/noticias\/condena-historica-28-anos-de-carcel-para-el-acusado-del-asesinato-del-canonigo-en-valencia\/#breadcrumb","itemListElement":[{"@type":"ListItem","position":1,"name":"Accueil","item":"https:\/\/www.diario21.tv\/noticias\/"},{"@type":"ListItem","position":2,"name":"\u00a1Condena hist\u00f3rica! 28 a\u00f1os de c\u00e1rcel para el acusado del asesinato del can\u00f3nigo en Valencia."}]},{"@type":"WebSite","@id":"https:\/\/www.diario21.tv\/noticias\/#website","url":"https:\/\/www.diario21.tv\/noticias\/","name":"Diario 21","description":"","potentialAction":[{"@type":"SearchAction","target":{"@type":"EntryPoint","urlTemplate":"https:\/\/www.diario21.tv\/noticias\/?s={search_term_string}"},"query-input":{"@type":"PropertyValueSpecification","valueRequired":true,"valueName":"search_term_string"}}],"inLanguage":"es-AR"},{"@type":"Person","@id":"https:\/\/www.diario21.tv\/noticias\/#\/schema\/person\/dfb778f73814d8f09f302618446a526b","name":"Juan P\u00e9rez","image":{"@type":"ImageObject","inLanguage":"es-AR","@id":"https:\/\/www.diario21.tv\/noticias\/#\/schema\/person\/image\/","url":"https:\/\/secure.gravatar.com\/avatar\/c478a405bd10621167f4c3167cc770f5?s=96&d=mm&r=g","contentUrl":"https:\/\/secure.gravatar.com\/avatar\/c478a405bd10621167f4c3167cc770f5?s=96&d=mm&r=g","caption":"Juan P\u00e9rez"},"description":"Juan P\u00e9rez es el redactor en jefe de Diario 21. Con m\u00e1s de 10 a\u00f1os de experiencia en el periodismo, se especializa en pol\u00edtica nacional y an\u00e1lisis socioecon\u00f3mico. Su enfoque cr\u00edtico y riguroso aporta una perspectiva \u00fanica a cada art\u00edculo.","sameAs":["https:\/\/www.diario21.tv\/noticias\/"],"url":"https:\/\/www.diario21.tv\/noticias\/author\/juan-perez\/"}]}},"_links":{"self":[{"href":"https:\/\/www.diario21.tv\/noticias\/wp-json\/wp\/v2\/posts\/6435"}],"collection":[{"href":"https:\/\/www.diario21.tv\/noticias\/wp-json\/wp\/v2\/posts"}],"about":[{"href":"https:\/\/www.diario21.tv\/noticias\/wp-json\/wp\/v2\/types\/post"}],"author":[{"embeddable":true,"href":"https:\/\/www.diario21.tv\/noticias\/wp-json\/wp\/v2\/users\/20"}],"replies":[{"embeddable":true,"href":"https:\/\/www.diario21.tv\/noticias\/wp-json\/wp\/v2\/comments?post=6435"}],"version-history":[{"count":1,"href":"https:\/\/www.diario21.tv\/noticias\/wp-json\/wp\/v2\/posts\/6435\/revisions"}],"predecessor-version":[{"id":6437,"href":"https:\/\/www.diario21.tv\/noticias\/wp-json\/wp\/v2\/posts\/6435\/revisions\/6437"}],"wp:featuredmedia":[{"embeddable":true,"href":"https:\/\/www.diario21.tv\/noticias\/wp-json\/wp\/v2\/media\/6436"}],"wp:attachment":[{"href":"https:\/\/www.diario21.tv\/noticias\/wp-json\/wp\/v2\/media?parent=6435"}],"wp:term":[{"taxonomy":"category","embeddable":true,"href":"https:\/\/www.diario21.tv\/noticias\/wp-json\/wp\/v2\/categories?post=6435"},{"taxonomy":"post_tag","embeddable":true,"href":"https:\/\/www.diario21.tv\/noticias\/wp-json\/wp\/v2\/tags?post=6435"}],"curies":[{"name":"wp","href":"https:\/\/api.w.org\/{rel}","templated":true}]}}