{"id":6420,"date":"2026-03-04T06:15:59","date_gmt":"2026-03-04T06:15:59","guid":{"rendered":"https:\/\/www.diario21.tv\/noticias\/descubre-como-un-convento-en-toledo-transforma-el-conejo-gigante-de-espana\/"},"modified":"2026-03-04T06:16:00","modified_gmt":"2026-03-04T06:16:00","slug":"descubre-como-un-convento-en-toledo-transforma-el-conejo-gigante-de-espana","status":"publish","type":"post","link":"https:\/\/www.diario21.tv\/noticias\/descubre-como-un-convento-en-toledo-transforma-el-conejo-gigante-de-espana\/","title":{"rendered":"Descubre c\u00f3mo un convento en Toledo transforma el conejo gigante de Espa\u00f1a"},"content":{"rendered":"<h2>Optimizaci\u00f3n del Conejo Gigante Espa\u00f1ol desde un Convento en Toledo<\/h2>\n<p>En el coraz\u00f3n de Toledo, dentro de los muros de un convento de clausura, una iniciativa singular est\u00e1 tomando forma. Se trata de un proyecto dedicado a la mejora gen\u00e9tica del conejo gigante de Espa\u00f1a, una especie conocida por su tama\u00f1o impresionante y su pelaje denso. Este proyecto no solo busca preservar las caracter\u00edsticas \u00fanicas de esta especie, sino tambi\u00e9n optimizar su potencial gen\u00e9tico para futuras generaciones.<\/p>\n<h3>El Origen del Proyecto<\/h3>\n<p>Todo comenz\u00f3 hace varios a\u00f1os cuando la comunidad de monjas del convento decidi\u00f3 utilizar sus amplios terrenos para contribuir de manera significativa a la conservaci\u00f3n de la biodiversidad local. Con un profundo respeto por la vida animal y un inter\u00e9s en la ciencia gen\u00e9tica, las monjas se embarcaron en este proyecto \u00fanico. Con la colaboraci\u00f3n de expertos en gen\u00e9tica y veterinaria, establecieron un programa de cr\u00eda selectiva que no solo mantiene, sino que tambi\u00e9n mejora las caracter\u00edsticas deseables del conejo gigante espa\u00f1ol.<\/p>\n<h3>Metodolog\u00eda y Cuidados<\/h3>\n<p>El cuidado y manejo de estos animales se lleva a cabo bajo estrictas normas que aseguran su bienestar. Cada conejo recibe atenci\u00f3n personalizada, y su dieta est\u00e1 cuidadosamente balanceada para optimizar su salud y desarrollo f\u00edsico. Los recintos en los que viven est\u00e1n dise\u00f1ados para simular su h\u00e1bitat natural lo m\u00e1s fielmente posible, proporcionando tanto espacio para moverse como \u00e1reas de descanso seguras y c\u00f3modas.<\/p>\n<p>Una parte crucial del proyecto es el seguimiento gen\u00e9tico. Esto implica un detallado registro de cada animal, incluyendo su genealog\u00eda, caracter\u00edsticas f\u00edsicas, comportamiento y otros datos relevantes. Esta informaci\u00f3n es vital para realizar emparejamientos estrat\u00e9gicos que eviten la consanguinidad y fortalezcan la diversidad gen\u00e9tica de la poblaci\u00f3n.<\/p>\n<h3>Impacto y Futuro del Proyecto<\/h3>\n<p>El impacto de este proyecto va m\u00e1s all\u00e1 de las paredes del convento. Al mejorar gen\u00e9ticamente el conejo gigante de Espa\u00f1a, las monjas est\u00e1n contribuyendo a la conservaci\u00f3n de una especie que es parte del patrimonio natural del pa\u00eds. Adem\u00e1s, los resultados obtenidos podr\u00edan ser \u00fatiles para programas similares en otras partes del mundo, donde se requiera intervenci\u00f3n para preservar o mejorar especies de fauna local.<\/p>\n<p>Mirando hacia el futuro, el convento planea expandir su proyecto, invitando a m\u00e1s expertos en gen\u00e9tica y conservaci\u00f3n, y posiblemente colaborando con instituciones acad\u00e9micas. La meta es establecer un modelo que pueda ser replicado y adaptado seg\u00fan las necesidades espec\u00edficas de diferentes especies y entornos.<\/p>\n<p>Este inusual pero efectivo enfoque de conservaci\u00f3n desde un convento de clausura en Toledo demuestra c\u00f3mo la dedicaci\u00f3n y la innovaci\u00f3n pueden jugar un rol crucial en la preservaci\u00f3n de nuestra biodiversidad. Con cada conejo gigante que crece sano y fuerte bajo su cuidado, las monjas no solo est\u00e1n protegiendo una especie, sino tambi\u00e9n ense\u00f1ando una valiosa lecci\u00f3n sobre la responsabilidad humana hacia nuestro entorno natural.<\/p>\n\n\n<div class=\"kk-star-ratings kksr-auto kksr-align-left kksr-valign-bottom\"\n    data-payload='{&quot;align&quot;:&quot;left&quot;,&quot;id&quot;:&quot;6420&quot;,&quot;slug&quot;:&quot;default&quot;,&quot;valign&quot;:&quot;bottom&quot;,&quot;ignore&quot;:&quot;&quot;,&quot;reference&quot;:&quot;auto&quot;,&quot;class&quot;:&quot;&quot;,&quot;count&quot;:&quot;0&quot;,&quot;legendonly&quot;:&quot;&quot;,&quot;readonly&quot;:&quot;&quot;,&quot;score&quot;:&quot;0&quot;,&quot;starsonly&quot;:&quot;&quot;,&quot;best&quot;:&quot;5&quot;,&quot;gap&quot;:&quot;5&quot;,&quot;greet&quot;:&quot;Valora este post&quot;,&quot;legend&quot;:&quot;0\\\/5 - (0 votes)&quot;,&quot;size&quot;:&quot;22&quot;,&quot;title&quot;:&quot;Descubre c\u00f3mo un convento en Toledo transforma el conejo gigante de Espa\u00f1a&quot;,&quot;width&quot;:&quot;0&quot;,&quot;_legend&quot;:&quot;{score}\\\/{best} - ({count} {votes})&quot;,&quot;font_factor&quot;:&quot;1.25&quot;}'>\n            \n<div class=\"kksr-stars\">\n    \n<div class=\"kksr-stars-inactive\">\n            <div class=\"kksr-star\" data-star=\"1\" style=\"padding-right: 5px\">\n            \n\n<div class=\"kksr-icon\" style=\"width: 22px; height: 22px;\"><\/div>\n        <\/div>\n            <div class=\"kksr-star\" data-star=\"2\" style=\"padding-right: 5px\">\n            \n\n<div class=\"kksr-icon\" style=\"width: 22px; height: 22px;\"><\/div>\n        <\/div>\n            <div class=\"kksr-star\" data-star=\"3\" style=\"padding-right: 5px\">\n            \n\n<div class=\"kksr-icon\" style=\"width: 22px; height: 22px;\"><\/div>\n        <\/div>\n            <div class=\"kksr-star\" data-star=\"4\" style=\"padding-right: 5px\">\n            \n\n<div class=\"kksr-icon\" style=\"width: 22px; height: 22px;\"><\/div>\n        <\/div>\n            <div class=\"kksr-star\" data-star=\"5\" style=\"padding-right: 5px\">\n            \n\n<div class=\"kksr-icon\" style=\"width: 22px; height: 22px;\"><\/div>\n        <\/div>\n    <\/div>\n    \n<div class=\"kksr-stars-active\" style=\"width: 0px;\">\n            <div class=\"kksr-star\" style=\"padding-right: 5px\">\n            \n\n<div class=\"kksr-icon\" style=\"width: 22px; height: 22px;\"><\/div>\n        <\/div>\n            <div class=\"kksr-star\" style=\"padding-right: 5px\">\n            \n\n<div class=\"kksr-icon\" style=\"width: 22px; height: 22px;\"><\/div>\n        <\/div>\n            <div class=\"kksr-star\" style=\"padding-right: 5px\">\n            \n\n<div class=\"kksr-icon\" style=\"width: 22px; height: 22px;\"><\/div>\n        <\/div>\n            <div class=\"kksr-star\" style=\"padding-right: 5px\">\n            \n\n<div class=\"kksr-icon\" style=\"width: 22px; height: 22px;\"><\/div>\n        <\/div>\n            <div class=\"kksr-star\" style=\"padding-right: 5px\">\n            \n\n<div class=\"kksr-icon\" style=\"width: 22px; height: 22px;\"><\/div>\n        <\/div>\n    <\/div>\n<\/div>\n                \n\n<div class=\"kksr-legend\" style=\"font-size: 17.6px;\">\n            <span class=\"kksr-muted\">Valora este post<\/span>\n    <\/div>\n    <\/div>\n","protected":false},"excerpt":{"rendered":"<p>Optimizaci\u00f3n del Conejo Gigante Espa\u00f1ol desde un Convento en Toledo En el coraz\u00f3n de Toledo, dentro de los muros de un convento de clausura, una iniciativa &#8230; <a title=\"Descubre c\u00f3mo un convento en Toledo transforma el conejo gigante de Espa\u00f1a\" class=\"read-more\" href=\"https:\/\/www.diario21.tv\/noticias\/descubre-como-un-convento-en-toledo-transforma-el-conejo-gigante-de-espana\/\" aria-label=\"Leer m\u00e1s sobre Descubre c\u00f3mo un convento en Toledo transforma el conejo gigante de Espa\u00f1a\">Seguir leyendo &rarr;<\/a><\/p>\n","protected":false},"author":20,"featured_media":6421,"comment_status":"open","ping_status":"open","sticky":false,"template":"","format":"standard","meta":{"footnotes":""},"categories":[13],"tags":[],"class_list":["post-6420","post","type-post","status-publish","format-standard","has-post-thumbnail","hentry","category-portada"],"yoast_head":"<!-- This site is optimized with the Yoast SEO plugin v25.6 - https:\/\/yoast.com\/wordpress\/plugins\/seo\/ -->\n<title>Descubre c\u00f3mo un convento en Toledo transforma el conejo gigante de Espa\u00f1a - Diario 21<\/title>\n<meta name=\"robots\" content=\"index, follow, max-snippet:-1, max-image-preview:large, max-video-preview:-1\" \/>\n<link rel=\"canonical\" href=\"https:\/\/www.diario21.tv\/noticias\/descubre-como-un-convento-en-toledo-transforma-el-conejo-gigante-de-espana\/\" \/>\n<meta property=\"og:locale\" content=\"es_ES\" \/>\n<meta property=\"og:type\" content=\"article\" \/>\n<meta property=\"og:title\" content=\"Descubre c\u00f3mo un convento en Toledo transforma el conejo gigante de Espa\u00f1a - Diario 21\" \/>\n<meta property=\"og:description\" content=\"Optimizaci\u00f3n del Conejo Gigante Espa\u00f1ol desde un Convento en Toledo En el coraz\u00f3n de Toledo, dentro de los muros de un convento de clausura, una iniciativa ... Seguir leyendo &rarr;\" \/>\n<meta property=\"og:url\" content=\"https:\/\/www.diario21.tv\/noticias\/descubre-como-un-convento-en-toledo-transforma-el-conejo-gigante-de-espana\/\" \/>\n<meta property=\"og:site_name\" content=\"Diario 21\" \/>\n<meta property=\"article:published_time\" content=\"2026-03-04T06:15:59+00:00\" \/>\n<meta property=\"article:modified_time\" content=\"2026-03-04T06:16:00+00:00\" \/>\n<meta property=\"og:image\" content=\"https:\/\/www.diario21.tv\/noticias\/wp-content\/uploads\/2026\/03\/Descubre-como-un-convento-en-Toledo-transforma-el-conejo-gigante.JPG\" \/>\n\t<meta property=\"og:image:width\" content=\"1200\" \/>\n\t<meta property=\"og:image:height\" content=\"840\" \/>\n\t<meta property=\"og:image:type\" content=\"image\/jpeg\" \/>\n<meta name=\"author\" content=\"Juan P\u00e9rez\" \/>\n<meta name=\"twitter:card\" content=\"summary_large_image\" \/>\n<meta name=\"twitter:label1\" content=\"Escrito por\" \/>\n\t<meta name=\"twitter:data1\" content=\"Juan P\u00e9rez\" \/>\n\t<meta name=\"twitter:label2\" content=\"Tiempo de lectura\" \/>\n\t<meta name=\"twitter:data2\" content=\"3 minutos\" \/>\n<script type=\"application\/ld+json\" class=\"yoast-schema-graph\">{\"@context\":\"https:\/\/schema.org\",\"@graph\":[{\"@type\":\"WebPage\",\"@id\":\"https:\/\/www.diario21.tv\/noticias\/descubre-como-un-convento-en-toledo-transforma-el-conejo-gigante-de-espana\/\",\"url\":\"https:\/\/www.diario21.tv\/noticias\/descubre-como-un-convento-en-toledo-transforma-el-conejo-gigante-de-espana\/\",\"name\":\"Descubre c\u00f3mo un convento en Toledo transforma el conejo gigante de Espa\u00f1a - Diario 21\",\"isPartOf\":{\"@id\":\"https:\/\/www.diario21.tv\/noticias\/#website\"},\"primaryImageOfPage\":{\"@id\":\"https:\/\/www.diario21.tv\/noticias\/descubre-como-un-convento-en-toledo-transforma-el-conejo-gigante-de-espana\/#primaryimage\"},\"image\":{\"@id\":\"https:\/\/www.diario21.tv\/noticias\/descubre-como-un-convento-en-toledo-transforma-el-conejo-gigante-de-espana\/#primaryimage\"},\"thumbnailUrl\":\"https:\/\/www.diario21.tv\/noticias\/wp-content\/uploads\/2026\/03\/Descubre-como-un-convento-en-Toledo-transforma-el-conejo-gigante.JPG\",\"datePublished\":\"2026-03-04T06:15:59+00:00\",\"dateModified\":\"2026-03-04T06:16:00+00:00\",\"author\":{\"@id\":\"https:\/\/www.diario21.tv\/noticias\/#\/schema\/person\/dfb778f73814d8f09f302618446a526b\"},\"breadcrumb\":{\"@id\":\"https:\/\/www.diario21.tv\/noticias\/descubre-como-un-convento-en-toledo-transforma-el-conejo-gigante-de-espana\/#breadcrumb\"},\"inLanguage\":\"es-AR\",\"potentialAction\":[{\"@type\":\"ReadAction\",\"target\":[\"https:\/\/www.diario21.tv\/noticias\/descubre-como-un-convento-en-toledo-transforma-el-conejo-gigante-de-espana\/\"]}]},{\"@type\":\"ImageObject\",\"inLanguage\":\"es-AR\",\"@id\":\"https:\/\/www.diario21.tv\/noticias\/descubre-como-un-convento-en-toledo-transforma-el-conejo-gigante-de-espana\/#primaryimage\",\"url\":\"https:\/\/www.diario21.tv\/noticias\/wp-content\/uploads\/2026\/03\/Descubre-como-un-convento-en-Toledo-transforma-el-conejo-gigante.JPG\",\"contentUrl\":\"https:\/\/www.diario21.tv\/noticias\/wp-content\/uploads\/2026\/03\/Descubre-como-un-convento-en-Toledo-transforma-el-conejo-gigante.JPG\",\"width\":1200,\"height\":840,\"caption\":\"Mejorar el conejo gigante de Espa\u00f1a desde un convento de clausura de Toledo\"},{\"@type\":\"BreadcrumbList\",\"@id\":\"https:\/\/www.diario21.tv\/noticias\/descubre-como-un-convento-en-toledo-transforma-el-conejo-gigante-de-espana\/#breadcrumb\",\"itemListElement\":[{\"@type\":\"ListItem\",\"position\":1,\"name\":\"Accueil\",\"item\":\"https:\/\/www.diario21.tv\/noticias\/\"},{\"@type\":\"ListItem\",\"position\":2,\"name\":\"Descubre c\u00f3mo un convento en Toledo transforma el conejo gigante de Espa\u00f1a\"}]},{\"@type\":\"WebSite\",\"@id\":\"https:\/\/www.diario21.tv\/noticias\/#website\",\"url\":\"https:\/\/www.diario21.tv\/noticias\/\",\"name\":\"Diario 21\",\"description\":\"\",\"potentialAction\":[{\"@type\":\"SearchAction\",\"target\":{\"@type\":\"EntryPoint\",\"urlTemplate\":\"https:\/\/www.diario21.tv\/noticias\/?s={search_term_string}\"},\"query-input\":{\"@type\":\"PropertyValueSpecification\",\"valueRequired\":true,\"valueName\":\"search_term_string\"}}],\"inLanguage\":\"es-AR\"},{\"@type\":\"Person\",\"@id\":\"https:\/\/www.diario21.tv\/noticias\/#\/schema\/person\/dfb778f73814d8f09f302618446a526b\",\"name\":\"Juan P\u00e9rez\",\"image\":{\"@type\":\"ImageObject\",\"inLanguage\":\"es-AR\",\"@id\":\"https:\/\/www.diario21.tv\/noticias\/#\/schema\/person\/image\/\",\"url\":\"https:\/\/secure.gravatar.com\/avatar\/c478a405bd10621167f4c3167cc770f5?s=96&d=mm&r=g\",\"contentUrl\":\"https:\/\/secure.gravatar.com\/avatar\/c478a405bd10621167f4c3167cc770f5?s=96&d=mm&r=g\",\"caption\":\"Juan P\u00e9rez\"},\"description\":\"Juan P\u00e9rez es el redactor en jefe de Diario 21. Con m\u00e1s de 10 a\u00f1os de experiencia en el periodismo, se especializa en pol\u00edtica nacional y an\u00e1lisis socioecon\u00f3mico. Su enfoque cr\u00edtico y riguroso aporta una perspectiva \u00fanica a cada art\u00edculo.\",\"sameAs\":[\"https:\/\/www.diario21.tv\/noticias\/\"],\"url\":\"https:\/\/www.diario21.tv\/noticias\/author\/juan-perez\/\"}]}<\/script>\n<!-- \/ Yoast SEO plugin. -->","yoast_head_json":{"title":"Descubre c\u00f3mo un convento en Toledo transforma el conejo gigante de Espa\u00f1a - Diario 21","robots":{"index":"index","follow":"follow","max-snippet":"max-snippet:-1","max-image-preview":"max-image-preview:large","max-video-preview":"max-video-preview:-1"},"canonical":"https:\/\/www.diario21.tv\/noticias\/descubre-como-un-convento-en-toledo-transforma-el-conejo-gigante-de-espana\/","og_locale":"es_ES","og_type":"article","og_title":"Descubre c\u00f3mo un convento en Toledo transforma el conejo gigante de Espa\u00f1a - Diario 21","og_description":"Optimizaci\u00f3n del Conejo Gigante Espa\u00f1ol desde un Convento en Toledo En el coraz\u00f3n de Toledo, dentro de los muros de un convento de clausura, una iniciativa ... Seguir leyendo &rarr;","og_url":"https:\/\/www.diario21.tv\/noticias\/descubre-como-un-convento-en-toledo-transforma-el-conejo-gigante-de-espana\/","og_site_name":"Diario 21","article_published_time":"2026-03-04T06:15:59+00:00","article_modified_time":"2026-03-04T06:16:00+00:00","og_image":[{"width":1200,"height":840,"url":"https:\/\/www.diario21.tv\/noticias\/wp-content\/uploads\/2026\/03\/Descubre-como-un-convento-en-Toledo-transforma-el-conejo-gigante.JPG","type":"image\/jpeg"}],"author":"Juan P\u00e9rez","twitter_card":"summary_large_image","twitter_misc":{"Escrito por":"Juan P\u00e9rez","Tiempo de lectura":"3 minutos"},"schema":{"@context":"https:\/\/schema.org","@graph":[{"@type":"WebPage","@id":"https:\/\/www.diario21.tv\/noticias\/descubre-como-un-convento-en-toledo-transforma-el-conejo-gigante-de-espana\/","url":"https:\/\/www.diario21.tv\/noticias\/descubre-como-un-convento-en-toledo-transforma-el-conejo-gigante-de-espana\/","name":"Descubre c\u00f3mo un convento en Toledo transforma el conejo gigante de Espa\u00f1a - Diario 21","isPartOf":{"@id":"https:\/\/www.diario21.tv\/noticias\/#website"},"primaryImageOfPage":{"@id":"https:\/\/www.diario21.tv\/noticias\/descubre-como-un-convento-en-toledo-transforma-el-conejo-gigante-de-espana\/#primaryimage"},"image":{"@id":"https:\/\/www.diario21.tv\/noticias\/descubre-como-un-convento-en-toledo-transforma-el-conejo-gigante-de-espana\/#primaryimage"},"thumbnailUrl":"https:\/\/www.diario21.tv\/noticias\/wp-content\/uploads\/2026\/03\/Descubre-como-un-convento-en-Toledo-transforma-el-conejo-gigante.JPG","datePublished":"2026-03-04T06:15:59+00:00","dateModified":"2026-03-04T06:16:00+00:00","author":{"@id":"https:\/\/www.diario21.tv\/noticias\/#\/schema\/person\/dfb778f73814d8f09f302618446a526b"},"breadcrumb":{"@id":"https:\/\/www.diario21.tv\/noticias\/descubre-como-un-convento-en-toledo-transforma-el-conejo-gigante-de-espana\/#breadcrumb"},"inLanguage":"es-AR","potentialAction":[{"@type":"ReadAction","target":["https:\/\/www.diario21.tv\/noticias\/descubre-como-un-convento-en-toledo-transforma-el-conejo-gigante-de-espana\/"]}]},{"@type":"ImageObject","inLanguage":"es-AR","@id":"https:\/\/www.diario21.tv\/noticias\/descubre-como-un-convento-en-toledo-transforma-el-conejo-gigante-de-espana\/#primaryimage","url":"https:\/\/www.diario21.tv\/noticias\/wp-content\/uploads\/2026\/03\/Descubre-como-un-convento-en-Toledo-transforma-el-conejo-gigante.JPG","contentUrl":"https:\/\/www.diario21.tv\/noticias\/wp-content\/uploads\/2026\/03\/Descubre-como-un-convento-en-Toledo-transforma-el-conejo-gigante.JPG","width":1200,"height":840,"caption":"Mejorar el conejo gigante de Espa\u00f1a desde un convento de clausura de Toledo"},{"@type":"BreadcrumbList","@id":"https:\/\/www.diario21.tv\/noticias\/descubre-como-un-convento-en-toledo-transforma-el-conejo-gigante-de-espana\/#breadcrumb","itemListElement":[{"@type":"ListItem","position":1,"name":"Accueil","item":"https:\/\/www.diario21.tv\/noticias\/"},{"@type":"ListItem","position":2,"name":"Descubre c\u00f3mo un convento en Toledo transforma el conejo gigante de Espa\u00f1a"}]},{"@type":"WebSite","@id":"https:\/\/www.diario21.tv\/noticias\/#website","url":"https:\/\/www.diario21.tv\/noticias\/","name":"Diario 21","description":"","potentialAction":[{"@type":"SearchAction","target":{"@type":"EntryPoint","urlTemplate":"https:\/\/www.diario21.tv\/noticias\/?s={search_term_string}"},"query-input":{"@type":"PropertyValueSpecification","valueRequired":true,"valueName":"search_term_string"}}],"inLanguage":"es-AR"},{"@type":"Person","@id":"https:\/\/www.diario21.tv\/noticias\/#\/schema\/person\/dfb778f73814d8f09f302618446a526b","name":"Juan P\u00e9rez","image":{"@type":"ImageObject","inLanguage":"es-AR","@id":"https:\/\/www.diario21.tv\/noticias\/#\/schema\/person\/image\/","url":"https:\/\/secure.gravatar.com\/avatar\/c478a405bd10621167f4c3167cc770f5?s=96&d=mm&r=g","contentUrl":"https:\/\/secure.gravatar.com\/avatar\/c478a405bd10621167f4c3167cc770f5?s=96&d=mm&r=g","caption":"Juan P\u00e9rez"},"description":"Juan P\u00e9rez es el redactor en jefe de Diario 21. Con m\u00e1s de 10 a\u00f1os de experiencia en el periodismo, se especializa en pol\u00edtica nacional y an\u00e1lisis socioecon\u00f3mico. Su enfoque cr\u00edtico y riguroso aporta una perspectiva \u00fanica a cada art\u00edculo.","sameAs":["https:\/\/www.diario21.tv\/noticias\/"],"url":"https:\/\/www.diario21.tv\/noticias\/author\/juan-perez\/"}]}},"_links":{"self":[{"href":"https:\/\/www.diario21.tv\/noticias\/wp-json\/wp\/v2\/posts\/6420"}],"collection":[{"href":"https:\/\/www.diario21.tv\/noticias\/wp-json\/wp\/v2\/posts"}],"about":[{"href":"https:\/\/www.diario21.tv\/noticias\/wp-json\/wp\/v2\/types\/post"}],"author":[{"embeddable":true,"href":"https:\/\/www.diario21.tv\/noticias\/wp-json\/wp\/v2\/users\/20"}],"replies":[{"embeddable":true,"href":"https:\/\/www.diario21.tv\/noticias\/wp-json\/wp\/v2\/comments?post=6420"}],"version-history":[{"count":1,"href":"https:\/\/www.diario21.tv\/noticias\/wp-json\/wp\/v2\/posts\/6420\/revisions"}],"predecessor-version":[{"id":6422,"href":"https:\/\/www.diario21.tv\/noticias\/wp-json\/wp\/v2\/posts\/6420\/revisions\/6422"}],"wp:featuredmedia":[{"embeddable":true,"href":"https:\/\/www.diario21.tv\/noticias\/wp-json\/wp\/v2\/media\/6421"}],"wp:attachment":[{"href":"https:\/\/www.diario21.tv\/noticias\/wp-json\/wp\/v2\/media?parent=6420"}],"wp:term":[{"taxonomy":"category","embeddable":true,"href":"https:\/\/www.diario21.tv\/noticias\/wp-json\/wp\/v2\/categories?post=6420"},{"taxonomy":"post_tag","embeddable":true,"href":"https:\/\/www.diario21.tv\/noticias\/wp-json\/wp\/v2\/tags?post=6420"}],"curies":[{"name":"wp","href":"https:\/\/api.w.org\/{rel}","templated":true}]}}